{"id":26908,"date":"2020-06-17T07:00:44","date_gmt":"2020-06-17T05:00:44","guid":{"rendered":"https:\/\/stiftadmont.at\/?p=26908"},"modified":"2024-02-28T15:46:07","modified_gmt":"2024-02-28T13:46:07","slug":"centrum-podstawowej-opieki-zdrowotnej-otwiera-trzymilionowa-inwestycje","status":"publish","type":"post","link":"https:\/\/stiftadmont.at\/pl\/blog\/primaerversorgungszentrum-eroeffnet-drei-millionen-investitionssumme\/","title":{"rendered":"Otwarto o\u015brodek podstawowej opieki zdrowotnej - trzy miliony na inwestycje"},"content":{"rendered":"<section id='lightpress__section--block_5e310dd5f492258c8cafda3950b4ae8c' class='lightpress__section--default-section-space lightpress__section lightpress__section--content'><div class=\"content__inner\"\n         x-init=\"initContentBlockAnim($el)\">\n        \n    <div class=\"content__grid content__grid\">\n                                            <div class=\"content__box content__box--one-hundred\"\n                 style=\"\">\n                                \n                \n                                            <div class=\"prose\"><h1 class=\"line line--red\">CENTRUM PODSTAWOWEJ OPIEKI ZDROWOTNEJ OTWARTE - TRZY MILIONY NA INWESTYCJE<\/h1>\n<p class=\"paragraph-m\"><strong>\u015aroda, 17 czerwca 2020 r.<\/strong><\/p>\n<p class=\"paragraph-m\">Styryjska historia sukcesu o\u015brodk\u00f3w podstawowej opieki zdrowotnej (PCC) wzbogaci\u0142a si\u0119 o kolejny rozdzia\u0142: Wraz z otwarciem opactwa Admont, po raz pierwszy w dolinie Enns rozpoczyna dzia\u0142alno\u015b\u0107 o\u015brodek zdrowia. Zosta\u0142 on pob\u0142ogos\u0142awiony przez opata Gerharda Hafnera z benedykty\u0144skiego opactwa Admont i otwarty przez radn\u0105 prowincji Juliane Bogner-Strau\u00df. Zainwestowano trzy miliony euro.<\/p>\n<p class=\"paragraph-m\">\u00a0<\/p>\n<p class=\"paragraph-m\">Admont, 17.06.2020 r. Tam, gdzie kiedy\u015b pi\u0142y i drewno zajmowa\u0142y centralne miejsce, teraz kr\u00f3luj\u0105 stetoskopy i instrumenty diagnostyczne: Dawny warsztat stolarski opactwa Admont zosta\u0142 w ostatnich miesi\u0105cach przekszta\u0142cony w jeden z najnowocze\u015bniejszych gabinet\u00f3w w prowincji - a teraz zosta\u0142 oficjalnie otwarty jako pierwszy o\u015brodek podstawowej opieki zdrowotnej w Ennstal. \"O\u015brodki zdrowia w Styrii to historia sukcesu i centralny element najlepszej mo\u017cliwej opieki dla mieszka\u0144c\u00f3w Styrii. O\u015brodek zdrowia w Admont zapewnia optymalny zakres us\u0142ug ambulatoryjnych i dziennych. Opr\u00f3cz opieki dora\u017anej, zakres leczenia obejmuje r\u00f3wnie\u017c promocj\u0119 zdrowia i profilaktyk\u0119 - a tym samym wnosi znacz\u0105cy wk\u0142ad w utrzymanie i dalsz\u0105 rozbudow\u0119 jednego z najlepszych system\u00f3w opieki zdrowotnej\", podkre\u015bla Juliane Bogner-Strau\u00df, radna stanu ds. zdrowia, kt\u00f3ra jest zachwycona, \u017ce Styria zbli\u017cy\u0142a si\u0119 o kolejny krok do celu, jakim jest uruchomienie planowanych 30 o\u015brodk\u00f3w zdrowia do 2025 roku. \"Wspaniale jest widzie\u0107, jak du\u017ce post\u0119py czynimy i \u017ce Styria nadal odgrywa pioniersk\u0105 rol\u0119 w dziedzinie opieki zdrowotnej w Austrii\", powiedzia\u0142a Bogner-Strau\u00df.<\/p>\n<p class=\"paragraph-m\">\u00a0<\/p>\n<p class=\"paragraph-m\"><strong>Centrum dostaw ma odgrywa\u0107 pioniersk\u0105 rol\u0119<\/strong><\/p>\n<p class=\"paragraph-m\">Wed\u0142ug opactwa Admont, kt\u00f3re udost\u0119pnia nowoczesne pomieszczenia chirurgiczne na terenie opactwa, o\u015brodek zdrowia ma odgrywa\u0107 pioniersk\u0105 rol\u0119: \"Z jednej strony, naszym chrze\u015bcija\u0144skim obowi\u0105zkiem jest by\u0107 tam dla os\u00f3b z chorobami fizycznymi i psychicznymi, a z drugiej strony, dzi\u0119ki o\u015brodkowi zdrowia w opactwie Admont pokonujemy wyzwania zwi\u0105zane z opiek\u0105 zdrowotn\u0105 pod wzgl\u0119dem medycznym, piel\u0119gniarskim i organizacyjnym. Szczeg\u00f3lnie z tych powod\u00f3w cieszymy si\u0119 z otwarcia nowego o\u015brodka zdrowia we wsp\u00f3\u0142pracy z pa\u0144stwem i spo\u0142eczno\u015bci\u0105\", podkre\u015bla opat Gerhard Hafner. Franz Pichler, dyrektor ekonomiczny Opactwa Benedyktyn\u00f3w Admont, r\u00f3wnie\u017c podkre\u015bla znaczenie nowego o\u015brodka zdrowia: \"Optymalna opieka zdrowotna w regionie jest istotn\u0105 cz\u0119\u015bci\u0105 dobrej jako\u015bci \u017cycia, a zatem istotn\u0105 cz\u0119\u015bci\u0105 rozwoju regionalnego. Dlatego w Opactwie Admont stan\u0119li\u015bmy przed wyzwaniem proaktywnego kszta\u0142towania rozwi\u0105zania. Podj\u0119li\u015bmy temat o\u015brodk\u00f3w zdrowia, gdy tylko sta\u0142 si\u0119 znany i byli\u015bmy w stanie za\u017c\u0105da\u0107 takiego o\u015brodka dla Admont. Pa\u0144stwo, gmina i nasza organizacja wsp\u00f3\u0142pracowa\u0142y bardzo dobrze. Drugim krokiem by\u0142o zapewnienie finansowania projektu i t\u0119 przeszkod\u0119 r\u00f3wnie\u017c uda\u0142o nam si\u0119 pokona\u0107. W sumie w nowe centrum zainwestowano ponad trzy miliony euro. Moim zdaniem jest to jedna z najwa\u017cniejszych inwestycji w naszej firmie w ostatnich latach, kt\u00f3ra zwi\u0119kszy atrakcyjno\u015b\u0107 naszego regionu i poprawi jako\u015b\u0107 \u017cycia\".<\/p>\n<p class=\"paragraph-m\">\u00a0<\/p>\n<p class=\"paragraph-m\"><strong>\"Pierwsze medyczne centrum kontaktowe\"<\/strong><\/p>\n<p class=\"paragraph-m\">Nowy o\u015brodek zdrowia jest prowadzony przez lekarzy Olivera i Ev\u0119-Mari\u0119 Petz: wraz z zespo\u0142em lekarzy, wykwalifikowanym personelem piel\u0119gniarskim i r\u00f3\u017cnymi ekspertami w dziedzinie zdrowia - takimi jak dietetycy i fizjoterapeuci - para prowadzi o\u015brodek, kt\u00f3ry obejmuje praktyk\u0119 og\u00f3ln\u0105. \"Z niecierpliwo\u015bci\u0105 czekamy na bycie pierwszym i bezpo\u015brednim punktem kontaktu zdrowotnego dla ludzi w regionie. Jeste\u015bmy osobistym punktem kontaktowym w przypadku problem\u00f3w zdrowotnych, ale tak\u017ce w zakresie promocji zdrowia i profilaktyki\" - podkre\u015bla zgodnie medyczny duet. Jako lekarz og\u00f3lny Eva-Maria Petz specjalizuje si\u0119 mi\u0119dzy innymi w \u017cywieniu. Oliver Petz jest r\u00f3wnie\u017c lekarzem og\u00f3lnym i fizjoterapeut\u0105 specjalizuj\u0105cym si\u0119 w uk\u0142adzie mi\u0119\u015bniowo-szkieletowym. Wed\u0142ug obojga, PVZ to r\u00f3wnie\u017c skr\u00f3t od \"Dr Petz Care Centre\".<\/p>\n<p class=\"paragraph-m\">\u00a0<\/p>\n<p class=\"paragraph-m\"><strong>Informacje o centrum opieki Dr. Petz Admont<\/strong><\/p>\n<p class=\"paragraph-m\">Centrum Podstawowej Opieki Zdrowotnej Dr Petz Admont jest mo\u017cliwe dzi\u0119ki wsp\u00f3\u0142pracy pomi\u0119dzy prowincj\u0105 Styria, Opactwem Benedyktyn\u00f3w Admont, miastem Admont, ubezpieczeniem spo\u0142ecznym i Styryjskim Funduszem Zdrowia. Centrum Podstawowej Opieki Zdrowotnej Admont jest prowadzone przez lekarzy Olivera i Ev\u0119-Mari\u0119 Petz.<\/p>\n<p class=\"paragraph-m\">\u00a0<\/p>\n<p class=\"paragraph-m\"><strong>Godziny otwarcia s\u0105 nast\u0119puj\u0105ce<\/strong><\/p>\n<p class=\"paragraph-m\">Poniedzia\u0142ek 07:30 - 17:30<\/p>\n<p class=\"paragraph-m\">Wtorek i czwartek 07:30 - 16:30<\/p>\n<p class=\"paragraph-m\">\u015aroda 07:30 - 11:30<\/p>\n<p class=\"paragraph-m\">Pi\u0105tek 07:30 - 15:30<\/p>\n<\/div>\n                    \n                            <\/div>\n        \n            <\/div>\n<\/div>\n\n<\/section>","protected":false},"excerpt":{"rendered":"","protected":false},"author":19,"featured_media":17531,"comment_status":"closed","ping_status":"closed","sticky":false,"template":"","format":"standard","meta":{"_acf_changed":false,"footnotes":""},"categories":[23,75],"class_list":["post-26908","post","type-post","status-publish","format-standard","has-post-thumbnail","hentry","category-einrichtungen-aktuell","category-gesundheitszentrum-admont"],"acf":[],"yoast_head":"<!-- This site is optimized with the Yoast SEO Premium plugin v26.0 (Yoast SEO v26.8) - https:\/\/yoast.com\/product\/yoast-seo-premium-wordpress\/ -->\n<title>Prim\u00e4rversorgungszentrum er\u00f6ffnet \u2013 drei Millionen Investitionssumme - Stift Admont<\/title>\n<meta name=\"description\" content=\"Lesen Sie aktuelle Informationen zum Thema Prim\u00e4rversorgungszentrum er\u00f6ffnet \u2013 drei Millionen Investitionssumme und vieles mehr aus dem Konvent und der Pfarre Admont.\" \/>\n<meta name=\"robots\" content=\"index, follow, max-snippet:-1, max-image-preview:large, max-video-preview:-1\" \/>\n<link rel=\"canonical\" href=\"https:\/\/stiftadmont.at\/pl\/blog\/centrum-podstawowej-opieki-zdrowotnej-otwiera-trzymilionowa-inwestycje\/\" \/>\n<meta property=\"og:locale\" content=\"pl_PL\" \/>\n<meta property=\"og:type\" content=\"article\" \/>\n<meta property=\"og:title\" content=\"Prim\u00e4rversorgungszentrum er\u00f6ffnet \u2013 drei Millionen Investitionssumme\" \/>\n<meta property=\"og:description\" content=\"Lesen Sie aktuelle Informationen zum Thema Prim\u00e4rversorgungszentrum er\u00f6ffnet \u2013 drei Millionen Investitionssumme und vieles mehr aus dem Konvent und der Pfarre Admont.\" \/>\n<meta property=\"og:url\" content=\"https:\/\/stiftadmont.at\/pl\/blog\/centrum-podstawowej-opieki-zdrowotnej-otwiera-trzymilionowa-inwestycje\/\" \/>\n<meta property=\"og:site_name\" content=\"Stift Admont\" \/>\n<meta property=\"article:published_time\" content=\"2020-06-17T05:00:44+00:00\" \/>\n<meta property=\"article:modified_time\" content=\"2024-02-28T13:46:07+00:00\" \/>\n<meta property=\"og:image\" content=\"https:\/\/stiftadmont.at\/wp-content\/uploads\/Gesundheitszentrum_aussen-\u00a9Thoms-Sattler_www_Neu-scaled.jpg\" \/>\n\t<meta property=\"og:image:width\" content=\"2560\" \/>\n\t<meta property=\"og:image:height\" content=\"1707\" \/>\n\t<meta property=\"og:image:type\" content=\"image\/jpeg\" \/>\n<meta name=\"author\" content=\"Sarah Lux\" \/>\n<meta name=\"twitter:card\" content=\"summary_large_image\" \/>\n<meta name=\"twitter:label1\" content=\"Napisane przez\" \/>\n\t<meta name=\"twitter:data1\" content=\"Sarah Lux\" \/>\n\t<meta name=\"twitter:label2\" content=\"Szacowany czas czytania\" \/>\n\t<meta name=\"twitter:data2\" content=\"1 minuta\" \/>\n<script type=\"application\/ld+json\" class=\"yoast-schema-graph\">{\"@context\":\"https:\/\/schema.org\",\"@graph\":[{\"@type\":\"Article\",\"@id\":\"https:\/\/stiftadmont.at\/blog\/primaerversorgungszentrum-eroeffnet-drei-millionen-investitionssumme\/#article\",\"isPartOf\":{\"@id\":\"https:\/\/stiftadmont.at\/blog\/primaerversorgungszentrum-eroeffnet-drei-millionen-investitionssumme\/\"},\"author\":{\"name\":\"Sarah Lux\",\"@id\":\"https:\/\/stiftadmont.at\/#\/schema\/person\/618a2a3e6fea3fe795243c567372dbf3\"},\"headline\":\"Prim\u00e4rversorgungszentrum er\u00f6ffnet \u2013 drei Millionen Investitionssumme\",\"datePublished\":\"2020-06-17T05:00:44+00:00\",\"dateModified\":\"2024-02-28T13:46:07+00:00\",\"mainEntityOfPage\":{\"@id\":\"https:\/\/stiftadmont.at\/blog\/primaerversorgungszentrum-eroeffnet-drei-millionen-investitionssumme\/\"},\"wordCount\":7,\"image\":{\"@id\":\"https:\/\/stiftadmont.at\/blog\/primaerversorgungszentrum-eroeffnet-drei-millionen-investitionssumme\/#primaryimage\"},\"thumbnailUrl\":\"https:\/\/stiftadmont.at\/wp-content\/uploads\/Gesundheitszentrum_aussen-\u00a9Thoms-Sattler_www_Neu-scaled.jpg\",\"articleSection\":[\"Einrichtungen aktuell\",\"Gesundheitszentrum Admont\"],\"inLanguage\":\"pl-PL\"},{\"@type\":\"WebPage\",\"@id\":\"https:\/\/stiftadmont.at\/blog\/primaerversorgungszentrum-eroeffnet-drei-millionen-investitionssumme\/\",\"url\":\"https:\/\/stiftadmont.at\/blog\/primaerversorgungszentrum-eroeffnet-drei-millionen-investitionssumme\/\",\"name\":\"Prim\u00e4rversorgungszentrum er\u00f6ffnet \u2013 drei Millionen Investitionssumme - Stift Admont\",\"isPartOf\":{\"@id\":\"https:\/\/stiftadmont.at\/#website\"},\"primaryImageOfPage\":{\"@id\":\"https:\/\/stiftadmont.at\/blog\/primaerversorgungszentrum-eroeffnet-drei-millionen-investitionssumme\/#primaryimage\"},\"image\":{\"@id\":\"https:\/\/stiftadmont.at\/blog\/primaerversorgungszentrum-eroeffnet-drei-millionen-investitionssumme\/#primaryimage\"},\"thumbnailUrl\":\"https:\/\/stiftadmont.at\/wp-content\/uploads\/Gesundheitszentrum_aussen-\u00a9Thoms-Sattler_www_Neu-scaled.jpg\",\"datePublished\":\"2020-06-17T05:00:44+00:00\",\"dateModified\":\"2024-02-28T13:46:07+00:00\",\"author\":{\"@id\":\"https:\/\/stiftadmont.at\/#\/schema\/person\/618a2a3e6fea3fe795243c567372dbf3\"},\"description\":\"Lesen Sie aktuelle Informationen zum Thema Prim\u00e4rversorgungszentrum er\u00f6ffnet \u2013 drei Millionen Investitionssumme und vieles mehr aus dem Konvent und der Pfarre Admont.\",\"breadcrumb\":{\"@id\":\"https:\/\/stiftadmont.at\/blog\/primaerversorgungszentrum-eroeffnet-drei-millionen-investitionssumme\/#breadcrumb\"},\"inLanguage\":\"pl-PL\",\"potentialAction\":[{\"@type\":\"ReadAction\",\"target\":[\"https:\/\/stiftadmont.at\/blog\/primaerversorgungszentrum-eroeffnet-drei-millionen-investitionssumme\/\"]}]},{\"@type\":\"ImageObject\",\"inLanguage\":\"pl-PL\",\"@id\":\"https:\/\/stiftadmont.at\/blog\/primaerversorgungszentrum-eroeffnet-drei-millionen-investitionssumme\/#primaryimage\",\"url\":\"https:\/\/stiftadmont.at\/wp-content\/uploads\/Gesundheitszentrum_aussen-\u00a9Thoms-Sattler_www_Neu-scaled.jpg\",\"contentUrl\":\"https:\/\/stiftadmont.at\/wp-content\/uploads\/Gesundheitszentrum_aussen-\u00a9Thoms-Sattler_www_Neu-scaled.jpg\",\"width\":2560,\"height\":1707,\"caption\":\"Gesundheitszentrum aussen \u00a9Thoms Sattler www Neu scaled\"},{\"@type\":\"BreadcrumbList\",\"@id\":\"https:\/\/stiftadmont.at\/blog\/primaerversorgungszentrum-eroeffnet-drei-millionen-investitionssumme\/#breadcrumb\",\"itemListElement\":[{\"@type\":\"ListItem\",\"position\":1,\"name\":\"Start\",\"item\":\"https:\/\/stiftadmont.at\/\"},{\"@type\":\"ListItem\",\"position\":2,\"name\":\"Prim\u00e4rversorgungszentrum er\u00f6ffnet \u2013 drei Millionen Investitionssumme\"}]},{\"@type\":\"WebSite\",\"@id\":\"https:\/\/stiftadmont.at\/#website\",\"url\":\"https:\/\/stiftadmont.at\/\",\"name\":\"Stift Admont\",\"description\":\"Benediktinerkloster und Sehensw\u00fcrdigkeit im Ges\u00e4use\",\"potentialAction\":[{\"@type\":\"SearchAction\",\"target\":{\"@type\":\"EntryPoint\",\"urlTemplate\":\"https:\/\/stiftadmont.at\/?s={search_term_string}\"},\"query-input\":{\"@type\":\"PropertyValueSpecification\",\"valueRequired\":true,\"valueName\":\"search_term_string\"}}],\"inLanguage\":\"pl-PL\"},{\"@type\":\"Person\",\"@id\":\"https:\/\/stiftadmont.at\/#\/schema\/person\/618a2a3e6fea3fe795243c567372dbf3\",\"name\":\"Sarah Lux\"}]}<\/script>\n<!-- \/ Yoast SEO Premium plugin. -->","yoast_head_json":{"title":"Otwarcie centrum podstawowej opieki zdrowotnej - inwestycja warta trzy miliony - Admont Abbey","description":"Zapoznaj si\u0119 z najnowszymi informacjami na temat otwarcia o\u015brodka podstawowej opieki zdrowotnej - trzymilionowa kwota inwestycji i wiele wi\u0119cej od klasztoru i parafii Admont.","robots":{"index":"index","follow":"follow","max-snippet":"max-snippet:-1","max-image-preview":"max-image-preview:large","max-video-preview":"max-video-preview:-1"},"canonical":"https:\/\/stiftadmont.at\/pl\/blog\/centrum-podstawowej-opieki-zdrowotnej-otwiera-trzymilionowa-inwestycje\/","og_locale":"pl_PL","og_type":"article","og_title":"Prim\u00e4rversorgungszentrum er\u00f6ffnet \u2013 drei Millionen Investitionssumme","og_description":"Lesen Sie aktuelle Informationen zum Thema Prim\u00e4rversorgungszentrum er\u00f6ffnet \u2013 drei Millionen Investitionssumme und vieles mehr aus dem Konvent und der Pfarre Admont.","og_url":"https:\/\/stiftadmont.at\/pl\/blog\/centrum-podstawowej-opieki-zdrowotnej-otwiera-trzymilionowa-inwestycje\/","og_site_name":"Stift Admont","article_published_time":"2020-06-17T05:00:44+00:00","article_modified_time":"2024-02-28T13:46:07+00:00","og_image":[{"width":2560,"height":1707,"url":"https:\/\/stiftadmont.at\/wp-content\/uploads\/Gesundheitszentrum_aussen-\u00a9Thoms-Sattler_www_Neu-scaled.jpg","type":"image\/jpeg"}],"author":"Sarah Lux","twitter_card":"summary_large_image","twitter_misc":{"Napisane przez":"Sarah Lux","Szacowany czas czytania":"1 minuta"},"schema":{"@context":"https:\/\/schema.org","@graph":[{"@type":"Article","@id":"https:\/\/stiftadmont.at\/blog\/primaerversorgungszentrum-eroeffnet-drei-millionen-investitionssumme\/#article","isPartOf":{"@id":"https:\/\/stiftadmont.at\/blog\/primaerversorgungszentrum-eroeffnet-drei-millionen-investitionssumme\/"},"author":{"name":"Sarah Lux","@id":"https:\/\/stiftadmont.at\/#\/schema\/person\/618a2a3e6fea3fe795243c567372dbf3"},"headline":"Prim\u00e4rversorgungszentrum er\u00f6ffnet \u2013 drei Millionen Investitionssumme","datePublished":"2020-06-17T05:00:44+00:00","dateModified":"2024-02-28T13:46:07+00:00","mainEntityOfPage":{"@id":"https:\/\/stiftadmont.at\/blog\/primaerversorgungszentrum-eroeffnet-drei-millionen-investitionssumme\/"},"wordCount":7,"image":{"@id":"https:\/\/stiftadmont.at\/blog\/primaerversorgungszentrum-eroeffnet-drei-millionen-investitionssumme\/#primaryimage"},"thumbnailUrl":"https:\/\/stiftadmont.at\/wp-content\/uploads\/Gesundheitszentrum_aussen-\u00a9Thoms-Sattler_www_Neu-scaled.jpg","articleSection":["Einrichtungen aktuell","Gesundheitszentrum Admont"],"inLanguage":"pl-PL"},{"@type":"WebPage","@id":"https:\/\/stiftadmont.at\/blog\/primaerversorgungszentrum-eroeffnet-drei-millionen-investitionssumme\/","url":"https:\/\/stiftadmont.at\/blog\/primaerversorgungszentrum-eroeffnet-drei-millionen-investitionssumme\/","name":"Otwarcie centrum podstawowej opieki zdrowotnej - inwestycja warta trzy miliony - Admont Abbey","isPartOf":{"@id":"https:\/\/stiftadmont.at\/#website"},"primaryImageOfPage":{"@id":"https:\/\/stiftadmont.at\/blog\/primaerversorgungszentrum-eroeffnet-drei-millionen-investitionssumme\/#primaryimage"},"image":{"@id":"https:\/\/stiftadmont.at\/blog\/primaerversorgungszentrum-eroeffnet-drei-millionen-investitionssumme\/#primaryimage"},"thumbnailUrl":"https:\/\/stiftadmont.at\/wp-content\/uploads\/Gesundheitszentrum_aussen-\u00a9Thoms-Sattler_www_Neu-scaled.jpg","datePublished":"2020-06-17T05:00:44+00:00","dateModified":"2024-02-28T13:46:07+00:00","author":{"@id":"https:\/\/stiftadmont.at\/#\/schema\/person\/618a2a3e6fea3fe795243c567372dbf3"},"description":"Zapoznaj si\u0119 z najnowszymi informacjami na temat otwarcia o\u015brodka podstawowej opieki zdrowotnej - trzymilionowa kwota inwestycji i wiele wi\u0119cej od klasztoru i parafii Admont.","breadcrumb":{"@id":"https:\/\/stiftadmont.at\/blog\/primaerversorgungszentrum-eroeffnet-drei-millionen-investitionssumme\/#breadcrumb"},"inLanguage":"pl-PL","potentialAction":[{"@type":"ReadAction","target":["https:\/\/stiftadmont.at\/blog\/primaerversorgungszentrum-eroeffnet-drei-millionen-investitionssumme\/"]}]},{"@type":"ImageObject","inLanguage":"pl-PL","@id":"https:\/\/stiftadmont.at\/blog\/primaerversorgungszentrum-eroeffnet-drei-millionen-investitionssumme\/#primaryimage","url":"https:\/\/stiftadmont.at\/wp-content\/uploads\/Gesundheitszentrum_aussen-\u00a9Thoms-Sattler_www_Neu-scaled.jpg","contentUrl":"https:\/\/stiftadmont.at\/wp-content\/uploads\/Gesundheitszentrum_aussen-\u00a9Thoms-Sattler_www_Neu-scaled.jpg","width":2560,"height":1707,"caption":"Gesundheitszentrum aussen \u00a9Thoms Sattler www Neu scaled"},{"@type":"BreadcrumbList","@id":"https:\/\/stiftadmont.at\/blog\/primaerversorgungszentrum-eroeffnet-drei-millionen-investitionssumme\/#breadcrumb","itemListElement":[{"@type":"ListItem","position":1,"name":"Start","item":"https:\/\/stiftadmont.at\/"},{"@type":"ListItem","position":2,"name":"Prim\u00e4rversorgungszentrum er\u00f6ffnet \u2013 drei Millionen Investitionssumme"}]},{"@type":"WebSite","@id":"https:\/\/stiftadmont.at\/#website","url":"https:\/\/stiftadmont.at\/","name":"Opactwo Admont","description":"Benedykty\u0144ski klasztor i atrakcja turystyczna w Ges\u00e4use","potentialAction":[{"@type":"SearchAction","target":{"@type":"EntryPoint","urlTemplate":"https:\/\/stiftadmont.at\/?s={search_term_string}"},"query-input":{"@type":"PropertyValueSpecification","valueRequired":true,"valueName":"search_term_string"}}],"inLanguage":"pl-PL"},{"@type":"Person","@id":"https:\/\/stiftadmont.at\/#\/schema\/person\/618a2a3e6fea3fe795243c567372dbf3","name":"Sarah Lux"}]}},"_links":{"self":[{"href":"https:\/\/stiftadmont.at\/pl\/wp-json\/wp\/v2\/posts\/26908","targetHints":{"allow":["GET"]}}],"collection":[{"href":"https:\/\/stiftadmont.at\/pl\/wp-json\/wp\/v2\/posts"}],"about":[{"href":"https:\/\/stiftadmont.at\/pl\/wp-json\/wp\/v2\/types\/post"}],"author":[{"embeddable":true,"href":"https:\/\/stiftadmont.at\/pl\/wp-json\/wp\/v2\/users\/19"}],"replies":[{"embeddable":true,"href":"https:\/\/stiftadmont.at\/pl\/wp-json\/wp\/v2\/comments?post=26908"}],"version-history":[{"count":5,"href":"https:\/\/stiftadmont.at\/pl\/wp-json\/wp\/v2\/posts\/26908\/revisions"}],"predecessor-version":[{"id":26914,"href":"https:\/\/stiftadmont.at\/pl\/wp-json\/wp\/v2\/posts\/26908\/revisions\/26914"}],"wp:featuredmedia":[{"embeddable":true,"href":"https:\/\/stiftadmont.at\/pl\/wp-json\/wp\/v2\/media\/17531"}],"wp:attachment":[{"href":"https:\/\/stiftadmont.at\/pl\/wp-json\/wp\/v2\/media?parent=26908"}],"wp:term":[{"taxonomy":"category","embeddable":true,"href":"https:\/\/stiftadmont.at\/pl\/wp-json\/wp\/v2\/categories?post=26908"}],"curies":[{"name":"wp","href":"https:\/\/api.w.org\/{rel}","templated":true}]}}