{"id":28232,"date":"2024-05-07T14:47:16","date_gmt":"2024-05-07T12:47:16","guid":{"rendered":"https:\/\/stiftadmont.at\/?p=28232"},"modified":"2024-05-07T19:08:50","modified_gmt":"2024-05-07T17:08:50","slug":"opat-gerhard-hafner-tymczasowym-administratorem-opactwa-paulinow","status":"publish","type":"post","link":"https:\/\/stiftadmont.at\/pl\/blog\/abt-gerhard-hafner-interimistischer-administrator-des-stiftes-st-paul\/","title":{"rendered":"Opat Gerhard Hafner, tymczasowy administrator opactwa \u015bw. Paw\u0142a"},"content":{"rendered":"<section id='lightpress__section--block_d3119acb4608c7e97c4b6c970787f3f3' class='lightpress__section--default-section-space lightpress__section lightpress__section--content'><div class=\"content__inner\"\n         x-init=\"initContentBlockAnim($el)\">\n        \n    <div class=\"content__grid content__grid--fifty-fifty\">\n                                            <div class=\"content__box content__box\"\n                 style=\"\">\n                                \n                \n                                            <div class=\"prose\"><h2 class=\"heading-xxl line line--gold\">Opat Gerhard Hafner, tymczasowy administrator opactwa \u015bw. Paw\u0142a<\/h2>\n<p class=\"paragraph-m\"><strong>Wtorek, 7 maja 2024 r.<\/strong><\/p>\n<p class=\"paragraph-m\"><em>Komunikat prasowy Austriackiej Kongregacji Benedyktyn\u00f3w \/ Opactwa Benedyktyn\u00f3w \u015bw. Paw\u0142a <\/em><em>St. Paul im Lavanttal (Karyntia)\/Michaelbeuern (Salzburg)\/Admont (Styria), 6 maja 2024 r.<\/em><\/p>\n<p class=\"paragraph-m\">Gerhard Hafner, opat opactwa Admont, mianowany r\u00f3wnie\u017c tymczasowym administratorem opactwa \u015bw. Paw\u0142a<\/p>\n<p class=\"paragraph-m\">Gerhard Hafner OSB, opat benedykty\u0144skiego opactwa Admont, zosta\u0142 6 maja 2024 r. mianowany tymczasowym administratorem benedykty\u0144skiego opactwa St. Paul im Lavanttal. Jego kadencja potrwa do pocz\u0105tku 2026 r. Poprzedni administrator, o. Marian Kollmann OSB, zrezygnowa\u0142 ze stanowiska prze\u0142o\u017conego klasztoru z powod\u00f3w osobistych. Opat Johannes Perkmann OSB, jako opat przewodnicz\u0105cy Austriackiej Kongregacji Benedykty\u0144skiej, decyzj\u0105 Prezydium Kongregacji wyznaczy\u0142 nowego prze\u0142o\u017conego opactwa i powierzy\u0142 to zadanie opatowi Gerhardowi Hafnerowi OSB z benedykty\u0144skiego opactwa Admont do pocz\u0105tku 2026 roku. 59-latek b\u0119dzie wspierany w swoich obowi\u0105zkach kierowniczych i w podw\u00f3jnej roli opata opactwa Admont i administratora opactwa \u015bw. Paw\u0142a przez swojego przeora, Mag Dr P. Maximiliana Schieferm\u00fcllera OSB.<\/p>\n<p class=\"paragraph-m\">Opat Johannes Perkmann: \"Chcia\u0142bym podzi\u0119kowa\u0107 opatowi Gerhardowi Hafnerowi za podj\u0119cie si\u0119 roli administratora w benedykty\u0144skim Opactwie \u015bw. Jego najwa\u017cniejszym zadaniem b\u0119dzie przewodniczenie wsp\u00f3\u0142braciom jako ich prze\u0142o\u017cony, towarzyszenie im i poszukiwanie dr\u00f3g na przysz\u0142o\u015b\u0107 ze wszystkimi zaanga\u017cowanymi stronami\".<\/p>\n<p class=\"paragraph-m\">Opat Gerhard Hafner: \"Tymczasowe zarz\u0105dzanie opactwem \u015bw. Paw\u0142a postrzegam jako s\u0142u\u017cb\u0119 tamtejszej wsp\u00f3lnocie. Wraz z moim przeorem postaram si\u0119 wyja\u015bni\u0107 w rozmowach z mnichami, jak mo\u017cna zorganizowa\u0107 ich przysz\u0142o\u015b\u0107 jako wsp\u00f3lnoty monastycznej. Aby zapobiec plotkom: m\u00f3j klasztor w Admont nie przejmie opactwa \u015bw. Paw\u0142a w \u017caden spos\u00f3b, ani pod wzgl\u0119dem personalnym, ani finansowym\".<\/p>\n<p class=\"paragraph-m\"><strong>Opat Gerhard Hafner<\/strong><br \/>Opat Gerhard Hafner urodzi\u0142 si\u0119 w 1964 r. w Trieben w Styrii. Studiowa\u0142 teologi\u0119 w Grazu i zosta\u0142 wy\u015bwi\u0119cony na kap\u0142ana w 1990 roku. W 1994 r. wst\u0105pi\u0142 do opactwa benedyktyn\u00f3w w Admont, a w 1999 r. z\u0142o\u017cy\u0142 uroczyst\u0105 profesj\u0119 zakonn\u0105. Od stycznia 2017 r. jest opatem opactwa Admont.<\/p>\n<p class=\"paragraph-m\"><strong>Opactwo benedyktyn\u00f3w \u015bw. Paw\u0142a<\/strong><br \/>Benedykty\u0144ski klasztor \u015bw. Paw\u0142a w Lavanttal zosta\u0142 za\u0142o\u017cony w 1091 roku i jest jedynym klasztorem monastycznym w Karyntii. Klasztor opiekuje si\u0119 czterema w\u0142asnymi parafiami i zapewnia kapelan\u00f3w dla parafii diecezjalnych i kapelanii. Oko\u0142o 45 pracownik\u00f3w jest odpowiedzialnych za gimnazjum opactwa St. Paul z ponad 600 uczniami, le\u015bnictwo i rolnictwo, a tak\u017ce muzeum opactwa, kt\u00f3re jest znane daleko poza Karynti\u0105.<\/p>\n<p>\u00a0<\/p>\n<p class=\"paragraph-m\">\u00a0<\/p>\n<\/div>\n                    \n                            <\/div>\n        \n                                                    <div class=\"content__box content__box--2\"\n                     >\n                                        \n                    \n                                                <div class=\"content__media stickyTo\" x-init=\"imageSticky($el)\">\n\n                                                                                    <picture\n                                    class=\"content__image sticky\">\n                                <source srcset=\"https:\/\/stiftadmont.at\/wp-content\/uploads\/Abt-Gerhard-c-Stefan-Leitner-819x1024.webp\" type=\"image\/webp\">\n                                <source srcset=\"https:\/\/stiftadmont.at\/wp-content\/uploads\/Abt-Gerhard-c-Stefan-Leitner-819x1024.jpg\" type=\"image\/jpeg\">\n                                <img decoding=\"async\" class=\"sticky\" loading=\"lazy\" src=\"https:\/\/stiftadmont.at\/wp-content\/uploads\/Abt-Gerhard-c-Stefan-Leitner-819x1024.jpg\"\n                                     alt=\"Opat Gerhard c Stefan Leitner skalowany\">\n\n                                                                                                                            <\/picture>\n\n                        <\/div>\n\n                                    <\/div>\n            \n            <\/div>\n<\/div>\n\n<\/section>\n\n<section id='lightpress__section--block_31758eaa19a86ebfb5ed049b3bb22cf6' class='lightpress__section--default-section-space lightpress__section lightpress__section--content'><div class=\"content__inner\"\n         x-init=\"initContentBlockAnim($el)\">\n        \n    <div class=\"content__grid content__grid\">\n                                            <div class=\"content__box content__box--one-hundred\"\n                 style=\"\">\n                                \n                \n                                            <div class=\"prose\"><p class=\"paragraph-m\"><strong>Kontakt:<\/strong><br \/>Opat Przewodnicz\u0105cy Johannes Perkmann OSB<br \/>Austriacka Kongregacja Benedykty\u0144ska<\/p>\n<p><a class=\"phone\" href=\"tel:+43627481161000\"><span class=\"icon-outer\"><i class=\"fa-light fa-phone\"><\/i><\/span>+43 (0) 6274\/8116 1000<\/a><\/p>\n<p><a class=\"phone\" href=\"tel:+4367687466646\"><span class=\"icon-outer\"><i class=\"fa-light fa-phone\"><\/i><\/span>+43 (0) 676\/8746 6646<\/a><\/p>\n<p><a class=\"email\" href=\"mailto:abt.johannes@abtei-michaelbeuern.at\"><span class=\"icon-outer\"><i class=\"fa-light fa-envelope\"><\/i><\/span>abt.johannes@abtei-michaelbeuern.at<\/a><\/p>\n<\/div>\n                    \n                            <\/div>\n        \n            <\/div>\n<\/div>\n\n<\/section>","protected":false},"excerpt":{"rendered":"<p>Gerhard Hafner OSB, opat benedykty\u0144skiego opactwa Admont, zosta\u0142 mianowany tymczasowym administratorem benedykty\u0144skiego opactwa St. Paul im Lavanttal w dniu 6 maja 2024 r.<\/p>","protected":false},"author":20,"featured_media":8412,"comment_status":"closed","ping_status":"closed","sticky":false,"template":"","format":"standard","meta":{"_acf_changed":false,"footnotes":""},"categories":[22],"class_list":["post-28232","post","type-post","status-publish","format-standard","has-post-thumbnail","hentry","category-kloster-aktuell"],"acf":[],"yoast_head":"<!-- This site is optimized with the Yoast SEO Premium plugin v26.0 (Yoast SEO v26.8) - https:\/\/yoast.com\/product\/yoast-seo-premium-wordpress\/ -->\n<title>Abt Gerhard Hafner interimistischer Administrator des Stiftes St. Paul - Stift Admont<\/title>\n<meta name=\"description\" content=\"Lesen Sie aktuelle Informationen zum Thema Abt Gerhard Hafner interimistischer Administrator des Stiftes St. Paul und vieles mehr aus dem Konvent und der Pfarre Admont.\" \/>\n<meta name=\"robots\" content=\"index, follow, max-snippet:-1, max-image-preview:large, max-video-preview:-1\" \/>\n<link rel=\"canonical\" href=\"https:\/\/stiftadmont.at\/pl\/blog\/opat-gerhard-hafner-tymczasowym-administratorem-opactwa-paulinow\/\" \/>\n<meta property=\"og:locale\" content=\"pl_PL\" \/>\n<meta property=\"og:type\" content=\"article\" \/>\n<meta property=\"og:title\" content=\"Abt Gerhard Hafner interimistischer Administrator des Stiftes St. Paul\" \/>\n<meta property=\"og:description\" content=\"Lesen Sie aktuelle Informationen zum Thema Abt Gerhard Hafner interimistischer Administrator des Stiftes St. Paul und vieles mehr aus dem Konvent und der Pfarre Admont.\" \/>\n<meta property=\"og:url\" content=\"https:\/\/stiftadmont.at\/pl\/blog\/opat-gerhard-hafner-tymczasowym-administratorem-opactwa-paulinow\/\" \/>\n<meta property=\"og:site_name\" content=\"Stift Admont\" \/>\n<meta property=\"article:published_time\" content=\"2024-05-07T12:47:16+00:00\" \/>\n<meta property=\"article:modified_time\" content=\"2024-05-07T17:08:50+00:00\" \/>\n<meta property=\"og:image\" content=\"https:\/\/stiftadmont.at\/wp-content\/uploads\/Herr-Abt_cStefan-Leitner-e1648798681786.jpg\" \/>\n\t<meta property=\"og:image:width\" content=\"2048\" \/>\n\t<meta property=\"og:image:height\" content=\"1403\" \/>\n\t<meta property=\"og:image:type\" content=\"image\/jpeg\" \/>\n<meta name=\"author\" content=\"Sarah Stadlauer\" \/>\n<meta name=\"twitter:card\" content=\"summary_large_image\" \/>\n<meta name=\"twitter:label1\" content=\"Napisane przez\" \/>\n\t<meta name=\"twitter:data1\" content=\"Sarah Stadlauer\" \/>\n\t<meta name=\"twitter:label2\" content=\"Szacowany czas czytania\" \/>\n\t<meta name=\"twitter:data2\" content=\"1 minuta\" \/>\n<script type=\"application\/ld+json\" class=\"yoast-schema-graph\">{\"@context\":\"https:\/\/schema.org\",\"@graph\":[{\"@type\":\"Article\",\"@id\":\"https:\/\/stiftadmont.at\/blog\/abt-gerhard-hafner-interimistischer-administrator-des-stiftes-st-paul\/#article\",\"isPartOf\":{\"@id\":\"https:\/\/stiftadmont.at\/blog\/abt-gerhard-hafner-interimistischer-administrator-des-stiftes-st-paul\/\"},\"author\":{\"name\":\"Sarah Stadlauer\",\"@id\":\"https:\/\/stiftadmont.at\/#\/schema\/person\/b3a90b1a2f72566cf3c755db08bd829d\"},\"headline\":\"Abt Gerhard Hafner interimistischer Administrator des Stiftes St. Paul\",\"datePublished\":\"2024-05-07T12:47:16+00:00\",\"dateModified\":\"2024-05-07T17:08:50+00:00\",\"mainEntityOfPage\":{\"@id\":\"https:\/\/stiftadmont.at\/blog\/abt-gerhard-hafner-interimistischer-administrator-des-stiftes-st-paul\/\"},\"wordCount\":9,\"image\":{\"@id\":\"https:\/\/stiftadmont.at\/blog\/abt-gerhard-hafner-interimistischer-administrator-des-stiftes-st-paul\/#primaryimage\"},\"thumbnailUrl\":\"https:\/\/stiftadmont.at\/wp-content\/uploads\/Herr-Abt_cStefan-Leitner-e1648798681786-scaled.jpg\",\"articleSection\":[\"Kloster aktuell\"],\"inLanguage\":\"pl-PL\"},{\"@type\":\"WebPage\",\"@id\":\"https:\/\/stiftadmont.at\/blog\/abt-gerhard-hafner-interimistischer-administrator-des-stiftes-st-paul\/\",\"url\":\"https:\/\/stiftadmont.at\/blog\/abt-gerhard-hafner-interimistischer-administrator-des-stiftes-st-paul\/\",\"name\":\"Abt Gerhard Hafner interimistischer Administrator des Stiftes St. Paul - Stift Admont\",\"isPartOf\":{\"@id\":\"https:\/\/stiftadmont.at\/#website\"},\"primaryImageOfPage\":{\"@id\":\"https:\/\/stiftadmont.at\/blog\/abt-gerhard-hafner-interimistischer-administrator-des-stiftes-st-paul\/#primaryimage\"},\"image\":{\"@id\":\"https:\/\/stiftadmont.at\/blog\/abt-gerhard-hafner-interimistischer-administrator-des-stiftes-st-paul\/#primaryimage\"},\"thumbnailUrl\":\"https:\/\/stiftadmont.at\/wp-content\/uploads\/Herr-Abt_cStefan-Leitner-e1648798681786-scaled.jpg\",\"datePublished\":\"2024-05-07T12:47:16+00:00\",\"dateModified\":\"2024-05-07T17:08:50+00:00\",\"author\":{\"@id\":\"https:\/\/stiftadmont.at\/#\/schema\/person\/b3a90b1a2f72566cf3c755db08bd829d\"},\"description\":\"Lesen Sie aktuelle Informationen zum Thema Abt Gerhard Hafner interimistischer Administrator des Stiftes St. Paul und vieles mehr aus dem Konvent und der Pfarre Admont.\",\"breadcrumb\":{\"@id\":\"https:\/\/stiftadmont.at\/blog\/abt-gerhard-hafner-interimistischer-administrator-des-stiftes-st-paul\/#breadcrumb\"},\"inLanguage\":\"pl-PL\",\"potentialAction\":[{\"@type\":\"ReadAction\",\"target\":[\"https:\/\/stiftadmont.at\/blog\/abt-gerhard-hafner-interimistischer-administrator-des-stiftes-st-paul\/\"]}]},{\"@type\":\"ImageObject\",\"inLanguage\":\"pl-PL\",\"@id\":\"https:\/\/stiftadmont.at\/blog\/abt-gerhard-hafner-interimistischer-administrator-des-stiftes-st-paul\/#primaryimage\",\"url\":\"https:\/\/stiftadmont.at\/wp-content\/uploads\/Herr-Abt_cStefan-Leitner-e1648798681786-scaled.jpg\",\"contentUrl\":\"https:\/\/stiftadmont.at\/wp-content\/uploads\/Herr-Abt_cStefan-Leitner-e1648798681786-scaled.jpg\",\"width\":2560,\"height\":1753,\"caption\":\"Stift Admont - Abt Gerhard Hafner OSB \u00a9 Stefan Leitner\"},{\"@type\":\"BreadcrumbList\",\"@id\":\"https:\/\/stiftadmont.at\/blog\/abt-gerhard-hafner-interimistischer-administrator-des-stiftes-st-paul\/#breadcrumb\",\"itemListElement\":[{\"@type\":\"ListItem\",\"position\":1,\"name\":\"Start\",\"item\":\"https:\/\/stiftadmont.at\/\"},{\"@type\":\"ListItem\",\"position\":2,\"name\":\"Abt Gerhard Hafner interimistischer Administrator des Stiftes St. Paul\"}]},{\"@type\":\"WebSite\",\"@id\":\"https:\/\/stiftadmont.at\/#website\",\"url\":\"https:\/\/stiftadmont.at\/\",\"name\":\"Stift Admont\",\"description\":\"Benediktinerkloster und Sehensw\u00fcrdigkeit im Ges\u00e4use\",\"potentialAction\":[{\"@type\":\"SearchAction\",\"target\":{\"@type\":\"EntryPoint\",\"urlTemplate\":\"https:\/\/stiftadmont.at\/?s={search_term_string}\"},\"query-input\":{\"@type\":\"PropertyValueSpecification\",\"valueRequired\":true,\"valueName\":\"search_term_string\"}}],\"inLanguage\":\"pl-PL\"},{\"@type\":\"Person\",\"@id\":\"https:\/\/stiftadmont.at\/#\/schema\/person\/b3a90b1a2f72566cf3c755db08bd829d\",\"name\":\"Sarah Stadlauer\"}]}<\/script>\n<!-- \/ Yoast SEO Premium plugin. -->","yoast_head_json":{"title":"Opat Gerhard Hafner tymczasowym administratorem opactwa \u015bw. Paw\u0142a - Opactwo Admont","description":"Przeczytaj najnowsze informacje o opacie Gerhardzie Hafnerze, tymczasowym administratorze opactwa \u015bw. Paw\u0142a i wiele wi\u0119cej z klasztoru i parafii Admont.","robots":{"index":"index","follow":"follow","max-snippet":"max-snippet:-1","max-image-preview":"max-image-preview:large","max-video-preview":"max-video-preview:-1"},"canonical":"https:\/\/stiftadmont.at\/pl\/blog\/opat-gerhard-hafner-tymczasowym-administratorem-opactwa-paulinow\/","og_locale":"pl_PL","og_type":"article","og_title":"Abt Gerhard Hafner interimistischer Administrator des Stiftes St. Paul","og_description":"Lesen Sie aktuelle Informationen zum Thema Abt Gerhard Hafner interimistischer Administrator des Stiftes St. Paul und vieles mehr aus dem Konvent und der Pfarre Admont.","og_url":"https:\/\/stiftadmont.at\/pl\/blog\/opat-gerhard-hafner-tymczasowym-administratorem-opactwa-paulinow\/","og_site_name":"Stift Admont","article_published_time":"2024-05-07T12:47:16+00:00","article_modified_time":"2024-05-07T17:08:50+00:00","og_image":[{"width":2048,"height":1403,"url":"https:\/\/stiftadmont.at\/wp-content\/uploads\/Herr-Abt_cStefan-Leitner-e1648798681786.jpg","type":"image\/jpeg"}],"author":"Sarah Stadlauer","twitter_card":"summary_large_image","twitter_misc":{"Napisane przez":"Sarah Stadlauer","Szacowany czas czytania":"1 minuta"},"schema":{"@context":"https:\/\/schema.org","@graph":[{"@type":"Article","@id":"https:\/\/stiftadmont.at\/blog\/abt-gerhard-hafner-interimistischer-administrator-des-stiftes-st-paul\/#article","isPartOf":{"@id":"https:\/\/stiftadmont.at\/blog\/abt-gerhard-hafner-interimistischer-administrator-des-stiftes-st-paul\/"},"author":{"name":"Sarah Stadlauer","@id":"https:\/\/stiftadmont.at\/#\/schema\/person\/b3a90b1a2f72566cf3c755db08bd829d"},"headline":"Abt Gerhard Hafner interimistischer Administrator des Stiftes St. Paul","datePublished":"2024-05-07T12:47:16+00:00","dateModified":"2024-05-07T17:08:50+00:00","mainEntityOfPage":{"@id":"https:\/\/stiftadmont.at\/blog\/abt-gerhard-hafner-interimistischer-administrator-des-stiftes-st-paul\/"},"wordCount":9,"image":{"@id":"https:\/\/stiftadmont.at\/blog\/abt-gerhard-hafner-interimistischer-administrator-des-stiftes-st-paul\/#primaryimage"},"thumbnailUrl":"https:\/\/stiftadmont.at\/wp-content\/uploads\/Herr-Abt_cStefan-Leitner-e1648798681786-scaled.jpg","articleSection":["Kloster aktuell"],"inLanguage":"pl-PL"},{"@type":"WebPage","@id":"https:\/\/stiftadmont.at\/blog\/abt-gerhard-hafner-interimistischer-administrator-des-stiftes-st-paul\/","url":"https:\/\/stiftadmont.at\/blog\/abt-gerhard-hafner-interimistischer-administrator-des-stiftes-st-paul\/","name":"Opat Gerhard Hafner tymczasowym administratorem opactwa \u015bw. Paw\u0142a - Opactwo Admont","isPartOf":{"@id":"https:\/\/stiftadmont.at\/#website"},"primaryImageOfPage":{"@id":"https:\/\/stiftadmont.at\/blog\/abt-gerhard-hafner-interimistischer-administrator-des-stiftes-st-paul\/#primaryimage"},"image":{"@id":"https:\/\/stiftadmont.at\/blog\/abt-gerhard-hafner-interimistischer-administrator-des-stiftes-st-paul\/#primaryimage"},"thumbnailUrl":"https:\/\/stiftadmont.at\/wp-content\/uploads\/Herr-Abt_cStefan-Leitner-e1648798681786-scaled.jpg","datePublished":"2024-05-07T12:47:16+00:00","dateModified":"2024-05-07T17:08:50+00:00","author":{"@id":"https:\/\/stiftadmont.at\/#\/schema\/person\/b3a90b1a2f72566cf3c755db08bd829d"},"description":"Przeczytaj najnowsze informacje o opacie Gerhardzie Hafnerze, tymczasowym administratorze opactwa \u015bw. Paw\u0142a i wiele wi\u0119cej z klasztoru i parafii Admont.","breadcrumb":{"@id":"https:\/\/stiftadmont.at\/blog\/abt-gerhard-hafner-interimistischer-administrator-des-stiftes-st-paul\/#breadcrumb"},"inLanguage":"pl-PL","potentialAction":[{"@type":"ReadAction","target":["https:\/\/stiftadmont.at\/blog\/abt-gerhard-hafner-interimistischer-administrator-des-stiftes-st-paul\/"]}]},{"@type":"ImageObject","inLanguage":"pl-PL","@id":"https:\/\/stiftadmont.at\/blog\/abt-gerhard-hafner-interimistischer-administrator-des-stiftes-st-paul\/#primaryimage","url":"https:\/\/stiftadmont.at\/wp-content\/uploads\/Herr-Abt_cStefan-Leitner-e1648798681786-scaled.jpg","contentUrl":"https:\/\/stiftadmont.at\/wp-content\/uploads\/Herr-Abt_cStefan-Leitner-e1648798681786-scaled.jpg","width":2560,"height":1753,"caption":"Stift Admont - Abt Gerhard Hafner OSB \u00a9 Stefan Leitner"},{"@type":"BreadcrumbList","@id":"https:\/\/stiftadmont.at\/blog\/abt-gerhard-hafner-interimistischer-administrator-des-stiftes-st-paul\/#breadcrumb","itemListElement":[{"@type":"ListItem","position":1,"name":"Start","item":"https:\/\/stiftadmont.at\/"},{"@type":"ListItem","position":2,"name":"Abt Gerhard Hafner interimistischer Administrator des Stiftes St. Paul"}]},{"@type":"WebSite","@id":"https:\/\/stiftadmont.at\/#website","url":"https:\/\/stiftadmont.at\/","name":"Opactwo Admont","description":"Benedykty\u0144ski klasztor i atrakcja turystyczna w Ges\u00e4use","potentialAction":[{"@type":"SearchAction","target":{"@type":"EntryPoint","urlTemplate":"https:\/\/stiftadmont.at\/?s={search_term_string}"},"query-input":{"@type":"PropertyValueSpecification","valueRequired":true,"valueName":"search_term_string"}}],"inLanguage":"pl-PL"},{"@type":"Person","@id":"https:\/\/stiftadmont.at\/#\/schema\/person\/b3a90b1a2f72566cf3c755db08bd829d","name":"Sarah Stadlauer"}]}},"_links":{"self":[{"href":"https:\/\/stiftadmont.at\/pl\/wp-json\/wp\/v2\/posts\/28232","targetHints":{"allow":["GET"]}}],"collection":[{"href":"https:\/\/stiftadmont.at\/pl\/wp-json\/wp\/v2\/posts"}],"about":[{"href":"https:\/\/stiftadmont.at\/pl\/wp-json\/wp\/v2\/types\/post"}],"author":[{"embeddable":true,"href":"https:\/\/stiftadmont.at\/pl\/wp-json\/wp\/v2\/users\/20"}],"replies":[{"embeddable":true,"href":"https:\/\/stiftadmont.at\/pl\/wp-json\/wp\/v2\/comments?post=28232"}],"version-history":[{"count":12,"href":"https:\/\/stiftadmont.at\/pl\/wp-json\/wp\/v2\/posts\/28232\/revisions"}],"predecessor-version":[{"id":28274,"href":"https:\/\/stiftadmont.at\/pl\/wp-json\/wp\/v2\/posts\/28232\/revisions\/28274"}],"wp:featuredmedia":[{"embeddable":true,"href":"https:\/\/stiftadmont.at\/pl\/wp-json\/wp\/v2\/media\/8412"}],"wp:attachment":[{"href":"https:\/\/stiftadmont.at\/pl\/wp-json\/wp\/v2\/media?parent=28232"}],"wp:term":[{"taxonomy":"category","embeddable":true,"href":"https:\/\/stiftadmont.at\/pl\/wp-json\/wp\/v2\/categories?post=28232"}],"curies":[{"name":"wp","href":"https:\/\/api.w.org\/{rel}","templated":true}]}}