{"id":33287,"date":"2025-03-10T12:29:18","date_gmt":"2025-03-10T10:29:18","guid":{"rendered":"https:\/\/stiftadmont.at\/?p=33287"},"modified":"2025-03-12T10:22:50","modified_gmt":"2025-03-12T08:22:50","slug":"nowy-opat-sw-piotra","status":"publish","type":"post","link":"https:\/\/stiftadmont.at\/pl\/blog\/neuer-erzabt-von-st-peter\/","title":{"rendered":"P. Jakob Auer OSB zosta\u0142 nowym arcybiskupem St Peter's"},"content":{"rendered":"<section id='lightpress__section--block_3a070da903795d7141e75f2b5f58f4e1' class='lightpress__section--default-section-space lightpress__section lightpress__section--content'><div class=\"content__inner\"\n         x-init=\"initContentBlockAnim($el)\">\n        \n    <div class=\"content__grid content__grid--fifty-fifty\">\n                                            <div class=\"content__box content__box\"\n                 style=\"\">\n                                \n                \n                                            <div class=\"prose\"><h5 class=\"heading-m line line-above line--gold\">Wszystkiego najlepszego i Bo\u017cego b\u0142ogos\u0142awie\u0144stwa dla arcybiskupa Jakoba Auera OSB<\/h5>\n<h5 class=\"heading-m\">\u00a0<\/h5>\n<p data-start=\"61\" data-end=\"351\">Z rado\u015bci\u0105 i wdzi\u0119czno\u015bci\u0105 gratulujemy arcybiskupowi Jakobowi Auerowi OSB wyboru na arcybiskupa St. Niech Bo\u017ce b\u0142ogos\u0142awie\u0144stwo towarzyszy mu w jego nowym urz\u0119dzie i da mu m\u0105dro\u015b\u0107, si\u0142\u0119 i rado\u015b\u0107 z wykonywanego zadania. Nasze modlitwy i najlepsze \u017cyczenia towarzysz\u0105 mu w jego podr\u00f3\u017cy.<\/p>\n<p>\u00a0<\/p>\n<p data-start=\"353\" data-end=\"373\" data-is-last-node=\"\" data-is-only-node=\"\"><strong data-start=\"353\" data-end=\"373\" data-is-last-node=\"\">Ad multos annos!<\/strong><\/p>\n<\/div>\n                    \n                            <\/div>\n        \n                                                    <div class=\"content__box content__box--2\"\n                     >\n                                        \n                    \n                                                <div class=\"content__media stickyTo\" x-init=\"imageSticky($el)\">\n\n                                                                                    <picture\n                                    class=\"content__image sticky\">\n                                <source srcset=\"https:\/\/stiftadmont.at\/wp-content\/uploads\/erzabt-st.-peter-1024x613.webp\" type=\"image\/webp\">\n                                <source srcset=\"https:\/\/stiftadmont.at\/wp-content\/uploads\/erzabt-st.-peter-1024x613.jpg\" type=\"image\/jpeg\">\n                                <img decoding=\"async\" class=\"sticky\" loading=\"lazy\" src=\"https:\/\/stiftadmont.at\/wp-content\/uploads\/erzabt-st.-peter-1024x613.jpg\" alt=\"opat \u015bw.\" \/>\n\n                                                                                                                            <\/picture>\n\n                        <\/div>\n\n                                    <\/div>\n            \n            <\/div>\n<\/div>\n\n<\/section>","protected":false},"excerpt":{"rendered":"<p>P. JAKOB AUER OSB NOWYM ARCYBISKUPEM \u015aW. PETER<\/p>","protected":false},"author":23,"featured_media":33318,"comment_status":"closed","ping_status":"closed","sticky":false,"template":"","format":"standard","meta":{"_acf_changed":false,"footnotes":""},"categories":[22],"class_list":["post-33287","post","type-post","status-publish","format-standard","has-post-thumbnail","hentry","category-kloster-aktuell"],"acf":[],"yoast_head":"<!-- This site is optimized with the Yoast SEO Premium plugin v26.0 (Yoast SEO v26.8) - https:\/\/yoast.com\/product\/yoast-seo-premium-wordpress\/ -->\n<title>P. Jakob Auer OSB ist neuer Erzabt von St. Peter - Stift Admont<\/title>\n<meta name=\"description\" content=\"Lesen Sie aktuelle Informationen zum Thema P. Jakob Auer OSB ist neuer Erzabt von St. Peter und vieles mehr aus dem Konvent und der Pfarre Admont.\" \/>\n<meta name=\"robots\" content=\"index, follow, max-snippet:-1, max-image-preview:large, max-video-preview:-1\" \/>\n<link rel=\"canonical\" href=\"https:\/\/stiftadmont.at\/pl\/blog\/nowy-opat-sw-piotra\/\" \/>\n<meta property=\"og:locale\" content=\"pl_PL\" \/>\n<meta property=\"og:type\" content=\"article\" \/>\n<meta property=\"og:title\" content=\"P. Jakob Auer OSB ist neuer Erzabt von St. Peter\" \/>\n<meta property=\"og:description\" content=\"Lesen Sie aktuelle Informationen zum Thema P. Jakob Auer OSB ist neuer Erzabt von St. Peter und vieles mehr aus dem Konvent und der Pfarre Admont.\" \/>\n<meta property=\"og:url\" content=\"https:\/\/stiftadmont.at\/pl\/blog\/nowy-opat-sw-piotra\/\" \/>\n<meta property=\"og:site_name\" content=\"Stift Admont\" \/>\n<meta property=\"article:published_time\" content=\"2025-03-10T10:29:18+00:00\" \/>\n<meta property=\"article:modified_time\" content=\"2025-03-12T08:22:50+00:00\" \/>\n<meta property=\"og:image\" content=\"https:\/\/stiftadmont.at\/wp-content\/uploads\/erzabt-st.-peter.jpg\" \/>\n\t<meta property=\"og:image:width\" content=\"1120\" \/>\n\t<meta property=\"og:image:height\" content=\"671\" \/>\n\t<meta property=\"og:image:type\" content=\"image\/jpeg\" \/>\n<meta name=\"author\" content=\"P. Matth\u00e4us Cassian Konieczny\" \/>\n<meta name=\"twitter:card\" content=\"summary_large_image\" \/>\n<meta name=\"twitter:label1\" content=\"Napisane przez\" \/>\n\t<meta name=\"twitter:data1\" content=\"P. Matth\u00e4us Cassian Konieczny\" \/>\n\t<meta name=\"twitter:label2\" content=\"Szacowany czas czytania\" \/>\n\t<meta name=\"twitter:data2\" content=\"1 minuta\" \/>\n<script type=\"application\/ld+json\" class=\"yoast-schema-graph\">{\"@context\":\"https:\/\/schema.org\",\"@graph\":[{\"@type\":\"Article\",\"@id\":\"https:\/\/stiftadmont.at\/blog\/neuer-erzabt-von-st-peter\/#article\",\"isPartOf\":{\"@id\":\"https:\/\/stiftadmont.at\/blog\/neuer-erzabt-von-st-peter\/\"},\"author\":{\"name\":\"P. Matth\u00e4us Cassian Konieczny\",\"@id\":\"https:\/\/stiftadmont.at\/#\/schema\/person\/cdbea36a4aa000296d26a410e2228dce\"},\"headline\":\"P. Jakob Auer OSB ist neuer Erzabt von St. Peter\",\"datePublished\":\"2025-03-10T10:29:18+00:00\",\"dateModified\":\"2025-03-12T08:22:50+00:00\",\"mainEntityOfPage\":{\"@id\":\"https:\/\/stiftadmont.at\/blog\/neuer-erzabt-von-st-peter\/\"},\"wordCount\":10,\"image\":{\"@id\":\"https:\/\/stiftadmont.at\/blog\/neuer-erzabt-von-st-peter\/#primaryimage\"},\"thumbnailUrl\":\"https:\/\/stiftadmont.at\/wp-content\/uploads\/erzabt-st.-peter.jpg\",\"articleSection\":[\"Kloster aktuell\"],\"inLanguage\":\"pl-PL\"},{\"@type\":\"WebPage\",\"@id\":\"https:\/\/stiftadmont.at\/blog\/neuer-erzabt-von-st-peter\/\",\"url\":\"https:\/\/stiftadmont.at\/blog\/neuer-erzabt-von-st-peter\/\",\"name\":\"P. Jakob Auer OSB ist neuer Erzabt von St. Peter - Stift Admont\",\"isPartOf\":{\"@id\":\"https:\/\/stiftadmont.at\/#website\"},\"primaryImageOfPage\":{\"@id\":\"https:\/\/stiftadmont.at\/blog\/neuer-erzabt-von-st-peter\/#primaryimage\"},\"image\":{\"@id\":\"https:\/\/stiftadmont.at\/blog\/neuer-erzabt-von-st-peter\/#primaryimage\"},\"thumbnailUrl\":\"https:\/\/stiftadmont.at\/wp-content\/uploads\/erzabt-st.-peter.jpg\",\"datePublished\":\"2025-03-10T10:29:18+00:00\",\"dateModified\":\"2025-03-12T08:22:50+00:00\",\"author\":{\"@id\":\"https:\/\/stiftadmont.at\/#\/schema\/person\/cdbea36a4aa000296d26a410e2228dce\"},\"description\":\"Lesen Sie aktuelle Informationen zum Thema P. Jakob Auer OSB ist neuer Erzabt von St. Peter und vieles mehr aus dem Konvent und der Pfarre Admont.\",\"breadcrumb\":{\"@id\":\"https:\/\/stiftadmont.at\/blog\/neuer-erzabt-von-st-peter\/#breadcrumb\"},\"inLanguage\":\"pl-PL\",\"potentialAction\":[{\"@type\":\"ReadAction\",\"target\":[\"https:\/\/stiftadmont.at\/blog\/neuer-erzabt-von-st-peter\/\"]}]},{\"@type\":\"ImageObject\",\"inLanguage\":\"pl-PL\",\"@id\":\"https:\/\/stiftadmont.at\/blog\/neuer-erzabt-von-st-peter\/#primaryimage\",\"url\":\"https:\/\/stiftadmont.at\/wp-content\/uploads\/erzabt-st.-peter.jpg\",\"contentUrl\":\"https:\/\/stiftadmont.at\/wp-content\/uploads\/erzabt-st.-peter.jpg\",\"width\":1120,\"height\":671,\"caption\":\"erzabt st. peter\"},{\"@type\":\"BreadcrumbList\",\"@id\":\"https:\/\/stiftadmont.at\/blog\/neuer-erzabt-von-st-peter\/#breadcrumb\",\"itemListElement\":[{\"@type\":\"ListItem\",\"position\":1,\"name\":\"Start\",\"item\":\"https:\/\/stiftadmont.at\/\"},{\"@type\":\"ListItem\",\"position\":2,\"name\":\"P. Jakob Auer OSB ist neuer Erzabt von St. Peter\"}]},{\"@type\":\"WebSite\",\"@id\":\"https:\/\/stiftadmont.at\/#website\",\"url\":\"https:\/\/stiftadmont.at\/\",\"name\":\"Stift Admont\",\"description\":\"Benediktinerkloster und Sehensw\u00fcrdigkeit im Ges\u00e4use\",\"potentialAction\":[{\"@type\":\"SearchAction\",\"target\":{\"@type\":\"EntryPoint\",\"urlTemplate\":\"https:\/\/stiftadmont.at\/?s={search_term_string}\"},\"query-input\":{\"@type\":\"PropertyValueSpecification\",\"valueRequired\":true,\"valueName\":\"search_term_string\"}}],\"inLanguage\":\"pl-PL\"},{\"@type\":\"Person\",\"@id\":\"https:\/\/stiftadmont.at\/#\/schema\/person\/cdbea36a4aa000296d26a410e2228dce\",\"name\":\"P. Matth\u00e4us Cassian Konieczny\"}]}<\/script>\n<!-- \/ Yoast SEO Premium plugin. -->","yoast_head_json":{"title":"P. Jakob Auer OSB zosta\u0142 nowym arcybiskupem opactwa \u015bw. Piotra w Admont.","description":"Przeczytaj najnowsze informacje o tym, \u017ce o. Jakob Auer OSB zosta\u0142 nowym arcybiskupem St Peter's i wiele wi\u0119cej z klasztoru i parafii Admont.","robots":{"index":"index","follow":"follow","max-snippet":"max-snippet:-1","max-image-preview":"max-image-preview:large","max-video-preview":"max-video-preview:-1"},"canonical":"https:\/\/stiftadmont.at\/pl\/blog\/nowy-opat-sw-piotra\/","og_locale":"pl_PL","og_type":"article","og_title":"P. Jakob Auer OSB ist neuer Erzabt von St. Peter","og_description":"Lesen Sie aktuelle Informationen zum Thema P. Jakob Auer OSB ist neuer Erzabt von St. Peter und vieles mehr aus dem Konvent und der Pfarre Admont.","og_url":"https:\/\/stiftadmont.at\/pl\/blog\/nowy-opat-sw-piotra\/","og_site_name":"Stift Admont","article_published_time":"2025-03-10T10:29:18+00:00","article_modified_time":"2025-03-12T08:22:50+00:00","og_image":[{"width":1120,"height":671,"url":"https:\/\/stiftadmont.at\/wp-content\/uploads\/erzabt-st.-peter.jpg","type":"image\/jpeg"}],"author":"P. Matth\u00e4us Cassian Konieczny","twitter_card":"summary_large_image","twitter_misc":{"Napisane przez":"P. Matth\u00e4us Cassian Konieczny","Szacowany czas czytania":"1 minuta"},"schema":{"@context":"https:\/\/schema.org","@graph":[{"@type":"Article","@id":"https:\/\/stiftadmont.at\/blog\/neuer-erzabt-von-st-peter\/#article","isPartOf":{"@id":"https:\/\/stiftadmont.at\/blog\/neuer-erzabt-von-st-peter\/"},"author":{"name":"P. Matth\u00e4us Cassian Konieczny","@id":"https:\/\/stiftadmont.at\/#\/schema\/person\/cdbea36a4aa000296d26a410e2228dce"},"headline":"P. Jakob Auer OSB ist neuer Erzabt von St. Peter","datePublished":"2025-03-10T10:29:18+00:00","dateModified":"2025-03-12T08:22:50+00:00","mainEntityOfPage":{"@id":"https:\/\/stiftadmont.at\/blog\/neuer-erzabt-von-st-peter\/"},"wordCount":10,"image":{"@id":"https:\/\/stiftadmont.at\/blog\/neuer-erzabt-von-st-peter\/#primaryimage"},"thumbnailUrl":"https:\/\/stiftadmont.at\/wp-content\/uploads\/erzabt-st.-peter.jpg","articleSection":["Kloster aktuell"],"inLanguage":"pl-PL"},{"@type":"WebPage","@id":"https:\/\/stiftadmont.at\/blog\/neuer-erzabt-von-st-peter\/","url":"https:\/\/stiftadmont.at\/blog\/neuer-erzabt-von-st-peter\/","name":"P. Jakob Auer OSB zosta\u0142 nowym arcybiskupem opactwa \u015bw. Piotra w Admont.","isPartOf":{"@id":"https:\/\/stiftadmont.at\/#website"},"primaryImageOfPage":{"@id":"https:\/\/stiftadmont.at\/blog\/neuer-erzabt-von-st-peter\/#primaryimage"},"image":{"@id":"https:\/\/stiftadmont.at\/blog\/neuer-erzabt-von-st-peter\/#primaryimage"},"thumbnailUrl":"https:\/\/stiftadmont.at\/wp-content\/uploads\/erzabt-st.-peter.jpg","datePublished":"2025-03-10T10:29:18+00:00","dateModified":"2025-03-12T08:22:50+00:00","author":{"@id":"https:\/\/stiftadmont.at\/#\/schema\/person\/cdbea36a4aa000296d26a410e2228dce"},"description":"Przeczytaj najnowsze informacje o tym, \u017ce o. Jakob Auer OSB zosta\u0142 nowym arcybiskupem St Peter's i wiele wi\u0119cej z klasztoru i parafii Admont.","breadcrumb":{"@id":"https:\/\/stiftadmont.at\/blog\/neuer-erzabt-von-st-peter\/#breadcrumb"},"inLanguage":"pl-PL","potentialAction":[{"@type":"ReadAction","target":["https:\/\/stiftadmont.at\/blog\/neuer-erzabt-von-st-peter\/"]}]},{"@type":"ImageObject","inLanguage":"pl-PL","@id":"https:\/\/stiftadmont.at\/blog\/neuer-erzabt-von-st-peter\/#primaryimage","url":"https:\/\/stiftadmont.at\/wp-content\/uploads\/erzabt-st.-peter.jpg","contentUrl":"https:\/\/stiftadmont.at\/wp-content\/uploads\/erzabt-st.-peter.jpg","width":1120,"height":671,"caption":"erzabt st. peter"},{"@type":"BreadcrumbList","@id":"https:\/\/stiftadmont.at\/blog\/neuer-erzabt-von-st-peter\/#breadcrumb","itemListElement":[{"@type":"ListItem","position":1,"name":"Start","item":"https:\/\/stiftadmont.at\/"},{"@type":"ListItem","position":2,"name":"P. Jakob Auer OSB ist neuer Erzabt von St. Peter"}]},{"@type":"WebSite","@id":"https:\/\/stiftadmont.at\/#website","url":"https:\/\/stiftadmont.at\/","name":"Opactwo Admont","description":"Benedykty\u0144ski klasztor i atrakcja turystyczna w Ges\u00e4use","potentialAction":[{"@type":"SearchAction","target":{"@type":"EntryPoint","urlTemplate":"https:\/\/stiftadmont.at\/?s={search_term_string}"},"query-input":{"@type":"PropertyValueSpecification","valueRequired":true,"valueName":"search_term_string"}}],"inLanguage":"pl-PL"},{"@type":"Person","@id":"https:\/\/stiftadmont.at\/#\/schema\/person\/cdbea36a4aa000296d26a410e2228dce","name":"P. Mateusz Kasjan Konieczny"}]}},"_links":{"self":[{"href":"https:\/\/stiftadmont.at\/pl\/wp-json\/wp\/v2\/posts\/33287","targetHints":{"allow":["GET"]}}],"collection":[{"href":"https:\/\/stiftadmont.at\/pl\/wp-json\/wp\/v2\/posts"}],"about":[{"href":"https:\/\/stiftadmont.at\/pl\/wp-json\/wp\/v2\/types\/post"}],"author":[{"embeddable":true,"href":"https:\/\/stiftadmont.at\/pl\/wp-json\/wp\/v2\/users\/23"}],"replies":[{"embeddable":true,"href":"https:\/\/stiftadmont.at\/pl\/wp-json\/wp\/v2\/comments?post=33287"}],"version-history":[{"count":17,"href":"https:\/\/stiftadmont.at\/pl\/wp-json\/wp\/v2\/posts\/33287\/revisions"}],"predecessor-version":[{"id":33320,"href":"https:\/\/stiftadmont.at\/pl\/wp-json\/wp\/v2\/posts\/33287\/revisions\/33320"}],"wp:featuredmedia":[{"embeddable":true,"href":"https:\/\/stiftadmont.at\/pl\/wp-json\/wp\/v2\/media\/33318"}],"wp:attachment":[{"href":"https:\/\/stiftadmont.at\/pl\/wp-json\/wp\/v2\/media?parent=33287"}],"wp:term":[{"taxonomy":"category","embeddable":true,"href":"https:\/\/stiftadmont.at\/pl\/wp-json\/wp\/v2\/categories?post=33287"}],"curies":[{"name":"wp","href":"https:\/\/api.w.org\/{rel}","templated":true}]}}