{"id":34676,"date":"2025-04-29T11:16:48","date_gmt":"2025-04-29T09:16:48","guid":{"rendered":"https:\/\/stiftadmont.at\/?p=34676"},"modified":"2025-04-29T15:03:59","modified_gmt":"2025-04-29T13:03:59","slug":"rynek-specjalistyczny","status":"publish","type":"post","link":"https:\/\/stiftadmont.at\/pl\/blog\/spezialitatenmarkt\/","title":{"rendered":"Rynek specjalno\u015bci Ges\u00e4use w opactwie Admont"},"content":{"rendered":"<section id='lightpress__section--block_30890f3b08f2b302b35c286b18f29c02' class='lightpress__section--default-section-space lightpress__section lightpress__section--content'><div class=\"content__inner\"\n         x-init=\"initContentBlockAnim($el)\">\n        \n    <div class=\"content__grid content__grid\">\n                                            <div class=\"content__box content__box--one-hundred\"\n                 style=\"\">\n                                \n                \n                                            <div class=\"prose\"><h5 class=\"heading-m line line-above line--gold\"><span data-mce-type=\"bookmark\" style=\"display: inline-block; width: 0px; overflow: hidden; line-height: 0;\" class=\"mce_SELRES_start\"><\/span>Rynek specjalno\u015bci w opactwie Admont<\/h5>\n<p>\u00a0<\/p>\n<p class=\"paragraph-m\">Jako nast\u0119pca Dni Targowych w Klasztorze, Opactwo Admont uruchomi\u0142o Rynek Specjalno\u015bci Ges\u00e4use we wsp\u00f3\u0142pracy z Piwnic\u0105 Opactwa. G\u0142\u00f3wn\u0105 r\u00f3\u017cnic\u0105 w stosunku do poprzedniego du\u017cego wydarzenia jest to, \u017ce oferowane produkty pochodz\u0105 wy\u0142\u0105cznie z regionu Ges\u00e4use.<\/p>\n<p>\u00a0<\/p>\n<p>Od wielokrotnie nagradzanych win jab\u0142kowych i szlachetnej dziczyzny Xeis po chleb piwny i marcepany: opr\u00f3cz dziewiczej przyrody jedynego parku narodowego Styrii i dziedzictwa kulturowego benedykty\u0144skiego klasztoru Admont, Ges\u00e4use ma r\u00f3wnie\u017c wiele do zaoferowania pod wzgl\u0119dem kulinarnym. W przysz\u0142o\u015bci typowe regionalne przysmaki i lokalna \u017cywno\u015b\u0107 b\u0119d\u0105 dost\u0119pne nie tylko w sklepach rolniczych i wybranych sklepach, ale tak\u017ce na rynku specjalno\u015bci Ges\u00e4use. Zaleta: \"Je\u015bli chcesz kupi\u0107 regionalne produkty, nie b\u0119dziesz ju\u017c musia\u0142 podr\u00f3\u017cowa\u0107 od jednego producenta do drugiego, poniewa\u017c targ specjalno\u015bci Ges\u00e4use b\u0119dzie oferowa\u0142 pe\u0142n\u0105 r\u00f3\u017cnorodno\u015b\u0107 regionu w jednym miejscu\" - m\u00f3wi Mario Brandm\u00fcller, kierownik ds. kultury, turystyki i PR w opactwie Admont.<\/p>\n<p>\u00a0<\/p>\n<\/div>\n                    \n                            <\/div>\n        \n            <\/div>\n<\/div>\n\n<\/section>\n\n<section id='lightpress__section--block_dbad5e74b11dab9eac50b4a974bcc307' class='bg--beige lightpress__section--colored-bg lightpress__section--default-section-space lightpress__section lightpress__section--content'><div class=\"content__inner\"\n         x-init=\"initContentBlockAnim($el)\">\n        \n    <div class=\"content__grid content__grid\">\n                                            <div class=\"content__box content__box--one-hundred\"\n                 style=\"\">\n                                \n                \n                                            <div class=\"prose\"><h5 class=\"heading-m line line-above line--gold\"><strong>Wspieranie lokalnych producent\u00f3w<\/strong><\/h5>\n<p>\u00a0<\/p>\n<p>Ges\u00e4use Speciality Market ma nie lada wyzwanie, poniewa\u017c jest bezpo\u015brednim nast\u0119pc\u0105 tradycyjnych Dni Targowych w Klasztorze, kt\u00f3re po raz ostatni odby\u0142y si\u0119 w zesz\u0142ym roku. Pomimo sukcesu tego du\u017cego corocznego wydarzenia, decyzja o uruchomieniu nowego formatu by\u0142a bardzo \u015bwiadoma, m\u00f3wi Brandm\u00fcller: \"Dzi\u0119ki targowi specjalno\u015bci Ges\u00e4use po raz pierwszy stwarzamy mo\u017cliwo\u015b\u0107 wspierania wy\u0142\u0105cznie lokalnych producent\u00f3w w ich marketingu bezpo\u015brednim\". Oznacza to r\u00f3wnie\u017c, \u017ce \"specjalno\u015bci Ges\u00e4use staj\u0105 si\u0119 coraz bardziej znane - zar\u00f3wno w tym kraju, jak i poza nim\", jak podkre\u015bla Ulrich Matlschweiger ze Stiftskeller.<\/p>\n<\/div>\n                    \n                            <\/div>\n        \n            <\/div>\n<\/div>\n\n    <div class=\"background__container background__container--beige\">\n    <\/div>\n\n<\/section>\n\n<section id='lightpress__section--block_b27423e4d3b9336b1b5c5de244ac04eb' class='lightpress__section--default-section-space lightpress__section lightpress__section--content'><div class=\"content__inner\"\n         x-init=\"initContentBlockAnim($el)\">\n        \n    <div class=\"content__grid content__grid\">\n                                            <div class=\"content__box content__box--one-hundred\"\n                 style=\"\">\n                                \n                \n                                            <div class=\"prose\"><h5 class=\"heading-m line line-above line--gold\">Kszta\u0142towanie zr\u00f3wnowa\u017conej przysz\u0142o\u015bci<\/h5>\n<p>\u00a0<\/p>\n<p>Dla Ulricha Matlschweigera kluczowe znaczenie ma \"mo\u017cliwo\u015b\u0107 kszta\u0142towania zr\u00f3wnowa\u017conej przysz\u0142o\u015bci, je\u015bli \u015bwiadomo\u015b\u0107 lokalnej \u017cywno\u015bci b\u0119dzie ros\u0142a\", m\u00f3wi najemca Stiftskeller i wsp\u00f3\u0142organizator nowego rynku specjalno\u015bci Ges\u00e4use. W ko\u0144cu, jak podkre\u015bla Matlschweiger, pomaga to nie tylko zachowa\u0107 lokalny krajobraz kulturowy, ale tak\u017ce chroni\u0107 tradycyjne rzemios\u0142o i produkcj\u0119 wysokiej jako\u015bci \u017cywno\u015bci.<\/p>\n<p>\u00a0<\/p>\n<p><strong>Daty targ\u00f3w specjalno\u015bci Ges\u00e4use: od maja do wrze\u015bnia w pierwsz\u0105 sobot\u0119 ka\u017cdego miesi\u0105ca od 10:00 do 16:00 przy wej\u015bciu do Rosarium Opactwa Benedyktyn\u00f3w Admont.\u00a0<\/strong><\/p>\n<p>\u00a0<\/p>\n<\/div>\n                    \n                            <\/div>\n        \n            <\/div>\n<\/div>\n\n<\/section>","protected":false},"excerpt":{"rendered":"","protected":false},"author":7,"featured_media":29902,"comment_status":"closed","ping_status":"closed","sticky":false,"template":"","format":"standard","meta":{"_acf_changed":false,"footnotes":""},"categories":[23],"class_list":["post-34676","post","type-post","status-publish","format-standard","has-post-thumbnail","hentry","category-einrichtungen-aktuell"],"acf":[],"yoast_head":"<!-- This site is optimized with the Yoast SEO Premium plugin v26.0 (Yoast SEO v26.8) - https:\/\/yoast.com\/product\/yoast-seo-premium-wordpress\/ -->\n<title>Ges\u00e4use Spezialit\u00e4tenmarkt im Stift Admont - Stift Admont<\/title>\n<meta name=\"description\" content=\"Lesen Sie aktuelle Informationen zum Thema Ges\u00e4use Spezialit\u00e4tenmarkt im Stift Admont und vieles mehr aus dem Konvent und der Pfarre Admont.\" \/>\n<meta name=\"robots\" content=\"index, follow, max-snippet:-1, max-image-preview:large, max-video-preview:-1\" \/>\n<link rel=\"canonical\" href=\"https:\/\/stiftadmont.at\/pl\/blog\/rynek-specjalistyczny\/\" \/>\n<meta property=\"og:locale\" content=\"pl_PL\" \/>\n<meta property=\"og:type\" content=\"article\" \/>\n<meta property=\"og:title\" content=\"Ges\u00e4use Spezialit\u00e4tenmarkt im Stift Admont\" \/>\n<meta property=\"og:description\" content=\"Lesen Sie aktuelle Informationen zum Thema Ges\u00e4use Spezialit\u00e4tenmarkt im Stift Admont und vieles mehr aus dem Konvent und der Pfarre Admont.\" \/>\n<meta property=\"og:url\" content=\"https:\/\/stiftadmont.at\/pl\/blog\/rynek-specjalistyczny\/\" \/>\n<meta property=\"og:site_name\" content=\"Stift Admont\" \/>\n<meta property=\"article:published_time\" content=\"2025-04-29T09:16:48+00:00\" \/>\n<meta property=\"article:modified_time\" content=\"2025-04-29T13:03:59+00:00\" \/>\n<meta property=\"og:image\" content=\"https:\/\/stiftadmont.at\/wp-content\/uploads\/Klostermarkt-2024-cBrunthaler-Tanja_Stift-Admont-25-www-scaled.jpg\" \/>\n\t<meta property=\"og:image:width\" content=\"2560\" \/>\n\t<meta property=\"og:image:height\" content=\"1706\" \/>\n\t<meta property=\"og:image:type\" content=\"image\/jpeg\" \/>\n<meta name=\"author\" content=\"Mario Brandm\u00fcller\" \/>\n<meta name=\"twitter:card\" content=\"summary_large_image\" \/>\n<meta name=\"twitter:label1\" content=\"Napisane przez\" \/>\n\t<meta name=\"twitter:data1\" content=\"Mario Brandm\u00fcller\" \/>\n\t<meta name=\"twitter:label2\" content=\"Szacowany czas czytania\" \/>\n\t<meta name=\"twitter:data2\" content=\"1 minuta\" \/>\n<script type=\"application\/ld+json\" class=\"yoast-schema-graph\">{\"@context\":\"https:\/\/schema.org\",\"@graph\":[{\"@type\":\"Article\",\"@id\":\"https:\/\/stiftadmont.at\/blog\/spezialitatenmarkt\/#article\",\"isPartOf\":{\"@id\":\"https:\/\/stiftadmont.at\/blog\/spezialitatenmarkt\/\"},\"author\":{\"name\":\"Mario Brandm\u00fcller\",\"@id\":\"https:\/\/stiftadmont.at\/#\/schema\/person\/30535548b241d5f33a2e8b839db11869\"},\"headline\":\"Ges\u00e4use Spezialit\u00e4tenmarkt im Stift Admont\",\"datePublished\":\"2025-04-29T09:16:48+00:00\",\"dateModified\":\"2025-04-29T13:03:59+00:00\",\"mainEntityOfPage\":{\"@id\":\"https:\/\/stiftadmont.at\/blog\/spezialitatenmarkt\/\"},\"wordCount\":7,\"image\":{\"@id\":\"https:\/\/stiftadmont.at\/blog\/spezialitatenmarkt\/#primaryimage\"},\"thumbnailUrl\":\"https:\/\/stiftadmont.at\/wp-content\/uploads\/Klostermarkt-2024-cBrunthaler-Tanja_Stift-Admont-25-www-scaled.jpg\",\"articleSection\":[\"Einrichtungen aktuell\"],\"inLanguage\":\"pl-PL\"},{\"@type\":\"WebPage\",\"@id\":\"https:\/\/stiftadmont.at\/blog\/spezialitatenmarkt\/\",\"url\":\"https:\/\/stiftadmont.at\/blog\/spezialitatenmarkt\/\",\"name\":\"Ges\u00e4use Spezialit\u00e4tenmarkt im Stift Admont - Stift Admont\",\"isPartOf\":{\"@id\":\"https:\/\/stiftadmont.at\/#website\"},\"primaryImageOfPage\":{\"@id\":\"https:\/\/stiftadmont.at\/blog\/spezialitatenmarkt\/#primaryimage\"},\"image\":{\"@id\":\"https:\/\/stiftadmont.at\/blog\/spezialitatenmarkt\/#primaryimage\"},\"thumbnailUrl\":\"https:\/\/stiftadmont.at\/wp-content\/uploads\/Klostermarkt-2024-cBrunthaler-Tanja_Stift-Admont-25-www-scaled.jpg\",\"datePublished\":\"2025-04-29T09:16:48+00:00\",\"dateModified\":\"2025-04-29T13:03:59+00:00\",\"author\":{\"@id\":\"https:\/\/stiftadmont.at\/#\/schema\/person\/30535548b241d5f33a2e8b839db11869\"},\"description\":\"Lesen Sie aktuelle Informationen zum Thema Ges\u00e4use Spezialit\u00e4tenmarkt im Stift Admont und vieles mehr aus dem Konvent und der Pfarre Admont.\",\"breadcrumb\":{\"@id\":\"https:\/\/stiftadmont.at\/blog\/spezialitatenmarkt\/#breadcrumb\"},\"inLanguage\":\"pl-PL\",\"potentialAction\":[{\"@type\":\"ReadAction\",\"target\":[\"https:\/\/stiftadmont.at\/blog\/spezialitatenmarkt\/\"]}]},{\"@type\":\"ImageObject\",\"inLanguage\":\"pl-PL\",\"@id\":\"https:\/\/stiftadmont.at\/blog\/spezialitatenmarkt\/#primaryimage\",\"url\":\"https:\/\/stiftadmont.at\/wp-content\/uploads\/Klostermarkt-2024-cBrunthaler-Tanja_Stift-Admont-25-www-scaled.jpg\",\"contentUrl\":\"https:\/\/stiftadmont.at\/wp-content\/uploads\/Klostermarkt-2024-cBrunthaler-Tanja_Stift-Admont-25-www-scaled.jpg\",\"width\":2560,\"height\":1706,\"caption\":\"Klostermarkt 2024 (c)Brunthaler Tanja Stift Admont (25) www\"},{\"@type\":\"BreadcrumbList\",\"@id\":\"https:\/\/stiftadmont.at\/blog\/spezialitatenmarkt\/#breadcrumb\",\"itemListElement\":[{\"@type\":\"ListItem\",\"position\":1,\"name\":\"Start\",\"item\":\"https:\/\/stiftadmont.at\/\"},{\"@type\":\"ListItem\",\"position\":2,\"name\":\"Ges\u00e4use Spezialit\u00e4tenmarkt im Stift Admont\"}]},{\"@type\":\"WebSite\",\"@id\":\"https:\/\/stiftadmont.at\/#website\",\"url\":\"https:\/\/stiftadmont.at\/\",\"name\":\"Stift Admont\",\"description\":\"Benediktinerkloster und Sehensw\u00fcrdigkeit im Ges\u00e4use\",\"potentialAction\":[{\"@type\":\"SearchAction\",\"target\":{\"@type\":\"EntryPoint\",\"urlTemplate\":\"https:\/\/stiftadmont.at\/?s={search_term_string}\"},\"query-input\":{\"@type\":\"PropertyValueSpecification\",\"valueRequired\":true,\"valueName\":\"search_term_string\"}}],\"inLanguage\":\"pl-PL\"},{\"@type\":\"Person\",\"@id\":\"https:\/\/stiftadmont.at\/#\/schema\/person\/30535548b241d5f33a2e8b839db11869\",\"name\":\"Mario Brandm\u00fcller\"}]}<\/script>\n<!-- \/ Yoast SEO Premium plugin. -->","yoast_head_json":{"title":"Targ specjalno\u015bci Ges\u00e4use w opactwie Admont - Opactwo Admont","description":"Przeczytaj najnowsze informacje o targu specjalno\u015bci Ges\u00e4use w opactwie Admont i wiele wi\u0119cej od klasztoru i parafii Admont.","robots":{"index":"index","follow":"follow","max-snippet":"max-snippet:-1","max-image-preview":"max-image-preview:large","max-video-preview":"max-video-preview:-1"},"canonical":"https:\/\/stiftadmont.at\/pl\/blog\/rynek-specjalistyczny\/","og_locale":"pl_PL","og_type":"article","og_title":"Ges\u00e4use Spezialit\u00e4tenmarkt im Stift Admont","og_description":"Lesen Sie aktuelle Informationen zum Thema Ges\u00e4use Spezialit\u00e4tenmarkt im Stift Admont und vieles mehr aus dem Konvent und der Pfarre Admont.","og_url":"https:\/\/stiftadmont.at\/pl\/blog\/rynek-specjalistyczny\/","og_site_name":"Stift Admont","article_published_time":"2025-04-29T09:16:48+00:00","article_modified_time":"2025-04-29T13:03:59+00:00","og_image":[{"width":2560,"height":1706,"url":"https:\/\/stiftadmont.at\/wp-content\/uploads\/Klostermarkt-2024-cBrunthaler-Tanja_Stift-Admont-25-www-scaled.jpg","type":"image\/jpeg"}],"author":"Mario Brandm\u00fcller","twitter_card":"summary_large_image","twitter_misc":{"Napisane przez":"Mario Brandm\u00fcller","Szacowany czas czytania":"1 minuta"},"schema":{"@context":"https:\/\/schema.org","@graph":[{"@type":"Article","@id":"https:\/\/stiftadmont.at\/blog\/spezialitatenmarkt\/#article","isPartOf":{"@id":"https:\/\/stiftadmont.at\/blog\/spezialitatenmarkt\/"},"author":{"name":"Mario Brandm\u00fcller","@id":"https:\/\/stiftadmont.at\/#\/schema\/person\/30535548b241d5f33a2e8b839db11869"},"headline":"Ges\u00e4use Spezialit\u00e4tenmarkt im Stift Admont","datePublished":"2025-04-29T09:16:48+00:00","dateModified":"2025-04-29T13:03:59+00:00","mainEntityOfPage":{"@id":"https:\/\/stiftadmont.at\/blog\/spezialitatenmarkt\/"},"wordCount":7,"image":{"@id":"https:\/\/stiftadmont.at\/blog\/spezialitatenmarkt\/#primaryimage"},"thumbnailUrl":"https:\/\/stiftadmont.at\/wp-content\/uploads\/Klostermarkt-2024-cBrunthaler-Tanja_Stift-Admont-25-www-scaled.jpg","articleSection":["Einrichtungen aktuell"],"inLanguage":"pl-PL"},{"@type":"WebPage","@id":"https:\/\/stiftadmont.at\/blog\/spezialitatenmarkt\/","url":"https:\/\/stiftadmont.at\/blog\/spezialitatenmarkt\/","name":"Targ specjalno\u015bci Ges\u00e4use w opactwie Admont - Opactwo Admont","isPartOf":{"@id":"https:\/\/stiftadmont.at\/#website"},"primaryImageOfPage":{"@id":"https:\/\/stiftadmont.at\/blog\/spezialitatenmarkt\/#primaryimage"},"image":{"@id":"https:\/\/stiftadmont.at\/blog\/spezialitatenmarkt\/#primaryimage"},"thumbnailUrl":"https:\/\/stiftadmont.at\/wp-content\/uploads\/Klostermarkt-2024-cBrunthaler-Tanja_Stift-Admont-25-www-scaled.jpg","datePublished":"2025-04-29T09:16:48+00:00","dateModified":"2025-04-29T13:03:59+00:00","author":{"@id":"https:\/\/stiftadmont.at\/#\/schema\/person\/30535548b241d5f33a2e8b839db11869"},"description":"Przeczytaj najnowsze informacje o targu specjalno\u015bci Ges\u00e4use w opactwie Admont i wiele wi\u0119cej od klasztoru i parafii Admont.","breadcrumb":{"@id":"https:\/\/stiftadmont.at\/blog\/spezialitatenmarkt\/#breadcrumb"},"inLanguage":"pl-PL","potentialAction":[{"@type":"ReadAction","target":["https:\/\/stiftadmont.at\/blog\/spezialitatenmarkt\/"]}]},{"@type":"ImageObject","inLanguage":"pl-PL","@id":"https:\/\/stiftadmont.at\/blog\/spezialitatenmarkt\/#primaryimage","url":"https:\/\/stiftadmont.at\/wp-content\/uploads\/Klostermarkt-2024-cBrunthaler-Tanja_Stift-Admont-25-www-scaled.jpg","contentUrl":"https:\/\/stiftadmont.at\/wp-content\/uploads\/Klostermarkt-2024-cBrunthaler-Tanja_Stift-Admont-25-www-scaled.jpg","width":2560,"height":1706,"caption":"Klostermarkt 2024 (c)Brunthaler Tanja Stift Admont (25) www"},{"@type":"BreadcrumbList","@id":"https:\/\/stiftadmont.at\/blog\/spezialitatenmarkt\/#breadcrumb","itemListElement":[{"@type":"ListItem","position":1,"name":"Start","item":"https:\/\/stiftadmont.at\/"},{"@type":"ListItem","position":2,"name":"Ges\u00e4use Spezialit\u00e4tenmarkt im Stift Admont"}]},{"@type":"WebSite","@id":"https:\/\/stiftadmont.at\/#website","url":"https:\/\/stiftadmont.at\/","name":"Opactwo Admont","description":"Benedykty\u0144ski klasztor i atrakcja turystyczna w Ges\u00e4use","potentialAction":[{"@type":"SearchAction","target":{"@type":"EntryPoint","urlTemplate":"https:\/\/stiftadmont.at\/?s={search_term_string}"},"query-input":{"@type":"PropertyValueSpecification","valueRequired":true,"valueName":"search_term_string"}}],"inLanguage":"pl-PL"},{"@type":"Person","@id":"https:\/\/stiftadmont.at\/#\/schema\/person\/30535548b241d5f33a2e8b839db11869","name":"Mario Brandm\u00fcller"}]}},"_links":{"self":[{"href":"https:\/\/stiftadmont.at\/pl\/wp-json\/wp\/v2\/posts\/34676","targetHints":{"allow":["GET"]}}],"collection":[{"href":"https:\/\/stiftadmont.at\/pl\/wp-json\/wp\/v2\/posts"}],"about":[{"href":"https:\/\/stiftadmont.at\/pl\/wp-json\/wp\/v2\/types\/post"}],"author":[{"embeddable":true,"href":"https:\/\/stiftadmont.at\/pl\/wp-json\/wp\/v2\/users\/7"}],"replies":[{"embeddable":true,"href":"https:\/\/stiftadmont.at\/pl\/wp-json\/wp\/v2\/comments?post=34676"}],"version-history":[{"count":14,"href":"https:\/\/stiftadmont.at\/pl\/wp-json\/wp\/v2\/posts\/34676\/revisions"}],"predecessor-version":[{"id":34693,"href":"https:\/\/stiftadmont.at\/pl\/wp-json\/wp\/v2\/posts\/34676\/revisions\/34693"}],"wp:featuredmedia":[{"embeddable":true,"href":"https:\/\/stiftadmont.at\/pl\/wp-json\/wp\/v2\/media\/29902"}],"wp:attachment":[{"href":"https:\/\/stiftadmont.at\/pl\/wp-json\/wp\/v2\/media?parent=34676"}],"wp:term":[{"taxonomy":"category","embeddable":true,"href":"https:\/\/stiftadmont.at\/pl\/wp-json\/wp\/v2\/categories?post=34676"}],"curies":[{"name":"wp","href":"https:\/\/api.w.org\/{rel}","templated":true}]}}