{"id":38233,"date":"2025-10-31T10:34:02","date_gmt":"2025-10-31T08:34:02","guid":{"rendered":"https:\/\/stiftadmont.at\/?p=38233"},"modified":"2025-10-31T10:52:22","modified_gmt":"2025-10-31T08:52:22","slug":"kultura-i-przyjemnosc-dzikie-wino-lesne","status":"publish","type":"post","link":"https:\/\/stiftadmont.at\/pl\/blog\/kultur-und-genuss-wild-wald-wein\/","title":{"rendered":"Kultura i przyjemno\u015b\u0107 - DZIKO\u015a\u0106, LAS, WINO"},"content":{"rendered":"<section id='lightpress__section--block_3f795e75137e5cd1b31eafce28eabbd6' class='lightpress__section--default-section-space lightpress__section lightpress__section--content'><div class=\"content__inner\"\n         x-init=\"initContentBlockAnim($el)\">\n        \n    <div class=\"content__grid content__grid--fifty-fifty\">\n                                            <div class=\"content__box content__box\"\n                 style=\"\">\n                                \n                \n                                            <div class=\"prose\"><h5 class=\"heading-m line line-above line--gold\">Ein unvergessliches Erlebnis!<\/h5>\n<p>\u00a0<\/p>\n<p><strong>Am 14. November um 16 Uhr <\/strong>\u00f6ffnet das Benediktinerstift Admont seine Tore zu einem au\u00dfergew\u00f6hnlichen Erlebnis: Als exklusive G\u00e4ste betreten Sie die weltgr\u00f6\u00dfte Klosterbibliothek, lassen sich von barocker Architektur verzaubern und erleben das Zusammenspiel von Kunst, Kultur und Spiritualit\u00e4t.<\/p>\n<p>\u00a0<\/p>\n<p>Den kr\u00f6nenden Abschluss bildet ein 4g\u00e4ngiges Wildmen\u00fc (siehe unten) mit Fleisch aus den stiftseigenen Revieren \u2013 begleitet von pr\u00e4mierten Weinen des Weinguts DVERI PAX. Serviert im stilvollen Stiftskeller, verfeinert durch Einblicke in die nachhaltige Jagd- und Forstkultur des Stiftes Admont.<\/p>\n<\/div>\n                    \n                            <\/div>\n        \n                                                    <div class=\"content__box content__box--2\"\n                     >\n                                        \n                    \n                                                <div class=\"content__media stickyTo\" x-init=\"imageSticky($el)\">\n\n                                                                                    <picture\n                                    class=\"content__image sticky\">\n                                <source srcset=\"https:\/\/stiftadmont.at\/wp-content\/uploads\/051_Forst_Jagd_Stift_AdmontStefanLeitner-min-e1634722547875-1024x683.webp\" type=\"image\/webp\">\n                                <source srcset=\"https:\/\/stiftadmont.at\/wp-content\/uploads\/051_Forst_Jagd_Stift_AdmontStefanLeitner-min-e1634722547875-1024x683.jpg\" type=\"image\/jpeg\">\n                                <img decoding=\"async\" class=\"sticky\" loading=\"lazy\" src=\"https:\/\/stiftadmont.at\/wp-content\/uploads\/051_Forst_Jagd_Stift_AdmontStefanLeitner-min-e1634722547875-1024x683.jpg\" alt=\"Stift Admont - Forst Jagd \u00a9 Stefan Leitner\" \/>\n\n                                                                                                                            <\/picture>\n\n                        <\/div>\n\n                                    <\/div>\n            \n            <\/div>\n<\/div>\n\n<\/section>\n\n<section id='lightpress__section--block_475c0eae04447c85e52fae9c92d9154c' class='bg--beige lightpress__section--colored-bg lightpress__section--default-section-space lightpress__section lightpress__section--content'><div class=\"content__inner\"\n         x-init=\"initContentBlockAnim($el)\">\n        \n    <div class=\"content__grid content__grid--fifty-fifty\">\n                                            <div class=\"content__box content__box\"\n                 style=\"\">\n                                \n                \n                                            <div class=\"prose\"><h5 class=\"heading-m line line-above line--gold\"><strong>Kein gew\u00f6hnlicher Ausflug &#8211; Ein unvergessliches Erlebnis!\u00a0<\/strong><\/h5>\n<p>\u00a0<\/p>\n<p><strong>Premierenangebot 99 \u20ac pro Person!\u00a0<\/strong><\/p>\n<p>\u00a0<\/p>\n<p>Jetzt Pl\u00e4tze sichern und Teil eines einzigartigen Gesamterlebnisses werden:<\/p>\n<p>\u00a0<\/p>\n<p><a class=\"email\" href=\"mailto:events@stiftadmont.at\"><span class=\"icon-outer\"><i class=\"fa-light fa-envelope\"><\/i><\/span>events@stiftadmont.at<\/a>\u00a0oder<\/p>\n<p><a class=\"phone\" href=\"tel:+43 (664) 60353605\"><span class=\"icon-outer\"><i class=\"fa-light fa-phone\"><\/i><\/span>+43 (664) 60353605<\/a><\/p>\n<p>\u00a0<\/p>\n<\/div>\n                    \n                            <\/div>\n        \n                                                    <div class=\"content__box content__box--2\"\n                     >\n                                        \n                    \n                                                    <div class=\"prose\"><h5 class=\"heading-m line line-above line--gold\">Dieses Men\u00fc erwartet Sie:\u00a0<\/h5>\n<p>\u00a0<\/p>\n<p>1. Gang &#8211; feines Tartar vom Hirsch mit hausgemachtem Brioche und Wachtelspiegelei<\/p>\n<p>2. Gang &#8211; kr\u00e4ftige Wacholdercremesuppe mit Schwarzbrotchip und Creme fraiche<\/p>\n<p>3. Gang &#8211; zweierlei vom Wild, geschmortes und kurz gebratenes mit Steinpilzen und wei\u00dfem Polenta<\/p>\n<p>4. Gang &#8211; Admonter Marzizoni &#8211; Parfait mit eingekochter Pinot Noir Birne<\/p>\n<p><span data-mce-type=\"bookmark\" style=\"display: inline-block; width: 0px; overflow: hidden; line-height: 0;\" class=\"mce_SELRES_start\">\ufeff<\/span><\/p>\n<\/div>\n                        \n                                    <\/div>\n            \n            <\/div>\n<\/div>\n\n    <div class=\"background__container background__container--beige\">\n    <\/div>\n\n<\/section>\n\n<section id='lightpress__section--block_7d76b9dbcb6c0fe99de6db9ebb519d51' class='lightpress__section--default-section-space lightpress__section lightpress__section--image-slider'>\n<div class=\"image-slider\"\n     x-data=\"{ gallery: null, shown: false }\"\n     x-init=\"gallery = initSliderGallery([{&quot;href&quot;:&quot;https:\\\/\\\/stiftadmont.at\\\/wp-content\\\/uploads\\\/Weinverkostung_\\u00a9Thomas-Sattler-1920x1280.jpg&quot;,&quot;type&quot;:&quot;image&quot;},{&quot;href&quot;:&quot;https:\\\/\\\/stiftadmont.at\\\/wp-content\\\/uploads\\\/Dveri-Pax-Stimmungsbilder-www-68-1920x1281.jpg&quot;,&quot;type&quot;:&quot;image&quot;},{&quot;href&quot;:&quot;https:\\\/\\\/stiftadmont.at\\\/wp-content\\\/uploads\\\/DveriPAXStefanLeitner_005-min-1920x1280.jpg&quot;,&quot;type&quot;:&quot;image&quot;},{&quot;href&quot;:&quot;https:\\\/\\\/stiftadmont.at\\\/wp-content\\\/uploads\\\/043_Forst_Jagd_Stift_AdmontStefanLeitner-min-e1634722565828-1920x1280.jpg&quot;,&quot;type&quot;:&quot;image&quot;},{&quot;href&quot;:&quot;https:\\\/\\\/stiftadmont.at\\\/wp-content\\\/uploads\\\/034_Forst_Jagd_Stift_AdmontStefanLeitner-min-e1634722680669-1920x1280.jpg&quot;,&quot;type&quot;:&quot;image&quot;},{&quot;href&quot;:&quot;https:\\\/\\\/stiftadmont.at\\\/wp-content\\\/uploads\\\/051_Forst_Jagd_Stift_AdmontStefanLeitner-min-e1634722547875-1920x1280.jpg&quot;,&quot;type&quot;:&quot;image&quot;},{&quot;href&quot;:&quot;https:\\\/\\\/stiftadmont.at\\\/wp-content\\\/uploads\\\/Forst-2.jpg&quot;,&quot;type&quot;:&quot;image&quot;},{&quot;href&quot;:&quot;https:\\\/\\\/stiftadmont.at\\\/wp-content\\\/uploads\\\/Klosterbibliothek_cStefan-www-1920x1368.jpg&quot;,&quot;type&quot;:&quot;image&quot;}]); initImageSliderBlockAnim($el);\">\n    <div class=\"image-slider__inner\">\n\n        <div class=\"swiper-container\" x-init=\"initImageSliderBlock($el, $refs.btnPrev, $refs.btnNext)\">\n            <div class=\"swiper-wrapper\">\n                                    <div class=\"swiper-slide\">\n                        <div class=\"image-slider__media\">\n                            <img decoding=\"async\" class=\"image-slider__image\"\n                                 src=\"https:\/\/stiftadmont.at\/wp-content\/uploads\/Weinverkostung_\u00a9Thomas-Sattler-768x512.jpg\"\n                                 alt=\"Weinverkostung \u00a9Thomas Sattler scaled\">\n                        <\/div>\n                    <\/div>\n                                    <div class=\"swiper-slide\">\n                        <div class=\"image-slider__media\">\n                            <img decoding=\"async\" class=\"image-slider__image\"\n                                 src=\"https:\/\/stiftadmont.at\/wp-content\/uploads\/Dveri-Pax-Stimmungsbilder-www-68-768x512.jpg\"\n                                 alt=\"Dveri Pax Stimmungsbilder www 68\">\n                        <\/div>\n                    <\/div>\n                                    <div class=\"swiper-slide\">\n                        <div class=\"image-slider__media\">\n                            <img decoding=\"async\" class=\"image-slider__image\"\n                                 src=\"https:\/\/stiftadmont.at\/wp-content\/uploads\/DveriPAXStefanLeitner_005-min-768x512.jpg\"\n                                 alt=\"DveriPAXStefanLeitner 005 min scaled\">\n                        <\/div>\n                    <\/div>\n                                    <div class=\"swiper-slide\">\n                        <div class=\"image-slider__media\">\n                            <img decoding=\"async\" class=\"image-slider__image\"\n                                 src=\"https:\/\/stiftadmont.at\/wp-content\/uploads\/043_Forst_Jagd_Stift_AdmontStefanLeitner-min-e1634722565828-768x512.jpg\"\n                                 alt=\"Stift Admont - Forst Jagd \u00a9 Stefan Leitner\">\n                        <\/div>\n                    <\/div>\n                                    <div class=\"swiper-slide\">\n                        <div class=\"image-slider__media\">\n                            <img decoding=\"async\" class=\"image-slider__image\"\n                                 src=\"https:\/\/stiftadmont.at\/wp-content\/uploads\/034_Forst_Jagd_Stift_AdmontStefanLeitner-min-e1634722680669-768x512.jpg\"\n                                 alt=\"Stift Admont - Forst Jagd \u00a9 Stefan Leitner\">\n                        <\/div>\n                    <\/div>\n                                    <div class=\"swiper-slide\">\n                        <div class=\"image-slider__media\">\n                            <img decoding=\"async\" class=\"image-slider__image\"\n                                 src=\"https:\/\/stiftadmont.at\/wp-content\/uploads\/051_Forst_Jagd_Stift_AdmontStefanLeitner-min-e1634722547875-768x512.jpg\"\n                                 alt=\"Stift Admont - Forst Jagd \u00a9 Stefan Leitner\">\n                        <\/div>\n                    <\/div>\n                                    <div class=\"swiper-slide\">\n                        <div class=\"image-slider__media\">\n                            <img decoding=\"async\" class=\"image-slider__image\"\n                                 src=\"https:\/\/stiftadmont.at\/wp-content\/uploads\/Forst-2-768x512.jpg\"\n                                 alt=\"Forst 2\">\n                        <\/div>\n                    <\/div>\n                                    <div class=\"swiper-slide\">\n                        <div class=\"image-slider__media\">\n                            <img decoding=\"async\" class=\"image-slider__image\"\n                                 src=\"https:\/\/stiftadmont.at\/wp-content\/uploads\/Klosterbibliothek_cStefan-www-768x547.jpg\"\n                                 alt=\"Klosterbibliothek (c)Stefan www\">\n                        <\/div>\n                    <\/div>\n                            <\/div>\n\n            <div class=\"swiper-nav-wrapper\">\n                <button class=\"swiper-button-prev slider-button--prev\" x-ref=\"btnPrev\"\n                        aria-label=\"Vorige Bilder anzeigen\">\n                    <img decoding=\"async\" src=\"\/wp-content\/themes\/stift-admont\/src\/assets\/img\/arrow-left-big-new.svg\" alt=\"Pfeil nach Links\">\n                <\/button>\n\n\n                <a class=\"image-slider__gallery\" @click=\"openGallery(gallery)\"><i class=\"fa-thin fa-plus\"><\/i><\/a>\n                <button class=\"swiper-button-next slider-button--next\"\n                        x-ref=\"btnNext\"\n                        aria-label=\"N\u00e4chste Bilder anzeigen\">\n                    <img decoding=\"async\" src=\"\/wp-content\/themes\/stift-admont\/src\/assets\/img\/arrow-right-big-new.svg\" alt=\"Pfeil nach Rechts\">\n                <\/button>\n            <\/div>\n        <\/div>\n    <\/div>\n\n\n<\/div><\/section>","protected":false},"excerpt":{"rendered":"<p>W dniu 14 listopada od godziny 16:00, Opactwo Benedyktyn\u00f3w Admont otworzy swoje podwoje na niezwyk\u0142e do\u015bwiadczenie: jako ekskluzywni go\u015bcie wejdziecie do najwi\u0119kszej na \u015bwiecie biblioteki klasztornej, zostaniecie oczarowani barokow\u0105 architektur\u0105 i do\u015bwiadczycie wzajemnego oddzia\u0142ywania sztuki, kultury i duchowo\u015bci.<\/p>","protected":false},"author":7,"featured_media":2826,"comment_status":"closed","ping_status":"closed","sticky":false,"template":"","format":"standard","meta":{"_acf_changed":false,"footnotes":""},"categories":[23],"class_list":["post-38233","post","type-post","status-publish","format-standard","has-post-thumbnail","hentry","category-einrichtungen-aktuell"],"acf":[],"yoast_head":"<!-- This site is optimized with the Yoast SEO Premium plugin v26.0 (Yoast SEO v26.8) - https:\/\/yoast.com\/product\/yoast-seo-premium-wordpress\/ -->\n<title>Kultur und Genuss \u2013 WILD, WALD, WEIN - Stift Admont<\/title>\n<meta name=\"description\" content=\"Lesen Sie aktuelle Informationen zum Thema Kultur und Genuss \u2013 WILD, WALD, WEIN und vieles mehr aus dem Konvent und der Pfarre Admont.\" \/>\n<meta name=\"robots\" content=\"index, follow, max-snippet:-1, max-image-preview:large, max-video-preview:-1\" \/>\n<link rel=\"canonical\" href=\"https:\/\/stiftadmont.at\/pl\/blog\/kultura-i-przyjemnosc-dzikie-wino-lesne\/\" \/>\n<meta property=\"og:locale\" content=\"pl_PL\" \/>\n<meta property=\"og:type\" content=\"article\" \/>\n<meta property=\"og:title\" content=\"Kultur und Genuss \u2013 WILD, WALD, WEIN\" \/>\n<meta property=\"og:description\" content=\"Lesen Sie aktuelle Informationen zum Thema Kultur und Genuss \u2013 WILD, WALD, WEIN und vieles mehr aus dem Konvent und der Pfarre Admont.\" \/>\n<meta property=\"og:url\" content=\"https:\/\/stiftadmont.at\/pl\/blog\/kultura-i-przyjemnosc-dzikie-wino-lesne\/\" \/>\n<meta property=\"og:site_name\" content=\"Stift Admont\" \/>\n<meta property=\"article:published_time\" content=\"2025-10-31T08:34:02+00:00\" \/>\n<meta property=\"article:modified_time\" content=\"2025-10-31T08:52:22+00:00\" \/>\n<meta property=\"og:image\" content=\"https:\/\/stiftadmont.at\/wp-content\/uploads\/043_Forst_Jagd_Stift_AdmontStefanLeitner-min-e1634722565828.jpg\" \/>\n\t<meta property=\"og:image:width\" content=\"2048\" \/>\n\t<meta property=\"og:image:height\" content=\"1365\" \/>\n\t<meta property=\"og:image:type\" content=\"image\/jpeg\" \/>\n<meta name=\"author\" content=\"Mario Brandm\u00fcller\" \/>\n<meta name=\"twitter:card\" content=\"summary_large_image\" \/>\n<meta name=\"twitter:label1\" content=\"Napisane przez\" \/>\n\t<meta name=\"twitter:data1\" content=\"Mario Brandm\u00fcller\" \/>\n\t<meta name=\"twitter:label2\" content=\"Szacowany czas czytania\" \/>\n\t<meta name=\"twitter:data2\" content=\"1 minuta\" \/>\n<script type=\"application\/ld+json\" class=\"yoast-schema-graph\">{\"@context\":\"https:\/\/schema.org\",\"@graph\":[{\"@type\":\"Article\",\"@id\":\"https:\/\/stiftadmont.at\/blog\/kultur-und-genuss-wild-wald-wein\/#article\",\"isPartOf\":{\"@id\":\"https:\/\/stiftadmont.at\/blog\/kultur-und-genuss-wild-wald-wein\/\"},\"author\":{\"name\":\"Mario Brandm\u00fcller\",\"@id\":\"https:\/\/stiftadmont.at\/#\/schema\/person\/30535548b241d5f33a2e8b839db11869\"},\"headline\":\"Kultur und Genuss \u2013 WILD, WALD, WEIN\",\"datePublished\":\"2025-10-31T08:34:02+00:00\",\"dateModified\":\"2025-10-31T08:52:22+00:00\",\"mainEntityOfPage\":{\"@id\":\"https:\/\/stiftadmont.at\/blog\/kultur-und-genuss-wild-wald-wein\/\"},\"wordCount\":6,\"image\":{\"@id\":\"https:\/\/stiftadmont.at\/blog\/kultur-und-genuss-wild-wald-wein\/#primaryimage\"},\"thumbnailUrl\":\"https:\/\/stiftadmont.at\/wp-content\/uploads\/043_Forst_Jagd_Stift_AdmontStefanLeitner-min-e1634722565828.jpg\",\"articleSection\":[\"Einrichtungen aktuell\"],\"inLanguage\":\"pl-PL\"},{\"@type\":\"WebPage\",\"@id\":\"https:\/\/stiftadmont.at\/blog\/kultur-und-genuss-wild-wald-wein\/\",\"url\":\"https:\/\/stiftadmont.at\/blog\/kultur-und-genuss-wild-wald-wein\/\",\"name\":\"Kultur und Genuss \u2013 WILD, WALD, WEIN - Stift Admont\",\"isPartOf\":{\"@id\":\"https:\/\/stiftadmont.at\/#website\"},\"primaryImageOfPage\":{\"@id\":\"https:\/\/stiftadmont.at\/blog\/kultur-und-genuss-wild-wald-wein\/#primaryimage\"},\"image\":{\"@id\":\"https:\/\/stiftadmont.at\/blog\/kultur-und-genuss-wild-wald-wein\/#primaryimage\"},\"thumbnailUrl\":\"https:\/\/stiftadmont.at\/wp-content\/uploads\/043_Forst_Jagd_Stift_AdmontStefanLeitner-min-e1634722565828.jpg\",\"datePublished\":\"2025-10-31T08:34:02+00:00\",\"dateModified\":\"2025-10-31T08:52:22+00:00\",\"author\":{\"@id\":\"https:\/\/stiftadmont.at\/#\/schema\/person\/30535548b241d5f33a2e8b839db11869\"},\"description\":\"Lesen Sie aktuelle Informationen zum Thema Kultur und Genuss \u2013 WILD, WALD, WEIN und vieles mehr aus dem Konvent und der Pfarre Admont.\",\"breadcrumb\":{\"@id\":\"https:\/\/stiftadmont.at\/blog\/kultur-und-genuss-wild-wald-wein\/#breadcrumb\"},\"inLanguage\":\"pl-PL\",\"potentialAction\":[{\"@type\":\"ReadAction\",\"target\":[\"https:\/\/stiftadmont.at\/blog\/kultur-und-genuss-wild-wald-wein\/\"]}]},{\"@type\":\"ImageObject\",\"inLanguage\":\"pl-PL\",\"@id\":\"https:\/\/stiftadmont.at\/blog\/kultur-und-genuss-wild-wald-wein\/#primaryimage\",\"url\":\"https:\/\/stiftadmont.at\/wp-content\/uploads\/043_Forst_Jagd_Stift_AdmontStefanLeitner-min-e1634722565828.jpg\",\"contentUrl\":\"https:\/\/stiftadmont.at\/wp-content\/uploads\/043_Forst_Jagd_Stift_AdmontStefanLeitner-min-e1634722565828.jpg\",\"width\":2048,\"height\":1365,\"caption\":\"Stift Admont - Forst Jagd \u00a9 Stefan Leitner\"},{\"@type\":\"BreadcrumbList\",\"@id\":\"https:\/\/stiftadmont.at\/blog\/kultur-und-genuss-wild-wald-wein\/#breadcrumb\",\"itemListElement\":[{\"@type\":\"ListItem\",\"position\":1,\"name\":\"Start\",\"item\":\"https:\/\/stiftadmont.at\/\"},{\"@type\":\"ListItem\",\"position\":2,\"name\":\"Kultur und Genuss \u2013 WILD, WALD, WEIN\"}]},{\"@type\":\"WebSite\",\"@id\":\"https:\/\/stiftadmont.at\/#website\",\"url\":\"https:\/\/stiftadmont.at\/\",\"name\":\"Stift Admont\",\"description\":\"Benediktinerkloster und Sehensw\u00fcrdigkeit im Ges\u00e4use\",\"potentialAction\":[{\"@type\":\"SearchAction\",\"target\":{\"@type\":\"EntryPoint\",\"urlTemplate\":\"https:\/\/stiftadmont.at\/?s={search_term_string}\"},\"query-input\":{\"@type\":\"PropertyValueSpecification\",\"valueRequired\":true,\"valueName\":\"search_term_string\"}}],\"inLanguage\":\"pl-PL\"},{\"@type\":\"Person\",\"@id\":\"https:\/\/stiftadmont.at\/#\/schema\/person\/30535548b241d5f33a2e8b839db11869\",\"name\":\"Mario Brandm\u00fcller\"}]}<\/script>\n<!-- \/ Yoast SEO Premium plugin. -->","yoast_head_json":{"title":"Kultura i rozrywka - dzikie zwierz\u0119ta, lasy, wino - Opactwo Admont","description":"Przeczytaj najnowsze informacje o kulturze i przyjemno\u015bciach - WILD, FOREST, WINE i wiele wi\u0119cej z klasztoru i parafii Admont.","robots":{"index":"index","follow":"follow","max-snippet":"max-snippet:-1","max-image-preview":"max-image-preview:large","max-video-preview":"max-video-preview:-1"},"canonical":"https:\/\/stiftadmont.at\/pl\/blog\/kultura-i-przyjemnosc-dzikie-wino-lesne\/","og_locale":"pl_PL","og_type":"article","og_title":"Kultur und Genuss \u2013 WILD, WALD, WEIN","og_description":"Lesen Sie aktuelle Informationen zum Thema Kultur und Genuss \u2013 WILD, WALD, WEIN und vieles mehr aus dem Konvent und der Pfarre Admont.","og_url":"https:\/\/stiftadmont.at\/pl\/blog\/kultura-i-przyjemnosc-dzikie-wino-lesne\/","og_site_name":"Stift Admont","article_published_time":"2025-10-31T08:34:02+00:00","article_modified_time":"2025-10-31T08:52:22+00:00","og_image":[{"width":2048,"height":1365,"url":"https:\/\/stiftadmont.at\/wp-content\/uploads\/043_Forst_Jagd_Stift_AdmontStefanLeitner-min-e1634722565828.jpg","type":"image\/jpeg"}],"author":"Mario Brandm\u00fcller","twitter_card":"summary_large_image","twitter_misc":{"Napisane przez":"Mario Brandm\u00fcller","Szacowany czas czytania":"1 minuta"},"schema":{"@context":"https:\/\/schema.org","@graph":[{"@type":"Article","@id":"https:\/\/stiftadmont.at\/blog\/kultur-und-genuss-wild-wald-wein\/#article","isPartOf":{"@id":"https:\/\/stiftadmont.at\/blog\/kultur-und-genuss-wild-wald-wein\/"},"author":{"name":"Mario Brandm\u00fcller","@id":"https:\/\/stiftadmont.at\/#\/schema\/person\/30535548b241d5f33a2e8b839db11869"},"headline":"Kultur und Genuss \u2013 WILD, WALD, WEIN","datePublished":"2025-10-31T08:34:02+00:00","dateModified":"2025-10-31T08:52:22+00:00","mainEntityOfPage":{"@id":"https:\/\/stiftadmont.at\/blog\/kultur-und-genuss-wild-wald-wein\/"},"wordCount":6,"image":{"@id":"https:\/\/stiftadmont.at\/blog\/kultur-und-genuss-wild-wald-wein\/#primaryimage"},"thumbnailUrl":"https:\/\/stiftadmont.at\/wp-content\/uploads\/043_Forst_Jagd_Stift_AdmontStefanLeitner-min-e1634722565828.jpg","articleSection":["Einrichtungen aktuell"],"inLanguage":"pl-PL"},{"@type":"WebPage","@id":"https:\/\/stiftadmont.at\/blog\/kultur-und-genuss-wild-wald-wein\/","url":"https:\/\/stiftadmont.at\/blog\/kultur-und-genuss-wild-wald-wein\/","name":"Kultura i rozrywka - dzikie zwierz\u0119ta, lasy, wino - Opactwo Admont","isPartOf":{"@id":"https:\/\/stiftadmont.at\/#website"},"primaryImageOfPage":{"@id":"https:\/\/stiftadmont.at\/blog\/kultur-und-genuss-wild-wald-wein\/#primaryimage"},"image":{"@id":"https:\/\/stiftadmont.at\/blog\/kultur-und-genuss-wild-wald-wein\/#primaryimage"},"thumbnailUrl":"https:\/\/stiftadmont.at\/wp-content\/uploads\/043_Forst_Jagd_Stift_AdmontStefanLeitner-min-e1634722565828.jpg","datePublished":"2025-10-31T08:34:02+00:00","dateModified":"2025-10-31T08:52:22+00:00","author":{"@id":"https:\/\/stiftadmont.at\/#\/schema\/person\/30535548b241d5f33a2e8b839db11869"},"description":"Przeczytaj najnowsze informacje o kulturze i przyjemno\u015bciach - WILD, FOREST, WINE i wiele wi\u0119cej z klasztoru i parafii Admont.","breadcrumb":{"@id":"https:\/\/stiftadmont.at\/blog\/kultur-und-genuss-wild-wald-wein\/#breadcrumb"},"inLanguage":"pl-PL","potentialAction":[{"@type":"ReadAction","target":["https:\/\/stiftadmont.at\/blog\/kultur-und-genuss-wild-wald-wein\/"]}]},{"@type":"ImageObject","inLanguage":"pl-PL","@id":"https:\/\/stiftadmont.at\/blog\/kultur-und-genuss-wild-wald-wein\/#primaryimage","url":"https:\/\/stiftadmont.at\/wp-content\/uploads\/043_Forst_Jagd_Stift_AdmontStefanLeitner-min-e1634722565828.jpg","contentUrl":"https:\/\/stiftadmont.at\/wp-content\/uploads\/043_Forst_Jagd_Stift_AdmontStefanLeitner-min-e1634722565828.jpg","width":2048,"height":1365,"caption":"Stift Admont - Forst Jagd \u00a9 Stefan Leitner"},{"@type":"BreadcrumbList","@id":"https:\/\/stiftadmont.at\/blog\/kultur-und-genuss-wild-wald-wein\/#breadcrumb","itemListElement":[{"@type":"ListItem","position":1,"name":"Start","item":"https:\/\/stiftadmont.at\/"},{"@type":"ListItem","position":2,"name":"Kultur und Genuss \u2013 WILD, WALD, WEIN"}]},{"@type":"WebSite","@id":"https:\/\/stiftadmont.at\/#website","url":"https:\/\/stiftadmont.at\/","name":"Opactwo Admont","description":"Benedykty\u0144ski klasztor i atrakcja turystyczna w Ges\u00e4use","potentialAction":[{"@type":"SearchAction","target":{"@type":"EntryPoint","urlTemplate":"https:\/\/stiftadmont.at\/?s={search_term_string}"},"query-input":{"@type":"PropertyValueSpecification","valueRequired":true,"valueName":"search_term_string"}}],"inLanguage":"pl-PL"},{"@type":"Person","@id":"https:\/\/stiftadmont.at\/#\/schema\/person\/30535548b241d5f33a2e8b839db11869","name":"Mario Brandm\u00fcller"}]}},"_links":{"self":[{"href":"https:\/\/stiftadmont.at\/pl\/wp-json\/wp\/v2\/posts\/38233","targetHints":{"allow":["GET"]}}],"collection":[{"href":"https:\/\/stiftadmont.at\/pl\/wp-json\/wp\/v2\/posts"}],"about":[{"href":"https:\/\/stiftadmont.at\/pl\/wp-json\/wp\/v2\/types\/post"}],"author":[{"embeddable":true,"href":"https:\/\/stiftadmont.at\/pl\/wp-json\/wp\/v2\/users\/7"}],"replies":[{"embeddable":true,"href":"https:\/\/stiftadmont.at\/pl\/wp-json\/wp\/v2\/comments?post=38233"}],"version-history":[{"count":12,"href":"https:\/\/stiftadmont.at\/pl\/wp-json\/wp\/v2\/posts\/38233\/revisions"}],"predecessor-version":[{"id":39423,"href":"https:\/\/stiftadmont.at\/pl\/wp-json\/wp\/v2\/posts\/38233\/revisions\/39423"}],"wp:featuredmedia":[{"embeddable":true,"href":"https:\/\/stiftadmont.at\/pl\/wp-json\/wp\/v2\/media\/2826"}],"wp:attachment":[{"href":"https:\/\/stiftadmont.at\/pl\/wp-json\/wp\/v2\/media?parent=38233"}],"wp:term":[{"taxonomy":"category","embeddable":true,"href":"https:\/\/stiftadmont.at\/pl\/wp-json\/wp\/v2\/categories?post=38233"}],"curies":[{"name":"wp","href":"https:\/\/api.w.org\/{rel}","templated":true}]}}