{"id":39755,"date":"2026-02-20T09:35:12","date_gmt":"2026-02-20T07:35:12","guid":{"rendered":"https:\/\/stiftadmont.at\/?p=39755"},"modified":"2026-02-20T11:04:05","modified_gmt":"2026-02-20T09:04:05","slug":"nowy-program-roczny-2026-jest-juz-dostepny-online","status":"publish","type":"post","link":"https:\/\/stiftadmont.at\/pl\/blog\/neues-jahresprogramm-2026-ist-online\/","title":{"rendered":"Nowy program roczny 2026 jest ju\u017c dost\u0119pny!"},"content":{"rendered":"<section id='lightpress__section--block_3f31c2b57985eb602e480adf7465b985' class='lightpress__section--default-section-space lightpress__section lightpress__section--content'><div class=\"content__inner\"\n         x-init=\"initContentBlockAnim($el)\">\n        \n    <div class=\"content__grid content__grid--fifty-fifty\">\n                                            <div class=\"content__box content__box\"\n                 style=\"\">\n                                \n                \n                                            <div class=\"prose\"><h5 class=\"heading-m line line-above line--gold\">Razem przez rok 2026 - \u015bwi\u0105tecznie, \u017cywo, inspiruj\u0105co<\/h5>\n<p>\u00a0<\/p>\n<p>Z przyjemno\u015bci\u0105 przedstawiamy nasz roczny program na rok 2026 - teraz dost\u0119pny online!<\/p>\n<p>\u00a0<\/p>\n<p>Mo\u017cesz spodziewa\u0107 si\u0119 urozmaiconego i t\u0119tni\u0105cego \u017cyciem roku z licznymi nabo\u017ce\u0144stwami i uroczysto\u015bciami, kt\u00f3re wzmocni\u0105 nasz\u0105 wsp\u00f3ln\u0105 wiar\u0119 i pozwol\u0105 na wyj\u0105tkowe chwile refleksji. Mo\u017cesz r\u00f3wnie\u017c spodziewa\u0107 si\u0119 zr\u00f3\u017cnicowanego programu wydarze\u0144 z wyk\u0142adami, koncertami, spotkaniami i atrakcjami kulturalnymi.<\/p>\n<p>\u00a0<\/p>\n<p>W 2026 roku czeka nas wyj\u0105tkowe wydarzenie: nasza biblioteka klasztorna obchodzi 250. rocznic\u0119 powstania! Przez \u0107wier\u0107 tysi\u0105clecia by\u0142a ona miejscem wiedzy, duchowo\u015bci i historii.\u00a0<\/p>\n<\/div>\n                    \n                            <\/div>\n        \n                                                    <div class=\"content__box content__box--2\"\n                     >\n                                        \n                    \n                                                    <div class=\"prose\"><p>Nasze muzea zapraszaj\u0105 r\u00f3wnie\u017c do odkrywania i podziwiania nowych wystaw specjalnych. Starannie dobrane prezentacje zapewniaj\u0105 ekscytuj\u0105cy wgl\u0105d w sztuk\u0119, histori\u0119 i \u017cycie klasztorne.<\/p>\n<p>\u00a0<\/p>\n<p>Przygotowali\u015bmy r\u00f3wnie\u017c \u015bwietny program dla naszych najm\u0142odszych go\u015bci: Urozmaicony program dla dzieci w muzeum z warsztatami, zaj\u0119ciami praktycznymi i ekscytuj\u0105cymi wycieczkami z przewodnikiem zapewnia kreatywne i zabawne do\u015bwiadczenia.<\/p>\n<p>\u00a0<\/p>\n<p>Przejrzyj nasz nowy roczny program na rok 2026 i daj si\u0119 zainspirowa\u0107.<\/p>\n<p>\u00a0<\/p>\n<p>Z niecierpliwo\u015bci\u0105 czekamy, aby powita\u0107 Ci\u0119 na naszych wydarzeniach!<\/p>\n<p>\u00a0<\/p>\n<p><strong>Mi\u0142ego odkrywania!<\/strong><\/p>\n<\/div>\n                        \n                                    <\/div>\n            \n            <\/div>\n<\/div>\n\n<\/section>\n\n<section id='lightpress__section--block_2e57ea3648e25124b3864bb5093ba082' class='lightpress__section--default-section-space lightpress__section lightpress__section--content'><div class=\"content__inner\"\n         x-init=\"initContentBlockAnim($el)\">\n        \n    <div class=\"content__grid content__grid\">\n                                            <div class=\"content__box content__box--one-hundred\"\n                 style=\"\">\n                                \n                \n                                            <div class=\"prose\"><p><span style=\"color: #555555; font-family: Nunito, sans-serif; font-size: 13px; background-color: rgba(153, 153, 153, 0.1);\"><div class=\"_df_book df-lite\" id=\"df_39749\"  _slug=\"jahresprogramm-2026-museum\" data-title=\"jahresprogramm-2026-museum\" wpoptions=\"true\" thumbtype=\"\" ><\/div><script class=\"df-shortcode-script\" nowprocket type=\"application\/javascript\">window.option_df_39749 = {\"outline\":[],\"autoEnableOutline\":\"false\",\"autoEnableThumbnail\":\"false\",\"overwritePDFOutline\":\"false\",\"direction\":\"1\",\"pageSize\":\"0\",\"source\":\"https:\\\/\\\/stiftadmont.at\\\/wp-content\\\/uploads\\\/STIFT_Jahresprogramm-2026_A5quer_prevFin.pdf\",\"wpOptions\":\"true\"}; if(window.DFLIP && window.DFLIP.parseBooks){window.DFLIP.parseBooks();}<\/script><\/span><\/p>\n<\/div>\n                    \n                            <\/div>\n        \n            <\/div>\n<\/div>\n\n<\/section>","protected":false},"excerpt":{"rendered":"<p>Z przyjemno\u015bci\u0105 przedstawiamy nasz roczny program na rok 2026 - teraz dost\u0119pny online!<\/p>","protected":false},"author":7,"featured_media":15141,"comment_status":"closed","ping_status":"closed","sticky":false,"template":"","format":"standard","meta":{"_acf_changed":false,"footnotes":""},"categories":[23],"class_list":["post-39755","post","type-post","status-publish","format-standard","has-post-thumbnail","hentry","category-einrichtungen-aktuell"],"acf":[],"yoast_head":"<!-- This site is optimized with the Yoast SEO Premium plugin v26.0 (Yoast SEO v26.8) - https:\/\/yoast.com\/product\/yoast-seo-premium-wordpress\/ -->\n<title>Neues Jahresprogramm 2026 ist online! - Stift Admont<\/title>\n<meta name=\"description\" content=\"Lesen Sie aktuelle Informationen zum Thema Neues Jahresprogramm 2026 ist online! und vieles mehr aus dem Konvent und der Pfarre Admont.\" \/>\n<meta name=\"robots\" content=\"index, follow, max-snippet:-1, max-image-preview:large, max-video-preview:-1\" \/>\n<link rel=\"canonical\" href=\"https:\/\/stiftadmont.at\/pl\/blog\/nowy-program-roczny-2026-jest-juz-dostepny-online\/\" \/>\n<meta property=\"og:locale\" content=\"pl_PL\" \/>\n<meta property=\"og:type\" content=\"article\" \/>\n<meta property=\"og:title\" content=\"Neues Jahresprogramm 2026 ist online!\" \/>\n<meta property=\"og:description\" content=\"Lesen Sie aktuelle Informationen zum Thema Neues Jahresprogramm 2026 ist online! und vieles mehr aus dem Konvent und der Pfarre Admont.\" \/>\n<meta property=\"og:url\" content=\"https:\/\/stiftadmont.at\/pl\/blog\/nowy-program-roczny-2026-jest-juz-dostepny-online\/\" \/>\n<meta property=\"og:site_name\" content=\"Stift Admont\" \/>\n<meta property=\"article:published_time\" content=\"2026-02-20T07:35:12+00:00\" \/>\n<meta property=\"article:modified_time\" content=\"2026-02-20T09:04:05+00:00\" \/>\n<meta property=\"og:image\" content=\"https:\/\/stiftadmont.at\/wp-content\/uploads\/\u00a9Thomas-Sattler_Kinder-Bibliothek-1024x682.jpg\" \/>\n\t<meta property=\"og:image:width\" content=\"1024\" \/>\n\t<meta property=\"og:image:height\" content=\"682\" \/>\n\t<meta property=\"og:image:type\" content=\"image\/jpeg\" \/>\n<meta name=\"author\" content=\"Mario Brandm\u00fcller\" \/>\n<meta name=\"twitter:card\" content=\"summary_large_image\" \/>\n<meta name=\"twitter:label1\" content=\"Napisane przez\" \/>\n\t<meta name=\"twitter:data1\" content=\"Mario Brandm\u00fcller\" \/>\n\t<meta name=\"twitter:label2\" content=\"Szacowany czas czytania\" \/>\n\t<meta name=\"twitter:data2\" content=\"1 minuta\" \/>\n<script type=\"application\/ld+json\" class=\"yoast-schema-graph\">{\"@context\":\"https:\/\/schema.org\",\"@graph\":[{\"@type\":\"Article\",\"@id\":\"https:\/\/stiftadmont.at\/blog\/neues-jahresprogramm-2026-ist-online\/#article\",\"isPartOf\":{\"@id\":\"https:\/\/stiftadmont.at\/blog\/neues-jahresprogramm-2026-ist-online\/\"},\"author\":{\"name\":\"Mario Brandm\u00fcller\",\"@id\":\"https:\/\/stiftadmont.at\/#\/schema\/person\/30535548b241d5f33a2e8b839db11869\"},\"headline\":\"Neues Jahresprogramm 2026 ist online!\",\"datePublished\":\"2026-02-20T07:35:12+00:00\",\"dateModified\":\"2026-02-20T09:04:05+00:00\",\"mainEntityOfPage\":{\"@id\":\"https:\/\/stiftadmont.at\/blog\/neues-jahresprogramm-2026-ist-online\/\"},\"wordCount\":4,\"image\":{\"@id\":\"https:\/\/stiftadmont.at\/blog\/neues-jahresprogramm-2026-ist-online\/#primaryimage\"},\"thumbnailUrl\":\"https:\/\/stiftadmont.at\/wp-content\/uploads\/\u00a9Thomas-Sattler_Kinder-Bibliothek.jpg\",\"articleSection\":[\"Einrichtungen aktuell\"],\"inLanguage\":\"pl-PL\"},{\"@type\":\"WebPage\",\"@id\":\"https:\/\/stiftadmont.at\/blog\/neues-jahresprogramm-2026-ist-online\/\",\"url\":\"https:\/\/stiftadmont.at\/blog\/neues-jahresprogramm-2026-ist-online\/\",\"name\":\"Neues Jahresprogramm 2026 ist online! - Stift Admont\",\"isPartOf\":{\"@id\":\"https:\/\/stiftadmont.at\/#website\"},\"primaryImageOfPage\":{\"@id\":\"https:\/\/stiftadmont.at\/blog\/neues-jahresprogramm-2026-ist-online\/#primaryimage\"},\"image\":{\"@id\":\"https:\/\/stiftadmont.at\/blog\/neues-jahresprogramm-2026-ist-online\/#primaryimage\"},\"thumbnailUrl\":\"https:\/\/stiftadmont.at\/wp-content\/uploads\/\u00a9Thomas-Sattler_Kinder-Bibliothek.jpg\",\"datePublished\":\"2026-02-20T07:35:12+00:00\",\"dateModified\":\"2026-02-20T09:04:05+00:00\",\"author\":{\"@id\":\"https:\/\/stiftadmont.at\/#\/schema\/person\/30535548b241d5f33a2e8b839db11869\"},\"description\":\"Lesen Sie aktuelle Informationen zum Thema Neues Jahresprogramm 2026 ist online! und vieles mehr aus dem Konvent und der Pfarre Admont.\",\"breadcrumb\":{\"@id\":\"https:\/\/stiftadmont.at\/blog\/neues-jahresprogramm-2026-ist-online\/#breadcrumb\"},\"inLanguage\":\"pl-PL\",\"potentialAction\":[{\"@type\":\"ReadAction\",\"target\":[\"https:\/\/stiftadmont.at\/blog\/neues-jahresprogramm-2026-ist-online\/\"]}]},{\"@type\":\"ImageObject\",\"inLanguage\":\"pl-PL\",\"@id\":\"https:\/\/stiftadmont.at\/blog\/neues-jahresprogramm-2026-ist-online\/#primaryimage\",\"url\":\"https:\/\/stiftadmont.at\/wp-content\/uploads\/\u00a9Thomas-Sattler_Kinder-Bibliothek.jpg\",\"contentUrl\":\"https:\/\/stiftadmont.at\/wp-content\/uploads\/\u00a9Thomas-Sattler_Kinder-Bibliothek.jpg\",\"width\":1732,\"height\":1154,\"caption\":\"\u00a9Thomas Sattler Kinder Bibliothek\"},{\"@type\":\"BreadcrumbList\",\"@id\":\"https:\/\/stiftadmont.at\/blog\/neues-jahresprogramm-2026-ist-online\/#breadcrumb\",\"itemListElement\":[{\"@type\":\"ListItem\",\"position\":1,\"name\":\"Start\",\"item\":\"https:\/\/stiftadmont.at\/\"},{\"@type\":\"ListItem\",\"position\":2,\"name\":\"Neues Jahresprogramm 2026 ist online!\"}]},{\"@type\":\"WebSite\",\"@id\":\"https:\/\/stiftadmont.at\/#website\",\"url\":\"https:\/\/stiftadmont.at\/\",\"name\":\"Stift Admont\",\"description\":\"Benediktinerkloster und Sehensw\u00fcrdigkeit im Ges\u00e4use\",\"potentialAction\":[{\"@type\":\"SearchAction\",\"target\":{\"@type\":\"EntryPoint\",\"urlTemplate\":\"https:\/\/stiftadmont.at\/?s={search_term_string}\"},\"query-input\":{\"@type\":\"PropertyValueSpecification\",\"valueRequired\":true,\"valueName\":\"search_term_string\"}}],\"inLanguage\":\"pl-PL\"},{\"@type\":\"Person\",\"@id\":\"https:\/\/stiftadmont.at\/#\/schema\/person\/30535548b241d5f33a2e8b839db11869\",\"name\":\"Mario Brandm\u00fcller\"}]}<\/script>\n<!-- \/ Yoast SEO Premium plugin. -->","yoast_head_json":{"title":"Nowy program roczny 2026 ju\u017c dost\u0119pny! - Opactwo Admont","description":"Przeczytaj najnowsze informacje na temat nowego programu rocznego 2026 ju\u017c online! i wiele wi\u0119cej z klasztoru i parafii Admont.","robots":{"index":"index","follow":"follow","max-snippet":"max-snippet:-1","max-image-preview":"max-image-preview:large","max-video-preview":"max-video-preview:-1"},"canonical":"https:\/\/stiftadmont.at\/pl\/blog\/nowy-program-roczny-2026-jest-juz-dostepny-online\/","og_locale":"pl_PL","og_type":"article","og_title":"Neues Jahresprogramm 2026 ist online!","og_description":"Lesen Sie aktuelle Informationen zum Thema Neues Jahresprogramm 2026 ist online! und vieles mehr aus dem Konvent und der Pfarre Admont.","og_url":"https:\/\/stiftadmont.at\/pl\/blog\/nowy-program-roczny-2026-jest-juz-dostepny-online\/","og_site_name":"Stift Admont","article_published_time":"2026-02-20T07:35:12+00:00","article_modified_time":"2026-02-20T09:04:05+00:00","og_image":[{"width":1024,"height":682,"url":"https:\/\/stiftadmont.at\/wp-content\/uploads\/\u00a9Thomas-Sattler_Kinder-Bibliothek-1024x682.jpg","type":"image\/jpeg"}],"author":"Mario Brandm\u00fcller","twitter_card":"summary_large_image","twitter_misc":{"Napisane przez":"Mario Brandm\u00fcller","Szacowany czas czytania":"1 minuta"},"schema":{"@context":"https:\/\/schema.org","@graph":[{"@type":"Article","@id":"https:\/\/stiftadmont.at\/blog\/neues-jahresprogramm-2026-ist-online\/#article","isPartOf":{"@id":"https:\/\/stiftadmont.at\/blog\/neues-jahresprogramm-2026-ist-online\/"},"author":{"name":"Mario Brandm\u00fcller","@id":"https:\/\/stiftadmont.at\/#\/schema\/person\/30535548b241d5f33a2e8b839db11869"},"headline":"Neues Jahresprogramm 2026 ist online!","datePublished":"2026-02-20T07:35:12+00:00","dateModified":"2026-02-20T09:04:05+00:00","mainEntityOfPage":{"@id":"https:\/\/stiftadmont.at\/blog\/neues-jahresprogramm-2026-ist-online\/"},"wordCount":4,"image":{"@id":"https:\/\/stiftadmont.at\/blog\/neues-jahresprogramm-2026-ist-online\/#primaryimage"},"thumbnailUrl":"https:\/\/stiftadmont.at\/wp-content\/uploads\/\u00a9Thomas-Sattler_Kinder-Bibliothek.jpg","articleSection":["Einrichtungen aktuell"],"inLanguage":"pl-PL"},{"@type":"WebPage","@id":"https:\/\/stiftadmont.at\/blog\/neues-jahresprogramm-2026-ist-online\/","url":"https:\/\/stiftadmont.at\/blog\/neues-jahresprogramm-2026-ist-online\/","name":"Nowy program roczny 2026 ju\u017c dost\u0119pny! - Opactwo Admont","isPartOf":{"@id":"https:\/\/stiftadmont.at\/#website"},"primaryImageOfPage":{"@id":"https:\/\/stiftadmont.at\/blog\/neues-jahresprogramm-2026-ist-online\/#primaryimage"},"image":{"@id":"https:\/\/stiftadmont.at\/blog\/neues-jahresprogramm-2026-ist-online\/#primaryimage"},"thumbnailUrl":"https:\/\/stiftadmont.at\/wp-content\/uploads\/\u00a9Thomas-Sattler_Kinder-Bibliothek.jpg","datePublished":"2026-02-20T07:35:12+00:00","dateModified":"2026-02-20T09:04:05+00:00","author":{"@id":"https:\/\/stiftadmont.at\/#\/schema\/person\/30535548b241d5f33a2e8b839db11869"},"description":"Przeczytaj najnowsze informacje na temat nowego programu rocznego 2026 ju\u017c online! i wiele wi\u0119cej z klasztoru i parafii Admont.","breadcrumb":{"@id":"https:\/\/stiftadmont.at\/blog\/neues-jahresprogramm-2026-ist-online\/#breadcrumb"},"inLanguage":"pl-PL","potentialAction":[{"@type":"ReadAction","target":["https:\/\/stiftadmont.at\/blog\/neues-jahresprogramm-2026-ist-online\/"]}]},{"@type":"ImageObject","inLanguage":"pl-PL","@id":"https:\/\/stiftadmont.at\/blog\/neues-jahresprogramm-2026-ist-online\/#primaryimage","url":"https:\/\/stiftadmont.at\/wp-content\/uploads\/\u00a9Thomas-Sattler_Kinder-Bibliothek.jpg","contentUrl":"https:\/\/stiftadmont.at\/wp-content\/uploads\/\u00a9Thomas-Sattler_Kinder-Bibliothek.jpg","width":1732,"height":1154,"caption":"\u00a9Thomas Sattler Kinder Bibliothek"},{"@type":"BreadcrumbList","@id":"https:\/\/stiftadmont.at\/blog\/neues-jahresprogramm-2026-ist-online\/#breadcrumb","itemListElement":[{"@type":"ListItem","position":1,"name":"Start","item":"https:\/\/stiftadmont.at\/"},{"@type":"ListItem","position":2,"name":"Neues Jahresprogramm 2026 ist online!"}]},{"@type":"WebSite","@id":"https:\/\/stiftadmont.at\/#website","url":"https:\/\/stiftadmont.at\/","name":"Opactwo Admont","description":"Benedykty\u0144ski klasztor i atrakcja turystyczna w Ges\u00e4use","potentialAction":[{"@type":"SearchAction","target":{"@type":"EntryPoint","urlTemplate":"https:\/\/stiftadmont.at\/?s={search_term_string}"},"query-input":{"@type":"PropertyValueSpecification","valueRequired":true,"valueName":"search_term_string"}}],"inLanguage":"pl-PL"},{"@type":"Person","@id":"https:\/\/stiftadmont.at\/#\/schema\/person\/30535548b241d5f33a2e8b839db11869","name":"Mario Brandm\u00fcller"}]}},"_links":{"self":[{"href":"https:\/\/stiftadmont.at\/pl\/wp-json\/wp\/v2\/posts\/39755","targetHints":{"allow":["GET"]}}],"collection":[{"href":"https:\/\/stiftadmont.at\/pl\/wp-json\/wp\/v2\/posts"}],"about":[{"href":"https:\/\/stiftadmont.at\/pl\/wp-json\/wp\/v2\/types\/post"}],"author":[{"embeddable":true,"href":"https:\/\/stiftadmont.at\/pl\/wp-json\/wp\/v2\/users\/7"}],"replies":[{"embeddable":true,"href":"https:\/\/stiftadmont.at\/pl\/wp-json\/wp\/v2\/comments?post=39755"}],"version-history":[{"count":5,"href":"https:\/\/stiftadmont.at\/pl\/wp-json\/wp\/v2\/posts\/39755\/revisions"}],"predecessor-version":[{"id":39760,"href":"https:\/\/stiftadmont.at\/pl\/wp-json\/wp\/v2\/posts\/39755\/revisions\/39760"}],"wp:featuredmedia":[{"embeddable":true,"href":"https:\/\/stiftadmont.at\/pl\/wp-json\/wp\/v2\/media\/15141"}],"wp:attachment":[{"href":"https:\/\/stiftadmont.at\/pl\/wp-json\/wp\/v2\/media?parent=39755"}],"wp:term":[{"taxonomy":"category","embeddable":true,"href":"https:\/\/stiftadmont.at\/pl\/wp-json\/wp\/v2\/categories?post=39755"}],"curies":[{"name":"wp","href":"https:\/\/api.w.org\/{rel}","templated":true}]}}