{"id":6829,"date":"2021-08-06T17:16:05","date_gmt":"2021-08-06T15:16:05","guid":{"rendered":"https:\/\/stiftadmont.at\/?p=6829"},"modified":"2023-04-27T08:53:43","modified_gmt":"2023-04-27T06:53:43","slug":"profesor-rupert-schwarz","status":"publish","type":"post","link":"https:\/\/stiftadmont.at\/pl\/blog\/profess-rupert-schwarz\/","title":{"rendered":"Profesja o. Ruperta Schwarza OSB"},"content":{"rendered":"<section id='lightpress__section--block_6155d472fbc07' class='lightpress__section--default-section-space lightpress__section lightpress__section--content'><div class=\"content__inner\"\n         x-init=\"initContentBlockAnim($el)\">\n        \n    <div class=\"content__grid content__grid\">\n                                            <div class=\"content__box content__box--one-hundred\"\n                 style=\"\">\n                                \n                \n                                            <div class=\"prose\"><h2 class=\"heading-xxl line line--gold\">o. Rupert Schwarz OSB<\/h2>\n<p class=\"paragraph-m\">O. Rupert Schwarz OSB urodzi\u0142 si\u0119 w Salzburgu w 1982 r. i zosta\u0142 ochrzczony jako Martin. Opr\u00f3cz r\u00f3\u017cnych innych program\u00f3w szkoleniowych, nasz wsp\u00f3\u0142brat studiowa\u0142 muzyk\u0119 ko\u015bcieln\u0105 w Mozarteum w Salzburgu i w konserwatorium w Linzu, a nast\u0119pnie zosta\u0142 zatrudniony jako muzyk ko\u015bcielny w bazylice Maria Taferl w Dolnej Austrii. Martin Schwarz pod\u0105\u017cy\u0142 za Bo\u017cym wezwaniem jesieni\u0105 2017 r. i 2 pa\u017adziernika rozpocz\u0105\u0142 nowicjat w naszej wsp\u00f3lnocie. Po z\u0142o\u017ceniu profesji czasowej 22 wrze\u015bnia 2018 r. rozpocz\u0105\u0142 studia z teologii katolickiej na Uniwersytecie Nauk Stosowanych Benedykta XVI w Heiligenkreuz, kt\u00f3re obecnie wymagaj\u0105 jego uwagi. \"Kiedy cztery lata temu wst\u0105pi\u0142em do Opactwa Admont jako Martin Schwarz i otrzyma\u0142em imi\u0119 zakonne Frater Rupert, ju\u017c od jakiego\u015b czasu zna\u0142em klasztor i miasto Admont. Teraz ta znajomo\u015b\u0107 przerodzi\u0142a si\u0119 w przyja\u017a\u0144 i jestem bardzo szcz\u0119\u015bliwy, \u017ce mog\u0119 tu by\u0107\" - powiedzia\u0142 o. Rupert przed z\u0142o\u017ceniem profesji wieczystej. Sk\u0142adaj\u0105c profesj\u0119 wieczyst\u0105, o. Rupert podejmuje zobowi\u0105zanie wobec naszej wsp\u00f3lnoty na ca\u0142e \u017cycie. Jesieni\u0105 powr\u00f3ci do Heiligenkreuz, aby kontynuowa\u0107 studia. Po pomy\u015blnym uko\u0144czeniu studi\u00f3w ks. Rupert zostanie wy\u015bwi\u0119cony na kap\u0142ana i b\u0119dzie pracowa\u0142 jako duszpasterz w parafiach naszego domu.<\/p>\n<p class=\"paragraph-m\">Profesja wieczysta o. Ruperta Schwarza OSB <br \/>29 sierpnia 2021 r. <br \/>14:00 Ko\u015bci\u00f3\u0142 opactwa Admont<\/p>\n<p class=\"paragraph-m\">Udzia\u0142 w ceremonii jest mo\u017cliwy tylko z wa\u017cnym certyfikatem 3G!<\/p>\n<\/div>\n                    \n                            <\/div>\n        \n            <\/div>\n<\/div>\n\n<\/section>","protected":false},"excerpt":{"rendered":"<p>Profesja wieczysta o. Ruperta Schwarza OSB w dniu 29 sierpnia 2021 r.<\/p>","protected":false},"author":7,"featured_media":6830,"comment_status":"closed","ping_status":"closed","sticky":false,"template":"","format":"standard","meta":{"_acf_changed":false,"footnotes":""},"categories":[22],"class_list":["post-6829","post","type-post","status-publish","format-standard","has-post-thumbnail","hentry","category-kloster-aktuell"],"acf":[],"yoast_head":"<!-- This site is optimized with the Yoast SEO Premium plugin v26.0 (Yoast SEO v26.8) - https:\/\/yoast.com\/product\/yoast-seo-premium-wordpress\/ -->\n<title>Profess von fr. Rupert Schwarz OSB - Stift Admont<\/title>\n<meta name=\"description\" content=\"Lesen Sie aktuelle Informationen zum Thema Profess von fr. Rupert Schwarz OSB und vieles mehr aus dem Konvent und der Pfarre Admont.\" \/>\n<meta name=\"robots\" content=\"index, follow, max-snippet:-1, max-image-preview:large, max-video-preview:-1\" \/>\n<link rel=\"canonical\" href=\"https:\/\/stiftadmont.at\/pl\/blog\/profesor-rupert-schwarz\/\" \/>\n<meta property=\"og:locale\" content=\"pl_PL\" \/>\n<meta property=\"og:type\" content=\"article\" \/>\n<meta property=\"og:title\" content=\"Profess von fr. Rupert Schwarz OSB\" \/>\n<meta property=\"og:description\" content=\"Lesen Sie aktuelle Informationen zum Thema Profess von fr. Rupert Schwarz OSB und vieles mehr aus dem Konvent und der Pfarre Admont.\" \/>\n<meta property=\"og:url\" content=\"https:\/\/stiftadmont.at\/pl\/blog\/profesor-rupert-schwarz\/\" \/>\n<meta property=\"og:site_name\" content=\"Stift Admont\" \/>\n<meta property=\"article:published_time\" content=\"2021-08-06T15:16:05+00:00\" \/>\n<meta property=\"article:modified_time\" content=\"2023-04-27T06:53:43+00:00\" \/>\n<meta property=\"og:image\" content=\"https:\/\/stiftadmont.at\/wp-content\/uploads\/foto_header.jpg\" \/>\n\t<meta property=\"og:image:width\" content=\"857\" \/>\n\t<meta property=\"og:image:height\" content=\"650\" \/>\n\t<meta property=\"og:image:type\" content=\"image\/jpeg\" \/>\n<meta name=\"author\" content=\"Mario Brandm\u00fcller\" \/>\n<meta name=\"twitter:card\" content=\"summary_large_image\" \/>\n<meta name=\"twitter:label1\" content=\"Napisane przez\" \/>\n\t<meta name=\"twitter:data1\" content=\"Mario Brandm\u00fcller\" \/>\n<script type=\"application\/ld+json\" class=\"yoast-schema-graph\">{\"@context\":\"https:\/\/schema.org\",\"@graph\":[{\"@type\":\"Article\",\"@id\":\"https:\/\/stiftadmont.at\/blog\/profess-rupert-schwarz\/#article\",\"isPartOf\":{\"@id\":\"https:\/\/stiftadmont.at\/blog\/profess-rupert-schwarz\/\"},\"author\":{\"name\":\"Mario Brandm\u00fcller\",\"@id\":\"https:\/\/stiftadmont.at\/#\/schema\/person\/30535548b241d5f33a2e8b839db11869\"},\"headline\":\"Profess von fr. Rupert Schwarz OSB\",\"datePublished\":\"2021-08-06T15:16:05+00:00\",\"dateModified\":\"2023-04-27T06:53:43+00:00\",\"mainEntityOfPage\":{\"@id\":\"https:\/\/stiftadmont.at\/blog\/profess-rupert-schwarz\/\"},\"wordCount\":6,\"image\":{\"@id\":\"https:\/\/stiftadmont.at\/blog\/profess-rupert-schwarz\/#primaryimage\"},\"thumbnailUrl\":\"https:\/\/stiftadmont.at\/wp-content\/uploads\/foto_header.jpg\",\"articleSection\":[\"Kloster aktuell\"],\"inLanguage\":\"pl-PL\"},{\"@type\":\"WebPage\",\"@id\":\"https:\/\/stiftadmont.at\/blog\/profess-rupert-schwarz\/\",\"url\":\"https:\/\/stiftadmont.at\/blog\/profess-rupert-schwarz\/\",\"name\":\"Profess von fr. Rupert Schwarz OSB - Stift Admont\",\"isPartOf\":{\"@id\":\"https:\/\/stiftadmont.at\/#website\"},\"primaryImageOfPage\":{\"@id\":\"https:\/\/stiftadmont.at\/blog\/profess-rupert-schwarz\/#primaryimage\"},\"image\":{\"@id\":\"https:\/\/stiftadmont.at\/blog\/profess-rupert-schwarz\/#primaryimage\"},\"thumbnailUrl\":\"https:\/\/stiftadmont.at\/wp-content\/uploads\/foto_header.jpg\",\"datePublished\":\"2021-08-06T15:16:05+00:00\",\"dateModified\":\"2023-04-27T06:53:43+00:00\",\"author\":{\"@id\":\"https:\/\/stiftadmont.at\/#\/schema\/person\/30535548b241d5f33a2e8b839db11869\"},\"description\":\"Lesen Sie aktuelle Informationen zum Thema Profess von fr. Rupert Schwarz OSB und vieles mehr aus dem Konvent und der Pfarre Admont.\",\"breadcrumb\":{\"@id\":\"https:\/\/stiftadmont.at\/blog\/profess-rupert-schwarz\/#breadcrumb\"},\"inLanguage\":\"pl-PL\",\"potentialAction\":[{\"@type\":\"ReadAction\",\"target\":[\"https:\/\/stiftadmont.at\/blog\/profess-rupert-schwarz\/\"]}]},{\"@type\":\"ImageObject\",\"inLanguage\":\"pl-PL\",\"@id\":\"https:\/\/stiftadmont.at\/blog\/profess-rupert-schwarz\/#primaryimage\",\"url\":\"https:\/\/stiftadmont.at\/wp-content\/uploads\/foto_header.jpg\",\"contentUrl\":\"https:\/\/stiftadmont.at\/wp-content\/uploads\/foto_header.jpg\",\"width\":857,\"height\":650,\"caption\":\"foto header\"},{\"@type\":\"BreadcrumbList\",\"@id\":\"https:\/\/stiftadmont.at\/blog\/profess-rupert-schwarz\/#breadcrumb\",\"itemListElement\":[{\"@type\":\"ListItem\",\"position\":1,\"name\":\"Start\",\"item\":\"https:\/\/stiftadmont.at\/\"},{\"@type\":\"ListItem\",\"position\":2,\"name\":\"Profess von fr. Rupert Schwarz OSB\"}]},{\"@type\":\"WebSite\",\"@id\":\"https:\/\/stiftadmont.at\/#website\",\"url\":\"https:\/\/stiftadmont.at\/\",\"name\":\"Stift Admont\",\"description\":\"Benediktinerkloster und Sehensw\u00fcrdigkeit im Ges\u00e4use\",\"potentialAction\":[{\"@type\":\"SearchAction\",\"target\":{\"@type\":\"EntryPoint\",\"urlTemplate\":\"https:\/\/stiftadmont.at\/?s={search_term_string}\"},\"query-input\":{\"@type\":\"PropertyValueSpecification\",\"valueRequired\":true,\"valueName\":\"search_term_string\"}}],\"inLanguage\":\"pl-PL\"},{\"@type\":\"Person\",\"@id\":\"https:\/\/stiftadmont.at\/#\/schema\/person\/30535548b241d5f33a2e8b839db11869\",\"name\":\"Mario Brandm\u00fcller\"}]}<\/script>\n<!-- \/ Yoast SEO Premium plugin. -->","yoast_head_json":{"title":"Profesja o. Ruperta Schwarza OSB - Opactwo Admont","description":"Przeczytaj najnowsze informacje o profesji o. Ruperta Schwarza OSB i wiele wi\u0119cej z klasztoru i parafii Admont.","robots":{"index":"index","follow":"follow","max-snippet":"max-snippet:-1","max-image-preview":"max-image-preview:large","max-video-preview":"max-video-preview:-1"},"canonical":"https:\/\/stiftadmont.at\/pl\/blog\/profesor-rupert-schwarz\/","og_locale":"pl_PL","og_type":"article","og_title":"Profess von fr. Rupert Schwarz OSB","og_description":"Lesen Sie aktuelle Informationen zum Thema Profess von fr. Rupert Schwarz OSB und vieles mehr aus dem Konvent und der Pfarre Admont.","og_url":"https:\/\/stiftadmont.at\/pl\/blog\/profesor-rupert-schwarz\/","og_site_name":"Stift Admont","article_published_time":"2021-08-06T15:16:05+00:00","article_modified_time":"2023-04-27T06:53:43+00:00","og_image":[{"width":857,"height":650,"url":"https:\/\/stiftadmont.at\/wp-content\/uploads\/foto_header.jpg","type":"image\/jpeg"}],"author":"Mario Brandm\u00fcller","twitter_card":"summary_large_image","twitter_misc":{"Napisane przez":"Mario Brandm\u00fcller"},"schema":{"@context":"https:\/\/schema.org","@graph":[{"@type":"Article","@id":"https:\/\/stiftadmont.at\/blog\/profess-rupert-schwarz\/#article","isPartOf":{"@id":"https:\/\/stiftadmont.at\/blog\/profess-rupert-schwarz\/"},"author":{"name":"Mario Brandm\u00fcller","@id":"https:\/\/stiftadmont.at\/#\/schema\/person\/30535548b241d5f33a2e8b839db11869"},"headline":"Profess von fr. Rupert Schwarz OSB","datePublished":"2021-08-06T15:16:05+00:00","dateModified":"2023-04-27T06:53:43+00:00","mainEntityOfPage":{"@id":"https:\/\/stiftadmont.at\/blog\/profess-rupert-schwarz\/"},"wordCount":6,"image":{"@id":"https:\/\/stiftadmont.at\/blog\/profess-rupert-schwarz\/#primaryimage"},"thumbnailUrl":"https:\/\/stiftadmont.at\/wp-content\/uploads\/foto_header.jpg","articleSection":["Kloster aktuell"],"inLanguage":"pl-PL"},{"@type":"WebPage","@id":"https:\/\/stiftadmont.at\/blog\/profess-rupert-schwarz\/","url":"https:\/\/stiftadmont.at\/blog\/profess-rupert-schwarz\/","name":"Profesja o. Ruperta Schwarza OSB - Opactwo Admont","isPartOf":{"@id":"https:\/\/stiftadmont.at\/#website"},"primaryImageOfPage":{"@id":"https:\/\/stiftadmont.at\/blog\/profess-rupert-schwarz\/#primaryimage"},"image":{"@id":"https:\/\/stiftadmont.at\/blog\/profess-rupert-schwarz\/#primaryimage"},"thumbnailUrl":"https:\/\/stiftadmont.at\/wp-content\/uploads\/foto_header.jpg","datePublished":"2021-08-06T15:16:05+00:00","dateModified":"2023-04-27T06:53:43+00:00","author":{"@id":"https:\/\/stiftadmont.at\/#\/schema\/person\/30535548b241d5f33a2e8b839db11869"},"description":"Przeczytaj najnowsze informacje o profesji o. Ruperta Schwarza OSB i wiele wi\u0119cej z klasztoru i parafii Admont.","breadcrumb":{"@id":"https:\/\/stiftadmont.at\/blog\/profess-rupert-schwarz\/#breadcrumb"},"inLanguage":"pl-PL","potentialAction":[{"@type":"ReadAction","target":["https:\/\/stiftadmont.at\/blog\/profess-rupert-schwarz\/"]}]},{"@type":"ImageObject","inLanguage":"pl-PL","@id":"https:\/\/stiftadmont.at\/blog\/profess-rupert-schwarz\/#primaryimage","url":"https:\/\/stiftadmont.at\/wp-content\/uploads\/foto_header.jpg","contentUrl":"https:\/\/stiftadmont.at\/wp-content\/uploads\/foto_header.jpg","width":857,"height":650,"caption":"foto header"},{"@type":"BreadcrumbList","@id":"https:\/\/stiftadmont.at\/blog\/profess-rupert-schwarz\/#breadcrumb","itemListElement":[{"@type":"ListItem","position":1,"name":"Start","item":"https:\/\/stiftadmont.at\/"},{"@type":"ListItem","position":2,"name":"Profess von fr. Rupert Schwarz OSB"}]},{"@type":"WebSite","@id":"https:\/\/stiftadmont.at\/#website","url":"https:\/\/stiftadmont.at\/","name":"Opactwo Admont","description":"Benedykty\u0144ski klasztor i atrakcja turystyczna w Ges\u00e4use","potentialAction":[{"@type":"SearchAction","target":{"@type":"EntryPoint","urlTemplate":"https:\/\/stiftadmont.at\/?s={search_term_string}"},"query-input":{"@type":"PropertyValueSpecification","valueRequired":true,"valueName":"search_term_string"}}],"inLanguage":"pl-PL"},{"@type":"Person","@id":"https:\/\/stiftadmont.at\/#\/schema\/person\/30535548b241d5f33a2e8b839db11869","name":"Mario Brandm\u00fcller"}]}},"_links":{"self":[{"href":"https:\/\/stiftadmont.at\/pl\/wp-json\/wp\/v2\/posts\/6829","targetHints":{"allow":["GET"]}}],"collection":[{"href":"https:\/\/stiftadmont.at\/pl\/wp-json\/wp\/v2\/posts"}],"about":[{"href":"https:\/\/stiftadmont.at\/pl\/wp-json\/wp\/v2\/types\/post"}],"author":[{"embeddable":true,"href":"https:\/\/stiftadmont.at\/pl\/wp-json\/wp\/v2\/users\/7"}],"replies":[{"embeddable":true,"href":"https:\/\/stiftadmont.at\/pl\/wp-json\/wp\/v2\/comments?post=6829"}],"version-history":[{"count":13,"href":"https:\/\/stiftadmont.at\/pl\/wp-json\/wp\/v2\/posts\/6829\/revisions"}],"predecessor-version":[{"id":17860,"href":"https:\/\/stiftadmont.at\/pl\/wp-json\/wp\/v2\/posts\/6829\/revisions\/17860"}],"wp:featuredmedia":[{"embeddable":true,"href":"https:\/\/stiftadmont.at\/pl\/wp-json\/wp\/v2\/media\/6830"}],"wp:attachment":[{"href":"https:\/\/stiftadmont.at\/pl\/wp-json\/wp\/v2\/media?parent=6829"}],"wp:term":[{"taxonomy":"category","embeddable":true,"href":"https:\/\/stiftadmont.at\/pl\/wp-json\/wp\/v2\/categories?post=6829"}],"curies":[{"name":"wp","href":"https:\/\/api.w.org\/{rel}","templated":true}]}}