{"id":7061,"date":"2021-12-09T07:07:27","date_gmt":"2021-12-09T05:07:27","guid":{"rendered":"https:\/\/stiftadmont.at\/?p=7061"},"modified":"2023-04-27T08:54:58","modified_gmt":"2023-04-27T06:54:58","slug":"wicher-podbija-plebanie","status":"publish","type":"post","link":"https:\/\/stiftadmont.at\/pl\/blog\/ein-wirbelwind-erobert-das-pfarrhaus\/","title":{"rendered":"Wicher podbija plebani\u0119"},"content":{"rendered":"<section id='lightpress__section--block_61b18f6d4e0e8' class='lightpress__section lightpress__section--image lightpress__section-- lightpress__section--'>                        <img decoding=\"async\" src=\"https:\/\/stiftadmont.at\/wp-content\/uploads\/PaterEgon_\u00a9ThomasSattler-13-scaled.jpg\" alt=\"Opactwo Benedyktyn\u00f3w Admont - Ojciec Egon \u00a9 Thomas Sattler\" \/>\n<\/section>\n\n<section id='lightpress__section--block_61b18e22e5efe' class='lightpress__section--default-section-space lightpress__section lightpress__section--content'><div class=\"content__inner\"\n         x-init=\"initContentBlockAnim($el)\">\n        \n    <div class=\"content__grid content__grid\">\n                                            <div class=\"content__box content__box--one-hundred\"\n                 style=\"\">\n                                \n                \n                                            <div class=\"prose\"><h2 class=\"heading-xxl line line--gold\">Wicher podbija plebani\u0119<\/h2>\n<p><strong>Odk\u0105d ksi\u0105dz Egon Homann zosta\u0142 proboszczem w stowarzyszeniu parafialnym Liesingtal, Mautern ma nie jednego, ale dw\u00f3ch nowych mieszka\u0144c\u00f3w.<\/strong><\/p>\n<p class=\"paragraph-m paragraph-s\">Ojciec Egon przechodzi na palcach obok koszyka Finna. Pomimo jego szczerych stara\u0144, aby opu\u015bci\u0107 sypialni\u0119 bez wydawania d\u017awi\u0119ku, czarny labrador budzi si\u0119. Rzuca szybkie spojrzenie na swojego pana i nie widz\u0105c nic niezwyk\u0142ego, opuszcza sw\u00f3j wci\u0105\u017c ci\u0119\u017cki \u0142eb z powrotem na przednie \u0142apy. Wie, \u017ce kiedy ojciec Egon p\u00f3jdzie odm\u00f3wi\u0107 poranne modlitwy o pi\u0105tej, b\u0119dzie m\u00f3g\u0142 drzema\u0107 przez kolejn\u0105 godzin\u0119. Ksi\u0105dz cieszy si\u0119 cisz\u0105 i spokojem jeszcze m\u0142odego dnia, poniewa\u017c gdy Finn dobrze si\u0119 wy\u015bpi, potrafi by\u0107 prawdziwym wichrzycielem. Szczeg\u00f3lnie jego powitania s\u0105 niezwykle burzliwe: \"Zawsze musz\u0119 go troch\u0119 spowolni\u0107\" - m\u00f3wi ze \u015bmiechem ojciec Egon.<\/p>\n<p class=\"paragraph-m paragraph-s\">Jednak spo\u0142eczno\u015b\u0107 parafialna Mautern nie wydaje si\u0119 by\u0107 zaniepokojona \u017cywio\u0142owo\u015bci\u0105 czworono\u017cnego przyjaciela. Wr\u0119cz przeciwnie. \"Kiedy id\u0119 na spacer z Finnem, ludzie najpierw pytaj\u0105, jak si\u0119 miewa pies. Dopiero potem pytaj\u0105, co u mnie\" - m\u00f3wi z u\u015bmiechem ojciec Egon. Wszyscy ci, kt\u00f3rzy nie spotykaj\u0105 duetu na codziennych spacerach, mog\u0105 na bie\u017c\u0105co \u015bledzi\u0107 \u017cycie Finna jako psa klasztornego na Facebooku. Przegl\u0105daj\u0105c jego profil online, wyr\u00f3\u017cniaj\u0105 si\u0119 zdj\u0119cia wielu prezent\u00f3w, kt\u00f3re czworono\u017cny przyjaciel regularnie otrzymuje. Ma\u0142e i du\u017ce prezenty obejmuj\u0105 zar\u00f3wno przek\u0105ski, jak i frankfurterki i bekon. Nic dziwnego, \u017ce Finn stopniowo staje si\u0119 gwiazd\u0105. Uwielbia by\u0107 w centrum uwagi i ma ma\u0142y, wybrany fanklub nie tylko w Mautern, ale tak\u017ce w Grazu.<\/p>\n<p><strong>Czworono\u017cny przyjaciel z wdzi\u0119kiem<\/strong><\/p>\n<p class=\"paragraph-m paragraph-s\">Opr\u00f3cz pe\u0142nienia funkcji proboszcza, ojciec Egon jest r\u00f3wnie\u017c doradc\u0105. Klasztor benedyktyn\u00f3w w Admont za\u0142o\u017cy\u0142 dwa oddzia\u0142y w stolicy prowincji wiele lat temu, aby opiekowa\u0107 si\u0119 studentami. Jednym z nich jest \"Dom Spotka\u0144\". Duet jest na miejscu kilka razy w tygodniu. Niemniej jednak Finn nie musi rezygnowa\u0107 ze spacer\u00f3w. Hilmteich jest jednym z jego ulubionych miejsc. Ale czworono\u017cny przyjaciel lubi te\u017c pracowa\u0107 w Grazu. Finn wybra\u0142 turkusowy, tapicerowany fotel jako swoje ulubione miejsce w \u015bwietlicy obiektu. Prawdopodobnie dlatego, \u017ce stamt\u0105d ma najlepszy widok na szklane drzwi wej\u015bciowe i to, co dzieje si\u0119 na ulicy. Nic nie umknie jego uwadze. Czujnym okiem zauwa\u017ca ka\u017cdy ruch na chodniku biegn\u0105cym obok domu. Je\u015bli znajoma twarz wchodzi do Haus der Begegnung, natychmiast jest na miejscu. Ta towarzysko\u015b\u0107 da\u0142a mu nawet w\u0142asny obszar odpowiedzialno\u015bci: Powitanie. Gdy tylko zrobi to w zadowalaj\u0105cy go spos\u00f3b, wskakuje z powrotem na sw\u00f3j tapicerowany tron. \"Nie przeszkadza w rozmowach. Wstaje tylko od czasu do czasu, aby go przytuli\u0107\" - m\u00f3wi ojciec Egon. Finn jest jednak bardzo wybredny w tej kwestii. W ci\u0105gu dw\u00f3ch lat \u017cycia nauczy\u0142 si\u0119 interpretowa\u0107 gesty ludzi. \"Je\u015bli kto\u015b traktuje du\u017cego psa z szacunkiem, natychmiast zachowuje dystans. Finn wyczuwa, kiedy kontakt fizyczny jest po\u017c\u0105dany, a kiedy nie. W zale\u017cno\u015bci od tego, albo dostaje swoje pieszczoty, albo nie\" - m\u00f3wi jego w\u0142a\u015bciciel. Niewiele jest os\u00f3b, kt\u00f3re mog\u0105 oprze\u0107 si\u0119 jego urokowi. Labrador ma wi\u0119kszo\u015b\u0107 ludzi w kieszeni od pierwszego spotkania. Jego pokojowa natura jest g\u0142\u00f3wnym powodem jego popularno\u015bci. Nie przepada za g\u0142o\u015bnym szczekaniem. Aby zwr\u00f3ci\u0107 na siebie uwag\u0119, woli leniwy wygl\u0105d. \"Nawet gdy jest oszala\u0142y z rado\u015bci, nie szczeka, ale skacze i bawi si\u0119. Zajmuje ca\u0142y pok\u00f3j\" - m\u00f3wi ze \u015bmiechem ojciec Egon i wyja\u015bnia, z czego Finn cieszy si\u0119 najbardziej. Smako\u0142yk? Nowa zabawka? \"Nie, jest najszcz\u0119\u015bliwszy, kiedy wracam do domu. To naprawd\u0119 mi\u0142e uczucie\".<\/p>\n<\/div>\n                    \n                            <\/div>\n        \n            <\/div>\n<\/div>\n\n<\/section>","protected":false},"excerpt":{"rendered":"","protected":false},"author":7,"featured_media":7062,"comment_status":"closed","ping_status":"closed","sticky":false,"template":"","format":"standard","meta":{"_acf_changed":false,"footnotes":""},"categories":[22],"class_list":["post-7061","post","type-post","status-publish","format-standard","has-post-thumbnail","hentry","category-kloster-aktuell"],"acf":[],"yoast_head":"<!-- This site is optimized with the Yoast SEO Premium plugin v26.0 (Yoast SEO v26.8) - https:\/\/yoast.com\/product\/yoast-seo-premium-wordpress\/ -->\n<title>Ein Wirbelwind erobert das Pfarrhaus - Stift Admont<\/title>\n<meta name=\"description\" content=\"Lesen Sie aktuelle Informationen zum Thema Ein Wirbelwind erobert das Pfarrhaus und vieles mehr aus dem Konvent und der Pfarre Admont.\" \/>\n<meta name=\"robots\" content=\"index, follow, max-snippet:-1, max-image-preview:large, max-video-preview:-1\" \/>\n<link rel=\"canonical\" href=\"https:\/\/stiftadmont.at\/pl\/blog\/wicher-podbija-plebanie\/\" \/>\n<meta property=\"og:locale\" content=\"pl_PL\" \/>\n<meta property=\"og:type\" content=\"article\" \/>\n<meta property=\"og:title\" content=\"Ein Wirbelwind erobert das Pfarrhaus\" \/>\n<meta property=\"og:description\" content=\"Lesen Sie aktuelle Informationen zum Thema Ein Wirbelwind erobert das Pfarrhaus und vieles mehr aus dem Konvent und der Pfarre Admont.\" \/>\n<meta property=\"og:url\" content=\"https:\/\/stiftadmont.at\/pl\/blog\/wicher-podbija-plebanie\/\" \/>\n<meta property=\"og:site_name\" content=\"Stift Admont\" \/>\n<meta property=\"article:published_time\" content=\"2021-12-09T05:07:27+00:00\" \/>\n<meta property=\"article:modified_time\" content=\"2023-04-27T06:54:58+00:00\" \/>\n<meta property=\"og:image\" content=\"https:\/\/stiftadmont.at\/wp-content\/uploads\/PaterEgon_\u00a9ThomasSattler-13-scaled.jpg\" \/>\n\t<meta property=\"og:image:width\" content=\"2560\" \/>\n\t<meta property=\"og:image:height\" content=\"1706\" \/>\n\t<meta property=\"og:image:type\" content=\"image\/jpeg\" \/>\n<meta name=\"author\" content=\"Mario Brandm\u00fcller\" \/>\n<meta name=\"twitter:card\" content=\"summary_large_image\" \/>\n<meta name=\"twitter:label1\" content=\"Napisane przez\" \/>\n\t<meta name=\"twitter:data1\" content=\"Mario Brandm\u00fcller\" \/>\n<script type=\"application\/ld+json\" class=\"yoast-schema-graph\">{\"@context\":\"https:\/\/schema.org\",\"@graph\":[{\"@type\":\"Article\",\"@id\":\"https:\/\/stiftadmont.at\/blog\/ein-wirbelwind-erobert-das-pfarrhaus\/#article\",\"isPartOf\":{\"@id\":\"https:\/\/stiftadmont.at\/blog\/ein-wirbelwind-erobert-das-pfarrhaus\/\"},\"author\":{\"name\":\"Mario Brandm\u00fcller\",\"@id\":\"https:\/\/stiftadmont.at\/#\/schema\/person\/30535548b241d5f33a2e8b839db11869\"},\"headline\":\"Ein Wirbelwind erobert das Pfarrhaus\",\"datePublished\":\"2021-12-09T05:07:27+00:00\",\"dateModified\":\"2023-04-27T06:54:58+00:00\",\"mainEntityOfPage\":{\"@id\":\"https:\/\/stiftadmont.at\/blog\/ein-wirbelwind-erobert-das-pfarrhaus\/\"},\"wordCount\":5,\"image\":{\"@id\":\"https:\/\/stiftadmont.at\/blog\/ein-wirbelwind-erobert-das-pfarrhaus\/#primaryimage\"},\"thumbnailUrl\":\"https:\/\/stiftadmont.at\/wp-content\/uploads\/PaterEgon_\u00a9ThomasSattler-13-scaled.jpg\",\"articleSection\":[\"Kloster aktuell\"],\"inLanguage\":\"pl-PL\"},{\"@type\":\"WebPage\",\"@id\":\"https:\/\/stiftadmont.at\/blog\/ein-wirbelwind-erobert-das-pfarrhaus\/\",\"url\":\"https:\/\/stiftadmont.at\/blog\/ein-wirbelwind-erobert-das-pfarrhaus\/\",\"name\":\"Ein Wirbelwind erobert das Pfarrhaus - Stift Admont\",\"isPartOf\":{\"@id\":\"https:\/\/stiftadmont.at\/#website\"},\"primaryImageOfPage\":{\"@id\":\"https:\/\/stiftadmont.at\/blog\/ein-wirbelwind-erobert-das-pfarrhaus\/#primaryimage\"},\"image\":{\"@id\":\"https:\/\/stiftadmont.at\/blog\/ein-wirbelwind-erobert-das-pfarrhaus\/#primaryimage\"},\"thumbnailUrl\":\"https:\/\/stiftadmont.at\/wp-content\/uploads\/PaterEgon_\u00a9ThomasSattler-13-scaled.jpg\",\"datePublished\":\"2021-12-09T05:07:27+00:00\",\"dateModified\":\"2023-04-27T06:54:58+00:00\",\"author\":{\"@id\":\"https:\/\/stiftadmont.at\/#\/schema\/person\/30535548b241d5f33a2e8b839db11869\"},\"description\":\"Lesen Sie aktuelle Informationen zum Thema Ein Wirbelwind erobert das Pfarrhaus und vieles mehr aus dem Konvent und der Pfarre Admont.\",\"breadcrumb\":{\"@id\":\"https:\/\/stiftadmont.at\/blog\/ein-wirbelwind-erobert-das-pfarrhaus\/#breadcrumb\"},\"inLanguage\":\"pl-PL\",\"potentialAction\":[{\"@type\":\"ReadAction\",\"target\":[\"https:\/\/stiftadmont.at\/blog\/ein-wirbelwind-erobert-das-pfarrhaus\/\"]}]},{\"@type\":\"ImageObject\",\"inLanguage\":\"pl-PL\",\"@id\":\"https:\/\/stiftadmont.at\/blog\/ein-wirbelwind-erobert-das-pfarrhaus\/#primaryimage\",\"url\":\"https:\/\/stiftadmont.at\/wp-content\/uploads\/PaterEgon_\u00a9ThomasSattler-13-scaled.jpg\",\"contentUrl\":\"https:\/\/stiftadmont.at\/wp-content\/uploads\/PaterEgon_\u00a9ThomasSattler-13-scaled.jpg\",\"width\":2560,\"height\":1706,\"caption\":\"Benediktinerstift Admont - Pater Egon \u00a9 Thomas Sattler\"},{\"@type\":\"BreadcrumbList\",\"@id\":\"https:\/\/stiftadmont.at\/blog\/ein-wirbelwind-erobert-das-pfarrhaus\/#breadcrumb\",\"itemListElement\":[{\"@type\":\"ListItem\",\"position\":1,\"name\":\"Start\",\"item\":\"https:\/\/stiftadmont.at\/\"},{\"@type\":\"ListItem\",\"position\":2,\"name\":\"Ein Wirbelwind erobert das Pfarrhaus\"}]},{\"@type\":\"WebSite\",\"@id\":\"https:\/\/stiftadmont.at\/#website\",\"url\":\"https:\/\/stiftadmont.at\/\",\"name\":\"Stift Admont\",\"description\":\"Benediktinerkloster und Sehensw\u00fcrdigkeit im Ges\u00e4use\",\"potentialAction\":[{\"@type\":\"SearchAction\",\"target\":{\"@type\":\"EntryPoint\",\"urlTemplate\":\"https:\/\/stiftadmont.at\/?s={search_term_string}\"},\"query-input\":{\"@type\":\"PropertyValueSpecification\",\"valueRequired\":true,\"valueName\":\"search_term_string\"}}],\"inLanguage\":\"pl-PL\"},{\"@type\":\"Person\",\"@id\":\"https:\/\/stiftadmont.at\/#\/schema\/person\/30535548b241d5f33a2e8b839db11869\",\"name\":\"Mario Brandm\u00fcller\"}]}<\/script>\n<!-- \/ Yoast SEO Premium plugin. -->","yoast_head_json":{"title":"Wicher podbija plebani\u0119 - Opactwo Admont","description":"Przeczytaj najnowsze informacje na temat Wicher podbija plebani\u0119 i wiele wi\u0119cej z klasztoru i parafii Admont.","robots":{"index":"index","follow":"follow","max-snippet":"max-snippet:-1","max-image-preview":"max-image-preview:large","max-video-preview":"max-video-preview:-1"},"canonical":"https:\/\/stiftadmont.at\/pl\/blog\/wicher-podbija-plebanie\/","og_locale":"pl_PL","og_type":"article","og_title":"Ein Wirbelwind erobert das Pfarrhaus","og_description":"Lesen Sie aktuelle Informationen zum Thema Ein Wirbelwind erobert das Pfarrhaus und vieles mehr aus dem Konvent und der Pfarre Admont.","og_url":"https:\/\/stiftadmont.at\/pl\/blog\/wicher-podbija-plebanie\/","og_site_name":"Stift Admont","article_published_time":"2021-12-09T05:07:27+00:00","article_modified_time":"2023-04-27T06:54:58+00:00","og_image":[{"width":2560,"height":1706,"url":"https:\/\/stiftadmont.at\/wp-content\/uploads\/PaterEgon_\u00a9ThomasSattler-13-scaled.jpg","type":"image\/jpeg"}],"author":"Mario Brandm\u00fcller","twitter_card":"summary_large_image","twitter_misc":{"Napisane przez":"Mario Brandm\u00fcller"},"schema":{"@context":"https:\/\/schema.org","@graph":[{"@type":"Article","@id":"https:\/\/stiftadmont.at\/blog\/ein-wirbelwind-erobert-das-pfarrhaus\/#article","isPartOf":{"@id":"https:\/\/stiftadmont.at\/blog\/ein-wirbelwind-erobert-das-pfarrhaus\/"},"author":{"name":"Mario Brandm\u00fcller","@id":"https:\/\/stiftadmont.at\/#\/schema\/person\/30535548b241d5f33a2e8b839db11869"},"headline":"Ein Wirbelwind erobert das Pfarrhaus","datePublished":"2021-12-09T05:07:27+00:00","dateModified":"2023-04-27T06:54:58+00:00","mainEntityOfPage":{"@id":"https:\/\/stiftadmont.at\/blog\/ein-wirbelwind-erobert-das-pfarrhaus\/"},"wordCount":5,"image":{"@id":"https:\/\/stiftadmont.at\/blog\/ein-wirbelwind-erobert-das-pfarrhaus\/#primaryimage"},"thumbnailUrl":"https:\/\/stiftadmont.at\/wp-content\/uploads\/PaterEgon_\u00a9ThomasSattler-13-scaled.jpg","articleSection":["Kloster aktuell"],"inLanguage":"pl-PL"},{"@type":"WebPage","@id":"https:\/\/stiftadmont.at\/blog\/ein-wirbelwind-erobert-das-pfarrhaus\/","url":"https:\/\/stiftadmont.at\/blog\/ein-wirbelwind-erobert-das-pfarrhaus\/","name":"Wicher podbija plebani\u0119 - Opactwo Admont","isPartOf":{"@id":"https:\/\/stiftadmont.at\/#website"},"primaryImageOfPage":{"@id":"https:\/\/stiftadmont.at\/blog\/ein-wirbelwind-erobert-das-pfarrhaus\/#primaryimage"},"image":{"@id":"https:\/\/stiftadmont.at\/blog\/ein-wirbelwind-erobert-das-pfarrhaus\/#primaryimage"},"thumbnailUrl":"https:\/\/stiftadmont.at\/wp-content\/uploads\/PaterEgon_\u00a9ThomasSattler-13-scaled.jpg","datePublished":"2021-12-09T05:07:27+00:00","dateModified":"2023-04-27T06:54:58+00:00","author":{"@id":"https:\/\/stiftadmont.at\/#\/schema\/person\/30535548b241d5f33a2e8b839db11869"},"description":"Przeczytaj najnowsze informacje na temat Wicher podbija plebani\u0119 i wiele wi\u0119cej z klasztoru i parafii Admont.","breadcrumb":{"@id":"https:\/\/stiftadmont.at\/blog\/ein-wirbelwind-erobert-das-pfarrhaus\/#breadcrumb"},"inLanguage":"pl-PL","potentialAction":[{"@type":"ReadAction","target":["https:\/\/stiftadmont.at\/blog\/ein-wirbelwind-erobert-das-pfarrhaus\/"]}]},{"@type":"ImageObject","inLanguage":"pl-PL","@id":"https:\/\/stiftadmont.at\/blog\/ein-wirbelwind-erobert-das-pfarrhaus\/#primaryimage","url":"https:\/\/stiftadmont.at\/wp-content\/uploads\/PaterEgon_\u00a9ThomasSattler-13-scaled.jpg","contentUrl":"https:\/\/stiftadmont.at\/wp-content\/uploads\/PaterEgon_\u00a9ThomasSattler-13-scaled.jpg","width":2560,"height":1706,"caption":"Benediktinerstift Admont - Pater Egon \u00a9 Thomas Sattler"},{"@type":"BreadcrumbList","@id":"https:\/\/stiftadmont.at\/blog\/ein-wirbelwind-erobert-das-pfarrhaus\/#breadcrumb","itemListElement":[{"@type":"ListItem","position":1,"name":"Start","item":"https:\/\/stiftadmont.at\/"},{"@type":"ListItem","position":2,"name":"Ein Wirbelwind erobert das Pfarrhaus"}]},{"@type":"WebSite","@id":"https:\/\/stiftadmont.at\/#website","url":"https:\/\/stiftadmont.at\/","name":"Opactwo Admont","description":"Benedykty\u0144ski klasztor i atrakcja turystyczna w Ges\u00e4use","potentialAction":[{"@type":"SearchAction","target":{"@type":"EntryPoint","urlTemplate":"https:\/\/stiftadmont.at\/?s={search_term_string}"},"query-input":{"@type":"PropertyValueSpecification","valueRequired":true,"valueName":"search_term_string"}}],"inLanguage":"pl-PL"},{"@type":"Person","@id":"https:\/\/stiftadmont.at\/#\/schema\/person\/30535548b241d5f33a2e8b839db11869","name":"Mario Brandm\u00fcller"}]}},"_links":{"self":[{"href":"https:\/\/stiftadmont.at\/pl\/wp-json\/wp\/v2\/posts\/7061","targetHints":{"allow":["GET"]}}],"collection":[{"href":"https:\/\/stiftadmont.at\/pl\/wp-json\/wp\/v2\/posts"}],"about":[{"href":"https:\/\/stiftadmont.at\/pl\/wp-json\/wp\/v2\/types\/post"}],"author":[{"embeddable":true,"href":"https:\/\/stiftadmont.at\/pl\/wp-json\/wp\/v2\/users\/7"}],"replies":[{"embeddable":true,"href":"https:\/\/stiftadmont.at\/pl\/wp-json\/wp\/v2\/comments?post=7061"}],"version-history":[{"count":20,"href":"https:\/\/stiftadmont.at\/pl\/wp-json\/wp\/v2\/posts\/7061\/revisions"}],"predecessor-version":[{"id":17865,"href":"https:\/\/stiftadmont.at\/pl\/wp-json\/wp\/v2\/posts\/7061\/revisions\/17865"}],"wp:featuredmedia":[{"embeddable":true,"href":"https:\/\/stiftadmont.at\/pl\/wp-json\/wp\/v2\/media\/7062"}],"wp:attachment":[{"href":"https:\/\/stiftadmont.at\/pl\/wp-json\/wp\/v2\/media?parent=7061"}],"wp:term":[{"taxonomy":"category","embeddable":true,"href":"https:\/\/stiftadmont.at\/pl\/wp-json\/wp\/v2\/categories?post=7061"}],"curies":[{"name":"wp","href":"https:\/\/api.w.org\/{rel}","templated":true}]}}