{"id":7119,"date":"2021-12-09T07:26:42","date_gmt":"2021-12-09T05:26:42","guid":{"rendered":"https:\/\/stiftadmont.at\/?p=7119"},"modified":"2026-03-03T13:01:29","modified_gmt":"2026-03-03T11:01:29","slug":"antonius-gratiadei","status":"publish","type":"post","link":"https:\/\/stiftadmont.at\/pl\/blog\/antonius-gratiadei\/","title":{"rendered":"Antonius Gratiadei - opat Admont w s\u0142u\u017cbie cesarskiej"},"content":{"rendered":"<section id='lightpress__section--block_363337bdec907a5d62ab6a3bc77c5469' class='lightpress__section--default-section-space lightpress__section lightpress__section--content'><div class=\"content__inner\"\n         x-init=\"initContentBlockAnim($el)\">\n        \n    <div class=\"content__grid content__grid\">\n                                            <div class=\"content__box content__box--one-hundred\"\n                 style=\"\">\n                                \n                \n                                            <div class=\"prose\"><h5 class=\"heading-m line line-above line--gold\">Antonius Gratiadei - opat Admont w s\u0142u\u017cbie cesarskiej<\/h5>\n<p>\u00a0<\/p>\n<div id=\"attachment_131\" style=\"width: 310px\" class=\"wp-caption alignleft\"><img loading=\"lazy\" decoding=\"async\" aria-describedby=\"caption-attachment-131\" class=\"size-medium wp-image-131\" src=\"https:\/\/stiftskirche-admont.pax.online\/wp-content\/uploads\/sites\/6\/2021\/12\/Abt-Anton-I-Dei-Gratia-300x264.jpg\" alt=\"\" width=\"300\" height=\"264\" \/><p id=\"caption-attachment-131\" class=\"wp-caption-text\">\u00a0Herb opata Antoniusza Gratiadei<\/p><\/div>\n<p>\u00a0<\/p>\n<p class=\"paragraph-m paragraph-s\">W\u015br\u00f3d opat\u00f3w Admont, kt\u00f3rzy s\u0142u\u017cyli jako doradcy cesarza Fryderyka III i Maksymiliana I, szczeg\u00f3ln\u0105 pozycj\u0119 zajmuje pochodz\u0105cy z Wenecji Antonius Gratiadei. Jest on uwa\u017cany za jedn\u0105 z najbardziej kontrowersyjnych postaci w historii opactwa benedyktyn\u00f3w, poniewa\u017c nie zosta\u0142 wybrany przez klasztor, ale mianowany przez cesarza, a tym samym praktycznie narzucony mnichom. W Chronicon Admontense urz\u0105d opacki opisany jest w niezbyt przychylnych s\u0142owach: M\u00f3wi si\u0119, \u017ce Antonius sprzeniewierzy\u0142 dobra klasztorne i ostatecznie pr\u00f3bowa\u0142 uciec w 1491 roku. Wkr\u00f3tce po rzekomej ucieczce Antonius zosta\u0142 jednak zatrzymany i uwi\u0119ziony w Gallenstein, gdzie wkr\u00f3tce zmar\u0142 bez rehabilitacji. Niemniej jednak by\u0142 on r\u00f3wnie\u017c uwa\u017cany za szczeg\u00f3lnie lubi\u0105cego sztuk\u0119 i edukacj\u0119, poniewa\u017c Biblioteka Opactwa Admont zawdzi\u0119cza mu 46 inkunabu\u0142\u00f3w, kt\u00f3re naby\u0142 w r\u00f3\u017cnych urz\u0119dach w Europie, a w niekt\u00f3rych przypadkach dodatkowo umeblowa\u0142, oraz co najmniej 12 r\u0119kopis\u00f3w. Antonius Gratiadei by\u0142 pierwotnie minoryt\u0105 i studiowa\u0142 teologi\u0119 w Pary\u017cu. Nie jest udokumentowane, kiedy wszed\u0142 w kontakt z rodzin\u0105 cesarsk\u0105; niekt\u00f3re pisma odnosz\u0105 si\u0119 do niego jako nauczyciela Maksymiliana, ale nie mo\u017cna tego udowodni\u0107.<\/p>\n<p>\u00a0<\/p>\n<p class=\"paragraph-m paragraph-s\">Od 1 pa\u017adziernika 1478 r. wyk\u0142ada\u0142 jako profesor nadzwyczajny na Wydziale Teologicznym Uniwersytetu w Leuven.2 Gratiadei pracowa\u0142 nast\u0119pnie dla arcyksi\u0119cia Maksymiliana w wielu misjach dyplomatycznych we W\u0142oszech. Pod koniec 1480 r. zosta\u0142 wys\u0142any do Florencji, aby spr\u00f3bowa\u0107 zjednoczy\u0107 si\u0142y chrze\u015bcija\u0144skie przeciwko Turkom. Podczas pobytu w mie\u015bcie by\u0142 wysoko ceniony za swoje zdolno\u015bci oratorskie. 28 stycznia 1481 r. przebywa\u0142 w Rzymie, gdzie zetkn\u0105\u0142 si\u0119 z kr\u0119gami humanistycznymi, a w szczeg\u00f3lno\u015bci z Bartolomeo Manfredim (Arystofilusem). W imieniu papie\u017ca Sykstusa Gratiadei po\u015bredniczy\u0142 w soborze w Bazylei w 1482 r. i by\u0142 w stanie odwie\u015b\u0107 cesarza Fryderyka III od poparcia reformatorskiego pra\u0142ata Andreasa Jamometi\u0107a, kt\u00f3ry og\u0142osi\u0142 sob\u00f3r. Cesarz postanowi\u0142 go nagrodzi\u0107. Poniewa\u017c mia\u0142 on notoryczne problemy finansowe, przekazanie beneficj\u00f3w ko\u015bcielnych, kt\u00f3rymi m\u00f3g\u0142 dysponowa\u0107 jako suwerenny ksi\u0105\u017c\u0119, by\u0142o jedyn\u0105 mo\u017cliw\u0105 form\u0105 \"wynagrodzenia\": Gratidei otrzyma\u0142 dochody z parafii Gars w Dolnej Austrii. Poniewa\u017c jednak okaza\u0142o si\u0119 to zbyt ma\u0142o, aby pokry\u0107 jego kosztowne wydatki, Fryderyk III uczyni\u0142 go opatem benedykty\u0144skiego klasztoru St Trudpert w po\u0142udniowym Schwarzwaldzie.4 W niekt\u00f3rych dokumentach z 1483 r. Gratiadei okre\u015bla siebie jako abbas sancti Trudperti. Jednak opactwo to zosta\u0142o bardzo szybko zako\u0144czone przez arcyksi\u0119cia Siegmunda z Tyrolu. Wskaza\u0142 on, \u017ce tamtejszy klasztor wybra\u0142 ju\u017c opata, a on sam potwierdzi\u0142 ten wyb\u00f3r. Cesarz Fryderyk III ugi\u0105\u0142 si\u0119 i oczywi\u015bcie musia\u0142 szybko znale\u017a\u0107 inny klasztor dla swojego ulubie\u0144ca. Skorzysta\u0142 z nieporozumie\u0144, kt\u00f3re powsta\u0142y w\u015br\u00f3d mnich\u00f3w benedykty\u0144skiego opactwa Admont w Styrii po \u015bmierci Jana III z Trauttmannsdorf i mianowa\u0142 Gratiadei opatem.<\/p>\n<p class=\"paragraph-m paragraph-s\">Klasztor podporz\u0105dkowa\u0142 si\u0119, ale nie bez zapewnienia sobie pewnych praw. Gratiadei musia\u0142 podpisa\u0107 kapitulacj\u0119 wyborcz\u0105, zgodnie z kt\u00f3r\u0105 nie wolno mu by\u0142o sprzedawa\u0107 ani nadawa\u0107 urz\u0119d\u00f3w lub beneficj\u00f3w bez zgody klasztoru. Nikt \"z obcego narodu lub j\u0119zyka\" nie m\u00f3g\u0142 zosta\u0107 przyj\u0119ty do zakonu. Przed Bo\u017cym Narodzeniem tego samego roku, 21 grudnia 1483 r., Gratiadei zosta\u0142 mianowany przez Fryderyka III hrabi\u0105 Palatynatu i doradc\u0105 cesarskim. Po tym uznaniu, drugi medal z jego podobizn\u0105 zosta\u0142 wygrawerowany przez Giovanniego di Candida na pocz\u0105tku 1484 roku. Podczas swojego opactwa Antonius podj\u0105\u0142 si\u0119 licznych zada\u0144 dyplomatycznych w imieniu Fryderyka III, a od 1486 r. tak\u017ce dla kr\u00f3la Maksymiliana, na kt\u00f3rego koronacji we Frankfurcie by\u0142 osobi\u015bcie obecny. Dalsze podr\u00f3\u017ce zaprowadzi\u0142y Gratiadei na pewien czas do Niderland\u00f3w i do jego dawnego domu.<\/p>\n<p>\u00a0<\/p>\n<p>\u00a0<\/p>\n<p><img loading=\"lazy\" decoding=\"async\" class=\"size-medium wp-image-132 alignright\" src=\"https:\/\/stiftskirche-admont.pax.online\/wp-content\/uploads\/sites\/6\/2021\/12\/Ink_73-11-189x300.jpg\" alt=\"\" width=\"189\" height=\"300\" \/><\/p>\n<p>\u00a0<\/p>\n<p>\u00a0<\/p>\n<p class=\"paragraph-m paragraph-s\">Przeni\u00f3s\u0142 si\u0119 do uniwersyteckiego miasta Leuven. Tam, 22 pa\u017adziernika 1486 r., wykorzysta\u0142 swoje oficjalne uprawnienia jako \"hrabia palatyn\" i zalegalizowa\u0142 nie\u015blubn\u0105 par\u0119 braci. W pa\u017adzierniku 1487 r. Gratiadei otrzyma\u0142 zlecenie przeprowadzenia wst\u0119pnych negocjacji w sprawie rozejmu z w\u0119gierskim kr\u00f3lem Maciejem Korwinem w St. P\u00f6lten. Z powodu tych misji g\u0142owa klasztoru by\u0142a bardzo rzadko obecna w swoim opactwie. Chocia\u017c zajmowa\u0142 si\u0119 r\u00f3wnie\u017c wewn\u0119trznymi sprawami klasztoru, cz\u0119sto opuszcza\u0142 opactwo, aby uda\u0107 si\u0119 na dw\u00f3r cesarski przez St. Gall do Linzu. Twierdza Gallenstein, po\u0142o\u017cona na granicy Dolnej i G\u00f3rnej Austrii, by\u0142a miejscem spotka\u0144 notariusza o specjalnych uprawnieniach z pra\u0142atami i szlacht\u0105 z dw\u00f3ch s\u0105siednich kraj\u00f3w.<\/p>\n<p>\u00a0<\/p>\n<p class=\"paragraph-m paragraph-s\">Trzy lata po swojej \u015bmierci cesarz Maksymilian napisa\u0142 do do\u017cy Wenecji na pro\u015bb\u0119 swojego nast\u0119pcy o odzyskanie rzekomo skradzionych skarb\u00f3w opactwa Admont. Niestety, nie jest jasne, czy cokolwiek zosta\u0142o kiedykolwiek zwr\u00f3cone.<\/p>\n<\/div>\n                    \n                            <\/div>\n        \n            <\/div>\n<\/div>\n\n<\/section>","protected":false},"excerpt":{"rendered":"","protected":false},"author":7,"featured_media":7124,"comment_status":"closed","ping_status":"closed","sticky":false,"template":"","format":"standard","meta":{"_acf_changed":false,"footnotes":""},"categories":[19],"class_list":["post-7119","post","type-post","status-publish","format-standard","has-post-thumbnail","hentry","category-geschichte"],"acf":[],"yoast_head":"<!-- This site is optimized with the Yoast SEO Premium plugin v26.0 (Yoast SEO v26.8) - https:\/\/yoast.com\/product\/yoast-seo-premium-wordpress\/ -->\n<title>Antonius Gratiadei \u2013 Ein Admonter Abt in kaiserlichen Diensten - Stift Admont<\/title>\n<meta name=\"description\" content=\"Lesen Sie aktuelle Informationen zum Thema Antonius Gratiadei \u2013 Ein Admonter Abt in kaiserlichen Diensten und vieles mehr aus dem Konvent und der Pfarre Admont.\" \/>\n<meta name=\"robots\" content=\"index, follow, max-snippet:-1, max-image-preview:large, max-video-preview:-1\" \/>\n<link rel=\"canonical\" href=\"https:\/\/stiftadmont.at\/pl\/blog\/antonius-gratiadei\/\" \/>\n<meta property=\"og:locale\" content=\"pl_PL\" \/>\n<meta property=\"og:type\" content=\"article\" \/>\n<meta property=\"og:title\" content=\"Antonius Gratiadei \u2013 Ein Admonter Abt in kaiserlichen Diensten\" \/>\n<meta property=\"og:description\" content=\"Lesen Sie aktuelle Informationen zum Thema Antonius Gratiadei \u2013 Ein Admonter Abt in kaiserlichen Diensten und vieles mehr aus dem Konvent und der Pfarre Admont.\" \/>\n<meta property=\"og:url\" content=\"https:\/\/stiftadmont.at\/pl\/blog\/antonius-gratiadei\/\" \/>\n<meta property=\"og:site_name\" content=\"Stift Admont\" \/>\n<meta property=\"article:published_time\" content=\"2021-12-09T05:26:42+00:00\" \/>\n<meta property=\"article:modified_time\" content=\"2026-03-03T11:01:29+00:00\" \/>\n<meta property=\"og:image\" content=\"https:\/\/stiftadmont.at\/wp-content\/uploads\/Abt-Anton-I-Dei-Gratia.jpg\" \/>\n\t<meta property=\"og:image:width\" content=\"2433\" \/>\n\t<meta property=\"og:image:height\" content=\"2145\" \/>\n\t<meta property=\"og:image:type\" content=\"image\/jpeg\" \/>\n<meta name=\"author\" content=\"Mario Brandm\u00fcller\" \/>\n<meta name=\"twitter:card\" content=\"summary_large_image\" \/>\n<meta name=\"twitter:label1\" content=\"Napisane przez\" \/>\n\t<meta name=\"twitter:data1\" content=\"Mario Brandm\u00fcller\" \/>\n\t<meta name=\"twitter:label2\" content=\"Szacowany czas czytania\" \/>\n\t<meta name=\"twitter:data2\" content=\"1 minuta\" \/>\n<script type=\"application\/ld+json\" class=\"yoast-schema-graph\">{\"@context\":\"https:\/\/schema.org\",\"@graph\":[{\"@type\":\"Article\",\"@id\":\"https:\/\/stiftadmont.at\/blog\/antonius-gratiadei\/#article\",\"isPartOf\":{\"@id\":\"https:\/\/stiftadmont.at\/blog\/antonius-gratiadei\/\"},\"author\":{\"name\":\"Mario Brandm\u00fcller\",\"@id\":\"https:\/\/stiftadmont.at\/#\/schema\/person\/30535548b241d5f33a2e8b839db11869\"},\"headline\":\"Antonius Gratiadei \u2013 Ein Admonter Abt in kaiserlichen Diensten\",\"datePublished\":\"2021-12-09T05:26:42+00:00\",\"dateModified\":\"2026-03-03T11:01:29+00:00\",\"mainEntityOfPage\":{\"@id\":\"https:\/\/stiftadmont.at\/blog\/antonius-gratiadei\/\"},\"wordCount\":8,\"image\":{\"@id\":\"https:\/\/stiftadmont.at\/blog\/antonius-gratiadei\/#primaryimage\"},\"thumbnailUrl\":\"https:\/\/stiftadmont.at\/wp-content\/uploads\/Abt-Anton-I-Dei-Gratia.jpg\",\"articleSection\":[\"Geschichte\"],\"inLanguage\":\"pl-PL\"},{\"@type\":\"WebPage\",\"@id\":\"https:\/\/stiftadmont.at\/blog\/antonius-gratiadei\/\",\"url\":\"https:\/\/stiftadmont.at\/blog\/antonius-gratiadei\/\",\"name\":\"Antonius Gratiadei \u2013 Ein Admonter Abt in kaiserlichen Diensten - Stift Admont\",\"isPartOf\":{\"@id\":\"https:\/\/stiftadmont.at\/#website\"},\"primaryImageOfPage\":{\"@id\":\"https:\/\/stiftadmont.at\/blog\/antonius-gratiadei\/#primaryimage\"},\"image\":{\"@id\":\"https:\/\/stiftadmont.at\/blog\/antonius-gratiadei\/#primaryimage\"},\"thumbnailUrl\":\"https:\/\/stiftadmont.at\/wp-content\/uploads\/Abt-Anton-I-Dei-Gratia.jpg\",\"datePublished\":\"2021-12-09T05:26:42+00:00\",\"dateModified\":\"2026-03-03T11:01:29+00:00\",\"author\":{\"@id\":\"https:\/\/stiftadmont.at\/#\/schema\/person\/30535548b241d5f33a2e8b839db11869\"},\"description\":\"Lesen Sie aktuelle Informationen zum Thema Antonius Gratiadei \u2013 Ein Admonter Abt in kaiserlichen Diensten und vieles mehr aus dem Konvent und der Pfarre Admont.\",\"breadcrumb\":{\"@id\":\"https:\/\/stiftadmont.at\/blog\/antonius-gratiadei\/#breadcrumb\"},\"inLanguage\":\"pl-PL\",\"potentialAction\":[{\"@type\":\"ReadAction\",\"target\":[\"https:\/\/stiftadmont.at\/blog\/antonius-gratiadei\/\"]}]},{\"@type\":\"ImageObject\",\"inLanguage\":\"pl-PL\",\"@id\":\"https:\/\/stiftadmont.at\/blog\/antonius-gratiadei\/#primaryimage\",\"url\":\"https:\/\/stiftadmont.at\/wp-content\/uploads\/Abt-Anton-I-Dei-Gratia.jpg\",\"contentUrl\":\"https:\/\/stiftadmont.at\/wp-content\/uploads\/Abt-Anton-I-Dei-Gratia.jpg\",\"width\":2433,\"height\":2145,\"caption\":\"Abt Anton I Dei Gratia\"},{\"@type\":\"BreadcrumbList\",\"@id\":\"https:\/\/stiftadmont.at\/blog\/antonius-gratiadei\/#breadcrumb\",\"itemListElement\":[{\"@type\":\"ListItem\",\"position\":1,\"name\":\"Start\",\"item\":\"https:\/\/stiftadmont.at\/\"},{\"@type\":\"ListItem\",\"position\":2,\"name\":\"Antonius Gratiadei \u2013 Ein Admonter Abt in kaiserlichen Diensten\"}]},{\"@type\":\"WebSite\",\"@id\":\"https:\/\/stiftadmont.at\/#website\",\"url\":\"https:\/\/stiftadmont.at\/\",\"name\":\"Stift Admont\",\"description\":\"Benediktinerkloster und Sehensw\u00fcrdigkeit im Ges\u00e4use\",\"potentialAction\":[{\"@type\":\"SearchAction\",\"target\":{\"@type\":\"EntryPoint\",\"urlTemplate\":\"https:\/\/stiftadmont.at\/?s={search_term_string}\"},\"query-input\":{\"@type\":\"PropertyValueSpecification\",\"valueRequired\":true,\"valueName\":\"search_term_string\"}}],\"inLanguage\":\"pl-PL\"},{\"@type\":\"Person\",\"@id\":\"https:\/\/stiftadmont.at\/#\/schema\/person\/30535548b241d5f33a2e8b839db11869\",\"name\":\"Mario Brandm\u00fcller\"}]}<\/script>\n<!-- \/ Yoast SEO Premium plugin. -->","yoast_head_json":{"title":"Antonius Gratiadei - opat z Admont w s\u0142u\u017cbie cesarskiej - Opactwo Admont","description":"Przeczytaj najnowsze informacje o Antoniusie Gratiadei - opacie Admont w s\u0142u\u017cbie cesarskiej i wiele wi\u0119cej z klasztoru i parafii Admont.","robots":{"index":"index","follow":"follow","max-snippet":"max-snippet:-1","max-image-preview":"max-image-preview:large","max-video-preview":"max-video-preview:-1"},"canonical":"https:\/\/stiftadmont.at\/pl\/blog\/antonius-gratiadei\/","og_locale":"pl_PL","og_type":"article","og_title":"Antonius Gratiadei \u2013 Ein Admonter Abt in kaiserlichen Diensten","og_description":"Lesen Sie aktuelle Informationen zum Thema Antonius Gratiadei \u2013 Ein Admonter Abt in kaiserlichen Diensten und vieles mehr aus dem Konvent und der Pfarre Admont.","og_url":"https:\/\/stiftadmont.at\/pl\/blog\/antonius-gratiadei\/","og_site_name":"Stift Admont","article_published_time":"2021-12-09T05:26:42+00:00","article_modified_time":"2026-03-03T11:01:29+00:00","og_image":[{"width":2433,"height":2145,"url":"https:\/\/stiftadmont.at\/wp-content\/uploads\/Abt-Anton-I-Dei-Gratia.jpg","type":"image\/jpeg"}],"author":"Mario Brandm\u00fcller","twitter_card":"summary_large_image","twitter_misc":{"Napisane przez":"Mario Brandm\u00fcller","Szacowany czas czytania":"1 minuta"},"schema":{"@context":"https:\/\/schema.org","@graph":[{"@type":"Article","@id":"https:\/\/stiftadmont.at\/blog\/antonius-gratiadei\/#article","isPartOf":{"@id":"https:\/\/stiftadmont.at\/blog\/antonius-gratiadei\/"},"author":{"name":"Mario Brandm\u00fcller","@id":"https:\/\/stiftadmont.at\/#\/schema\/person\/30535548b241d5f33a2e8b839db11869"},"headline":"Antonius Gratiadei \u2013 Ein Admonter Abt in kaiserlichen Diensten","datePublished":"2021-12-09T05:26:42+00:00","dateModified":"2026-03-03T11:01:29+00:00","mainEntityOfPage":{"@id":"https:\/\/stiftadmont.at\/blog\/antonius-gratiadei\/"},"wordCount":8,"image":{"@id":"https:\/\/stiftadmont.at\/blog\/antonius-gratiadei\/#primaryimage"},"thumbnailUrl":"https:\/\/stiftadmont.at\/wp-content\/uploads\/Abt-Anton-I-Dei-Gratia.jpg","articleSection":["Geschichte"],"inLanguage":"pl-PL"},{"@type":"WebPage","@id":"https:\/\/stiftadmont.at\/blog\/antonius-gratiadei\/","url":"https:\/\/stiftadmont.at\/blog\/antonius-gratiadei\/","name":"Antonius Gratiadei - opat z Admont w s\u0142u\u017cbie cesarskiej - Opactwo Admont","isPartOf":{"@id":"https:\/\/stiftadmont.at\/#website"},"primaryImageOfPage":{"@id":"https:\/\/stiftadmont.at\/blog\/antonius-gratiadei\/#primaryimage"},"image":{"@id":"https:\/\/stiftadmont.at\/blog\/antonius-gratiadei\/#primaryimage"},"thumbnailUrl":"https:\/\/stiftadmont.at\/wp-content\/uploads\/Abt-Anton-I-Dei-Gratia.jpg","datePublished":"2021-12-09T05:26:42+00:00","dateModified":"2026-03-03T11:01:29+00:00","author":{"@id":"https:\/\/stiftadmont.at\/#\/schema\/person\/30535548b241d5f33a2e8b839db11869"},"description":"Przeczytaj najnowsze informacje o Antoniusie Gratiadei - opacie Admont w s\u0142u\u017cbie cesarskiej i wiele wi\u0119cej z klasztoru i parafii Admont.","breadcrumb":{"@id":"https:\/\/stiftadmont.at\/blog\/antonius-gratiadei\/#breadcrumb"},"inLanguage":"pl-PL","potentialAction":[{"@type":"ReadAction","target":["https:\/\/stiftadmont.at\/blog\/antonius-gratiadei\/"]}]},{"@type":"ImageObject","inLanguage":"pl-PL","@id":"https:\/\/stiftadmont.at\/blog\/antonius-gratiadei\/#primaryimage","url":"https:\/\/stiftadmont.at\/wp-content\/uploads\/Abt-Anton-I-Dei-Gratia.jpg","contentUrl":"https:\/\/stiftadmont.at\/wp-content\/uploads\/Abt-Anton-I-Dei-Gratia.jpg","width":2433,"height":2145,"caption":"Abt Anton I Dei Gratia"},{"@type":"BreadcrumbList","@id":"https:\/\/stiftadmont.at\/blog\/antonius-gratiadei\/#breadcrumb","itemListElement":[{"@type":"ListItem","position":1,"name":"Start","item":"https:\/\/stiftadmont.at\/"},{"@type":"ListItem","position":2,"name":"Antonius Gratiadei \u2013 Ein Admonter Abt in kaiserlichen Diensten"}]},{"@type":"WebSite","@id":"https:\/\/stiftadmont.at\/#website","url":"https:\/\/stiftadmont.at\/","name":"Opactwo Admont","description":"Benedykty\u0144ski klasztor i atrakcja turystyczna w Ges\u00e4use","potentialAction":[{"@type":"SearchAction","target":{"@type":"EntryPoint","urlTemplate":"https:\/\/stiftadmont.at\/?s={search_term_string}"},"query-input":{"@type":"PropertyValueSpecification","valueRequired":true,"valueName":"search_term_string"}}],"inLanguage":"pl-PL"},{"@type":"Person","@id":"https:\/\/stiftadmont.at\/#\/schema\/person\/30535548b241d5f33a2e8b839db11869","name":"Mario Brandm\u00fcller"}]}},"_links":{"self":[{"href":"https:\/\/stiftadmont.at\/pl\/wp-json\/wp\/v2\/posts\/7119","targetHints":{"allow":["GET"]}}],"collection":[{"href":"https:\/\/stiftadmont.at\/pl\/wp-json\/wp\/v2\/posts"}],"about":[{"href":"https:\/\/stiftadmont.at\/pl\/wp-json\/wp\/v2\/types\/post"}],"author":[{"embeddable":true,"href":"https:\/\/stiftadmont.at\/pl\/wp-json\/wp\/v2\/users\/7"}],"replies":[{"embeddable":true,"href":"https:\/\/stiftadmont.at\/pl\/wp-json\/wp\/v2\/comments?post=7119"}],"version-history":[{"count":8,"href":"https:\/\/stiftadmont.at\/pl\/wp-json\/wp\/v2\/posts\/7119\/revisions"}],"predecessor-version":[{"id":39893,"href":"https:\/\/stiftadmont.at\/pl\/wp-json\/wp\/v2\/posts\/7119\/revisions\/39893"}],"wp:featuredmedia":[{"embeddable":true,"href":"https:\/\/stiftadmont.at\/pl\/wp-json\/wp\/v2\/media\/7124"}],"wp:attachment":[{"href":"https:\/\/stiftadmont.at\/pl\/wp-json\/wp\/v2\/media?parent=7119"}],"wp:term":[{"taxonomy":"category","embeddable":true,"href":"https:\/\/stiftadmont.at\/pl\/wp-json\/wp\/v2\/categories?post=7119"}],"curies":[{"name":"wp","href":"https:\/\/api.w.org\/{rel}","templated":true}]}}