{"id":9957,"date":"2021-07-19T12:00:25","date_gmt":"2021-07-19T10:00:25","guid":{"rendered":"https:\/\/stiftadmont.at\/?p=9957"},"modified":"2022-04-25T22:45:29","modified_gmt":"2022-04-25T20:45:29","slug":"ekologiczny-transport-dla-regionu","status":"publish","type":"post","link":"https:\/\/stiftadmont.at\/pl\/blog\/gruener-verkehr-fuer-die-region\/","title":{"rendered":"Ekologiczny transport dla regionu"},"content":{"rendered":"<section id='lightpress__section--block_626706e9399e4' class='lightpress__section--default-section-space lightpress__section lightpress__section--content'><div class=\"content__inner\"\n         x-init=\"initContentBlockAnim($el)\">\n        \n    <div class=\"content__grid content__grid--fifty-fifty\">\n                                            <div class=\"content__box content__box\"\n                 style=\"\">\n                                \n                \n                                            <div class=\"prose\"><h2 class=\"heading-xxl line line--gold\">Ekologiczny transport dla regionu<\/h2>\n<p><strong>Poniedzia\u0142ek, 19 lipca 2021 r.<\/strong><\/p>\n<p><strong>Admont Abbey uruchamia wsp\u00f3\u0142dzielenie e-samochod\u00f3w<\/strong><\/p>\n<p>Po\u017cyczanie jest lepsze ni\u017c kupowanie. Zmniejsza to nie tylko koszty zakupu i utrzymania, ale tak\u017ce szkodliwe dla \u015brodowiska emisje CO2. Wsp\u00f3\u0142dzielenie samochod\u00f3w elektrycznych jest r\u00f3wnie\u017c rozs\u0105dnym dodatkiem do transportu publicznego. Aby zapewni\u0107 cyfrow\u0105 platform\u0119 rezerwacji e-samochod\u00f3w, benedykty\u0144ski klasztor Admont pozyska\u0142 wsparcie eksperckie \"Familiy of power\", europejskiej sp\u00f3\u0142dzielni non-profit promuj\u0105cej eko-spo\u0142eczne regiony gospodarcze. Rezerwacji mo\u017cna dokona\u0107 szybko i wygodnie za pomoc\u0105 smartfona, komputera lub tabletu: Wystarczy zarezerwowa\u0107 e-samoch\u00f3d online i mo\u017cna rusza\u0107 w drog\u0119 w spos\u00f3b przyjazny dla \u015brodowiska. Przed pierwsz\u0105 rezerwacj\u0105 wymagana jest jednorazowa rejestracja. Op\u0142ata b\u0119dzie naliczana za przejechane kilometry, z dzienn\u0105 stawk\u0105 rycza\u0142tow\u0105 za d\u0142u\u017csze podr\u00f3\u017ce.<\/p>\n<\/div>\n                    \n                            <\/div>\n        \n                                                    <div class=\"content__box content__box--2\"\n                     >\n                                        \n                    \n                                                <div class=\"content__media stickyTo\" x-init=\"imageSticky($el)\">\n\n                                                                                    <picture\n                                    class=\"content__image sticky\">\n                                <source srcset=\"https:\/\/stiftadmont.at\/wp-content\/uploads\/Stift-Admont-Gruener-Verkehr-1-1024x768.webp\" type=\"image\/webp\">\n                                <source srcset=\"https:\/\/stiftadmont.at\/wp-content\/uploads\/Stift-Admont-Gruener-Verkehr-1-1024x768.jpg\" type=\"image\/jpeg\">\n                                <img decoding=\"async\" class=\"sticky\" loading=\"lazy\" src=\"https:\/\/stiftadmont.at\/wp-content\/uploads\/Stift-Admont-Gruener-Verkehr-1-1024x768.jpg\" alt=\"Admont Abbey Green traffic 1\" \/>\n\n                                                                                                                            <\/picture>\n\n                        <\/div>\n\n                                    <\/div>\n            \n            <\/div>\n<\/div>\n\n<\/section>\n\n<section id='lightpress__section--block_6267073a399e7' class='lightpress__section--default-section-space lightpress__section lightpress__section--content'><div class=\"content__inner\"\n         x-init=\"initContentBlockAnim($el)\">\n        \n    <div class=\"content__grid content__grid\">\n                                            <div class=\"content__box content__box--one-hundred\"\n                 style=\"\">\n                                \n                \n                                            <div class=\"prose\"><h5 class=\"heading-m line line--red line--gold\">Sze\u015bciomiesi\u0119czny okres testowy<\/h5>\n<p>Zanim platforma wsp\u00f3\u0142dzielenia e-samochod\u00f3w zostanie oficjalnie uruchomiona, korzystanie z e-mobilno\u015bci musi zosta\u0107 najpierw przetestowane. W szczeg\u00f3lno\u015bci praktyczno\u015b\u0107 i przyjazno\u015b\u0107 dla klienta platformy rezerwacyjnej i stacji \u0142adowania zostan\u0105 poddane kompleksowej kontroli. Po sze\u015bciu miesi\u0105cach faza testowa ma zosta\u0107 zako\u0144czona, a operacje uruchomione. Franz Pichler, dyrektor ekonomiczny Opactwa Benedyktyn\u00f3w w Admont, wyja\u015bnia, dlaczego wsp\u00f3\u0142dzielenie e-samochod\u00f3w nie jest ju\u017c kwesti\u0105, kt\u00f3ra interesuje tylko du\u017ce miasta. \"Wykorzystuj\u0105c e-mobilno\u015b\u0107 w po\u0142\u0105czeniu z ekonomi\u0105 wsp\u00f3\u0142dzielenia, transport mo\u017ce by\u0107 zorganizowany w spos\u00f3b oszcz\u0119dzaj\u0105cy zasoby i przyjazny dla \u015brodowiska. Jest to cel, do kt\u00f3rego d\u0105\u017cy si\u0119 w ca\u0142ej Europie. Aby zapewni\u0107 przysz\u0142ym pokoleniom planet\u0119, na kt\u00f3rej warto \u017cy\u0107, Opactwo Benedyktyn\u00f3w Admont chce r\u00f3wnie\u017c przyczyni\u0107 si\u0119 do neutralno\u015bci klimatycznej\" - m\u00f3wi dyrektor ekonomiczny.<\/p>\n<p>Pierwszym krokiem by\u0142o wyposa\u017cenie pracownik\u00f3w klasztoru benedyktyn\u00f3w w VW e-Golf z salonu samochodowego Laimer w Liezen. Oznacza to, \u017ce podr\u00f3\u017ce s\u0142u\u017cbowe i prywatne mog\u0105 teraz odbywa\u0107 si\u0119 pojazdem przyjaznym dla \u015brodowiska.<\/p>\n<h5 class=\"heading-m line line--gold\">Stacje \u0142adowania bez zobowi\u0105za\u0144<\/h5>\n<p>Stacja \u0142adowania jest dla samochod\u00f3w elektrycznych tym, czym stacja benzynowa dla pojazd\u00f3w nap\u0119dzanych benzyn\u0105 lub olejem nap\u0119dowym. Jedyny haczyk: \u0142adowanie jest cz\u0119sto mo\u017cliwe tylko w przypadku cz\u0142onkostwa w stowarzyszeniu lub klubie z odpowiednim dostawc\u0105 stacji \u0142adowania. Inaczej jest w przypadku lokalnego producenta energii elektrycznej Envesta. Dwie stacje \u0142adowania, kt\u00f3re znajduj\u0105 si\u0119 tu\u017c obok budynku firmy Envesta i hotelu Spirodom w Admont, s\u0105 publicznie dost\u0119pne i mo\u017cna z nich \u0142atwo korzysta\u0107 za pomoc\u0105 karty debetowej lub kredytowej. Bez \u017cadnych sta\u0142ych zobowi\u0105za\u0144. Envesta oferuje r\u00f3wnie\u017c stacj\u0119 \u0142adowania rower\u00f3w elektrycznych. \u0141adowanie jest tu nawet bezp\u0142atne. Stacja \u0142adowania znajduje si\u0119 na parkingu przed budynkiem firmy Envesta. Ogromn\u0105 zalet\u0105 tej lokalizacji jest to, \u017ce podczas gdy bateria jest \u0142adowana naturaln\u0105 energi\u0105 elektryczn\u0105 Admont, rowerzy\u015bci mog\u0105 spacerowa\u0107 po rozleg\u0142ych terenach opactwa, odwiedzi\u0107 piwnic\u0119 opactwa lub muzeum opactwa.<\/p>\n<h5 class=\"heading-m line line--gold\">Kompetentne doradztwo<\/h5>\n<p>Nowa platforma wsp\u00f3\u0142dzielenia e-samochod\u00f3w jest nie tylko mile widzian\u0105 alternatyw\u0105 dla posiadania w\u0142asnego samochodu, ale tak\u017ce oferuje nieskomplikowan\u0105 mo\u017cliwo\u015b\u0107 przetestowania dla wszystkich tych, kt\u00f3rzy sami chc\u0105 kupi\u0107 e-samoch\u00f3d. Przed dokonaniem zakupu nale\u017cy jednak uzyska\u0107 kompleksow\u0105 porad\u0119 od dostawcy sieci elektrycznej, podkre\u015bla dyrektor zarz\u0105dzaj\u0105cy Envesta Christoph Hell: \"Wa\u017cne jest, aby uzyska\u0107 wszystkie istotne informacje, aby koszty nie by\u0142y zaskoczeniem. Jako krajowy operator sieci energetycznej posiadamy specjalistyczn\u0105 wiedz\u0119 w zakresie doradztwa przy zakupie stacji \u0142adowania i mo\u017cliwo\u015bci uzyskania dotacji\".<\/p>\n<\/div>\n                    \n                            <\/div>\n        \n            <\/div>\n<\/div>\n\n<\/section>","protected":false},"excerpt":{"rendered":"<p>Admont Abbey uruchamia platform\u0119 e-car sharing! Deklarowanym celem jest utworzenie platformy wsp\u00f3\u0142dzielenia e-samochod\u00f3w w wi\u0119kszym obszarze Admont.<\/p>","protected":false},"author":7,"featured_media":9958,"comment_status":"closed","ping_status":"closed","sticky":false,"template":"","format":"standard","meta":{"_acf_changed":false,"footnotes":""},"categories":[23],"class_list":["post-9957","post","type-post","status-publish","format-standard","has-post-thumbnail","hentry","category-einrichtungen-aktuell"],"acf":[],"yoast_head":"<!-- This site is optimized with the Yoast SEO Premium plugin v26.0 (Yoast SEO v26.8) - https:\/\/yoast.com\/product\/yoast-seo-premium-wordpress\/ -->\n<title>Gr\u00fcner Verkehr f\u00fcr die Region - Stift Admont<\/title>\n<meta name=\"description\" content=\"Lesen Sie aktuelle Informationen zum Thema Gr\u00fcner Verkehr f\u00fcr die Region und vieles mehr aus dem Konvent und der Pfarre Admont.\" \/>\n<meta name=\"robots\" content=\"index, follow, max-snippet:-1, max-image-preview:large, max-video-preview:-1\" \/>\n<link rel=\"canonical\" href=\"https:\/\/stiftadmont.at\/pl\/blog\/ekologiczny-transport-dla-regionu\/\" \/>\n<meta property=\"og:locale\" content=\"pl_PL\" \/>\n<meta property=\"og:type\" content=\"article\" \/>\n<meta property=\"og:title\" content=\"Gr\u00fcner Verkehr f\u00fcr die Region\" \/>\n<meta property=\"og:description\" content=\"Lesen Sie aktuelle Informationen zum Thema Gr\u00fcner Verkehr f\u00fcr die Region und vieles mehr aus dem Konvent und der Pfarre Admont.\" \/>\n<meta property=\"og:url\" content=\"https:\/\/stiftadmont.at\/pl\/blog\/ekologiczny-transport-dla-regionu\/\" \/>\n<meta property=\"og:site_name\" content=\"Stift Admont\" \/>\n<meta property=\"article:published_time\" content=\"2021-07-19T10:00:25+00:00\" \/>\n<meta property=\"article:modified_time\" content=\"2022-04-25T20:45:29+00:00\" \/>\n<meta property=\"og:image\" content=\"https:\/\/stiftadmont.at\/wp-content\/uploads\/Stift-Admont-Gruener-Verkehr-1.jpg\" \/>\n\t<meta property=\"og:image:width\" content=\"1600\" \/>\n\t<meta property=\"og:image:height\" content=\"1200\" \/>\n\t<meta property=\"og:image:type\" content=\"image\/jpeg\" \/>\n<meta name=\"author\" content=\"Mario Brandm\u00fcller\" \/>\n<meta name=\"twitter:card\" content=\"summary_large_image\" \/>\n<meta name=\"twitter:label1\" content=\"Napisane przez\" \/>\n\t<meta name=\"twitter:data1\" content=\"Mario Brandm\u00fcller\" \/>\n<script type=\"application\/ld+json\" class=\"yoast-schema-graph\">{\"@context\":\"https:\/\/schema.org\",\"@graph\":[{\"@type\":\"Article\",\"@id\":\"https:\/\/stiftadmont.at\/blog\/gruener-verkehr-fuer-die-region\/#article\",\"isPartOf\":{\"@id\":\"https:\/\/stiftadmont.at\/blog\/gruener-verkehr-fuer-die-region\/\"},\"author\":{\"name\":\"Mario Brandm\u00fcller\",\"@id\":\"https:\/\/stiftadmont.at\/#\/schema\/person\/30535548b241d5f33a2e8b839db11869\"},\"headline\":\"Gr\u00fcner Verkehr f\u00fcr die Region\",\"datePublished\":\"2021-07-19T10:00:25+00:00\",\"dateModified\":\"2022-04-25T20:45:29+00:00\",\"mainEntityOfPage\":{\"@id\":\"https:\/\/stiftadmont.at\/blog\/gruener-verkehr-fuer-die-region\/\"},\"wordCount\":7,\"image\":{\"@id\":\"https:\/\/stiftadmont.at\/blog\/gruener-verkehr-fuer-die-region\/#primaryimage\"},\"thumbnailUrl\":\"https:\/\/stiftadmont.at\/wp-content\/uploads\/Stift-Admont-Gruener-Verkehr-1.jpg\",\"articleSection\":[\"Einrichtungen aktuell\"],\"inLanguage\":\"pl-PL\"},{\"@type\":\"WebPage\",\"@id\":\"https:\/\/stiftadmont.at\/blog\/gruener-verkehr-fuer-die-region\/\",\"url\":\"https:\/\/stiftadmont.at\/blog\/gruener-verkehr-fuer-die-region\/\",\"name\":\"Gr\u00fcner Verkehr f\u00fcr die Region - Stift Admont\",\"isPartOf\":{\"@id\":\"https:\/\/stiftadmont.at\/#website\"},\"primaryImageOfPage\":{\"@id\":\"https:\/\/stiftadmont.at\/blog\/gruener-verkehr-fuer-die-region\/#primaryimage\"},\"image\":{\"@id\":\"https:\/\/stiftadmont.at\/blog\/gruener-verkehr-fuer-die-region\/#primaryimage\"},\"thumbnailUrl\":\"https:\/\/stiftadmont.at\/wp-content\/uploads\/Stift-Admont-Gruener-Verkehr-1.jpg\",\"datePublished\":\"2021-07-19T10:00:25+00:00\",\"dateModified\":\"2022-04-25T20:45:29+00:00\",\"author\":{\"@id\":\"https:\/\/stiftadmont.at\/#\/schema\/person\/30535548b241d5f33a2e8b839db11869\"},\"description\":\"Lesen Sie aktuelle Informationen zum Thema Gr\u00fcner Verkehr f\u00fcr die Region und vieles mehr aus dem Konvent und der Pfarre Admont.\",\"breadcrumb\":{\"@id\":\"https:\/\/stiftadmont.at\/blog\/gruener-verkehr-fuer-die-region\/#breadcrumb\"},\"inLanguage\":\"pl-PL\",\"potentialAction\":[{\"@type\":\"ReadAction\",\"target\":[\"https:\/\/stiftadmont.at\/blog\/gruener-verkehr-fuer-die-region\/\"]}]},{\"@type\":\"ImageObject\",\"inLanguage\":\"pl-PL\",\"@id\":\"https:\/\/stiftadmont.at\/blog\/gruener-verkehr-fuer-die-region\/#primaryimage\",\"url\":\"https:\/\/stiftadmont.at\/wp-content\/uploads\/Stift-Admont-Gruener-Verkehr-1.jpg\",\"contentUrl\":\"https:\/\/stiftadmont.at\/wp-content\/uploads\/Stift-Admont-Gruener-Verkehr-1.jpg\",\"width\":1600,\"height\":1200,\"caption\":\"Stift Admont Gruener Verkehr 1\"},{\"@type\":\"BreadcrumbList\",\"@id\":\"https:\/\/stiftadmont.at\/blog\/gruener-verkehr-fuer-die-region\/#breadcrumb\",\"itemListElement\":[{\"@type\":\"ListItem\",\"position\":1,\"name\":\"Start\",\"item\":\"https:\/\/stiftadmont.at\/\"},{\"@type\":\"ListItem\",\"position\":2,\"name\":\"Gr\u00fcner Verkehr f\u00fcr die Region\"}]},{\"@type\":\"WebSite\",\"@id\":\"https:\/\/stiftadmont.at\/#website\",\"url\":\"https:\/\/stiftadmont.at\/\",\"name\":\"Stift Admont\",\"description\":\"Benediktinerkloster und Sehensw\u00fcrdigkeit im Ges\u00e4use\",\"potentialAction\":[{\"@type\":\"SearchAction\",\"target\":{\"@type\":\"EntryPoint\",\"urlTemplate\":\"https:\/\/stiftadmont.at\/?s={search_term_string}\"},\"query-input\":{\"@type\":\"PropertyValueSpecification\",\"valueRequired\":true,\"valueName\":\"search_term_string\"}}],\"inLanguage\":\"pl-PL\"},{\"@type\":\"Person\",\"@id\":\"https:\/\/stiftadmont.at\/#\/schema\/person\/30535548b241d5f33a2e8b839db11869\",\"name\":\"Mario Brandm\u00fcller\"}]}<\/script>\n<!-- \/ Yoast SEO Premium plugin. -->","yoast_head_json":{"title":"Zielony transport dla regionu - Opactwo Admont","description":"Zapoznaj si\u0119 z najnowszymi informacjami na temat ekologicznego transportu w regionie i wieloma innymi informacjami z klasztoru i parafii Admont.","robots":{"index":"index","follow":"follow","max-snippet":"max-snippet:-1","max-image-preview":"max-image-preview:large","max-video-preview":"max-video-preview:-1"},"canonical":"https:\/\/stiftadmont.at\/pl\/blog\/ekologiczny-transport-dla-regionu\/","og_locale":"pl_PL","og_type":"article","og_title":"Gr\u00fcner Verkehr f\u00fcr die Region","og_description":"Lesen Sie aktuelle Informationen zum Thema Gr\u00fcner Verkehr f\u00fcr die Region und vieles mehr aus dem Konvent und der Pfarre Admont.","og_url":"https:\/\/stiftadmont.at\/pl\/blog\/ekologiczny-transport-dla-regionu\/","og_site_name":"Stift Admont","article_published_time":"2021-07-19T10:00:25+00:00","article_modified_time":"2022-04-25T20:45:29+00:00","og_image":[{"width":1600,"height":1200,"url":"https:\/\/stiftadmont.at\/wp-content\/uploads\/Stift-Admont-Gruener-Verkehr-1.jpg","type":"image\/jpeg"}],"author":"Mario Brandm\u00fcller","twitter_card":"summary_large_image","twitter_misc":{"Napisane przez":"Mario Brandm\u00fcller"},"schema":{"@context":"https:\/\/schema.org","@graph":[{"@type":"Article","@id":"https:\/\/stiftadmont.at\/blog\/gruener-verkehr-fuer-die-region\/#article","isPartOf":{"@id":"https:\/\/stiftadmont.at\/blog\/gruener-verkehr-fuer-die-region\/"},"author":{"name":"Mario Brandm\u00fcller","@id":"https:\/\/stiftadmont.at\/#\/schema\/person\/30535548b241d5f33a2e8b839db11869"},"headline":"Gr\u00fcner Verkehr f\u00fcr die Region","datePublished":"2021-07-19T10:00:25+00:00","dateModified":"2022-04-25T20:45:29+00:00","mainEntityOfPage":{"@id":"https:\/\/stiftadmont.at\/blog\/gruener-verkehr-fuer-die-region\/"},"wordCount":7,"image":{"@id":"https:\/\/stiftadmont.at\/blog\/gruener-verkehr-fuer-die-region\/#primaryimage"},"thumbnailUrl":"https:\/\/stiftadmont.at\/wp-content\/uploads\/Stift-Admont-Gruener-Verkehr-1.jpg","articleSection":["Einrichtungen aktuell"],"inLanguage":"pl-PL"},{"@type":"WebPage","@id":"https:\/\/stiftadmont.at\/blog\/gruener-verkehr-fuer-die-region\/","url":"https:\/\/stiftadmont.at\/blog\/gruener-verkehr-fuer-die-region\/","name":"Zielony transport dla regionu - Opactwo Admont","isPartOf":{"@id":"https:\/\/stiftadmont.at\/#website"},"primaryImageOfPage":{"@id":"https:\/\/stiftadmont.at\/blog\/gruener-verkehr-fuer-die-region\/#primaryimage"},"image":{"@id":"https:\/\/stiftadmont.at\/blog\/gruener-verkehr-fuer-die-region\/#primaryimage"},"thumbnailUrl":"https:\/\/stiftadmont.at\/wp-content\/uploads\/Stift-Admont-Gruener-Verkehr-1.jpg","datePublished":"2021-07-19T10:00:25+00:00","dateModified":"2022-04-25T20:45:29+00:00","author":{"@id":"https:\/\/stiftadmont.at\/#\/schema\/person\/30535548b241d5f33a2e8b839db11869"},"description":"Zapoznaj si\u0119 z najnowszymi informacjami na temat ekologicznego transportu w regionie i wieloma innymi informacjami z klasztoru i parafii Admont.","breadcrumb":{"@id":"https:\/\/stiftadmont.at\/blog\/gruener-verkehr-fuer-die-region\/#breadcrumb"},"inLanguage":"pl-PL","potentialAction":[{"@type":"ReadAction","target":["https:\/\/stiftadmont.at\/blog\/gruener-verkehr-fuer-die-region\/"]}]},{"@type":"ImageObject","inLanguage":"pl-PL","@id":"https:\/\/stiftadmont.at\/blog\/gruener-verkehr-fuer-die-region\/#primaryimage","url":"https:\/\/stiftadmont.at\/wp-content\/uploads\/Stift-Admont-Gruener-Verkehr-1.jpg","contentUrl":"https:\/\/stiftadmont.at\/wp-content\/uploads\/Stift-Admont-Gruener-Verkehr-1.jpg","width":1600,"height":1200,"caption":"Stift Admont Gruener Verkehr 1"},{"@type":"BreadcrumbList","@id":"https:\/\/stiftadmont.at\/blog\/gruener-verkehr-fuer-die-region\/#breadcrumb","itemListElement":[{"@type":"ListItem","position":1,"name":"Start","item":"https:\/\/stiftadmont.at\/"},{"@type":"ListItem","position":2,"name":"Gr\u00fcner Verkehr f\u00fcr die Region"}]},{"@type":"WebSite","@id":"https:\/\/stiftadmont.at\/#website","url":"https:\/\/stiftadmont.at\/","name":"Opactwo Admont","description":"Benedykty\u0144ski klasztor i atrakcja turystyczna w Ges\u00e4use","potentialAction":[{"@type":"SearchAction","target":{"@type":"EntryPoint","urlTemplate":"https:\/\/stiftadmont.at\/?s={search_term_string}"},"query-input":{"@type":"PropertyValueSpecification","valueRequired":true,"valueName":"search_term_string"}}],"inLanguage":"pl-PL"},{"@type":"Person","@id":"https:\/\/stiftadmont.at\/#\/schema\/person\/30535548b241d5f33a2e8b839db11869","name":"Mario Brandm\u00fcller"}]}},"_links":{"self":[{"href":"https:\/\/stiftadmont.at\/pl\/wp-json\/wp\/v2\/posts\/9957","targetHints":{"allow":["GET"]}}],"collection":[{"href":"https:\/\/stiftadmont.at\/pl\/wp-json\/wp\/v2\/posts"}],"about":[{"href":"https:\/\/stiftadmont.at\/pl\/wp-json\/wp\/v2\/types\/post"}],"author":[{"embeddable":true,"href":"https:\/\/stiftadmont.at\/pl\/wp-json\/wp\/v2\/users\/7"}],"replies":[{"embeddable":true,"href":"https:\/\/stiftadmont.at\/pl\/wp-json\/wp\/v2\/comments?post=9957"}],"version-history":[{"count":8,"href":"https:\/\/stiftadmont.at\/pl\/wp-json\/wp\/v2\/posts\/9957\/revisions"}],"predecessor-version":[{"id":9966,"href":"https:\/\/stiftadmont.at\/pl\/wp-json\/wp\/v2\/posts\/9957\/revisions\/9966"}],"wp:featuredmedia":[{"embeddable":true,"href":"https:\/\/stiftadmont.at\/pl\/wp-json\/wp\/v2\/media\/9958"}],"wp:attachment":[{"href":"https:\/\/stiftadmont.at\/pl\/wp-json\/wp\/v2\/media?parent=9957"}],"wp:term":[{"taxonomy":"category","embeddable":true,"href":"https:\/\/stiftadmont.at\/pl\/wp-json\/wp\/v2\/categories?post=9957"}],"curies":[{"name":"wp","href":"https:\/\/api.w.org\/{rel}","templated":true}]}}