{"id":9994,"date":"2021-12-09T12:00:00","date_gmt":"2021-12-09T10:00:00","guid":{"rendered":"https:\/\/stiftadmont.at\/?p=9994"},"modified":"2023-09-30T16:41:51","modified_gmt":"2023-09-30T14:41:51","slug":"kaiserau-startuje","status":"publish","type":"post","link":"https:\/\/stiftadmont.at\/pl\/blog\/kaiserau-startet-los\/","title":{"rendered":"Kaiserau startuje"},"content":{"rendered":"<section id='lightpress__section--block_19fa33edc18e8a06e3fd1b2174488b62' class='lightpress__section--default-section-space lightpress__section lightpress__section--content'><div class=\"content__inner\"\n         x-init=\"initContentBlockAnim($el)\">\n        \n    <div class=\"content__grid content__grid\">\n                                            <div class=\"content__box content__box--one-hundred\"\n                 style=\"\">\n                                \n                \n                                            <div class=\"prose\"><h2 class=\"heading-xxl line line--gold\">Kaiserau startuje<\/h2>\n<p><strong>Czwartek, 9 grudnia 2021 r. <\/strong><\/p>\n<p>Jazda na nartach na Kaiserau rozpocznie si\u0119 w najbli\u017csz\u0105 sobot\u0119, 11 grudnia 2021 roku. Karnety sezonowe s\u0105 r\u00f3wnie\u017c dost\u0119pne w przedsprzeda\u017cy.<\/p>\n<p>Ogromne ilo\u015bci \u015bwie\u017cego \u015bniegu sprawiaj\u0105, \u017ce jest to mo\u017cliwe: Kaiserau otwiera si\u0119 wcze\u015bniej ni\u017c planowano. Popularny rodzinny o\u015brodek narciarski rozpocznie tegoroczny sezon zimowy ju\u017c w najbli\u017csz\u0105 sobot\u0119. Pocz\u0105tkowo z Kinderland i wyci\u0105giem Schlosslift. Od 18 grudnia wszystkie wyci\u0105gi b\u0119d\u0105 czynne codziennie od 09:00 do 16:00. Chocia\u017c wszystko wskazuje na \u015bnie\u017cn\u0105 zim\u0119, dyrektor zarz\u0105dzaj\u0105cy Kaiserau Mario Brandm\u00fcller podkre\u015bla, \u017ce o\u015brodek nie polega wy\u0142\u0105cznie na naturalnym \u015bniegu: \"W tym roku zainwestowali\u015bmy du\u017co pieni\u0119dzy w system na\u015bnie\u017cania i mamy nadziej\u0119 na wielu go\u015bci pomimo obowi\u0105zuj\u0105cych przepis\u00f3w dotycz\u0105cych koronawirusa\". Podobnie jak we wszystkich innych o\u015brodkach narciarskich, obowi\u0105zkowa zasada 2G obowi\u0105zuje r\u00f3wnie\u017c w Kaiserau.<\/p>\n<p>Aby sprzeda\u017c bilet\u00f3w by\u0142a szybsza i bardziej wydajna, w zesz\u0142ym roku zainstalowano drug\u0105 kas\u0119 biletow\u0105. \"W tym roku mo\u017cemy zaoferowa\u0107 maksymaln\u0105 oszcz\u0119dno\u015b\u0107 czasu przy zakupie bilet\u00f3w i unikn\u0105\u0107 niepotrzebnego kontaktu z powodu d\u0142ugich kolejek\" - m\u00f3wi Brandm\u00fcller. Ponadto zainwestowano 400 000 euro w popraw\u0119 infrastruktury. Dobr\u0105 jako\u015b\u0107 o\u015brodka narciarskiego potwierdza r\u00f3wnie\u017c Austriacki Znak Jako\u015bci Stok\u00f3w, kt\u00f3ry zosta\u0142 przyznany Kaiserau w zesz\u0142ym roku. Jednog\u0142o\u015bny werdykt jury: Znakomity.<\/p>\n<p>Opr\u00f3cz dobrej jako\u015bci stok\u00f3w, Kaiserau zdobywa r\u00f3wnie\u017c punkty za bycie przyjaznym dla rodzin. \"Narciarstwo musi pozosta\u0107 przyst\u0119pne cenowo\", podkre\u015bla Brandm\u00fcller, kt\u00f3ry stawia na umiarkowane ceny. Pomimo wczesnego rozpocz\u0119cia tegorocznego sezonu zimowego, przedsprzeda\u017c karnet\u00f3w sezonowych r\u00f3wnie\u017c jest ju\u017c w toku <strong>do 23 grudnia<\/strong>. Informacje i zam\u00f3wienia pod numerem: 0664 \/ 60 353 550<\/p>\n<\/div>\n                    \n                            <\/div>\n        \n            <\/div>\n<\/div>\n\n<\/section>","protected":false},"excerpt":{"rendered":"<p>O\u015brodek narciarski Kaiserau rozpoczyna sezon zimowy 2021\/22 i otwiera wyci\u0105gi 11 grudnia 2021 r.<\/p>","protected":false},"author":7,"featured_media":9995,"comment_status":"closed","ping_status":"closed","sticky":false,"template":"","format":"standard","meta":{"_acf_changed":false,"footnotes":""},"categories":[23,65],"class_list":["post-9994","post","type-post","status-publish","format-standard","has-post-thumbnail","hentry","category-einrichtungen-aktuell","category-kaiserau-aktuell"],"acf":[],"yoast_head":"<!-- This site is optimized with the Yoast SEO Premium plugin v26.0 (Yoast SEO v26.8) - https:\/\/yoast.com\/product\/yoast-seo-premium-wordpress\/ -->\n<title>Kaiserau startet los - Stift Admont<\/title>\n<meta name=\"description\" content=\"Lesen Sie aktuelle Informationen zum Thema Kaiserau startet los und vieles mehr aus dem Konvent und der Pfarre Admont.\" \/>\n<meta name=\"robots\" content=\"index, follow, max-snippet:-1, max-image-preview:large, max-video-preview:-1\" \/>\n<link rel=\"canonical\" href=\"https:\/\/stiftadmont.at\/pl\/blog\/kaiserau-startuje\/\" \/>\n<meta property=\"og:locale\" content=\"pl_PL\" \/>\n<meta property=\"og:type\" content=\"article\" \/>\n<meta property=\"og:title\" content=\"Kaiserau startet los\" \/>\n<meta property=\"og:description\" content=\"Lesen Sie aktuelle Informationen zum Thema Kaiserau startet los und vieles mehr aus dem Konvent und der Pfarre Admont.\" \/>\n<meta property=\"og:url\" content=\"https:\/\/stiftadmont.at\/pl\/blog\/kaiserau-startuje\/\" \/>\n<meta property=\"og:site_name\" content=\"Stift Admont\" \/>\n<meta property=\"article:published_time\" content=\"2021-12-09T10:00:00+00:00\" \/>\n<meta property=\"article:modified_time\" content=\"2023-09-30T14:41:51+00:00\" \/>\n<meta property=\"og:image\" content=\"https:\/\/stiftadmont.at\/wp-content\/uploads\/Kaiserau\u00a9StefanLeitner_011-1024x683.jpg\" \/>\n\t<meta property=\"og:image:width\" content=\"1024\" \/>\n\t<meta property=\"og:image:height\" content=\"683\" \/>\n\t<meta property=\"og:image:type\" content=\"image\/jpeg\" \/>\n<meta name=\"author\" content=\"Mario Brandm\u00fcller\" \/>\n<meta name=\"twitter:card\" content=\"summary_large_image\" \/>\n<meta name=\"twitter:label1\" content=\"Napisane przez\" \/>\n\t<meta name=\"twitter:data1\" content=\"Mario Brandm\u00fcller\" \/>\n<script type=\"application\/ld+json\" class=\"yoast-schema-graph\">{\"@context\":\"https:\/\/schema.org\",\"@graph\":[{\"@type\":\"Article\",\"@id\":\"https:\/\/stiftadmont.at\/blog\/kaiserau-startet-los\/#article\",\"isPartOf\":{\"@id\":\"https:\/\/stiftadmont.at\/blog\/kaiserau-startet-los\/\"},\"author\":{\"name\":\"Mario Brandm\u00fcller\",\"@id\":\"https:\/\/stiftadmont.at\/#\/schema\/person\/30535548b241d5f33a2e8b839db11869\"},\"headline\":\"Kaiserau startet los\",\"datePublished\":\"2021-12-09T10:00:00+00:00\",\"dateModified\":\"2023-09-30T14:41:51+00:00\",\"mainEntityOfPage\":{\"@id\":\"https:\/\/stiftadmont.at\/blog\/kaiserau-startet-los\/\"},\"wordCount\":3,\"image\":{\"@id\":\"https:\/\/stiftadmont.at\/blog\/kaiserau-startet-los\/#primaryimage\"},\"thumbnailUrl\":\"https:\/\/stiftadmont.at\/wp-content\/uploads\/Kaiserau\u00a9StefanLeitner_011.jpg\",\"articleSection\":[\"Einrichtungen aktuell\",\"Kaiserau\"],\"inLanguage\":\"pl-PL\"},{\"@type\":\"WebPage\",\"@id\":\"https:\/\/stiftadmont.at\/blog\/kaiserau-startet-los\/\",\"url\":\"https:\/\/stiftadmont.at\/blog\/kaiserau-startet-los\/\",\"name\":\"Kaiserau startet los - Stift Admont\",\"isPartOf\":{\"@id\":\"https:\/\/stiftadmont.at\/#website\"},\"primaryImageOfPage\":{\"@id\":\"https:\/\/stiftadmont.at\/blog\/kaiserau-startet-los\/#primaryimage\"},\"image\":{\"@id\":\"https:\/\/stiftadmont.at\/blog\/kaiserau-startet-los\/#primaryimage\"},\"thumbnailUrl\":\"https:\/\/stiftadmont.at\/wp-content\/uploads\/Kaiserau\u00a9StefanLeitner_011.jpg\",\"datePublished\":\"2021-12-09T10:00:00+00:00\",\"dateModified\":\"2023-09-30T14:41:51+00:00\",\"author\":{\"@id\":\"https:\/\/stiftadmont.at\/#\/schema\/person\/30535548b241d5f33a2e8b839db11869\"},\"description\":\"Lesen Sie aktuelle Informationen zum Thema Kaiserau startet los und vieles mehr aus dem Konvent und der Pfarre Admont.\",\"breadcrumb\":{\"@id\":\"https:\/\/stiftadmont.at\/blog\/kaiserau-startet-los\/#breadcrumb\"},\"inLanguage\":\"pl-PL\",\"potentialAction\":[{\"@type\":\"ReadAction\",\"target\":[\"https:\/\/stiftadmont.at\/blog\/kaiserau-startet-los\/\"]}]},{\"@type\":\"ImageObject\",\"inLanguage\":\"pl-PL\",\"@id\":\"https:\/\/stiftadmont.at\/blog\/kaiserau-startet-los\/#primaryimage\",\"url\":\"https:\/\/stiftadmont.at\/wp-content\/uploads\/Kaiserau\u00a9StefanLeitner_011.jpg\",\"contentUrl\":\"https:\/\/stiftadmont.at\/wp-content\/uploads\/Kaiserau\u00a9StefanLeitner_011.jpg\",\"width\":2500,\"height\":1667,\"caption\":\"Skigebiet Kaiserau \u00a9 Stefan Leitner\"},{\"@type\":\"BreadcrumbList\",\"@id\":\"https:\/\/stiftadmont.at\/blog\/kaiserau-startet-los\/#breadcrumb\",\"itemListElement\":[{\"@type\":\"ListItem\",\"position\":1,\"name\":\"Start\",\"item\":\"https:\/\/stiftadmont.at\/\"},{\"@type\":\"ListItem\",\"position\":2,\"name\":\"Kaiserau startet los\"}]},{\"@type\":\"WebSite\",\"@id\":\"https:\/\/stiftadmont.at\/#website\",\"url\":\"https:\/\/stiftadmont.at\/\",\"name\":\"Stift Admont\",\"description\":\"Benediktinerkloster und Sehensw\u00fcrdigkeit im Ges\u00e4use\",\"potentialAction\":[{\"@type\":\"SearchAction\",\"target\":{\"@type\":\"EntryPoint\",\"urlTemplate\":\"https:\/\/stiftadmont.at\/?s={search_term_string}\"},\"query-input\":{\"@type\":\"PropertyValueSpecification\",\"valueRequired\":true,\"valueName\":\"search_term_string\"}}],\"inLanguage\":\"pl-PL\"},{\"@type\":\"Person\",\"@id\":\"https:\/\/stiftadmont.at\/#\/schema\/person\/30535548b241d5f33a2e8b839db11869\",\"name\":\"Mario Brandm\u00fcller\"}]}<\/script>\n<!-- \/ Yoast SEO Premium plugin. -->","yoast_head_json":{"title":"Kaiserau startuje - Opactwo Admont","description":"Przeczytaj najnowsze informacje o pocz\u0105tkach Kaiserau i wiele wi\u0119cej z klasztoru i parafii Admont.","robots":{"index":"index","follow":"follow","max-snippet":"max-snippet:-1","max-image-preview":"max-image-preview:large","max-video-preview":"max-video-preview:-1"},"canonical":"https:\/\/stiftadmont.at\/pl\/blog\/kaiserau-startuje\/","og_locale":"pl_PL","og_type":"article","og_title":"Kaiserau startet los","og_description":"Lesen Sie aktuelle Informationen zum Thema Kaiserau startet los und vieles mehr aus dem Konvent und der Pfarre Admont.","og_url":"https:\/\/stiftadmont.at\/pl\/blog\/kaiserau-startuje\/","og_site_name":"Stift Admont","article_published_time":"2021-12-09T10:00:00+00:00","article_modified_time":"2023-09-30T14:41:51+00:00","og_image":[{"width":1024,"height":683,"url":"https:\/\/stiftadmont.at\/wp-content\/uploads\/Kaiserau\u00a9StefanLeitner_011-1024x683.jpg","type":"image\/jpeg"}],"author":"Mario Brandm\u00fcller","twitter_card":"summary_large_image","twitter_misc":{"Napisane przez":"Mario Brandm\u00fcller"},"schema":{"@context":"https:\/\/schema.org","@graph":[{"@type":"Article","@id":"https:\/\/stiftadmont.at\/blog\/kaiserau-startet-los\/#article","isPartOf":{"@id":"https:\/\/stiftadmont.at\/blog\/kaiserau-startet-los\/"},"author":{"name":"Mario Brandm\u00fcller","@id":"https:\/\/stiftadmont.at\/#\/schema\/person\/30535548b241d5f33a2e8b839db11869"},"headline":"Kaiserau startet los","datePublished":"2021-12-09T10:00:00+00:00","dateModified":"2023-09-30T14:41:51+00:00","mainEntityOfPage":{"@id":"https:\/\/stiftadmont.at\/blog\/kaiserau-startet-los\/"},"wordCount":3,"image":{"@id":"https:\/\/stiftadmont.at\/blog\/kaiserau-startet-los\/#primaryimage"},"thumbnailUrl":"https:\/\/stiftadmont.at\/wp-content\/uploads\/Kaiserau\u00a9StefanLeitner_011.jpg","articleSection":["Einrichtungen aktuell","Kaiserau"],"inLanguage":"pl-PL"},{"@type":"WebPage","@id":"https:\/\/stiftadmont.at\/blog\/kaiserau-startet-los\/","url":"https:\/\/stiftadmont.at\/blog\/kaiserau-startet-los\/","name":"Kaiserau startuje - Opactwo Admont","isPartOf":{"@id":"https:\/\/stiftadmont.at\/#website"},"primaryImageOfPage":{"@id":"https:\/\/stiftadmont.at\/blog\/kaiserau-startet-los\/#primaryimage"},"image":{"@id":"https:\/\/stiftadmont.at\/blog\/kaiserau-startet-los\/#primaryimage"},"thumbnailUrl":"https:\/\/stiftadmont.at\/wp-content\/uploads\/Kaiserau\u00a9StefanLeitner_011.jpg","datePublished":"2021-12-09T10:00:00+00:00","dateModified":"2023-09-30T14:41:51+00:00","author":{"@id":"https:\/\/stiftadmont.at\/#\/schema\/person\/30535548b241d5f33a2e8b839db11869"},"description":"Przeczytaj najnowsze informacje o pocz\u0105tkach Kaiserau i wiele wi\u0119cej z klasztoru i parafii Admont.","breadcrumb":{"@id":"https:\/\/stiftadmont.at\/blog\/kaiserau-startet-los\/#breadcrumb"},"inLanguage":"pl-PL","potentialAction":[{"@type":"ReadAction","target":["https:\/\/stiftadmont.at\/blog\/kaiserau-startet-los\/"]}]},{"@type":"ImageObject","inLanguage":"pl-PL","@id":"https:\/\/stiftadmont.at\/blog\/kaiserau-startet-los\/#primaryimage","url":"https:\/\/stiftadmont.at\/wp-content\/uploads\/Kaiserau\u00a9StefanLeitner_011.jpg","contentUrl":"https:\/\/stiftadmont.at\/wp-content\/uploads\/Kaiserau\u00a9StefanLeitner_011.jpg","width":2500,"height":1667,"caption":"Skigebiet Kaiserau \u00a9 Stefan Leitner"},{"@type":"BreadcrumbList","@id":"https:\/\/stiftadmont.at\/blog\/kaiserau-startet-los\/#breadcrumb","itemListElement":[{"@type":"ListItem","position":1,"name":"Start","item":"https:\/\/stiftadmont.at\/"},{"@type":"ListItem","position":2,"name":"Kaiserau startet los"}]},{"@type":"WebSite","@id":"https:\/\/stiftadmont.at\/#website","url":"https:\/\/stiftadmont.at\/","name":"Opactwo Admont","description":"Benedykty\u0144ski klasztor i atrakcja turystyczna w Ges\u00e4use","potentialAction":[{"@type":"SearchAction","target":{"@type":"EntryPoint","urlTemplate":"https:\/\/stiftadmont.at\/?s={search_term_string}"},"query-input":{"@type":"PropertyValueSpecification","valueRequired":true,"valueName":"search_term_string"}}],"inLanguage":"pl-PL"},{"@type":"Person","@id":"https:\/\/stiftadmont.at\/#\/schema\/person\/30535548b241d5f33a2e8b839db11869","name":"Mario Brandm\u00fcller"}]}},"_links":{"self":[{"href":"https:\/\/stiftadmont.at\/pl\/wp-json\/wp\/v2\/posts\/9994","targetHints":{"allow":["GET"]}}],"collection":[{"href":"https:\/\/stiftadmont.at\/pl\/wp-json\/wp\/v2\/posts"}],"about":[{"href":"https:\/\/stiftadmont.at\/pl\/wp-json\/wp\/v2\/types\/post"}],"author":[{"embeddable":true,"href":"https:\/\/stiftadmont.at\/pl\/wp-json\/wp\/v2\/users\/7"}],"replies":[{"embeddable":true,"href":"https:\/\/stiftadmont.at\/pl\/wp-json\/wp\/v2\/comments?post=9994"}],"version-history":[{"count":13,"href":"https:\/\/stiftadmont.at\/pl\/wp-json\/wp\/v2\/posts\/9994\/revisions"}],"predecessor-version":[{"id":21571,"href":"https:\/\/stiftadmont.at\/pl\/wp-json\/wp\/v2\/posts\/9994\/revisions\/21571"}],"wp:featuredmedia":[{"embeddable":true,"href":"https:\/\/stiftadmont.at\/pl\/wp-json\/wp\/v2\/media\/9995"}],"wp:attachment":[{"href":"https:\/\/stiftadmont.at\/pl\/wp-json\/wp\/v2\/media?parent=9994"}],"wp:term":[{"taxonomy":"category","embeddable":true,"href":"https:\/\/stiftadmont.at\/pl\/wp-json\/wp\/v2\/categories?post=9994"}],"curies":[{"name":"wp","href":"https:\/\/api.w.org\/{rel}","templated":true}]}}