{"id":10004,"date":"2021-11-24T12:00:00","date_gmt":"2021-11-24T10:00:00","guid":{"rendered":"https:\/\/stiftadmont.at\/?p=10004"},"modified":"2022-04-25T23:53:19","modified_gmt":"2022-04-25T21:53:19","slug":"advent-na-stift-admont-zal-odpovedan","status":"publish","type":"post","link":"https:\/\/stiftadmont.at\/sl\/blog\/advent-im-stift-admont-leider-abgesagt\/","title":{"rendered":"Advent v opatiji Admont \u017eal odpovedan"},"content":{"rendered":"<section id='lightpress__section--block_626717bd34d5c' class='lightpress__section--default-section-space lightpress__section lightpress__section--content'><div class=\"content__inner\"\n         x-init=\"initContentBlockAnim($el)\">\n        \n    <div class=\"content__grid content__grid\">\n                                            <div class=\"content__box content__box--one-hundred\"\n                 style=\"\">\n                                \n                \n                                            <div class=\"prose\"><h2 class=\"heading-xxl line line--gold\">Advent v opatiji Admont \u017eal odpovedan<\/h2>\n<p><strong>Sreda, 24. november 2021 <\/strong><\/p>\n<p>Tako kot lani tudi letos zaradi koronavirusa ne bo mogo\u010de izvesti dogodka \"Advent v opatiji Admont\". Pisma otroku Kristusu lahko \u0161e vedno po\u0161ljete. Odgovori nanje bodo individualni.<\/p>\n<p>Organizatorka Silvia Schnepfleitner in njena namestnica Sylvia Hofbauer sta tretji adventni konec tedna v Admontu pri\u010dakovali 127 razstavljavcev. Letos bi moral tradicionalni adventni sejem potekati pet dni, vendar ga zaradi zapore ni bilo mogo\u010de izvesti. \"Res smo si prizadevali, da bi naredili vse, kar je v na\u0161i mo\u010di, da bi bo\u017ei\u010dni sejem lahko potekal tudi tokrat. Seveda nam srce krvavi in upamo, da nam bo naslednje leto uspelo,\" pravi Schnepfleitner. Predsednica dru\u0161tva \"Advent im Stift Admont\" je od februarja porabila ne\u0161teto ur za na\u010drtovanje programa, infrastrukture in lokacije. \"Kljub odpovedi \u017eelimo ustvariti bo\u017ei\u010dno vzdu\u0161je,\" pravi Schnepfleitnerjeva. Tako kot v preteklem letu bodo lahko v tem u\u017eivali tudi sprehajalci. V ta namen bo celotno notranje dvori\u0161\u010de benediktinskega samostana bo\u017ei\u010dno okra\u0161eno in osvetljeno. \"To pa je mogo\u010de le zaradi dobrega sodelovanja z benediktinsko opatijo, za kar se \u0161e posebej zahvaljujem opatu Gerhardu Hafnerju, gospodarskemu direktorju Franzu Pichlerju in celotnemu kulturnemu oddelku,\" poudarja organizator adventnega sejma.<\/p>\n<h5 class=\"heading-m line line--gold\">Pismo Jezu\u0161\u010dku<\/h5>\n<p>Ravno ob za\u010detku adventa 1. decembra bo 35 prazni\u010dno okra\u0161enih bo\u017ei\u010dnih dreves okrasilo Rozarij, preddverje cerkve Stiftsg\u00e4rtnerei in cerkveni trg. Okna proti notranjemu dvori\u0161\u010du bodo prav tako okra\u0161ena z lesenimi sr\u010dki, zvon\u010dki in zvezdami, ki bodo ustvarili predbo\u017ei\u010dno vzdu\u0161je. Pred upravno stavbo bo tako kot lani name\u0161\u010den zlati po\u0161tni nabiralnik. \"Otroci bodo lahko tukaj poslali svoje \u017eelje Jezu\u0161\u010dku,\" pravi Schnepfleitner. Lani so organizatorka Silvia Schnepfleitner in njena ekipa prejeli pribli\u017eno 250 pisem. Mlaj\u0161i otroci ri\u0161ejo, starej\u0161i pi\u0161ejo. Odgovori so tako individualni kot pisma sama. Predloge ni, vendar je veliko prostovoljcev, ki se odzovejo na vsako posamezno pro\u0161njo. Navsezadnje je \"res vsako pismo odgovorjeno\", poudarja Schnepfleitnerjeva.<\/p>\n<p>Predsednica je letos za deset otrok pripravila prav posebno presene\u010denje: \"Vsak od teh desetih otrok lahko skupaj s svojo dru\u017eino okrasi eno od na\u0161ih bo\u017ei\u010dnih dreves.\" Tradicionalno okra\u0161evanje bo\u017ei\u010dnega drevesca poteka na prostem, pri \u010demer je vsaka dru\u017eina lo\u010dena. Na koncu drevesce okrasijo z majhno plo\u0161\u010dico z imenom otroka, ki ga je okrasil.<\/p>\n<\/div>\n                    \n                            <\/div>\n        \n            <\/div>\n<\/div>\n\n<\/section>","protected":false},"excerpt":{"rendered":"<p>Bo\u017ei\u010dni sejem Admont odpovedan<\/p>","protected":false},"author":7,"featured_media":8969,"comment_status":"closed","ping_status":"closed","sticky":false,"template":"","format":"standard","meta":{"_acf_changed":false,"footnotes":""},"categories":[23],"class_list":["post-10004","post","type-post","status-publish","format-standard","has-post-thumbnail","hentry","category-einrichtungen-aktuell"],"acf":[],"yoast_head":"<!-- This site is optimized with the Yoast SEO Premium plugin v26.0 (Yoast SEO v26.8) - https:\/\/yoast.com\/product\/yoast-seo-premium-wordpress\/ -->\n<title>Advent im Stift Admont leider abgesagt - Stift Admont<\/title>\n<meta name=\"description\" content=\"Lesen Sie aktuelle Informationen zum Thema Advent im Stift Admont leider abgesagt und vieles mehr aus dem Konvent und der Pfarre Admont.\" \/>\n<meta name=\"robots\" content=\"index, follow, max-snippet:-1, max-image-preview:large, max-video-preview:-1\" \/>\n<link rel=\"canonical\" href=\"https:\/\/stiftadmont.at\/sl\/blog\/advent-na-stift-admont-zal-odpovedan\/\" \/>\n<meta property=\"og:locale\" content=\"sl_SI\" \/>\n<meta property=\"og:type\" content=\"article\" \/>\n<meta property=\"og:title\" content=\"Advent im Stift Admont leider abgesagt\" \/>\n<meta property=\"og:description\" content=\"Lesen Sie aktuelle Informationen zum Thema Advent im Stift Admont leider abgesagt und vieles mehr aus dem Konvent und der Pfarre Admont.\" \/>\n<meta property=\"og:url\" content=\"https:\/\/stiftadmont.at\/sl\/blog\/advent-na-stift-admont-zal-odpovedan\/\" \/>\n<meta property=\"og:site_name\" content=\"Stift Admont\" \/>\n<meta property=\"article:published_time\" content=\"2021-11-24T10:00:00+00:00\" \/>\n<meta property=\"article:modified_time\" content=\"2022-04-25T21:53:19+00:00\" \/>\n<meta property=\"og:image\" content=\"https:\/\/stiftadmont.at\/wp-content\/uploads\/02_Admonter_Advent_2017_\u00a9StefanLeitner02.jpg\" \/>\n\t<meta property=\"og:image:width\" content=\"2560\" \/>\n\t<meta property=\"og:image:height\" content=\"1920\" \/>\n\t<meta property=\"og:image:type\" content=\"image\/jpeg\" \/>\n<meta name=\"author\" content=\"Mario Brandm\u00fcller\" \/>\n<meta name=\"twitter:card\" content=\"summary_large_image\" \/>\n<meta name=\"twitter:label1\" content=\"Written by\" \/>\n\t<meta name=\"twitter:data1\" content=\"Mario Brandm\u00fcller\" \/>\n<script type=\"application\/ld+json\" class=\"yoast-schema-graph\">{\"@context\":\"https:\/\/schema.org\",\"@graph\":[{\"@type\":\"Article\",\"@id\":\"https:\/\/stiftadmont.at\/blog\/advent-im-stift-admont-leider-abgesagt\/#article\",\"isPartOf\":{\"@id\":\"https:\/\/stiftadmont.at\/blog\/advent-im-stift-admont-leider-abgesagt\/\"},\"author\":{\"name\":\"Mario Brandm\u00fcller\",\"@id\":\"https:\/\/stiftadmont.at\/#\/schema\/person\/30535548b241d5f33a2e8b839db11869\"},\"headline\":\"Advent im Stift Admont leider abgesagt\",\"datePublished\":\"2021-11-24T10:00:00+00:00\",\"dateModified\":\"2022-04-25T21:53:19+00:00\",\"mainEntityOfPage\":{\"@id\":\"https:\/\/stiftadmont.at\/blog\/advent-im-stift-admont-leider-abgesagt\/\"},\"wordCount\":6,\"image\":{\"@id\":\"https:\/\/stiftadmont.at\/blog\/advent-im-stift-admont-leider-abgesagt\/#primaryimage\"},\"thumbnailUrl\":\"https:\/\/stiftadmont.at\/wp-content\/uploads\/02_Admonter_Advent_2017_\u00a9StefanLeitner02.jpg\",\"articleSection\":[\"Einrichtungen aktuell\"],\"inLanguage\":\"sl-SI\"},{\"@type\":\"WebPage\",\"@id\":\"https:\/\/stiftadmont.at\/blog\/advent-im-stift-admont-leider-abgesagt\/\",\"url\":\"https:\/\/stiftadmont.at\/blog\/advent-im-stift-admont-leider-abgesagt\/\",\"name\":\"Advent im Stift Admont leider abgesagt - Stift Admont\",\"isPartOf\":{\"@id\":\"https:\/\/stiftadmont.at\/#website\"},\"primaryImageOfPage\":{\"@id\":\"https:\/\/stiftadmont.at\/blog\/advent-im-stift-admont-leider-abgesagt\/#primaryimage\"},\"image\":{\"@id\":\"https:\/\/stiftadmont.at\/blog\/advent-im-stift-admont-leider-abgesagt\/#primaryimage\"},\"thumbnailUrl\":\"https:\/\/stiftadmont.at\/wp-content\/uploads\/02_Admonter_Advent_2017_\u00a9StefanLeitner02.jpg\",\"datePublished\":\"2021-11-24T10:00:00+00:00\",\"dateModified\":\"2022-04-25T21:53:19+00:00\",\"author\":{\"@id\":\"https:\/\/stiftadmont.at\/#\/schema\/person\/30535548b241d5f33a2e8b839db11869\"},\"description\":\"Lesen Sie aktuelle Informationen zum Thema Advent im Stift Admont leider abgesagt und vieles mehr aus dem Konvent und der Pfarre Admont.\",\"breadcrumb\":{\"@id\":\"https:\/\/stiftadmont.at\/blog\/advent-im-stift-admont-leider-abgesagt\/#breadcrumb\"},\"inLanguage\":\"sl-SI\",\"potentialAction\":[{\"@type\":\"ReadAction\",\"target\":[\"https:\/\/stiftadmont.at\/blog\/advent-im-stift-admont-leider-abgesagt\/\"]}]},{\"@type\":\"ImageObject\",\"inLanguage\":\"sl-SI\",\"@id\":\"https:\/\/stiftadmont.at\/blog\/advent-im-stift-admont-leider-abgesagt\/#primaryimage\",\"url\":\"https:\/\/stiftadmont.at\/wp-content\/uploads\/02_Admonter_Advent_2017_\u00a9StefanLeitner02.jpg\",\"contentUrl\":\"https:\/\/stiftadmont.at\/wp-content\/uploads\/02_Admonter_Advent_2017_\u00a9StefanLeitner02.jpg\",\"width\":2560,\"height\":1920,\"caption\":\"Advent im Stift Admont \u00a9 Stefan Leitner\"},{\"@type\":\"BreadcrumbList\",\"@id\":\"https:\/\/stiftadmont.at\/blog\/advent-im-stift-admont-leider-abgesagt\/#breadcrumb\",\"itemListElement\":[{\"@type\":\"ListItem\",\"position\":1,\"name\":\"Start\",\"item\":\"https:\/\/stiftadmont.at\/\"},{\"@type\":\"ListItem\",\"position\":2,\"name\":\"Advent im Stift Admont leider abgesagt\"}]},{\"@type\":\"WebSite\",\"@id\":\"https:\/\/stiftadmont.at\/#website\",\"url\":\"https:\/\/stiftadmont.at\/\",\"name\":\"Stift Admont\",\"description\":\"Benediktinerkloster und Sehensw\u00fcrdigkeit im Ges\u00e4use\",\"potentialAction\":[{\"@type\":\"SearchAction\",\"target\":{\"@type\":\"EntryPoint\",\"urlTemplate\":\"https:\/\/stiftadmont.at\/?s={search_term_string}\"},\"query-input\":{\"@type\":\"PropertyValueSpecification\",\"valueRequired\":true,\"valueName\":\"search_term_string\"}}],\"inLanguage\":\"sl-SI\"},{\"@type\":\"Person\",\"@id\":\"https:\/\/stiftadmont.at\/#\/schema\/person\/30535548b241d5f33a2e8b839db11869\",\"name\":\"Mario Brandm\u00fcller\"}]}<\/script>\n<!-- \/ Yoast SEO Premium plugin. -->","yoast_head_json":{"title":"Advent v opatiji Admont \u017eal odpovedan - Admont Abbey","description":"Preberite najnovej\u0161e informacije o adventu v opatiji Admont, ki so \u017eal odpovedane, in \u0161e veliko ve\u010d iz samostana in \u017eupnije Admont.","robots":{"index":"index","follow":"follow","max-snippet":"max-snippet:-1","max-image-preview":"max-image-preview:large","max-video-preview":"max-video-preview:-1"},"canonical":"https:\/\/stiftadmont.at\/sl\/blog\/advent-na-stift-admont-zal-odpovedan\/","og_locale":"sl_SI","og_type":"article","og_title":"Advent im Stift Admont leider abgesagt","og_description":"Lesen Sie aktuelle Informationen zum Thema Advent im Stift Admont leider abgesagt und vieles mehr aus dem Konvent und der Pfarre Admont.","og_url":"https:\/\/stiftadmont.at\/sl\/blog\/advent-na-stift-admont-zal-odpovedan\/","og_site_name":"Stift Admont","article_published_time":"2021-11-24T10:00:00+00:00","article_modified_time":"2022-04-25T21:53:19+00:00","og_image":[{"width":2560,"height":1920,"url":"https:\/\/stiftadmont.at\/wp-content\/uploads\/02_Admonter_Advent_2017_\u00a9StefanLeitner02.jpg","type":"image\/jpeg"}],"author":"Mario Brandm\u00fcller","twitter_card":"summary_large_image","twitter_misc":{"Written by":"Mario Brandm\u00fcller"},"schema":{"@context":"https:\/\/schema.org","@graph":[{"@type":"Article","@id":"https:\/\/stiftadmont.at\/blog\/advent-im-stift-admont-leider-abgesagt\/#article","isPartOf":{"@id":"https:\/\/stiftadmont.at\/blog\/advent-im-stift-admont-leider-abgesagt\/"},"author":{"name":"Mario Brandm\u00fcller","@id":"https:\/\/stiftadmont.at\/#\/schema\/person\/30535548b241d5f33a2e8b839db11869"},"headline":"Advent im Stift Admont leider abgesagt","datePublished":"2021-11-24T10:00:00+00:00","dateModified":"2022-04-25T21:53:19+00:00","mainEntityOfPage":{"@id":"https:\/\/stiftadmont.at\/blog\/advent-im-stift-admont-leider-abgesagt\/"},"wordCount":6,"image":{"@id":"https:\/\/stiftadmont.at\/blog\/advent-im-stift-admont-leider-abgesagt\/#primaryimage"},"thumbnailUrl":"https:\/\/stiftadmont.at\/wp-content\/uploads\/02_Admonter_Advent_2017_\u00a9StefanLeitner02.jpg","articleSection":["Einrichtungen aktuell"],"inLanguage":"sl-SI"},{"@type":"WebPage","@id":"https:\/\/stiftadmont.at\/blog\/advent-im-stift-admont-leider-abgesagt\/","url":"https:\/\/stiftadmont.at\/blog\/advent-im-stift-admont-leider-abgesagt\/","name":"Advent v opatiji Admont \u017eal odpovedan - Admont Abbey","isPartOf":{"@id":"https:\/\/stiftadmont.at\/#website"},"primaryImageOfPage":{"@id":"https:\/\/stiftadmont.at\/blog\/advent-im-stift-admont-leider-abgesagt\/#primaryimage"},"image":{"@id":"https:\/\/stiftadmont.at\/blog\/advent-im-stift-admont-leider-abgesagt\/#primaryimage"},"thumbnailUrl":"https:\/\/stiftadmont.at\/wp-content\/uploads\/02_Admonter_Advent_2017_\u00a9StefanLeitner02.jpg","datePublished":"2021-11-24T10:00:00+00:00","dateModified":"2022-04-25T21:53:19+00:00","author":{"@id":"https:\/\/stiftadmont.at\/#\/schema\/person\/30535548b241d5f33a2e8b839db11869"},"description":"Preberite najnovej\u0161e informacije o adventu v opatiji Admont, ki so \u017eal odpovedane, in \u0161e veliko ve\u010d iz samostana in \u017eupnije Admont.","breadcrumb":{"@id":"https:\/\/stiftadmont.at\/blog\/advent-im-stift-admont-leider-abgesagt\/#breadcrumb"},"inLanguage":"sl-SI","potentialAction":[{"@type":"ReadAction","target":["https:\/\/stiftadmont.at\/blog\/advent-im-stift-admont-leider-abgesagt\/"]}]},{"@type":"ImageObject","inLanguage":"sl-SI","@id":"https:\/\/stiftadmont.at\/blog\/advent-im-stift-admont-leider-abgesagt\/#primaryimage","url":"https:\/\/stiftadmont.at\/wp-content\/uploads\/02_Admonter_Advent_2017_\u00a9StefanLeitner02.jpg","contentUrl":"https:\/\/stiftadmont.at\/wp-content\/uploads\/02_Admonter_Advent_2017_\u00a9StefanLeitner02.jpg","width":2560,"height":1920,"caption":"Advent im Stift Admont \u00a9 Stefan Leitner"},{"@type":"BreadcrumbList","@id":"https:\/\/stiftadmont.at\/blog\/advent-im-stift-admont-leider-abgesagt\/#breadcrumb","itemListElement":[{"@type":"ListItem","position":1,"name":"Start","item":"https:\/\/stiftadmont.at\/"},{"@type":"ListItem","position":2,"name":"Advent im Stift Admont leider abgesagt"}]},{"@type":"WebSite","@id":"https:\/\/stiftadmont.at\/#website","url":"https:\/\/stiftadmont.at\/","name":"Opatija Admont","description":"Benediktinski samostan in turisti\u010dna znamenitost v Ges\u00e4use","potentialAction":[{"@type":"SearchAction","target":{"@type":"EntryPoint","urlTemplate":"https:\/\/stiftadmont.at\/?s={search_term_string}"},"query-input":{"@type":"PropertyValueSpecification","valueRequired":true,"valueName":"search_term_string"}}],"inLanguage":"sl-SI"},{"@type":"Person","@id":"https:\/\/stiftadmont.at\/#\/schema\/person\/30535548b241d5f33a2e8b839db11869","name":"Mario Brandm\u00fcller"}]}},"_links":{"self":[{"href":"https:\/\/stiftadmont.at\/sl\/wp-json\/wp\/v2\/posts\/10004","targetHints":{"allow":["GET"]}}],"collection":[{"href":"https:\/\/stiftadmont.at\/sl\/wp-json\/wp\/v2\/posts"}],"about":[{"href":"https:\/\/stiftadmont.at\/sl\/wp-json\/wp\/v2\/types\/post"}],"author":[{"embeddable":true,"href":"https:\/\/stiftadmont.at\/sl\/wp-json\/wp\/v2\/users\/7"}],"replies":[{"embeddable":true,"href":"https:\/\/stiftadmont.at\/sl\/wp-json\/wp\/v2\/comments?post=10004"}],"version-history":[{"count":5,"href":"https:\/\/stiftadmont.at\/sl\/wp-json\/wp\/v2\/posts\/10004\/revisions"}],"predecessor-version":[{"id":10010,"href":"https:\/\/stiftadmont.at\/sl\/wp-json\/wp\/v2\/posts\/10004\/revisions\/10010"}],"wp:featuredmedia":[{"embeddable":true,"href":"https:\/\/stiftadmont.at\/sl\/wp-json\/wp\/v2\/media\/8969"}],"wp:attachment":[{"href":"https:\/\/stiftadmont.at\/sl\/wp-json\/wp\/v2\/media?parent=10004"}],"wp:term":[{"taxonomy":"category","embeddable":true,"href":"https:\/\/stiftadmont.at\/sl\/wp-json\/wp\/v2\/categories?post=10004"}],"curies":[{"name":"wp","href":"https:\/\/api.w.org\/{rel}","templated":true}]}}