{"id":10861,"date":"2022-03-16T12:00:43","date_gmt":"2022-03-16T10:00:43","guid":{"rendered":"https:\/\/stiftadmont.at\/?p=10861"},"modified":"2022-05-18T00:57:55","modified_gmt":"2022-05-17T22:57:55","slug":"muzej-opatije-admont-19-marca-odpira-posebne-razstave","status":"publish","type":"post","link":"https:\/\/stiftadmont.at\/sl\/blog\/stiftsmuseum-admont-eroeffnet-am-19-maerz-sonderausstellungen\/","title":{"rendered":"Muzej Admont Abbey 19. marca odpira posebne razstave"},"content":{"rendered":"<section id='lightpress__section--block_628426cefa6d6' class='lightpress__section--default-section-space lightpress__section lightpress__section--content'><div class=\"content__inner\"\n         x-init=\"initContentBlockAnim($el)\">\n        \n    <div class=\"content__grid content__grid\">\n                                            <div class=\"content__box content__box--one-hundred\"\n                 style=\"\">\n                                \n                \n                                            <div class=\"prose\"><h2 class=\"heading-xxl line line--gold\">Muzej Admont Abbey 19. marca odpira posebne razstave<\/h2>\n<p><strong>Sreda, 16. marec 2022<\/strong><\/p>\n<p>Prihodnjo soboto, 19. marca, bo muzej Admont Abbey za\u010del leto\u0161njo sezono z dvema vrhunskima posebnima razstavama. Tesna povezava s \u0160tajersko zdru\u017euje gotsko in sodobno umetnost.<\/p>\n<p>Muzej opatije Admont osvetljuje \u0161tajersko kulturno dedi\u0161\u010dino. In to kar na dveh razstavah hkrati. Lani sta cesarja \"Mi, Friderik III. in Maksimilijan I. - njun svet in njun \u010das\" spro\u017eila pravi tek na istoimenski posebni razstavi. \"Velika priljubljenost in \u0161tevilne pro\u0161nje za podalj\u0161anje so nas spodbudile, da smo pripravili novo izdajo verjetno najpomembnej\u0161e posebne razstave, ki jo je opatijski muzej kdajkoli pokazal,\" pravi opat Gerhard Hafner. Eksponate iz benediktinske opatije Admont in Mayerjeve zbirke dopolnjujejo izposoje iz vse Avstrije, Ju\u017ene Tirolske in Nem\u010dije ter omogo\u010dajo fascinanten vpogled v svet, \u010das in okolje dveh habsbur\u0161kih osebnosti. Predstavitev je sestavljena iz zaporedja treh razstavnih prostorov, ki vodijo do cesarja Friderika III. na prestolu. Izraziti portreti, tabelne slike in kipi, oro\u017eje in oklepi, veli\u010dastne listine in pe\u010dati, pogrebni \u0161\u010diti, epigrafske zna\u010dilnosti in pomembni rokopisi ponazarjajo pogled na svet, verovanja, razcvet obrti ter kulturo bivanja in prehranjevanja v 15. in zgodnjem 16. stoletju. Absolutni vrhunec popolnoma preurejene razstave: \"Grbovni kamen Friderika in njegove \u017eene Eleonore Portugalske\", kot pojasnjuje Barbara Eisner-B., saj \"lahko s tem eksponatom, ki je datiran z letnico 1452, povemo celotno \u017eivljenjsko zgodbo cesarja\", pravi kustosinja. O tesni povezanosti s \u0160tajersko pri\u010da tudi kraj, kjer je bil najden. Prvotno je bil grbovni kamen vgrajen v kamnito oblogo gra\u0161kega gradu in je v drugo polovico 19. stoletja pri\u0161el v Universalmuseum Joanneum. Za posebno razstavo Admont je bil ohranjen in raziskan. Dokumentacija raziskovalnega projekta je pregledno razlo\u017eena na razstavnih panojih in se osredoto\u010da na leto\u0161nje geslo posebne razstave: \"Kulturna dedi\u0161\u010dina v gibanju!\" Tako kot razstavne table tudi video postaje strokovnjakov z razli\u010dnih podro\u010dij gradijo most od poznega srednjega veka do sodobnosti. Raz\u0161irijo prostor za sre\u010danja z izbranimi eksponati in omogo\u010dajo prav poseben do\u017eivljajski ogled.<\/p>\n<h6 class=\"heading-s line line--gold\">\u0160tajerska daje zagon<\/h6>\n<p>Zbirka sodobne umetnosti se je letos lotila iskanja namigov. \"\u0160tajerske korenine\" je naslov leto\u0161nje posebne razstave, ki nas popelje v leto 1997. Takrat je Stiftsmuseum za\u010del zbirati sodobno umetnost mladih avstrijskih umetnikov. Ta nova zbirka je bila \u0161ir\u0161i javnosti prvi\u010d predstavljena leta 2003. \u017de takrat je bilo opazno, da veliko teh umetni\u0161kih del izvira iz \u0160tajerske. \u010ceprav ta koncentracija ni bila nikoli na\u010drtovana, pomembna vloga \u0161tajerske umetnosti na avstrijskem in mednarodnem prizori\u0161\u010du v tistem \u010dasu ni bila naklju\u010dje, pravi Braunsteiner. \"\u0160tajerska je \u017ee desetletja dajala pomembne spodbude na podro\u010dju likovne umetnosti,\" pravi kustosinja. Razvoj \u0160tajerske kot kulturne regije je v sredi\u0161\u010du leto\u0161nje posebne razstave. Priznani umetniki, ki so tesno povezani s \u0160tajersko, primerjajo pogoje svojega umetni\u0161kega ustvarjanja v preteklosti in sedanjosti ter podajajo pogled v prihodnost. 30 kratkih videoposnetkov, dostopnih prek kode QR, vabi obiskovalce, da se pridru\u017eijo tej razpravi, saj je \"tema v zraku\", kot poudarja Braunsteiner. Benediktinska opatija Admont si kot lastnica verjetno najbolj kontrastnega zasebnega muzeja v Avstriji prizadeva odigrati svojo vlogo pri produkciji, dojemanju in komuniciranju \u0161tajerske umetnosti. Ni naklju\u010dje, da je veliko razstavljenih del \"narejenih za Admont\", saj samostanski muzej \u017ee ve\u010d kot 20 let naro\u010da tudi umetni\u0161ka dela.<\/p>\n<h6 class=\"heading-s line line--gold\">Umetnost v Prirodoslovnem muzeju<\/h6>\n<p>Da se \u0161tajerska povezava kot rde\u010da nit vle\u010de skozi celoten muzej, je letos razvidno tudi iz del v Nem\u010diji rojenega umetnika Nikole Irmerja, ki se je pred kratkim preselil v Gradec. Njena dela si lahko to sezono ogledate v Prirodoslovnem muzeju in prikazujejo izseke iz zoolo\u0161kih zbirk in depojev. \u010ceprav niso nastala v Admontu, so nastala v sodelovanju z drugimi muzeji, med drugim z muzeji v Oxfordu, Firencah, na Dunaju, v Berlinu in Leidnu. V prihodnosti pa se razmi\u0161lja o projektu \"Made for Admont\", ki bi se nana\u0161al na lastno muzejsko zbirko.<\/p>\n<h6 class=\"heading-s line line--gold\">Stvari srca z du\u0161o<\/h6>\n<p>Heribert Friedl je zasnoval leto\u0161njo sobo za umetni\u0161ko intervencijo v Umetnostnozgodovinskem muzeju. V Feldbachu rojenega umetnika \u017ee dolgo zanimajo di\u0161ave in njihovi u\u010dinki. S svojo site-specific instalacijo prikazuje, kako lahko nevidne informacije, ki so nelo\u010dljivo povezane z obla\u010dili, prikli\u010dejo spomin na umrlo ljubljeno osebo. Heribert Friedl govori tudi o vonju \u010dasa, ki je v teh stvareh na\u0161el svoj izraz. V dialogu s korejsko-nem\u0161kim filozofom, kulturologom in pisateljem Byung-Chul Hanom pravi: \"Zgodovina, ki na stvareh zraste zaradi dolgotrajne uporabe, jih o\u017eivi v stvari srca.\"<\/p>\n<h6 class=\"heading-s line line--gold\">Memoria in nadzor sporo\u010dil<\/h6>\n<p>\"Mo\u010d in novi mediji na pragu zgodnjega novega veka\" je naslov leto\u0161nje posebne razstave v sobi z rokopisi. Cesar Maksimilijan I. se je ve\u010d kot ukvarjal s svojo smrtjo in posmrtno slavo, zato je naro\u010dil u\u010denjakom in umetnikom, naj o njegovih dejanjih poro\u010dajo v besedi in sliki. Zgodovinska dejstva je spretno zapakiral v izmi\u0161ljeno preobleko. Tako so nastale pustolov\u0161\u010dine viteza Theuerdanka in Freydala, turnirska knjiga, ki pripoveduje \u017eivljenjsko zgodbo \u0161e mladega cesarja. \u010crke posebej oblikovane pisave, ki Theuerdankove krasijo s \u0161tevilnimi okrasnimi elementi, ka\u017eejo, da Maksimilijana I. ni zanimala le \u0161iroka reprodukcija, temve\u010d predvsem popolnost. Delo vsebuje tudi \u0161tevilne lesoreze, ki so jih izdelali ugledni umetniki tistega \u010dasa.<\/p>\n<h6 class=\"heading-s line line--red\">Delovni \u010das<\/h6>\n<p>Na\u0161 muzej je odprt od 19. marca do 30. decembra 2022; v <\/p>\n<p>april, maj, junij in oktober od srede do nedelje: od 10.30 do 15.30<br \/>marec, november in december od petka do nedelje: od 10:30 do 15:30<br \/>julij, avgust in september od ponedeljka do nedelje: od 9:00 do 17:00<\/p>\n<\/div>\n                    \n                            <\/div>\n        \n            <\/div>\n<\/div>\n\n<\/section>","protected":false},"excerpt":{"rendered":"<p>\u0160tajerske korenine povezujejo...<\/p>","protected":false},"author":7,"featured_media":10862,"comment_status":"closed","ping_status":"closed","sticky":false,"template":"","format":"standard","meta":{"_acf_changed":false,"footnotes":""},"categories":[24],"class_list":["post-10861","post","type-post","status-publish","format-standard","has-post-thumbnail","hentry","category-museen-aktuell"],"acf":[],"yoast_head":"<!-- This site is optimized with the Yoast SEO Premium plugin v26.0 (Yoast SEO v26.8) - https:\/\/yoast.com\/product\/yoast-seo-premium-wordpress\/ -->\n<title>Stiftsmuseum Admont er\u00f6ffnet am 19. M\u00e4rz Sonderausstellungen - Stift Admont<\/title>\n<meta name=\"description\" content=\"Lesen Sie aktuelle Informationen zum Thema Stiftsmuseum Admont er\u00f6ffnet am 19. M\u00e4rz Sonderausstellungen und vieles mehr aus dem Konvent und der Pfarre Admont.\" \/>\n<meta name=\"robots\" content=\"index, follow, max-snippet:-1, max-image-preview:large, max-video-preview:-1\" \/>\n<link rel=\"canonical\" href=\"https:\/\/stiftadmont.at\/sl\/blog\/muzej-opatije-admont-19-marca-odpira-posebne-razstave\/\" \/>\n<meta property=\"og:locale\" content=\"sl_SI\" \/>\n<meta property=\"og:type\" content=\"article\" \/>\n<meta property=\"og:title\" content=\"Stiftsmuseum Admont er\u00f6ffnet am 19. M\u00e4rz Sonderausstellungen\" \/>\n<meta property=\"og:description\" content=\"Lesen Sie aktuelle Informationen zum Thema Stiftsmuseum Admont er\u00f6ffnet am 19. M\u00e4rz Sonderausstellungen und vieles mehr aus dem Konvent und der Pfarre Admont.\" \/>\n<meta property=\"og:url\" content=\"https:\/\/stiftadmont.at\/sl\/blog\/muzej-opatije-admont-19-marca-odpira-posebne-razstave\/\" \/>\n<meta property=\"og:site_name\" content=\"Stift Admont\" \/>\n<meta property=\"article:published_time\" content=\"2022-03-16T10:00:43+00:00\" \/>\n<meta property=\"article:modified_time\" content=\"2022-05-17T22:57:55+00:00\" \/>\n<meta property=\"og:image\" content=\"https:\/\/stiftadmont.at\/wp-content\/uploads\/6de49c85f675fbb38017ea8e0aee6ccd_XL.jpg\" \/>\n\t<meta property=\"og:image:width\" content=\"1920\" \/>\n\t<meta property=\"og:image:height\" content=\"882\" \/>\n\t<meta property=\"og:image:type\" content=\"image\/jpeg\" \/>\n<meta name=\"author\" content=\"Mario Brandm\u00fcller\" \/>\n<meta name=\"twitter:card\" content=\"summary_large_image\" \/>\n<meta name=\"twitter:label1\" content=\"Written by\" \/>\n\t<meta name=\"twitter:data1\" content=\"Mario Brandm\u00fcller\" \/>\n<script type=\"application\/ld+json\" class=\"yoast-schema-graph\">{\"@context\":\"https:\/\/schema.org\",\"@graph\":[{\"@type\":\"Article\",\"@id\":\"https:\/\/stiftadmont.at\/blog\/stiftsmuseum-admont-eroeffnet-am-19-maerz-sonderausstellungen\/#article\",\"isPartOf\":{\"@id\":\"https:\/\/stiftadmont.at\/blog\/stiftsmuseum-admont-eroeffnet-am-19-maerz-sonderausstellungen\/\"},\"author\":{\"name\":\"Mario Brandm\u00fcller\",\"@id\":\"https:\/\/stiftadmont.at\/#\/schema\/person\/30535548b241d5f33a2e8b839db11869\"},\"headline\":\"Stiftsmuseum Admont er\u00f6ffnet am 19. M\u00e4rz Sonderausstellungen\",\"datePublished\":\"2022-03-16T10:00:43+00:00\",\"dateModified\":\"2022-05-17T22:57:55+00:00\",\"mainEntityOfPage\":{\"@id\":\"https:\/\/stiftadmont.at\/blog\/stiftsmuseum-admont-eroeffnet-am-19-maerz-sonderausstellungen\/\"},\"wordCount\":8,\"image\":{\"@id\":\"https:\/\/stiftadmont.at\/blog\/stiftsmuseum-admont-eroeffnet-am-19-maerz-sonderausstellungen\/#primaryimage\"},\"thumbnailUrl\":\"https:\/\/stiftadmont.at\/wp-content\/uploads\/6de49c85f675fbb38017ea8e0aee6ccd_XL.jpg\",\"articleSection\":[\"Museen aktuell\"],\"inLanguage\":\"sl-SI\"},{\"@type\":\"WebPage\",\"@id\":\"https:\/\/stiftadmont.at\/blog\/stiftsmuseum-admont-eroeffnet-am-19-maerz-sonderausstellungen\/\",\"url\":\"https:\/\/stiftadmont.at\/blog\/stiftsmuseum-admont-eroeffnet-am-19-maerz-sonderausstellungen\/\",\"name\":\"Stiftsmuseum Admont er\u00f6ffnet am 19. M\u00e4rz Sonderausstellungen - Stift Admont\",\"isPartOf\":{\"@id\":\"https:\/\/stiftadmont.at\/#website\"},\"primaryImageOfPage\":{\"@id\":\"https:\/\/stiftadmont.at\/blog\/stiftsmuseum-admont-eroeffnet-am-19-maerz-sonderausstellungen\/#primaryimage\"},\"image\":{\"@id\":\"https:\/\/stiftadmont.at\/blog\/stiftsmuseum-admont-eroeffnet-am-19-maerz-sonderausstellungen\/#primaryimage\"},\"thumbnailUrl\":\"https:\/\/stiftadmont.at\/wp-content\/uploads\/6de49c85f675fbb38017ea8e0aee6ccd_XL.jpg\",\"datePublished\":\"2022-03-16T10:00:43+00:00\",\"dateModified\":\"2022-05-17T22:57:55+00:00\",\"author\":{\"@id\":\"https:\/\/stiftadmont.at\/#\/schema\/person\/30535548b241d5f33a2e8b839db11869\"},\"description\":\"Lesen Sie aktuelle Informationen zum Thema Stiftsmuseum Admont er\u00f6ffnet am 19. M\u00e4rz Sonderausstellungen und vieles mehr aus dem Konvent und der Pfarre Admont.\",\"breadcrumb\":{\"@id\":\"https:\/\/stiftadmont.at\/blog\/stiftsmuseum-admont-eroeffnet-am-19-maerz-sonderausstellungen\/#breadcrumb\"},\"inLanguage\":\"sl-SI\",\"potentialAction\":[{\"@type\":\"ReadAction\",\"target\":[\"https:\/\/stiftadmont.at\/blog\/stiftsmuseum-admont-eroeffnet-am-19-maerz-sonderausstellungen\/\"]}]},{\"@type\":\"ImageObject\",\"inLanguage\":\"sl-SI\",\"@id\":\"https:\/\/stiftadmont.at\/blog\/stiftsmuseum-admont-eroeffnet-am-19-maerz-sonderausstellungen\/#primaryimage\",\"url\":\"https:\/\/stiftadmont.at\/wp-content\/uploads\/6de49c85f675fbb38017ea8e0aee6ccd_XL.jpg\",\"contentUrl\":\"https:\/\/stiftadmont.at\/wp-content\/uploads\/6de49c85f675fbb38017ea8e0aee6ccd_XL.jpg\",\"width\":1920,\"height\":882,\"caption\":\"6de49c85f675fbb38017ea8e0aee6ccd XL\"},{\"@type\":\"BreadcrumbList\",\"@id\":\"https:\/\/stiftadmont.at\/blog\/stiftsmuseum-admont-eroeffnet-am-19-maerz-sonderausstellungen\/#breadcrumb\",\"itemListElement\":[{\"@type\":\"ListItem\",\"position\":1,\"name\":\"Start\",\"item\":\"https:\/\/stiftadmont.at\/\"},{\"@type\":\"ListItem\",\"position\":2,\"name\":\"Stiftsmuseum Admont er\u00f6ffnet am 19. M\u00e4rz Sonderausstellungen\"}]},{\"@type\":\"WebSite\",\"@id\":\"https:\/\/stiftadmont.at\/#website\",\"url\":\"https:\/\/stiftadmont.at\/\",\"name\":\"Stift Admont\",\"description\":\"Benediktinerkloster und Sehensw\u00fcrdigkeit im Ges\u00e4use\",\"potentialAction\":[{\"@type\":\"SearchAction\",\"target\":{\"@type\":\"EntryPoint\",\"urlTemplate\":\"https:\/\/stiftadmont.at\/?s={search_term_string}\"},\"query-input\":{\"@type\":\"PropertyValueSpecification\",\"valueRequired\":true,\"valueName\":\"search_term_string\"}}],\"inLanguage\":\"sl-SI\"},{\"@type\":\"Person\",\"@id\":\"https:\/\/stiftadmont.at\/#\/schema\/person\/30535548b241d5f33a2e8b839db11869\",\"name\":\"Mario Brandm\u00fcller\"}]}<\/script>\n<!-- \/ Yoast SEO Premium plugin. -->","yoast_head_json":{"title":"V muzeju opatije Admont 19. marca odprte posebne razstave - Admont Abbey","description":"Preberite najnovej\u0161e informacije o tem, da se 19. marca v muzeju opatije Admont odpirajo posebne razstave, in \u0161e veliko ve\u010d informacij iz samostana in \u017eupnije Admont.","robots":{"index":"index","follow":"follow","max-snippet":"max-snippet:-1","max-image-preview":"max-image-preview:large","max-video-preview":"max-video-preview:-1"},"canonical":"https:\/\/stiftadmont.at\/sl\/blog\/muzej-opatije-admont-19-marca-odpira-posebne-razstave\/","og_locale":"sl_SI","og_type":"article","og_title":"Stiftsmuseum Admont er\u00f6ffnet am 19. M\u00e4rz Sonderausstellungen","og_description":"Lesen Sie aktuelle Informationen zum Thema Stiftsmuseum Admont er\u00f6ffnet am 19. M\u00e4rz Sonderausstellungen und vieles mehr aus dem Konvent und der Pfarre Admont.","og_url":"https:\/\/stiftadmont.at\/sl\/blog\/muzej-opatije-admont-19-marca-odpira-posebne-razstave\/","og_site_name":"Stift Admont","article_published_time":"2022-03-16T10:00:43+00:00","article_modified_time":"2022-05-17T22:57:55+00:00","og_image":[{"width":1920,"height":882,"url":"https:\/\/stiftadmont.at\/wp-content\/uploads\/6de49c85f675fbb38017ea8e0aee6ccd_XL.jpg","type":"image\/jpeg"}],"author":"Mario Brandm\u00fcller","twitter_card":"summary_large_image","twitter_misc":{"Written by":"Mario Brandm\u00fcller"},"schema":{"@context":"https:\/\/schema.org","@graph":[{"@type":"Article","@id":"https:\/\/stiftadmont.at\/blog\/stiftsmuseum-admont-eroeffnet-am-19-maerz-sonderausstellungen\/#article","isPartOf":{"@id":"https:\/\/stiftadmont.at\/blog\/stiftsmuseum-admont-eroeffnet-am-19-maerz-sonderausstellungen\/"},"author":{"name":"Mario Brandm\u00fcller","@id":"https:\/\/stiftadmont.at\/#\/schema\/person\/30535548b241d5f33a2e8b839db11869"},"headline":"Stiftsmuseum Admont er\u00f6ffnet am 19. M\u00e4rz Sonderausstellungen","datePublished":"2022-03-16T10:00:43+00:00","dateModified":"2022-05-17T22:57:55+00:00","mainEntityOfPage":{"@id":"https:\/\/stiftadmont.at\/blog\/stiftsmuseum-admont-eroeffnet-am-19-maerz-sonderausstellungen\/"},"wordCount":8,"image":{"@id":"https:\/\/stiftadmont.at\/blog\/stiftsmuseum-admont-eroeffnet-am-19-maerz-sonderausstellungen\/#primaryimage"},"thumbnailUrl":"https:\/\/stiftadmont.at\/wp-content\/uploads\/6de49c85f675fbb38017ea8e0aee6ccd_XL.jpg","articleSection":["Museen aktuell"],"inLanguage":"sl-SI"},{"@type":"WebPage","@id":"https:\/\/stiftadmont.at\/blog\/stiftsmuseum-admont-eroeffnet-am-19-maerz-sonderausstellungen\/","url":"https:\/\/stiftadmont.at\/blog\/stiftsmuseum-admont-eroeffnet-am-19-maerz-sonderausstellungen\/","name":"V muzeju opatije Admont 19. marca odprte posebne razstave - Admont Abbey","isPartOf":{"@id":"https:\/\/stiftadmont.at\/#website"},"primaryImageOfPage":{"@id":"https:\/\/stiftadmont.at\/blog\/stiftsmuseum-admont-eroeffnet-am-19-maerz-sonderausstellungen\/#primaryimage"},"image":{"@id":"https:\/\/stiftadmont.at\/blog\/stiftsmuseum-admont-eroeffnet-am-19-maerz-sonderausstellungen\/#primaryimage"},"thumbnailUrl":"https:\/\/stiftadmont.at\/wp-content\/uploads\/6de49c85f675fbb38017ea8e0aee6ccd_XL.jpg","datePublished":"2022-03-16T10:00:43+00:00","dateModified":"2022-05-17T22:57:55+00:00","author":{"@id":"https:\/\/stiftadmont.at\/#\/schema\/person\/30535548b241d5f33a2e8b839db11869"},"description":"Preberite najnovej\u0161e informacije o tem, da se 19. marca v muzeju opatije Admont odpirajo posebne razstave, in \u0161e veliko ve\u010d informacij iz samostana in \u017eupnije Admont.","breadcrumb":{"@id":"https:\/\/stiftadmont.at\/blog\/stiftsmuseum-admont-eroeffnet-am-19-maerz-sonderausstellungen\/#breadcrumb"},"inLanguage":"sl-SI","potentialAction":[{"@type":"ReadAction","target":["https:\/\/stiftadmont.at\/blog\/stiftsmuseum-admont-eroeffnet-am-19-maerz-sonderausstellungen\/"]}]},{"@type":"ImageObject","inLanguage":"sl-SI","@id":"https:\/\/stiftadmont.at\/blog\/stiftsmuseum-admont-eroeffnet-am-19-maerz-sonderausstellungen\/#primaryimage","url":"https:\/\/stiftadmont.at\/wp-content\/uploads\/6de49c85f675fbb38017ea8e0aee6ccd_XL.jpg","contentUrl":"https:\/\/stiftadmont.at\/wp-content\/uploads\/6de49c85f675fbb38017ea8e0aee6ccd_XL.jpg","width":1920,"height":882,"caption":"6de49c85f675fbb38017ea8e0aee6ccd XL"},{"@type":"BreadcrumbList","@id":"https:\/\/stiftadmont.at\/blog\/stiftsmuseum-admont-eroeffnet-am-19-maerz-sonderausstellungen\/#breadcrumb","itemListElement":[{"@type":"ListItem","position":1,"name":"Start","item":"https:\/\/stiftadmont.at\/"},{"@type":"ListItem","position":2,"name":"Stiftsmuseum Admont er\u00f6ffnet am 19. M\u00e4rz Sonderausstellungen"}]},{"@type":"WebSite","@id":"https:\/\/stiftadmont.at\/#website","url":"https:\/\/stiftadmont.at\/","name":"Opatija Admont","description":"Benediktinski samostan in turisti\u010dna znamenitost v Ges\u00e4use","potentialAction":[{"@type":"SearchAction","target":{"@type":"EntryPoint","urlTemplate":"https:\/\/stiftadmont.at\/?s={search_term_string}"},"query-input":{"@type":"PropertyValueSpecification","valueRequired":true,"valueName":"search_term_string"}}],"inLanguage":"sl-SI"},{"@type":"Person","@id":"https:\/\/stiftadmont.at\/#\/schema\/person\/30535548b241d5f33a2e8b839db11869","name":"Mario Brandm\u00fcller"}]}},"_links":{"self":[{"href":"https:\/\/stiftadmont.at\/sl\/wp-json\/wp\/v2\/posts\/10861","targetHints":{"allow":["GET"]}}],"collection":[{"href":"https:\/\/stiftadmont.at\/sl\/wp-json\/wp\/v2\/posts"}],"about":[{"href":"https:\/\/stiftadmont.at\/sl\/wp-json\/wp\/v2\/types\/post"}],"author":[{"embeddable":true,"href":"https:\/\/stiftadmont.at\/sl\/wp-json\/wp\/v2\/users\/7"}],"replies":[{"embeddable":true,"href":"https:\/\/stiftadmont.at\/sl\/wp-json\/wp\/v2\/comments?post=10861"}],"version-history":[{"count":3,"href":"https:\/\/stiftadmont.at\/sl\/wp-json\/wp\/v2\/posts\/10861\/revisions"}],"predecessor-version":[{"id":10865,"href":"https:\/\/stiftadmont.at\/sl\/wp-json\/wp\/v2\/posts\/10861\/revisions\/10865"}],"wp:featuredmedia":[{"embeddable":true,"href":"https:\/\/stiftadmont.at\/sl\/wp-json\/wp\/v2\/media\/10862"}],"wp:attachment":[{"href":"https:\/\/stiftadmont.at\/sl\/wp-json\/wp\/v2\/media?parent=10861"}],"wp:term":[{"taxonomy":"category","embeddable":true,"href":"https:\/\/stiftadmont.at\/sl\/wp-json\/wp\/v2\/categories?post=10861"}],"curies":[{"name":"wp","href":"https:\/\/api.w.org\/{rel}","templated":true}]}}