{"id":11078,"date":"2016-03-01T12:00:00","date_gmt":"2016-03-01T10:00:00","guid":{"rendered":"https:\/\/stiftadmont.at\/?p=11078"},"modified":"2023-02-06T16:22:45","modified_gmt":"2023-02-06T14:22:45","slug":"zbirka-fotografov-koepcke-weinhold","status":"publish","type":"post","link":"https:\/\/stiftadmont.at\/sl\/blog\/sammlungsfotografen-koepcke-weinhold\/","title":{"rendered":"Fotografi zbirke K\u00f6pcke &amp; Weinhold"},"content":{"rendered":"<section id='lightpress__section--block_b8172726216c1717a27a04ac60ad92da' class='lightpress__section--default-section-space lightpress__section lightpress__section--content'><div class=\"content__inner\"\n         x-init=\"initContentBlockAnim($el)\">\n        \n    <div class=\"content__grid content__grid\">\n                                            <div class=\"content__box content__box--one-hundred\"\n                 style=\"\">\n                                \n                \n                                            <div class=\"prose\"><p><strong>Torek, 1. marec 2016<\/strong><\/p>\n<p>Programski naslov predstavlja temo, ki omogo\u010da najrazli\u010dnej\u0161e razlage. V uprizorjenih slikah o\u017eivijo primerki \u017eivali, od katerih so nekateri stari ve\u010d kot sto let. Fotografi na razli\u010dne akterje gledajo z naklonjenostjo, humorjem in subtilnostjo. V kombinaciji z izbranimi predmeti iz Muzeja kulturne zgodovine je bilo mogo\u010de ustvariti \u0161tevilne zapletene aran\u017emaje, ki jih vsekakor lahko razumemo kot poklon lovskim in kuhinjskim tiho\u017eitjem iz obdobja renesanse in baroka. Melanholi\u010den pogled na rast in propadanje, na ve\u010dni cikel \"jesti in biti pojeden\" se izka\u017ee za \u010dudovito iluzijo. Dejansko je ve\u010dina \u017eivali mrtva \u017ee sto let, vendar so prav zato dosegle muzejsko nesmrtnost - umetelno pripravljene s steklenimi o\u010dmi, \u017ei\u010dnatimi okostji in \u017eagovino.<\/p>\n<p>V skladu s temo so \u017eenske iz samostanske kuhinje prosili, naj jih fotografirajo. V zelo vsakdanjem smislu so dobre du\u0161e, ki delajo ve\u010dinoma na skrivaj, dajejo strukturiranost dneva in hkrati poskrbijo za kulinari\u010dno raznolikost. Tudi oba umetnika sta ve\u010dkrat u\u017eivala v njihovih kulinari\u010dnih spretnostih. Dejstvo, da sta zdaj lahko ovekove\u010dila kuhinjsko ekipo v dobrem razpolo\u017eenju, jima je bilo v posebno zadovoljstvo.<\/p>\n<\/div>\n                    \n                            <\/div>\n        \n            <\/div>\n<\/div>\n\n<\/section>","protected":false},"excerpt":{"rendered":"<p>Za razstavno sezono 2016 sta bila fotografa zbirke Sebastian K\u00f6pcke in Volker Weinhold povabljena, da predmete iz naravoslovne zbirke fotografirata v pravi lu\u010di.<\/p>","protected":false},"author":7,"featured_media":11079,"comment_status":"closed","ping_status":"closed","sticky":false,"template":"","format":"standard","meta":{"_acf_changed":false,"footnotes":""},"categories":[24],"class_list":["post-11078","post","type-post","status-publish","format-standard","has-post-thumbnail","hentry","category-museen-aktuell"],"acf":[],"yoast_head":"<!-- This site is optimized with the Yoast SEO Premium plugin v26.0 (Yoast SEO v26.8) - https:\/\/yoast.com\/product\/yoast-seo-premium-wordpress\/ -->\n<title>Sammlungsfotografen K\u00f6pcke &amp; Weinhold - Stift Admont<\/title>\n<meta name=\"description\" content=\"Lesen Sie aktuelle Informationen zum Thema Sammlungsfotografen K\u00f6pcke &amp; Weinhold und vieles mehr aus dem Konvent und der Pfarre Admont.\" \/>\n<meta name=\"robots\" content=\"index, follow, max-snippet:-1, max-image-preview:large, max-video-preview:-1\" \/>\n<link rel=\"canonical\" href=\"https:\/\/stiftadmont.at\/sl\/blog\/zbirka-fotografov-koepcke-weinhold\/\" \/>\n<meta property=\"og:locale\" content=\"sl_SI\" \/>\n<meta property=\"og:type\" content=\"article\" \/>\n<meta property=\"og:title\" content=\"Sammlungsfotografen K\u00f6pcke &amp; Weinhold\" \/>\n<meta property=\"og:description\" content=\"Lesen Sie aktuelle Informationen zum Thema Sammlungsfotografen K\u00f6pcke &amp; Weinhold und vieles mehr aus dem Konvent und der Pfarre Admont.\" \/>\n<meta property=\"og:url\" content=\"https:\/\/stiftadmont.at\/sl\/blog\/zbirka-fotografov-koepcke-weinhold\/\" \/>\n<meta property=\"og:site_name\" content=\"Stift Admont\" \/>\n<meta property=\"article:published_time\" content=\"2016-03-01T10:00:00+00:00\" \/>\n<meta property=\"article:modified_time\" content=\"2023-02-06T14:22:45+00:00\" \/>\n<meta property=\"og:image\" content=\"https:\/\/stiftadmont.at\/wp-content\/uploads\/Stift-Admont-Sammlungsfotografen-Koepcke-Weinhold.jpg\" \/>\n\t<meta property=\"og:image:width\" content=\"853\" \/>\n\t<meta property=\"og:image:height\" content=\"569\" \/>\n\t<meta property=\"og:image:type\" content=\"image\/jpeg\" \/>\n<meta name=\"author\" content=\"Mario Brandm\u00fcller\" \/>\n<meta name=\"twitter:card\" content=\"summary_large_image\" \/>\n<meta name=\"twitter:label1\" content=\"Written by\" \/>\n\t<meta name=\"twitter:data1\" content=\"Mario Brandm\u00fcller\" \/>\n<script type=\"application\/ld+json\" class=\"yoast-schema-graph\">{\"@context\":\"https:\/\/schema.org\",\"@graph\":[{\"@type\":\"Article\",\"@id\":\"https:\/\/stiftadmont.at\/blog\/sammlungsfotografen-koepcke-weinhold\/#article\",\"isPartOf\":{\"@id\":\"https:\/\/stiftadmont.at\/blog\/sammlungsfotografen-koepcke-weinhold\/\"},\"author\":{\"name\":\"Mario Brandm\u00fcller\",\"@id\":\"https:\/\/stiftadmont.at\/#\/schema\/person\/30535548b241d5f33a2e8b839db11869\"},\"headline\":\"Sammlungsfotografen K\u00f6pcke &amp; Weinhold\",\"datePublished\":\"2016-03-01T10:00:00+00:00\",\"dateModified\":\"2023-02-06T14:22:45+00:00\",\"mainEntityOfPage\":{\"@id\":\"https:\/\/stiftadmont.at\/blog\/sammlungsfotografen-koepcke-weinhold\/\"},\"wordCount\":5,\"image\":{\"@id\":\"https:\/\/stiftadmont.at\/blog\/sammlungsfotografen-koepcke-weinhold\/#primaryimage\"},\"thumbnailUrl\":\"https:\/\/stiftadmont.at\/wp-content\/uploads\/Stift-Admont-Sammlungsfotografen-Koepcke-Weinhold.jpg\",\"articleSection\":[\"Museen aktuell\"],\"inLanguage\":\"sl-SI\"},{\"@type\":\"WebPage\",\"@id\":\"https:\/\/stiftadmont.at\/blog\/sammlungsfotografen-koepcke-weinhold\/\",\"url\":\"https:\/\/stiftadmont.at\/blog\/sammlungsfotografen-koepcke-weinhold\/\",\"name\":\"Sammlungsfotografen K\u00f6pcke &amp; Weinhold - Stift Admont\",\"isPartOf\":{\"@id\":\"https:\/\/stiftadmont.at\/#website\"},\"primaryImageOfPage\":{\"@id\":\"https:\/\/stiftadmont.at\/blog\/sammlungsfotografen-koepcke-weinhold\/#primaryimage\"},\"image\":{\"@id\":\"https:\/\/stiftadmont.at\/blog\/sammlungsfotografen-koepcke-weinhold\/#primaryimage\"},\"thumbnailUrl\":\"https:\/\/stiftadmont.at\/wp-content\/uploads\/Stift-Admont-Sammlungsfotografen-Koepcke-Weinhold.jpg\",\"datePublished\":\"2016-03-01T10:00:00+00:00\",\"dateModified\":\"2023-02-06T14:22:45+00:00\",\"author\":{\"@id\":\"https:\/\/stiftadmont.at\/#\/schema\/person\/30535548b241d5f33a2e8b839db11869\"},\"description\":\"Lesen Sie aktuelle Informationen zum Thema Sammlungsfotografen K\u00f6pcke &amp; Weinhold und vieles mehr aus dem Konvent und der Pfarre Admont.\",\"breadcrumb\":{\"@id\":\"https:\/\/stiftadmont.at\/blog\/sammlungsfotografen-koepcke-weinhold\/#breadcrumb\"},\"inLanguage\":\"sl-SI\",\"potentialAction\":[{\"@type\":\"ReadAction\",\"target\":[\"https:\/\/stiftadmont.at\/blog\/sammlungsfotografen-koepcke-weinhold\/\"]}]},{\"@type\":\"ImageObject\",\"inLanguage\":\"sl-SI\",\"@id\":\"https:\/\/stiftadmont.at\/blog\/sammlungsfotografen-koepcke-weinhold\/#primaryimage\",\"url\":\"https:\/\/stiftadmont.at\/wp-content\/uploads\/Stift-Admont-Sammlungsfotografen-Koepcke-Weinhold.jpg\",\"contentUrl\":\"https:\/\/stiftadmont.at\/wp-content\/uploads\/Stift-Admont-Sammlungsfotografen-Koepcke-Weinhold.jpg\",\"width\":853,\"height\":569,\"caption\":\"Stift Admont Sammlungsfotografen Koepcke Weinhold\"},{\"@type\":\"BreadcrumbList\",\"@id\":\"https:\/\/stiftadmont.at\/blog\/sammlungsfotografen-koepcke-weinhold\/#breadcrumb\",\"itemListElement\":[{\"@type\":\"ListItem\",\"position\":1,\"name\":\"Start\",\"item\":\"https:\/\/stiftadmont.at\/\"},{\"@type\":\"ListItem\",\"position\":2,\"name\":\"Sammlungsfotografen K\u00f6pcke &amp; Weinhold\"}]},{\"@type\":\"WebSite\",\"@id\":\"https:\/\/stiftadmont.at\/#website\",\"url\":\"https:\/\/stiftadmont.at\/\",\"name\":\"Stift Admont\",\"description\":\"Benediktinerkloster und Sehensw\u00fcrdigkeit im Ges\u00e4use\",\"potentialAction\":[{\"@type\":\"SearchAction\",\"target\":{\"@type\":\"EntryPoint\",\"urlTemplate\":\"https:\/\/stiftadmont.at\/?s={search_term_string}\"},\"query-input\":{\"@type\":\"PropertyValueSpecification\",\"valueRequired\":true,\"valueName\":\"search_term_string\"}}],\"inLanguage\":\"sl-SI\"},{\"@type\":\"Person\",\"@id\":\"https:\/\/stiftadmont.at\/#\/schema\/person\/30535548b241d5f33a2e8b839db11869\",\"name\":\"Mario Brandm\u00fcller\"}]}<\/script>\n<!-- \/ Yoast SEO Premium plugin. -->","yoast_head_json":{"title":"Zbirka fotografov K\u00f6pcke &amp; Weinhold - Opatija Admont","description":"Preberite najnovej\u0161e informacije o zbirki fotografov K\u00f6pcke &amp; Weinhold in \u0161e veliko ve\u010d o samostanu in \u017eupniji Admont.","robots":{"index":"index","follow":"follow","max-snippet":"max-snippet:-1","max-image-preview":"max-image-preview:large","max-video-preview":"max-video-preview:-1"},"canonical":"https:\/\/stiftadmont.at\/sl\/blog\/zbirka-fotografov-koepcke-weinhold\/","og_locale":"sl_SI","og_type":"article","og_title":"Sammlungsfotografen K\u00f6pcke &amp; Weinhold","og_description":"Lesen Sie aktuelle Informationen zum Thema Sammlungsfotografen K\u00f6pcke &amp; Weinhold und vieles mehr aus dem Konvent und der Pfarre Admont.","og_url":"https:\/\/stiftadmont.at\/sl\/blog\/zbirka-fotografov-koepcke-weinhold\/","og_site_name":"Stift Admont","article_published_time":"2016-03-01T10:00:00+00:00","article_modified_time":"2023-02-06T14:22:45+00:00","og_image":[{"width":853,"height":569,"url":"https:\/\/stiftadmont.at\/wp-content\/uploads\/Stift-Admont-Sammlungsfotografen-Koepcke-Weinhold.jpg","type":"image\/jpeg"}],"author":"Mario Brandm\u00fcller","twitter_card":"summary_large_image","twitter_misc":{"Written by":"Mario Brandm\u00fcller"},"schema":{"@context":"https:\/\/schema.org","@graph":[{"@type":"Article","@id":"https:\/\/stiftadmont.at\/blog\/sammlungsfotografen-koepcke-weinhold\/#article","isPartOf":{"@id":"https:\/\/stiftadmont.at\/blog\/sammlungsfotografen-koepcke-weinhold\/"},"author":{"name":"Mario Brandm\u00fcller","@id":"https:\/\/stiftadmont.at\/#\/schema\/person\/30535548b241d5f33a2e8b839db11869"},"headline":"Sammlungsfotografen K\u00f6pcke &amp; Weinhold","datePublished":"2016-03-01T10:00:00+00:00","dateModified":"2023-02-06T14:22:45+00:00","mainEntityOfPage":{"@id":"https:\/\/stiftadmont.at\/blog\/sammlungsfotografen-koepcke-weinhold\/"},"wordCount":5,"image":{"@id":"https:\/\/stiftadmont.at\/blog\/sammlungsfotografen-koepcke-weinhold\/#primaryimage"},"thumbnailUrl":"https:\/\/stiftadmont.at\/wp-content\/uploads\/Stift-Admont-Sammlungsfotografen-Koepcke-Weinhold.jpg","articleSection":["Museen aktuell"],"inLanguage":"sl-SI"},{"@type":"WebPage","@id":"https:\/\/stiftadmont.at\/blog\/sammlungsfotografen-koepcke-weinhold\/","url":"https:\/\/stiftadmont.at\/blog\/sammlungsfotografen-koepcke-weinhold\/","name":"Zbirka fotografov K\u00f6pcke &amp; Weinhold - Opatija Admont","isPartOf":{"@id":"https:\/\/stiftadmont.at\/#website"},"primaryImageOfPage":{"@id":"https:\/\/stiftadmont.at\/blog\/sammlungsfotografen-koepcke-weinhold\/#primaryimage"},"image":{"@id":"https:\/\/stiftadmont.at\/blog\/sammlungsfotografen-koepcke-weinhold\/#primaryimage"},"thumbnailUrl":"https:\/\/stiftadmont.at\/wp-content\/uploads\/Stift-Admont-Sammlungsfotografen-Koepcke-Weinhold.jpg","datePublished":"2016-03-01T10:00:00+00:00","dateModified":"2023-02-06T14:22:45+00:00","author":{"@id":"https:\/\/stiftadmont.at\/#\/schema\/person\/30535548b241d5f33a2e8b839db11869"},"description":"Preberite najnovej\u0161e informacije o zbirki fotografov K\u00f6pcke &amp; Weinhold in \u0161e veliko ve\u010d o samostanu in \u017eupniji Admont.","breadcrumb":{"@id":"https:\/\/stiftadmont.at\/blog\/sammlungsfotografen-koepcke-weinhold\/#breadcrumb"},"inLanguage":"sl-SI","potentialAction":[{"@type":"ReadAction","target":["https:\/\/stiftadmont.at\/blog\/sammlungsfotografen-koepcke-weinhold\/"]}]},{"@type":"ImageObject","inLanguage":"sl-SI","@id":"https:\/\/stiftadmont.at\/blog\/sammlungsfotografen-koepcke-weinhold\/#primaryimage","url":"https:\/\/stiftadmont.at\/wp-content\/uploads\/Stift-Admont-Sammlungsfotografen-Koepcke-Weinhold.jpg","contentUrl":"https:\/\/stiftadmont.at\/wp-content\/uploads\/Stift-Admont-Sammlungsfotografen-Koepcke-Weinhold.jpg","width":853,"height":569,"caption":"Stift Admont Sammlungsfotografen Koepcke Weinhold"},{"@type":"BreadcrumbList","@id":"https:\/\/stiftadmont.at\/blog\/sammlungsfotografen-koepcke-weinhold\/#breadcrumb","itemListElement":[{"@type":"ListItem","position":1,"name":"Start","item":"https:\/\/stiftadmont.at\/"},{"@type":"ListItem","position":2,"name":"Sammlungsfotografen K\u00f6pcke &amp; Weinhold"}]},{"@type":"WebSite","@id":"https:\/\/stiftadmont.at\/#website","url":"https:\/\/stiftadmont.at\/","name":"Opatija Admont","description":"Benediktinski samostan in turisti\u010dna znamenitost v Ges\u00e4use","potentialAction":[{"@type":"SearchAction","target":{"@type":"EntryPoint","urlTemplate":"https:\/\/stiftadmont.at\/?s={search_term_string}"},"query-input":{"@type":"PropertyValueSpecification","valueRequired":true,"valueName":"search_term_string"}}],"inLanguage":"sl-SI"},{"@type":"Person","@id":"https:\/\/stiftadmont.at\/#\/schema\/person\/30535548b241d5f33a2e8b839db11869","name":"Mario Brandm\u00fcller"}]}},"_links":{"self":[{"href":"https:\/\/stiftadmont.at\/sl\/wp-json\/wp\/v2\/posts\/11078","targetHints":{"allow":["GET"]}}],"collection":[{"href":"https:\/\/stiftadmont.at\/sl\/wp-json\/wp\/v2\/posts"}],"about":[{"href":"https:\/\/stiftadmont.at\/sl\/wp-json\/wp\/v2\/types\/post"}],"author":[{"embeddable":true,"href":"https:\/\/stiftadmont.at\/sl\/wp-json\/wp\/v2\/users\/7"}],"replies":[{"embeddable":true,"href":"https:\/\/stiftadmont.at\/sl\/wp-json\/wp\/v2\/comments?post=11078"}],"version-history":[{"count":7,"href":"https:\/\/stiftadmont.at\/sl\/wp-json\/wp\/v2\/posts\/11078\/revisions"}],"predecessor-version":[{"id":16686,"href":"https:\/\/stiftadmont.at\/sl\/wp-json\/wp\/v2\/posts\/11078\/revisions\/16686"}],"wp:featuredmedia":[{"embeddable":true,"href":"https:\/\/stiftadmont.at\/sl\/wp-json\/wp\/v2\/media\/11079"}],"wp:attachment":[{"href":"https:\/\/stiftadmont.at\/sl\/wp-json\/wp\/v2\/media?parent=11078"}],"wp:term":[{"taxonomy":"category","embeddable":true,"href":"https:\/\/stiftadmont.at\/sl\/wp-json\/wp\/v2\/categories?post=11078"}],"curies":[{"name":"wp","href":"https:\/\/api.w.org\/{rel}","templated":true}]}}