{"id":11140,"date":"2022-03-03T12:00:00","date_gmt":"2022-03-03T10:00:00","guid":{"rendered":"https:\/\/stiftadmont.at\/?p=11140"},"modified":"2022-05-24T01:53:30","modified_gmt":"2022-05-23T23:53:30","slug":"fundacija-admont-oskrbuje-begunce-in-zacenja-donacijsko-kampanjo","status":"publish","type":"post","link":"https:\/\/stiftadmont.at\/sl\/blog\/stift-admont-versorgt-fluechtlinge-und-startet-spendenaktion\/","title":{"rendered":"Opatija Admont skrbi za begunce in za\u010denja donacijsko kampanjo"},"content":{"rendered":"<section id='lightpress__section--block_628c1c5b1feaa' class='lightpress__section--default-section-space lightpress__section lightpress__section--content'><div class=\"content__inner\"\n         x-init=\"initContentBlockAnim($el)\">\n        \n    <div class=\"content__grid content__grid--fifty-fifty\">\n                                            <div class=\"content__box content__box\"\n                 style=\"\">\n                                \n                \n                                            <div class=\"prose\"><h2 class=\"heading-xxl line line--gold\">Opatija Admont skrbi za begunce in za\u010denja donacijsko kampanjo<\/h2>\n<p><strong>\u010cetrtek, 3. marec 2022<\/strong><\/p>\n<p><strong>Benediktinski samostan v Admontu ponuja brezpla\u010dna stanovanja za ljudi, ki so pobegnili iz Ukrajine. Samostan je objavil tudi poziv za zbiranje donacij za lokalno prebivalstvo.<\/strong><\/p>\n<p>\"Mir je shranjen v krhkih posodah,\" pravi admontski opat Gerhard Hafner. Kako krhke so te posode, je razvidno iz vojne, ki trenutno divja v Ukrajini. Vojna v Evropi, ki si je mnogi ne morejo ve\u010d predstavljati, a je kljub temu resni\u010dna. Tudi benediktinski samostan v Admontu je globoko \u017ealosten: \"V molitvi lahko celotno situacijo vedno znova predstavimo le Bogu, da bi na\u0161li pot nazaj k miru in pomagali tistim v stiski,\" pravi opat Gerhard in izra\u017ea so\u010dutje. Prizadeto prebivalstvo predvsem upa, da se bo mir vrnil. Ljudje v Ukrajini se morajo zadr\u017eevati v kleteh in podzemnih \u017eelezni\u0161kih ja\u0161kih ali be\u017eati v sosednje dr\u017eave. Benediktinski samostan zagotavlja brezpla\u010dna stanovanja po vsej \u0160tajerski, da bi podprl zlasti \u0161tevilne \u017eenske, ki so se z otroki prebile \u010dez mejo. V njih lahko matere in njihovi otroci najdejo zato\u010di\u0161\u010de in pridobijo novo samozavest.<\/p>\n<\/div>\n                    \n                            <\/div>\n        \n                                                    <div class=\"content__box content__box--2\"\n                     >\n                                        \n                    \n                                                <div class=\"content__media stickyTo\" x-init=\"imageSticky($el)\">\n\n                                                                                    <picture\n                                    class=\"content__image sticky\">\n                                <source srcset=\"https:\/\/stiftadmont.at\/wp-content\/uploads\/image-1024x1024.webp\" type=\"image\/webp\">\n                                <source srcset=\"https:\/\/stiftadmont.at\/wp-content\/uploads\/image-1024x1024.jpg\" type=\"image\/jpeg\">\n                                <img decoding=\"async\" class=\"sticky\" loading=\"lazy\" src=\"https:\/\/stiftadmont.at\/wp-content\/uploads\/image-1024x1024.jpg\" alt=\"slika\" \/>\n\n                                                                                                                            <\/picture>\n\n                        <\/div>\n\n                                    <\/div>\n            \n            <\/div>\n<\/div>\n\n<\/section>\n\n<section id='lightpress__section--block_628c1dfb1feab' class='lightpress__section--default-section-space lightpress__section lightpress__section--content'><div class=\"content__inner\"\n         x-init=\"initContentBlockAnim($el)\">\n        \n    <div class=\"content__grid content__grid\">\n                                            <div class=\"content__box content__box--one-hundred\"\n                 style=\"\">\n                                \n                \n                                            <div class=\"prose\"><h6 class=\"heading-s line line--red\" style=\"z-index: var(--z-content);\">ZNAK SOLIDARNOSTI<\/h6>\n<p>Admontova kolegijska cerkev bo od danes naprej osvetljena v modri in rumeni barvi. Dejstvo, da so cerkveni stolpi v ukrajinskih nacionalnih barvah, naj bi izra\u017ealo predvsem eno: solidarnost. Navsezadnje so med samostanom na Zgornjem \u0160tajerskem in Ukrajino dobre vezi. V mislih so s prijatelji in znanci, ki so svoje dru\u017eine pripeljali \u010dez mejo na varno in nato odpotovali nazaj v Ukrajino, da bi branili svojo dr\u017eavo. V tem trenutku nih\u010de ne ve, ali se bodo ponovno zdru\u017eili. \"Upamo lahko le, da se bo Putin opogumil. Trdi, da je pobo\u017een pravoslavni kristjan, toda kot kristjan si ne more\u0161 pomagati, da te ne bi pretreslo do srca, ko poteka vojna in umirajo otroci, \u017eenske in mo\u0161ki. \u010ce to ne velja zanj, mora dvomiti o svojem kr\u0161\u010danstvu,\" pravi opat opatije Admont.<\/p>\n<h6 class=\"heading-s line line--red\" style=\"z-index: var(--z-content);\">ZA\u010cETEK DONATORSKE KAMPANJE<\/h6>\n<p>Benediktinski samostan \u017eeli poleg sprejema beguncev pomagati tudi tistim, ki so ostali v Ukrajini. V ta namen samostan na Zgornjem \u0160tajerskem izkori\u0161\u010da \u0161irok doseg, ki ga je dosegel na spletnih kanalih, in objavlja poziv k donacijam za podporo ukrajinskemu prebivalstvu:<\/p>\n<p><strong>Kampanja za podporo dru\u017einam v Ukrajini<br \/><\/strong>Donacijski ra\u010dun: Raiffeisenbank Admont<br \/>IBAN: AT14 3800 1000 000 0007 5556<br \/>BIC: RZSTAT2G001<br \/>Klju\u010dna beseda: Ukrajina<\/p>\n<\/div>\n                    \n                            <\/div>\n        \n            <\/div>\n<\/div>\n\n<\/section>","protected":false},"excerpt":{"rendered":"<p>Benediktinski samostan v Admontu ponuja brezpla\u010dna stanovanja za ljudi, ki so pobegnili iz Ukrajine. Samostan je objavil tudi poziv za zbiranje donacij za lokalno prebivalstvo.<\/p>","protected":false},"author":7,"featured_media":7794,"comment_status":"closed","ping_status":"closed","sticky":false,"template":"","format":"standard","meta":{"_acf_changed":false,"footnotes":""},"categories":[22],"class_list":["post-11140","post","type-post","status-publish","format-standard","has-post-thumbnail","hentry","category-kloster-aktuell"],"acf":[],"yoast_head":"<!-- This site is optimized with the Yoast SEO Premium plugin v26.0 (Yoast SEO v26.8) - https:\/\/yoast.com\/product\/yoast-seo-premium-wordpress\/ -->\n<title>Stift Admont versorgt Fl\u00fcchtlinge und startet Spendenaktion - Stift Admont<\/title>\n<meta name=\"description\" content=\"Lesen Sie aktuelle Informationen zum Thema Stift Admont versorgt Fl\u00fcchtlinge und startet Spendenaktion und vieles mehr aus dem Konvent und der Pfarre Admont.\" \/>\n<meta name=\"robots\" content=\"index, follow, max-snippet:-1, max-image-preview:large, max-video-preview:-1\" \/>\n<link rel=\"canonical\" href=\"https:\/\/stiftadmont.at\/sl\/blog\/fundacija-admont-oskrbuje-begunce-in-zacenja-donacijsko-kampanjo\/\" \/>\n<meta property=\"og:locale\" content=\"sl_SI\" \/>\n<meta property=\"og:type\" content=\"article\" \/>\n<meta property=\"og:title\" content=\"Stift Admont versorgt Fl\u00fcchtlinge und startet Spendenaktion\" \/>\n<meta property=\"og:description\" content=\"Lesen Sie aktuelle Informationen zum Thema Stift Admont versorgt Fl\u00fcchtlinge und startet Spendenaktion und vieles mehr aus dem Konvent und der Pfarre Admont.\" \/>\n<meta property=\"og:url\" content=\"https:\/\/stiftadmont.at\/sl\/blog\/fundacija-admont-oskrbuje-begunce-in-zacenja-donacijsko-kampanjo\/\" \/>\n<meta property=\"og:site_name\" content=\"Stift Admont\" \/>\n<meta property=\"article:published_time\" content=\"2022-03-03T10:00:00+00:00\" \/>\n<meta property=\"article:modified_time\" content=\"2022-05-23T23:53:30+00:00\" \/>\n<meta property=\"og:image\" content=\"https:\/\/stiftadmont.at\/wp-content\/uploads\/Benediktinerstift-Admont-Ukrainekrieg.jpg\" \/>\n\t<meta property=\"og:image:width\" content=\"853\" \/>\n\t<meta property=\"og:image:height\" content=\"569\" \/>\n\t<meta property=\"og:image:type\" content=\"image\/jpeg\" \/>\n<meta name=\"author\" content=\"Mario Brandm\u00fcller\" \/>\n<meta name=\"twitter:card\" content=\"summary_large_image\" \/>\n<meta name=\"twitter:label1\" content=\"Written by\" \/>\n\t<meta name=\"twitter:data1\" content=\"Mario Brandm\u00fcller\" \/>\n<script type=\"application\/ld+json\" class=\"yoast-schema-graph\">{\"@context\":\"https:\/\/schema.org\",\"@graph\":[{\"@type\":\"Article\",\"@id\":\"https:\/\/stiftadmont.at\/blog\/stift-admont-versorgt-fluechtlinge-und-startet-spendenaktion\/#article\",\"isPartOf\":{\"@id\":\"https:\/\/stiftadmont.at\/blog\/stift-admont-versorgt-fluechtlinge-und-startet-spendenaktion\/\"},\"author\":{\"name\":\"Mario Brandm\u00fcller\",\"@id\":\"https:\/\/stiftadmont.at\/#\/schema\/person\/30535548b241d5f33a2e8b839db11869\"},\"headline\":\"Stift Admont versorgt Fl\u00fcchtlinge und startet Spendenaktion\",\"datePublished\":\"2022-03-03T10:00:00+00:00\",\"dateModified\":\"2022-05-23T23:53:30+00:00\",\"mainEntityOfPage\":{\"@id\":\"https:\/\/stiftadmont.at\/blog\/stift-admont-versorgt-fluechtlinge-und-startet-spendenaktion\/\"},\"wordCount\":8,\"image\":{\"@id\":\"https:\/\/stiftadmont.at\/blog\/stift-admont-versorgt-fluechtlinge-und-startet-spendenaktion\/#primaryimage\"},\"thumbnailUrl\":\"https:\/\/stiftadmont.at\/wp-content\/uploads\/Benediktinerstift-Admont-Ukrainekrieg.jpg\",\"articleSection\":[\"Kloster aktuell\"],\"inLanguage\":\"sl-SI\"},{\"@type\":\"WebPage\",\"@id\":\"https:\/\/stiftadmont.at\/blog\/stift-admont-versorgt-fluechtlinge-und-startet-spendenaktion\/\",\"url\":\"https:\/\/stiftadmont.at\/blog\/stift-admont-versorgt-fluechtlinge-und-startet-spendenaktion\/\",\"name\":\"Stift Admont versorgt Fl\u00fcchtlinge und startet Spendenaktion - Stift Admont\",\"isPartOf\":{\"@id\":\"https:\/\/stiftadmont.at\/#website\"},\"primaryImageOfPage\":{\"@id\":\"https:\/\/stiftadmont.at\/blog\/stift-admont-versorgt-fluechtlinge-und-startet-spendenaktion\/#primaryimage\"},\"image\":{\"@id\":\"https:\/\/stiftadmont.at\/blog\/stift-admont-versorgt-fluechtlinge-und-startet-spendenaktion\/#primaryimage\"},\"thumbnailUrl\":\"https:\/\/stiftadmont.at\/wp-content\/uploads\/Benediktinerstift-Admont-Ukrainekrieg.jpg\",\"datePublished\":\"2022-03-03T10:00:00+00:00\",\"dateModified\":\"2022-05-23T23:53:30+00:00\",\"author\":{\"@id\":\"https:\/\/stiftadmont.at\/#\/schema\/person\/30535548b241d5f33a2e8b839db11869\"},\"description\":\"Lesen Sie aktuelle Informationen zum Thema Stift Admont versorgt Fl\u00fcchtlinge und startet Spendenaktion und vieles mehr aus dem Konvent und der Pfarre Admont.\",\"breadcrumb\":{\"@id\":\"https:\/\/stiftadmont.at\/blog\/stift-admont-versorgt-fluechtlinge-und-startet-spendenaktion\/#breadcrumb\"},\"inLanguage\":\"sl-SI\",\"potentialAction\":[{\"@type\":\"ReadAction\",\"target\":[\"https:\/\/stiftadmont.at\/blog\/stift-admont-versorgt-fluechtlinge-und-startet-spendenaktion\/\"]}]},{\"@type\":\"ImageObject\",\"inLanguage\":\"sl-SI\",\"@id\":\"https:\/\/stiftadmont.at\/blog\/stift-admont-versorgt-fluechtlinge-und-startet-spendenaktion\/#primaryimage\",\"url\":\"https:\/\/stiftadmont.at\/wp-content\/uploads\/Benediktinerstift-Admont-Ukrainekrieg.jpg\",\"contentUrl\":\"https:\/\/stiftadmont.at\/wp-content\/uploads\/Benediktinerstift-Admont-Ukrainekrieg.jpg\",\"width\":853,\"height\":569,\"caption\":\"Benediktinerstift Admont Ukrainekrieg\"},{\"@type\":\"BreadcrumbList\",\"@id\":\"https:\/\/stiftadmont.at\/blog\/stift-admont-versorgt-fluechtlinge-und-startet-spendenaktion\/#breadcrumb\",\"itemListElement\":[{\"@type\":\"ListItem\",\"position\":1,\"name\":\"Start\",\"item\":\"https:\/\/stiftadmont.at\/\"},{\"@type\":\"ListItem\",\"position\":2,\"name\":\"Stift Admont versorgt Fl\u00fcchtlinge und startet Spendenaktion\"}]},{\"@type\":\"WebSite\",\"@id\":\"https:\/\/stiftadmont.at\/#website\",\"url\":\"https:\/\/stiftadmont.at\/\",\"name\":\"Stift Admont\",\"description\":\"Benediktinerkloster und Sehensw\u00fcrdigkeit im Ges\u00e4use\",\"potentialAction\":[{\"@type\":\"SearchAction\",\"target\":{\"@type\":\"EntryPoint\",\"urlTemplate\":\"https:\/\/stiftadmont.at\/?s={search_term_string}\"},\"query-input\":{\"@type\":\"PropertyValueSpecification\",\"valueRequired\":true,\"valueName\":\"search_term_string\"}}],\"inLanguage\":\"sl-SI\"},{\"@type\":\"Person\",\"@id\":\"https:\/\/stiftadmont.at\/#\/schema\/person\/30535548b241d5f33a2e8b839db11869\",\"name\":\"Mario Brandm\u00fcller\"}]}<\/script>\n<!-- \/ Yoast SEO Premium plugin. -->","yoast_head_json":{"title":"Opatija Admont poskrbela za begunce in spro\u017eila donacijsko kampanjo - Admont Abbey","description":"Preberite najnovej\u0161e informacije o oskrbi beguncev v opatiji Admont, o za\u010detku kampanje za zbiranje sredstev in \u0161e veliko ve\u010d iz samostana in \u017eupnije Admont.","robots":{"index":"index","follow":"follow","max-snippet":"max-snippet:-1","max-image-preview":"max-image-preview:large","max-video-preview":"max-video-preview:-1"},"canonical":"https:\/\/stiftadmont.at\/sl\/blog\/fundacija-admont-oskrbuje-begunce-in-zacenja-donacijsko-kampanjo\/","og_locale":"sl_SI","og_type":"article","og_title":"Stift Admont versorgt Fl\u00fcchtlinge und startet Spendenaktion","og_description":"Lesen Sie aktuelle Informationen zum Thema Stift Admont versorgt Fl\u00fcchtlinge und startet Spendenaktion und vieles mehr aus dem Konvent und der Pfarre Admont.","og_url":"https:\/\/stiftadmont.at\/sl\/blog\/fundacija-admont-oskrbuje-begunce-in-zacenja-donacijsko-kampanjo\/","og_site_name":"Stift Admont","article_published_time":"2022-03-03T10:00:00+00:00","article_modified_time":"2022-05-23T23:53:30+00:00","og_image":[{"width":853,"height":569,"url":"https:\/\/stiftadmont.at\/wp-content\/uploads\/Benediktinerstift-Admont-Ukrainekrieg.jpg","type":"image\/jpeg"}],"author":"Mario Brandm\u00fcller","twitter_card":"summary_large_image","twitter_misc":{"Written by":"Mario Brandm\u00fcller"},"schema":{"@context":"https:\/\/schema.org","@graph":[{"@type":"Article","@id":"https:\/\/stiftadmont.at\/blog\/stift-admont-versorgt-fluechtlinge-und-startet-spendenaktion\/#article","isPartOf":{"@id":"https:\/\/stiftadmont.at\/blog\/stift-admont-versorgt-fluechtlinge-und-startet-spendenaktion\/"},"author":{"name":"Mario Brandm\u00fcller","@id":"https:\/\/stiftadmont.at\/#\/schema\/person\/30535548b241d5f33a2e8b839db11869"},"headline":"Stift Admont versorgt Fl\u00fcchtlinge und startet Spendenaktion","datePublished":"2022-03-03T10:00:00+00:00","dateModified":"2022-05-23T23:53:30+00:00","mainEntityOfPage":{"@id":"https:\/\/stiftadmont.at\/blog\/stift-admont-versorgt-fluechtlinge-und-startet-spendenaktion\/"},"wordCount":8,"image":{"@id":"https:\/\/stiftadmont.at\/blog\/stift-admont-versorgt-fluechtlinge-und-startet-spendenaktion\/#primaryimage"},"thumbnailUrl":"https:\/\/stiftadmont.at\/wp-content\/uploads\/Benediktinerstift-Admont-Ukrainekrieg.jpg","articleSection":["Kloster aktuell"],"inLanguage":"sl-SI"},{"@type":"WebPage","@id":"https:\/\/stiftadmont.at\/blog\/stift-admont-versorgt-fluechtlinge-und-startet-spendenaktion\/","url":"https:\/\/stiftadmont.at\/blog\/stift-admont-versorgt-fluechtlinge-und-startet-spendenaktion\/","name":"Opatija Admont poskrbela za begunce in spro\u017eila donacijsko kampanjo - Admont Abbey","isPartOf":{"@id":"https:\/\/stiftadmont.at\/#website"},"primaryImageOfPage":{"@id":"https:\/\/stiftadmont.at\/blog\/stift-admont-versorgt-fluechtlinge-und-startet-spendenaktion\/#primaryimage"},"image":{"@id":"https:\/\/stiftadmont.at\/blog\/stift-admont-versorgt-fluechtlinge-und-startet-spendenaktion\/#primaryimage"},"thumbnailUrl":"https:\/\/stiftadmont.at\/wp-content\/uploads\/Benediktinerstift-Admont-Ukrainekrieg.jpg","datePublished":"2022-03-03T10:00:00+00:00","dateModified":"2022-05-23T23:53:30+00:00","author":{"@id":"https:\/\/stiftadmont.at\/#\/schema\/person\/30535548b241d5f33a2e8b839db11869"},"description":"Preberite najnovej\u0161e informacije o oskrbi beguncev v opatiji Admont, o za\u010detku kampanje za zbiranje sredstev in \u0161e veliko ve\u010d iz samostana in \u017eupnije Admont.","breadcrumb":{"@id":"https:\/\/stiftadmont.at\/blog\/stift-admont-versorgt-fluechtlinge-und-startet-spendenaktion\/#breadcrumb"},"inLanguage":"sl-SI","potentialAction":[{"@type":"ReadAction","target":["https:\/\/stiftadmont.at\/blog\/stift-admont-versorgt-fluechtlinge-und-startet-spendenaktion\/"]}]},{"@type":"ImageObject","inLanguage":"sl-SI","@id":"https:\/\/stiftadmont.at\/blog\/stift-admont-versorgt-fluechtlinge-und-startet-spendenaktion\/#primaryimage","url":"https:\/\/stiftadmont.at\/wp-content\/uploads\/Benediktinerstift-Admont-Ukrainekrieg.jpg","contentUrl":"https:\/\/stiftadmont.at\/wp-content\/uploads\/Benediktinerstift-Admont-Ukrainekrieg.jpg","width":853,"height":569,"caption":"Benediktinerstift Admont Ukrainekrieg"},{"@type":"BreadcrumbList","@id":"https:\/\/stiftadmont.at\/blog\/stift-admont-versorgt-fluechtlinge-und-startet-spendenaktion\/#breadcrumb","itemListElement":[{"@type":"ListItem","position":1,"name":"Start","item":"https:\/\/stiftadmont.at\/"},{"@type":"ListItem","position":2,"name":"Stift Admont versorgt Fl\u00fcchtlinge und startet Spendenaktion"}]},{"@type":"WebSite","@id":"https:\/\/stiftadmont.at\/#website","url":"https:\/\/stiftadmont.at\/","name":"Opatija Admont","description":"Benediktinski samostan in turisti\u010dna znamenitost v Ges\u00e4use","potentialAction":[{"@type":"SearchAction","target":{"@type":"EntryPoint","urlTemplate":"https:\/\/stiftadmont.at\/?s={search_term_string}"},"query-input":{"@type":"PropertyValueSpecification","valueRequired":true,"valueName":"search_term_string"}}],"inLanguage":"sl-SI"},{"@type":"Person","@id":"https:\/\/stiftadmont.at\/#\/schema\/person\/30535548b241d5f33a2e8b839db11869","name":"Mario Brandm\u00fcller"}]}},"_links":{"self":[{"href":"https:\/\/stiftadmont.at\/sl\/wp-json\/wp\/v2\/posts\/11140","targetHints":{"allow":["GET"]}}],"collection":[{"href":"https:\/\/stiftadmont.at\/sl\/wp-json\/wp\/v2\/posts"}],"about":[{"href":"https:\/\/stiftadmont.at\/sl\/wp-json\/wp\/v2\/types\/post"}],"author":[{"embeddable":true,"href":"https:\/\/stiftadmont.at\/sl\/wp-json\/wp\/v2\/users\/7"}],"replies":[{"embeddable":true,"href":"https:\/\/stiftadmont.at\/sl\/wp-json\/wp\/v2\/comments?post=11140"}],"version-history":[{"count":16,"href":"https:\/\/stiftadmont.at\/sl\/wp-json\/wp\/v2\/posts\/11140\/revisions"}],"predecessor-version":[{"id":11160,"href":"https:\/\/stiftadmont.at\/sl\/wp-json\/wp\/v2\/posts\/11140\/revisions\/11160"}],"wp:featuredmedia":[{"embeddable":true,"href":"https:\/\/stiftadmont.at\/sl\/wp-json\/wp\/v2\/media\/7794"}],"wp:attachment":[{"href":"https:\/\/stiftadmont.at\/sl\/wp-json\/wp\/v2\/media?parent=11140"}],"wp:term":[{"taxonomy":"category","embeddable":true,"href":"https:\/\/stiftadmont.at\/sl\/wp-json\/wp\/v2\/categories?post=11140"}],"curies":[{"name":"wp","href":"https:\/\/api.w.org\/{rel}","templated":true}]}}