{"id":11364,"date":"2019-05-16T12:00:00","date_gmt":"2019-05-16T10:00:00","guid":{"rendered":"https:\/\/stiftadmont.at\/?p=11364"},"modified":"2022-05-28T23:29:09","modified_gmt":"2022-05-28T21:29:09","slug":"dveri-pax-co-nove-zvezde-na-vinskih-listah-prihajajo-iz-slovenije","status":"publish","type":"post","link":"https:\/\/stiftadmont.at\/sl\/blog\/dveri-pax-co-die-neuen-stars-auf-den-weinkarten-kommen-aus-slowenien\/","title":{"rendered":"DVERI PAX &amp; Co: Nove zvezde na vinskih kartah prihajajo iz Slovenije"},"content":{"rendered":"<section id='lightpress__section--block_629290ebc2a5a' class='lightpress__section--default-section-space lightpress__section lightpress__section--content'><div class=\"content__inner\"\n         x-init=\"initContentBlockAnim($el)\">\n        \n    <div class=\"content__grid content__grid\">\n                                            <div class=\"content__box content__box--one-hundred\"\n                 style=\"\">\n                                \n                \n                                            <div class=\"prose\"><h2 class=\"heading-xxl line line--gold\">DVERI PAX &amp; Co: Die neuen Stars auf den Weinkarten kommen aus Slowenien<\/h2>\n<p><strong>Donnerstag, 16. Mai 2019<\/strong><\/p>\n<p>Mit dabei: F\u00fcnf der besten Winzer des Landes und die Top-Riege der \u00f6sterreichischen Sommelerie.\u00a0<\/p>\n<p>Es war ein Austausch auf h\u00f6chstem Niveau: 25 Sommeliers aus den besten Restaurants \u00d6sterreichs \u2013 von Christopher Pohn (St\u00fcva, 18 Gault&amp;Millau Punkte, Ischgl), Andreas Katona (Seerestaurant Saag, 17 Gault&amp;Millau Punkte, Techelsberg) bis hin zu Giulia Kring (Restaurant Konstantin Filippou, 19 Gault&amp;Millau Punkte, Wien), Patrick Hupf (Caram\u00e9, 17 Gault&amp;Millau Punkte, Velden) und Udo Riegler (ESSENZZ im Stainzerhof, 17 Gault&amp;Millau Punkte, Stainz).<\/p>\n<p>Dazu f\u00fcnf der besten Winzer Sloweniens \u2013 Danilo Flakus (Dveri-Pax), Nick Gee (Heaps Good Wine Company), Uro\u0161 Valcl (Marof), Miha Isteni\u010d (Isteni\u010d) sowie Stojan \u0160\u010durek (\u0160\u010durek).<\/p>\n<p>\u201eSlowenien hat eine Vielzahl an herausragenden Winzern, die f\u00fcr jede Weinkarte eine Bereicherung sind. Besonders spannend sind nat\u00fcrlich auch immer jene, die auf Sloweniens autochthone Rebsorte, also auf \u0160ipon, setzen\u201c, so das Res\u00fcmee von Andreas Katona. Neben der Qualit\u00e4t der Weine sind es immer auch die Geschichten, die ein Winzer rund um seine Erzeugnisse erz\u00e4hlen kann. Eindrucksvoll dazu nat\u00fcrlich das Weingut Dveri-Pax, das im Besitz der Admonter Benediktiner M\u00f6nche steht und dabei auf eine 800 Jahre lange Tradition zur\u00fcckblicken kann.<\/p>\n<p>\u201eSlowenien befindet sich als Weinland sicher auf den Vormarsch. Auch weil es so viele unterschiedliche Stile abbildet. Wir zum Beispiel k\u00f6nnen der Sommelerie auch ein breites Sortiment an Weinen mit Jahrgangstiefe anbieten \u2013 zur\u00fcck bis in das Jahr 2005\u201c, sagt Danilo Flakus, Kellermeister und \u00d6nologe bei Dveri-Pax.<\/p>\n<p>Fotos: \u00a9 Philipp Lihotzky<br \/>Alle Texte von Kalk und Kegel: <a title=\"hier nachlesen\" href=\"https:\/\/www.kalkundkegel.com\/slowenien-bootcamp\/?fbclid=IwAR3q4B_wSHZbw5siJcirOSGVQVN1Mo4bWKkL1Mybye0XQmRrTkcL4yz8CiM\" target=\"_blank\" rel=\"noopener\">www.kalkundkegel.com<\/a>\u00a0<\/p>\n<\/div>\n                    \n                            <\/div>\n        \n            <\/div>\n<\/div>\n\n<\/section>\n\n<section id='lightpress__section--block_62929299c2a5b' class='lightpress__section--default-section-space lightpress__section lightpress__section--image-slider'>\n<div class=\"image-slider\"\n     x-data=\"{ gallery: null, shown: false }\"\n     x-init=\"gallery = initSliderGallery([{&quot;href&quot;:&quot;https:\\\/\\\/stiftadmont.at\\\/wp-content\\\/uploads\\\/Dveri-Pax-Kalk-Kegel-2019-\\u00a9-Philipp-Lihotzky-1.jpg&quot;,&quot;type&quot;:&quot;image&quot;},{&quot;href&quot;:&quot;https:\\\/\\\/stiftadmont.at\\\/wp-content\\\/uploads\\\/Dveri-Pax-Kalk-Kegel-2019-\\u00a9-Philipp-Lihotzky-2.jpg&quot;,&quot;type&quot;:&quot;image&quot;},{&quot;href&quot;:&quot;https:\\\/\\\/stiftadmont.at\\\/wp-content\\\/uploads\\\/Dveri-Pax-Kalk-Kegel-2019-\\u00a9-Philipp-Lihotzky-3.jpg&quot;,&quot;type&quot;:&quot;image&quot;},{&quot;href&quot;:&quot;https:\\\/\\\/stiftadmont.at\\\/wp-content\\\/uploads\\\/Dveri-Pax-Kalk-Kegel-2019-\\u00a9-Philipp-Lihotzky-4.jpg&quot;,&quot;type&quot;:&quot;image&quot;},{&quot;href&quot;:&quot;https:\\\/\\\/stiftadmont.at\\\/wp-content\\\/uploads\\\/Dveri-Pax-Kalk-Kegel-2019-\\u00a9-Philipp-Lihotzky-5.jpg&quot;,&quot;type&quot;:&quot;image&quot;},{&quot;href&quot;:&quot;https:\\\/\\\/stiftadmont.at\\\/wp-content\\\/uploads\\\/Dveri-Pax-Kalk-Kegel-2019-\\u00a9-Philipp-Lihotzky-6.jpg&quot;,&quot;type&quot;:&quot;image&quot;},{&quot;href&quot;:&quot;https:\\\/\\\/stiftadmont.at\\\/wp-content\\\/uploads\\\/Dveri-Pax-Kalk-Kegel-2019-\\u00a9-Philipp-Lihotzky-7.jpg&quot;,&quot;type&quot;:&quot;image&quot;},{&quot;href&quot;:&quot;https:\\\/\\\/stiftadmont.at\\\/wp-content\\\/uploads\\\/Dveri-Pax-Kalk-Kegel-2019-\\u00a9-Philipp-Lihotzky-8.jpg&quot;,&quot;type&quot;:&quot;image&quot;},{&quot;href&quot;:&quot;https:\\\/\\\/stiftadmont.at\\\/wp-content\\\/uploads\\\/Dveri-Pax-Kalk-Kegel-2019-\\u00a9-Philipp-Lihotzky-9.jpg&quot;,&quot;type&quot;:&quot;image&quot;},{&quot;href&quot;:&quot;https:\\\/\\\/stiftadmont.at\\\/wp-content\\\/uploads\\\/Dveri-Pax-Kalk-Kegel-2019-\\u00a9-Philipp-Lihotzky-10.jpg&quot;,&quot;type&quot;:&quot;image&quot;},{&quot;href&quot;:&quot;https:\\\/\\\/stiftadmont.at\\\/wp-content\\\/uploads\\\/Dveri-Pax-Kalk-Kegel-2019-\\u00a9-Philipp-Lihotzky-11.jpg&quot;,&quot;type&quot;:&quot;image&quot;},{&quot;href&quot;:&quot;https:\\\/\\\/stiftadmont.at\\\/wp-content\\\/uploads\\\/Dveri-Pax-Kalk-Kegel-2019-\\u00a9-Philipp-Lihotzky-12.jpg&quot;,&quot;type&quot;:&quot;image&quot;},{&quot;href&quot;:&quot;https:\\\/\\\/stiftadmont.at\\\/wp-content\\\/uploads\\\/Dveri-Pax-Kalk-Kegel-2019-\\u00a9-Philipp-Lihotzky-13.jpg&quot;,&quot;type&quot;:&quot;image&quot;},{&quot;href&quot;:&quot;https:\\\/\\\/stiftadmont.at\\\/wp-content\\\/uploads\\\/Dveri-Pax-Kalk-Kegel-2019-\\u00a9-Philipp-Lihotzky-14.jpg&quot;,&quot;type&quot;:&quot;image&quot;},{&quot;href&quot;:&quot;https:\\\/\\\/stiftadmont.at\\\/wp-content\\\/uploads\\\/Dveri-Pax-Kalk-Kegel-2019-\\u00a9-Philipp-Lihotzky-15.jpg&quot;,&quot;type&quot;:&quot;image&quot;},{&quot;href&quot;:&quot;https:\\\/\\\/stiftadmont.at\\\/wp-content\\\/uploads\\\/Dveri-Pax-Kalk-Kegel-2019-\\u00a9-Philipp-Lihotzky-16.jpg&quot;,&quot;type&quot;:&quot;image&quot;},{&quot;href&quot;:&quot;https:\\\/\\\/stiftadmont.at\\\/wp-content\\\/uploads\\\/Dveri-Pax-Kalk-Kegel-2019-\\u00a9-Philipp-Lihotzky-17.jpg&quot;,&quot;type&quot;:&quot;image&quot;},{&quot;href&quot;:&quot;https:\\\/\\\/stiftadmont.at\\\/wp-content\\\/uploads\\\/Dveri-Pax-Kalk-Kegel-2019-\\u00a9-Philipp-Lihotzky-18.jpg&quot;,&quot;type&quot;:&quot;image&quot;},{&quot;href&quot;:&quot;https:\\\/\\\/stiftadmont.at\\\/wp-content\\\/uploads\\\/Dveri-Pax-Kalk-Kegel-2019-\\u00a9-Philipp-Lihotzky-19.jpg&quot;,&quot;type&quot;:&quot;image&quot;},{&quot;href&quot;:&quot;https:\\\/\\\/stiftadmont.at\\\/wp-content\\\/uploads\\\/Dveri-Pax-Kalk-Kegel-2019-\\u00a9-Philipp-Lihotzky-20.jpg&quot;,&quot;type&quot;:&quot;image&quot;},{&quot;href&quot;:&quot;https:\\\/\\\/stiftadmont.at\\\/wp-content\\\/uploads\\\/Dveri-Pax-Kalk-Kegel-2019-\\u00a9-Philipp-Lihotzky-21.jpg&quot;,&quot;type&quot;:&quot;image&quot;},{&quot;href&quot;:&quot;https:\\\/\\\/stiftadmont.at\\\/wp-content\\\/uploads\\\/Dveri-Pax-Kalk-Kegel-2019-\\u00a9-Philipp-Lihotzky-22.jpg&quot;,&quot;type&quot;:&quot;image&quot;},{&quot;href&quot;:&quot;https:\\\/\\\/stiftadmont.at\\\/wp-content\\\/uploads\\\/Dveri-Pax-Kalk-Kegel-2019-\\u00a9-Philipp-Lihotzky-23.jpg&quot;,&quot;type&quot;:&quot;image&quot;},{&quot;href&quot;:&quot;https:\\\/\\\/stiftadmont.at\\\/wp-content\\\/uploads\\\/Dveri-Pax-Kalk-Kegel-2019-\\u00a9-Philipp-Lihotzky-24.jpg&quot;,&quot;type&quot;:&quot;image&quot;},{&quot;href&quot;:&quot;https:\\\/\\\/stiftadmont.at\\\/wp-content\\\/uploads\\\/Dveri-Pax-Kalk-Kegel-2019-\\u00a9-Philipp-Lihotzky-25.jpg&quot;,&quot;type&quot;:&quot;image&quot;},{&quot;href&quot;:&quot;https:\\\/\\\/stiftadmont.at\\\/wp-content\\\/uploads\\\/Dveri-Pax-Kalk-Kegel-2019-\\u00a9-Philipp-Lihotzky-26.jpg&quot;,&quot;type&quot;:&quot;image&quot;},{&quot;href&quot;:&quot;https:\\\/\\\/stiftadmont.at\\\/wp-content\\\/uploads\\\/Dveri-Pax-Kalk-Kegel-2019-\\u00a9-Philipp-Lihotzky-27.jpg&quot;,&quot;type&quot;:&quot;image&quot;},{&quot;href&quot;:&quot;https:\\\/\\\/stiftadmont.at\\\/wp-content\\\/uploads\\\/Dveri-Pax-Kalk-Kegel-2019-\\u00a9-Philipp-Lihotzky-28.jpg&quot;,&quot;type&quot;:&quot;image&quot;}]); initImageSliderBlockAnim($el);\">\n    <div class=\"image-slider__inner\">\n\n        <div class=\"swiper-container\" x-init=\"initImageSliderBlock($el, $refs.btnPrev, $refs.btnNext)\">\n            <div class=\"swiper-wrapper\">\n                                    <div class=\"swiper-slide\">\n                        <div class=\"image-slider__media\">\n                            <img decoding=\"async\" class=\"image-slider__image\"\n                                 src=\"https:\/\/stiftadmont.at\/wp-content\/uploads\/Dveri-Pax-Kalk-Kegel-2019-\u00a9-Philipp-Lihotzky-1-768x512.jpg\"\n                                 alt=\"Dveri Pax Kalk Kegel 2019 \u00a9 Philipp Lihotzky 1\">\n                        <\/div>\n                    <\/div>\n                                    <div class=\"swiper-slide\">\n                        <div class=\"image-slider__media\">\n                            <img decoding=\"async\" class=\"image-slider__image\"\n                                 src=\"https:\/\/stiftadmont.at\/wp-content\/uploads\/Dveri-Pax-Kalk-Kegel-2019-\u00a9-Philipp-Lihotzky-2-768x512.jpg\"\n                                 alt=\"Dveri Pax Kalk Kegel 2019 \u00a9 Philipp Lihotzky 2\">\n                        <\/div>\n                    <\/div>\n                                    <div class=\"swiper-slide\">\n                        <div class=\"image-slider__media\">\n                            <img decoding=\"async\" class=\"image-slider__image\"\n                                 src=\"https:\/\/stiftadmont.at\/wp-content\/uploads\/Dveri-Pax-Kalk-Kegel-2019-\u00a9-Philipp-Lihotzky-3-768x512.jpg\"\n                                 alt=\"Dveri Pax Kalk Kegel 2019 \u00a9 Philipp Lihotzky 3\">\n                        <\/div>\n                    <\/div>\n                                    <div class=\"swiper-slide\">\n                        <div class=\"image-slider__media\">\n                            <img decoding=\"async\" class=\"image-slider__image\"\n                                 src=\"https:\/\/stiftadmont.at\/wp-content\/uploads\/Dveri-Pax-Kalk-Kegel-2019-\u00a9-Philipp-Lihotzky-4-768x512.jpg\"\n                                 alt=\"Dveri Pax Kalk Kegel 2019 \u00a9 Philipp Lihotzky 4\">\n                        <\/div>\n                    <\/div>\n                                    <div class=\"swiper-slide\">\n                        <div class=\"image-slider__media\">\n                            <img decoding=\"async\" class=\"image-slider__image\"\n                                 src=\"https:\/\/stiftadmont.at\/wp-content\/uploads\/Dveri-Pax-Kalk-Kegel-2019-\u00a9-Philipp-Lihotzky-5-768x512.jpg\"\n                                 alt=\"Dveri Pax Kalk Kegel 2019 \u00a9 Philipp Lihotzky 5\">\n                        <\/div>\n                    <\/div>\n                                    <div class=\"swiper-slide\">\n                        <div class=\"image-slider__media\">\n                            <img decoding=\"async\" class=\"image-slider__image\"\n                                 src=\"https:\/\/stiftadmont.at\/wp-content\/uploads\/Dveri-Pax-Kalk-Kegel-2019-\u00a9-Philipp-Lihotzky-6-768x512.jpg\"\n                                 alt=\"Dveri Pax Kalk Kegel 2019 \u00a9 Philipp Lihotzky 6\">\n                        <\/div>\n                    <\/div>\n                                    <div class=\"swiper-slide\">\n                        <div class=\"image-slider__media\">\n                            <img decoding=\"async\" class=\"image-slider__image\"\n                                 src=\"https:\/\/stiftadmont.at\/wp-content\/uploads\/Dveri-Pax-Kalk-Kegel-2019-\u00a9-Philipp-Lihotzky-7-768x512.jpg\"\n                                 alt=\"Dveri Pax Kalk Kegel 2019 \u00a9 Philipp Lihotzky 7\">\n                        <\/div>\n                    <\/div>\n                                    <div class=\"swiper-slide\">\n                        <div class=\"image-slider__media\">\n                            <img decoding=\"async\" class=\"image-slider__image\"\n                                 src=\"https:\/\/stiftadmont.at\/wp-content\/uploads\/Dveri-Pax-Kalk-Kegel-2019-\u00a9-Philipp-Lihotzky-8-768x512.jpg\"\n                                 alt=\"Dveri Pax Kalk Kegel 2019 \u00a9 Philipp Lihotzky 8\">\n                        <\/div>\n                    <\/div>\n                                    <div class=\"swiper-slide\">\n                        <div class=\"image-slider__media\">\n                            <img decoding=\"async\" class=\"image-slider__image\"\n                                 src=\"https:\/\/stiftadmont.at\/wp-content\/uploads\/Dveri-Pax-Kalk-Kegel-2019-\u00a9-Philipp-Lihotzky-9-768x512.jpg\"\n                                 alt=\"Dveri Pax Kalk Kegel 2019 \u00a9 Philipp Lihotzky 9\">\n                        <\/div>\n                    <\/div>\n                                    <div class=\"swiper-slide\">\n                        <div class=\"image-slider__media\">\n                            <img decoding=\"async\" class=\"image-slider__image\"\n                                 src=\"https:\/\/stiftadmont.at\/wp-content\/uploads\/Dveri-Pax-Kalk-Kegel-2019-\u00a9-Philipp-Lihotzky-10-768x512.jpg\"\n                                 alt=\"Dveri Pax Kalk Kegel 2019 \u00a9 Philipp Lihotzky 10\">\n                        <\/div>\n                    <\/div>\n                                    <div class=\"swiper-slide\">\n                        <div class=\"image-slider__media\">\n                            <img decoding=\"async\" class=\"image-slider__image\"\n                                 src=\"https:\/\/stiftadmont.at\/wp-content\/uploads\/Dveri-Pax-Kalk-Kegel-2019-\u00a9-Philipp-Lihotzky-11-768x512.jpg\"\n                                 alt=\"Dveri Pax Kalk Kegel 2019 \u00a9 Philipp Lihotzky 11\">\n                        <\/div>\n                    <\/div>\n                                    <div class=\"swiper-slide\">\n                        <div class=\"image-slider__media\">\n                            <img decoding=\"async\" class=\"image-slider__image\"\n                                 src=\"https:\/\/stiftadmont.at\/wp-content\/uploads\/Dveri-Pax-Kalk-Kegel-2019-\u00a9-Philipp-Lihotzky-12-768x512.jpg\"\n                                 alt=\"Dveri Pax Kalk Kegel 2019 \u00a9 Philipp Lihotzky 12\">\n                        <\/div>\n                    <\/div>\n                                    <div class=\"swiper-slide\">\n                        <div class=\"image-slider__media\">\n                            <img decoding=\"async\" class=\"image-slider__image\"\n                                 src=\"https:\/\/stiftadmont.at\/wp-content\/uploads\/Dveri-Pax-Kalk-Kegel-2019-\u00a9-Philipp-Lihotzky-13-768x512.jpg\"\n                                 alt=\"Dveri Pax Kalk Kegel 2019 \u00a9 Philipp Lihotzky 13\">\n                        <\/div>\n                    <\/div>\n                                    <div class=\"swiper-slide\">\n                        <div class=\"image-slider__media\">\n                            <img decoding=\"async\" class=\"image-slider__image\"\n                                 src=\"https:\/\/stiftadmont.at\/wp-content\/uploads\/Dveri-Pax-Kalk-Kegel-2019-\u00a9-Philipp-Lihotzky-14-768x512.jpg\"\n                                 alt=\"Dveri Pax Kalk Kegel 2019 \u00a9 Philipp Lihotzky 14\">\n                        <\/div>\n                    <\/div>\n                                    <div class=\"swiper-slide\">\n                        <div class=\"image-slider__media\">\n                            <img decoding=\"async\" class=\"image-slider__image\"\n                                 src=\"https:\/\/stiftadmont.at\/wp-content\/uploads\/Dveri-Pax-Kalk-Kegel-2019-\u00a9-Philipp-Lihotzky-15-768x512.jpg\"\n                                 alt=\"Dveri Pax Kalk Kegel 2019 \u00a9 Philipp Lihotzky 15\">\n                        <\/div>\n                    <\/div>\n                                    <div class=\"swiper-slide\">\n                        <div class=\"image-slider__media\">\n                            <img decoding=\"async\" class=\"image-slider__image\"\n                                 src=\"https:\/\/stiftadmont.at\/wp-content\/uploads\/Dveri-Pax-Kalk-Kegel-2019-\u00a9-Philipp-Lihotzky-16-768x512.jpg\"\n                                 alt=\"Dveri Pax Kalk Kegel 2019 \u00a9 Philipp Lihotzky 16\">\n                        <\/div>\n                    <\/div>\n                                    <div class=\"swiper-slide\">\n                        <div class=\"image-slider__media\">\n                            <img decoding=\"async\" class=\"image-slider__image\"\n                                 src=\"https:\/\/stiftadmont.at\/wp-content\/uploads\/Dveri-Pax-Kalk-Kegel-2019-\u00a9-Philipp-Lihotzky-17-768x512.jpg\"\n                                 alt=\"Dveri Pax Kalk Kegel 2019 \u00a9 Philipp Lihotzky 17\">\n                        <\/div>\n                    <\/div>\n                                    <div class=\"swiper-slide\">\n                        <div class=\"image-slider__media\">\n                            <img decoding=\"async\" class=\"image-slider__image\"\n                                 src=\"https:\/\/stiftadmont.at\/wp-content\/uploads\/Dveri-Pax-Kalk-Kegel-2019-\u00a9-Philipp-Lihotzky-18-768x1152.jpg\"\n                                 alt=\"Dveri Pax Kalk Kegel 2019 \u00a9 Philipp Lihotzky 18\">\n                        <\/div>\n                    <\/div>\n                                    <div class=\"swiper-slide\">\n                        <div class=\"image-slider__media\">\n                            <img decoding=\"async\" class=\"image-slider__image\"\n                                 src=\"https:\/\/stiftadmont.at\/wp-content\/uploads\/Dveri-Pax-Kalk-Kegel-2019-\u00a9-Philipp-Lihotzky-19-768x512.jpg\"\n                                 alt=\"Dveri Pax Kalk Kegel 2019 \u00a9 Philipp Lihotzky 19\">\n                        <\/div>\n                    <\/div>\n                                    <div class=\"swiper-slide\">\n                        <div class=\"image-slider__media\">\n                            <img decoding=\"async\" class=\"image-slider__image\"\n                                 src=\"https:\/\/stiftadmont.at\/wp-content\/uploads\/Dveri-Pax-Kalk-Kegel-2019-\u00a9-Philipp-Lihotzky-20-768x512.jpg\"\n                                 alt=\"Dveri Pax Kalk Kegel 2019 \u00a9 Philipp Lihotzky 20\">\n                        <\/div>\n                    <\/div>\n                                    <div class=\"swiper-slide\">\n                        <div class=\"image-slider__media\">\n                            <img decoding=\"async\" class=\"image-slider__image\"\n                                 src=\"https:\/\/stiftadmont.at\/wp-content\/uploads\/Dveri-Pax-Kalk-Kegel-2019-\u00a9-Philipp-Lihotzky-21-768x512.jpg\"\n                                 alt=\"Dveri Pax Kalk Kegel 2019 \u00a9 Philipp Lihotzky 21\">\n                        <\/div>\n                    <\/div>\n                                    <div class=\"swiper-slide\">\n                        <div class=\"image-slider__media\">\n                            <img decoding=\"async\" class=\"image-slider__image\"\n                                 src=\"https:\/\/stiftadmont.at\/wp-content\/uploads\/Dveri-Pax-Kalk-Kegel-2019-\u00a9-Philipp-Lihotzky-22-768x512.jpg\"\n                                 alt=\"Dveri Pax Kalk Kegel 2019 \u00a9 Philipp Lihotzky 22\">\n                        <\/div>\n                    <\/div>\n                                    <div class=\"swiper-slide\">\n                        <div class=\"image-slider__media\">\n                            <img decoding=\"async\" class=\"image-slider__image\"\n                                 src=\"https:\/\/stiftadmont.at\/wp-content\/uploads\/Dveri-Pax-Kalk-Kegel-2019-\u00a9-Philipp-Lihotzky-23-768x512.jpg\"\n                                 alt=\"Dveri Pax Kalk Kegel 2019 \u00a9 Philipp Lihotzky 23\">\n                        <\/div>\n                    <\/div>\n                                    <div class=\"swiper-slide\">\n                        <div class=\"image-slider__media\">\n                            <img decoding=\"async\" class=\"image-slider__image\"\n                                 src=\"https:\/\/stiftadmont.at\/wp-content\/uploads\/Dveri-Pax-Kalk-Kegel-2019-\u00a9-Philipp-Lihotzky-24-768x512.jpg\"\n                                 alt=\"Dveri Pax Kalk Kegel 2019 \u00a9 Philipp Lihotzky 24\">\n                        <\/div>\n                    <\/div>\n                                    <div class=\"swiper-slide\">\n                        <div class=\"image-slider__media\">\n                            <img decoding=\"async\" class=\"image-slider__image\"\n                                 src=\"https:\/\/stiftadmont.at\/wp-content\/uploads\/Dveri-Pax-Kalk-Kegel-2019-\u00a9-Philipp-Lihotzky-25-768x512.jpg\"\n                                 alt=\"Dveri Pax Kalk Kegel 2019 \u00a9 Philipp Lihotzky 25\">\n                        <\/div>\n                    <\/div>\n                                    <div class=\"swiper-slide\">\n                        <div class=\"image-slider__media\">\n                            <img decoding=\"async\" class=\"image-slider__image\"\n                                 src=\"https:\/\/stiftadmont.at\/wp-content\/uploads\/Dveri-Pax-Kalk-Kegel-2019-\u00a9-Philipp-Lihotzky-26-768x512.jpg\"\n                                 alt=\"Dveri Pax Kalk Kegel 2019 \u00a9 Philipp Lihotzky 26\">\n                        <\/div>\n                    <\/div>\n                                    <div class=\"swiper-slide\">\n                        <div class=\"image-slider__media\">\n                            <img decoding=\"async\" class=\"image-slider__image\"\n                                 src=\"https:\/\/stiftadmont.at\/wp-content\/uploads\/Dveri-Pax-Kalk-Kegel-2019-\u00a9-Philipp-Lihotzky-27-768x512.jpg\"\n                                 alt=\"Dveri Pax Kalk Kegel 2019 \u00a9 Philipp Lihotzky 27\">\n                        <\/div>\n                    <\/div>\n                                    <div class=\"swiper-slide\">\n                        <div class=\"image-slider__media\">\n                            <img decoding=\"async\" class=\"image-slider__image\"\n                                 src=\"https:\/\/stiftadmont.at\/wp-content\/uploads\/Dveri-Pax-Kalk-Kegel-2019-\u00a9-Philipp-Lihotzky-28-768x518.jpg\"\n                                 alt=\"Dveri Pax Kalk Kegel 2019 \u00a9 Philipp Lihotzky 28\">\n                        <\/div>\n                    <\/div>\n                            <\/div>\n\n            <div class=\"swiper-nav-wrapper\">\n                <button class=\"swiper-button-prev slider-button--prev\" x-ref=\"btnPrev\"\n                        aria-label=\"Vorige Bilder anzeigen\">\n                    <img decoding=\"async\" src=\"\/wp-content\/themes\/stift-admont\/src\/assets\/img\/arrow-left-big-new.svg\" alt=\"Pfeil nach Links\">\n                <\/button>\n\n\n                <a class=\"image-slider__gallery\" @click=\"openGallery(gallery)\"><i class=\"fa-thin fa-plus\"><\/i><\/a>\n                <button class=\"swiper-button-next slider-button--next\"\n                        x-ref=\"btnNext\"\n                        aria-label=\"N\u00e4chste Bilder anzeigen\">\n                    <img decoding=\"async\" src=\"\/wp-content\/themes\/stift-admont\/src\/assets\/img\/arrow-right-big-new.svg\" alt=\"Pfeil nach Rechts\">\n                <\/button>\n            <\/div>\n        <\/div>\n    <\/div>\n\n\n<\/div><\/section>","protected":false},"excerpt":{"rendered":"<p>Uspe\u0161na vinska klet Dveri Pax je bila gostiteljica KALK&amp;KEGEL boot kampa v Sloveniji.<\/p>","protected":false},"author":7,"featured_media":11370,"comment_status":"closed","ping_status":"closed","sticky":false,"template":"","format":"standard","meta":{"_acf_changed":false,"footnotes":""},"categories":[23],"class_list":["post-11364","post","type-post","status-publish","format-standard","has-post-thumbnail","hentry","category-einrichtungen-aktuell"],"acf":[],"yoast_head":"<!-- This site is optimized with the Yoast SEO Premium plugin v26.0 (Yoast SEO v26.8) - https:\/\/yoast.com\/product\/yoast-seo-premium-wordpress\/ -->\n<title>DVERI PAX &amp; Co: Die neuen Stars auf den Weinkarten kommen aus Slowenien - Stift Admont<\/title>\n<meta name=\"description\" content=\"Lesen Sie aktuelle Informationen zum Thema DVERI PAX &amp; Co: Die neuen Stars auf den Weinkarten kommen aus Slowenien und vieles mehr aus dem Konvent und der Pfarre Admont.\" \/>\n<meta name=\"robots\" content=\"index, follow, max-snippet:-1, max-image-preview:large, max-video-preview:-1\" \/>\n<link rel=\"canonical\" href=\"https:\/\/stiftadmont.at\/sl\/blog\/dveri-pax-co-nove-zvezde-na-vinskih-listah-prihajajo-iz-slovenije\/\" \/>\n<meta property=\"og:locale\" content=\"sl_SI\" \/>\n<meta property=\"og:type\" content=\"article\" \/>\n<meta property=\"og:title\" content=\"DVERI PAX &amp; Co: Die neuen Stars auf den Weinkarten kommen aus Slowenien\" \/>\n<meta property=\"og:description\" content=\"Lesen Sie aktuelle Informationen zum Thema DVERI PAX &amp; Co: Die neuen Stars auf den Weinkarten kommen aus Slowenien und vieles mehr aus dem Konvent und der Pfarre Admont.\" \/>\n<meta property=\"og:url\" content=\"https:\/\/stiftadmont.at\/sl\/blog\/dveri-pax-co-nove-zvezde-na-vinskih-listah-prihajajo-iz-slovenije\/\" \/>\n<meta property=\"og:site_name\" content=\"Stift Admont\" \/>\n<meta property=\"article:published_time\" content=\"2019-05-16T10:00:00+00:00\" \/>\n<meta property=\"article:modified_time\" content=\"2022-05-28T21:29:09+00:00\" \/>\n<meta property=\"og:image\" content=\"https:\/\/stiftadmont.at\/wp-content\/uploads\/Dveri-Pax-Kalk-Kegel-2019-\u00a9-Philipp-Lihotzky-6.jpg\" \/>\n\t<meta property=\"og:image:width\" content=\"1600\" \/>\n\t<meta property=\"og:image:height\" content=\"1067\" \/>\n\t<meta property=\"og:image:type\" content=\"image\/jpeg\" \/>\n<meta name=\"author\" content=\"Mario Brandm\u00fcller\" \/>\n<meta name=\"twitter:card\" content=\"summary_large_image\" \/>\n<meta name=\"twitter:label1\" content=\"Written by\" \/>\n\t<meta name=\"twitter:data1\" content=\"Mario Brandm\u00fcller\" \/>\n<script type=\"application\/ld+json\" class=\"yoast-schema-graph\">{\"@context\":\"https:\/\/schema.org\",\"@graph\":[{\"@type\":\"Article\",\"@id\":\"https:\/\/stiftadmont.at\/blog\/dveri-pax-co-die-neuen-stars-auf-den-weinkarten-kommen-aus-slowenien\/#article\",\"isPartOf\":{\"@id\":\"https:\/\/stiftadmont.at\/blog\/dveri-pax-co-die-neuen-stars-auf-den-weinkarten-kommen-aus-slowenien\/\"},\"author\":{\"name\":\"Mario Brandm\u00fcller\",\"@id\":\"https:\/\/stiftadmont.at\/#\/schema\/person\/30535548b241d5f33a2e8b839db11869\"},\"headline\":\"DVERI PAX &amp; Co: Die neuen Stars auf den Weinkarten kommen aus Slowenien\",\"datePublished\":\"2019-05-16T10:00:00+00:00\",\"dateModified\":\"2022-05-28T21:29:09+00:00\",\"mainEntityOfPage\":{\"@id\":\"https:\/\/stiftadmont.at\/blog\/dveri-pax-co-die-neuen-stars-auf-den-weinkarten-kommen-aus-slowenien\/\"},\"wordCount\":13,\"image\":{\"@id\":\"https:\/\/stiftadmont.at\/blog\/dveri-pax-co-die-neuen-stars-auf-den-weinkarten-kommen-aus-slowenien\/#primaryimage\"},\"thumbnailUrl\":\"https:\/\/stiftadmont.at\/wp-content\/uploads\/Dveri-Pax-Kalk-Kegel-2019-\u00a9-Philipp-Lihotzky-6.jpg\",\"articleSection\":[\"Einrichtungen aktuell\"],\"inLanguage\":\"sl-SI\"},{\"@type\":\"WebPage\",\"@id\":\"https:\/\/stiftadmont.at\/blog\/dveri-pax-co-die-neuen-stars-auf-den-weinkarten-kommen-aus-slowenien\/\",\"url\":\"https:\/\/stiftadmont.at\/blog\/dveri-pax-co-die-neuen-stars-auf-den-weinkarten-kommen-aus-slowenien\/\",\"name\":\"DVERI PAX &amp; Co: Die neuen Stars auf den Weinkarten kommen aus Slowenien - Stift Admont\",\"isPartOf\":{\"@id\":\"https:\/\/stiftadmont.at\/#website\"},\"primaryImageOfPage\":{\"@id\":\"https:\/\/stiftadmont.at\/blog\/dveri-pax-co-die-neuen-stars-auf-den-weinkarten-kommen-aus-slowenien\/#primaryimage\"},\"image\":{\"@id\":\"https:\/\/stiftadmont.at\/blog\/dveri-pax-co-die-neuen-stars-auf-den-weinkarten-kommen-aus-slowenien\/#primaryimage\"},\"thumbnailUrl\":\"https:\/\/stiftadmont.at\/wp-content\/uploads\/Dveri-Pax-Kalk-Kegel-2019-\u00a9-Philipp-Lihotzky-6.jpg\",\"datePublished\":\"2019-05-16T10:00:00+00:00\",\"dateModified\":\"2022-05-28T21:29:09+00:00\",\"author\":{\"@id\":\"https:\/\/stiftadmont.at\/#\/schema\/person\/30535548b241d5f33a2e8b839db11869\"},\"description\":\"Lesen Sie aktuelle Informationen zum Thema DVERI PAX &amp; Co: Die neuen Stars auf den Weinkarten kommen aus Slowenien und vieles mehr aus dem Konvent und der Pfarre Admont.\",\"breadcrumb\":{\"@id\":\"https:\/\/stiftadmont.at\/blog\/dveri-pax-co-die-neuen-stars-auf-den-weinkarten-kommen-aus-slowenien\/#breadcrumb\"},\"inLanguage\":\"sl-SI\",\"potentialAction\":[{\"@type\":\"ReadAction\",\"target\":[\"https:\/\/stiftadmont.at\/blog\/dveri-pax-co-die-neuen-stars-auf-den-weinkarten-kommen-aus-slowenien\/\"]}]},{\"@type\":\"ImageObject\",\"inLanguage\":\"sl-SI\",\"@id\":\"https:\/\/stiftadmont.at\/blog\/dveri-pax-co-die-neuen-stars-auf-den-weinkarten-kommen-aus-slowenien\/#primaryimage\",\"url\":\"https:\/\/stiftadmont.at\/wp-content\/uploads\/Dveri-Pax-Kalk-Kegel-2019-\u00a9-Philipp-Lihotzky-6.jpg\",\"contentUrl\":\"https:\/\/stiftadmont.at\/wp-content\/uploads\/Dveri-Pax-Kalk-Kegel-2019-\u00a9-Philipp-Lihotzky-6.jpg\",\"width\":1600,\"height\":1067,\"caption\":\"Dveri Pax Kalk Kegel 2019 \u00a9 Philipp Lihotzky 6\"},{\"@type\":\"BreadcrumbList\",\"@id\":\"https:\/\/stiftadmont.at\/blog\/dveri-pax-co-die-neuen-stars-auf-den-weinkarten-kommen-aus-slowenien\/#breadcrumb\",\"itemListElement\":[{\"@type\":\"ListItem\",\"position\":1,\"name\":\"Start\",\"item\":\"https:\/\/stiftadmont.at\/\"},{\"@type\":\"ListItem\",\"position\":2,\"name\":\"DVERI PAX &amp; Co: Die neuen Stars auf den Weinkarten kommen aus Slowenien\"}]},{\"@type\":\"WebSite\",\"@id\":\"https:\/\/stiftadmont.at\/#website\",\"url\":\"https:\/\/stiftadmont.at\/\",\"name\":\"Stift Admont\",\"description\":\"Benediktinerkloster und Sehensw\u00fcrdigkeit im Ges\u00e4use\",\"potentialAction\":[{\"@type\":\"SearchAction\",\"target\":{\"@type\":\"EntryPoint\",\"urlTemplate\":\"https:\/\/stiftadmont.at\/?s={search_term_string}\"},\"query-input\":{\"@type\":\"PropertyValueSpecification\",\"valueRequired\":true,\"valueName\":\"search_term_string\"}}],\"inLanguage\":\"sl-SI\"},{\"@type\":\"Person\",\"@id\":\"https:\/\/stiftadmont.at\/#\/schema\/person\/30535548b241d5f33a2e8b839db11869\",\"name\":\"Mario Brandm\u00fcller\"}]}<\/script>\n<!-- \/ Yoast SEO Premium plugin. -->","yoast_head_json":{"title":"DVERI PAX &amp; Co: Nove zvezde na vinskih kartah prihajajo iz Slovenije - Admont Abbey","description":"Preberite najnovej\u0161e informacije o DVERI PAX &amp; Co: Nove zvezde na vinskih kartah prihajajo iz Slovenije in \u0161e veliko ve\u010d iz samostana in \u017eupnije Admont.","robots":{"index":"index","follow":"follow","max-snippet":"max-snippet:-1","max-image-preview":"max-image-preview:large","max-video-preview":"max-video-preview:-1"},"canonical":"https:\/\/stiftadmont.at\/sl\/blog\/dveri-pax-co-nove-zvezde-na-vinskih-listah-prihajajo-iz-slovenije\/","og_locale":"sl_SI","og_type":"article","og_title":"DVERI PAX &amp; Co: Die neuen Stars auf den Weinkarten kommen aus Slowenien","og_description":"Lesen Sie aktuelle Informationen zum Thema DVERI PAX &amp; Co: Die neuen Stars auf den Weinkarten kommen aus Slowenien und vieles mehr aus dem Konvent und der Pfarre Admont.","og_url":"https:\/\/stiftadmont.at\/sl\/blog\/dveri-pax-co-nove-zvezde-na-vinskih-listah-prihajajo-iz-slovenije\/","og_site_name":"Stift Admont","article_published_time":"2019-05-16T10:00:00+00:00","article_modified_time":"2022-05-28T21:29:09+00:00","og_image":[{"width":1600,"height":1067,"url":"https:\/\/stiftadmont.at\/wp-content\/uploads\/Dveri-Pax-Kalk-Kegel-2019-\u00a9-Philipp-Lihotzky-6.jpg","type":"image\/jpeg"}],"author":"Mario Brandm\u00fcller","twitter_card":"summary_large_image","twitter_misc":{"Written by":"Mario Brandm\u00fcller"},"schema":{"@context":"https:\/\/schema.org","@graph":[{"@type":"Article","@id":"https:\/\/stiftadmont.at\/blog\/dveri-pax-co-die-neuen-stars-auf-den-weinkarten-kommen-aus-slowenien\/#article","isPartOf":{"@id":"https:\/\/stiftadmont.at\/blog\/dveri-pax-co-die-neuen-stars-auf-den-weinkarten-kommen-aus-slowenien\/"},"author":{"name":"Mario Brandm\u00fcller","@id":"https:\/\/stiftadmont.at\/#\/schema\/person\/30535548b241d5f33a2e8b839db11869"},"headline":"DVERI PAX &amp; Co: Die neuen Stars auf den Weinkarten kommen aus Slowenien","datePublished":"2019-05-16T10:00:00+00:00","dateModified":"2022-05-28T21:29:09+00:00","mainEntityOfPage":{"@id":"https:\/\/stiftadmont.at\/blog\/dveri-pax-co-die-neuen-stars-auf-den-weinkarten-kommen-aus-slowenien\/"},"wordCount":13,"image":{"@id":"https:\/\/stiftadmont.at\/blog\/dveri-pax-co-die-neuen-stars-auf-den-weinkarten-kommen-aus-slowenien\/#primaryimage"},"thumbnailUrl":"https:\/\/stiftadmont.at\/wp-content\/uploads\/Dveri-Pax-Kalk-Kegel-2019-\u00a9-Philipp-Lihotzky-6.jpg","articleSection":["Einrichtungen aktuell"],"inLanguage":"sl-SI"},{"@type":"WebPage","@id":"https:\/\/stiftadmont.at\/blog\/dveri-pax-co-die-neuen-stars-auf-den-weinkarten-kommen-aus-slowenien\/","url":"https:\/\/stiftadmont.at\/blog\/dveri-pax-co-die-neuen-stars-auf-den-weinkarten-kommen-aus-slowenien\/","name":"DVERI PAX &amp; Co: Nove zvezde na vinskih kartah prihajajo iz Slovenije - Admont Abbey","isPartOf":{"@id":"https:\/\/stiftadmont.at\/#website"},"primaryImageOfPage":{"@id":"https:\/\/stiftadmont.at\/blog\/dveri-pax-co-die-neuen-stars-auf-den-weinkarten-kommen-aus-slowenien\/#primaryimage"},"image":{"@id":"https:\/\/stiftadmont.at\/blog\/dveri-pax-co-die-neuen-stars-auf-den-weinkarten-kommen-aus-slowenien\/#primaryimage"},"thumbnailUrl":"https:\/\/stiftadmont.at\/wp-content\/uploads\/Dveri-Pax-Kalk-Kegel-2019-\u00a9-Philipp-Lihotzky-6.jpg","datePublished":"2019-05-16T10:00:00+00:00","dateModified":"2022-05-28T21:29:09+00:00","author":{"@id":"https:\/\/stiftadmont.at\/#\/schema\/person\/30535548b241d5f33a2e8b839db11869"},"description":"Preberite najnovej\u0161e informacije o DVERI PAX &amp; Co: Nove zvezde na vinskih kartah prihajajo iz Slovenije in \u0161e veliko ve\u010d iz samostana in \u017eupnije Admont.","breadcrumb":{"@id":"https:\/\/stiftadmont.at\/blog\/dveri-pax-co-die-neuen-stars-auf-den-weinkarten-kommen-aus-slowenien\/#breadcrumb"},"inLanguage":"sl-SI","potentialAction":[{"@type":"ReadAction","target":["https:\/\/stiftadmont.at\/blog\/dveri-pax-co-die-neuen-stars-auf-den-weinkarten-kommen-aus-slowenien\/"]}]},{"@type":"ImageObject","inLanguage":"sl-SI","@id":"https:\/\/stiftadmont.at\/blog\/dveri-pax-co-die-neuen-stars-auf-den-weinkarten-kommen-aus-slowenien\/#primaryimage","url":"https:\/\/stiftadmont.at\/wp-content\/uploads\/Dveri-Pax-Kalk-Kegel-2019-\u00a9-Philipp-Lihotzky-6.jpg","contentUrl":"https:\/\/stiftadmont.at\/wp-content\/uploads\/Dveri-Pax-Kalk-Kegel-2019-\u00a9-Philipp-Lihotzky-6.jpg","width":1600,"height":1067,"caption":"Dveri Pax Kalk Kegel 2019 \u00a9 Philipp Lihotzky 6"},{"@type":"BreadcrumbList","@id":"https:\/\/stiftadmont.at\/blog\/dveri-pax-co-die-neuen-stars-auf-den-weinkarten-kommen-aus-slowenien\/#breadcrumb","itemListElement":[{"@type":"ListItem","position":1,"name":"Start","item":"https:\/\/stiftadmont.at\/"},{"@type":"ListItem","position":2,"name":"DVERI PAX &amp; Co: Die neuen Stars auf den Weinkarten kommen aus Slowenien"}]},{"@type":"WebSite","@id":"https:\/\/stiftadmont.at\/#website","url":"https:\/\/stiftadmont.at\/","name":"Opatija Admont","description":"Benediktinski samostan in turisti\u010dna znamenitost v Ges\u00e4use","potentialAction":[{"@type":"SearchAction","target":{"@type":"EntryPoint","urlTemplate":"https:\/\/stiftadmont.at\/?s={search_term_string}"},"query-input":{"@type":"PropertyValueSpecification","valueRequired":true,"valueName":"search_term_string"}}],"inLanguage":"sl-SI"},{"@type":"Person","@id":"https:\/\/stiftadmont.at\/#\/schema\/person\/30535548b241d5f33a2e8b839db11869","name":"Mario Brandm\u00fcller"}]}},"_links":{"self":[{"href":"https:\/\/stiftadmont.at\/sl\/wp-json\/wp\/v2\/posts\/11364","targetHints":{"allow":["GET"]}}],"collection":[{"href":"https:\/\/stiftadmont.at\/sl\/wp-json\/wp\/v2\/posts"}],"about":[{"href":"https:\/\/stiftadmont.at\/sl\/wp-json\/wp\/v2\/types\/post"}],"author":[{"embeddable":true,"href":"https:\/\/stiftadmont.at\/sl\/wp-json\/wp\/v2\/users\/7"}],"replies":[{"embeddable":true,"href":"https:\/\/stiftadmont.at\/sl\/wp-json\/wp\/v2\/comments?post=11364"}],"version-history":[{"count":6,"href":"https:\/\/stiftadmont.at\/sl\/wp-json\/wp\/v2\/posts\/11364\/revisions"}],"predecessor-version":[{"id":11399,"href":"https:\/\/stiftadmont.at\/sl\/wp-json\/wp\/v2\/posts\/11364\/revisions\/11399"}],"wp:featuredmedia":[{"embeddable":true,"href":"https:\/\/stiftadmont.at\/sl\/wp-json\/wp\/v2\/media\/11370"}],"wp:attachment":[{"href":"https:\/\/stiftadmont.at\/sl\/wp-json\/wp\/v2\/media?parent=11364"}],"wp:term":[{"taxonomy":"category","embeddable":true,"href":"https:\/\/stiftadmont.at\/sl\/wp-json\/wp\/v2\/categories?post=11364"}],"curies":[{"name":"wp","href":"https:\/\/api.w.org\/{rel}","templated":true}]}}