{"id":11558,"date":"2019-05-13T12:00:00","date_gmt":"2019-05-13T10:00:00","guid":{"rendered":"https:\/\/stiftadmont.at\/?p=11558"},"modified":"2022-05-29T11:43:37","modified_gmt":"2022-05-29T09:43:37","slug":"stift-admont-v-regijo-pripelje-vrhunske-govornike","status":"publish","type":"post","link":"https:\/\/stiftadmont.at\/sl\/blog\/stift-admont-holt-top-speaker-in-die-region\/","title":{"rendered":"Admont Abbey je v regijo pripeljala vrhunske govornike"},"content":{"rendered":"<section id='lightpress__section--block_62933f8655c37' class='lightpress__section--default-section-space lightpress__section lightpress__section--content'><div class=\"content__inner\"\n         x-init=\"initContentBlockAnim($el)\">\n        \n    <div class=\"content__grid content__grid\">\n                                            <div class=\"content__box content__box--one-hundred\"\n                 style=\"\">\n                                \n                \n                                            <div class=\"prose\"><h2 class=\"heading-xxl line line--gold\">Admont Abbey je v regijo pripeljala vrhunske govornike<\/h2>\n<p><strong>Ponedeljek, 13. maj 2019<\/strong><\/p>\n<p>Stefan Verra je najbolj iskan strokovnjak za govorico telesa v Evropi. Njegova predavanja, seminarji in predstave vsako leto navdu\u0161ijo ve\u010d deset tiso\u010d udele\u017eencev od Evrope do ZDA in Kitajske. S svojo celostno metodologijo, po kateri se pri analizi govorice telesa ne spu\u0161\u010da v razdrobljene posamezne signale, temve\u010d vedno upo\u0161teva celoten kontekst, navdu\u0161uje tako zdravnike kot znanstvenike. Je predavatelj na ve\u010d univerzah ter uspe\u0161en avtor in iskan strokovnjak za medije.<\/p>\n<p>TELESNI JEZIK.<br \/>Nih\u010de je ne potrebuje? Gotovo!<br \/>Marvel. U\u010denje. Smeh. Stefan Verra v \u017eivo v benediktinski opatiji Admont.<\/p>\n<p>Ljudje, ki zmagujejo, so v svojem vedenju bolj prepri\u010dljivi, odprti in samozavestni kot drugi. Tako pridobivajo to\u010dke. Kdor pozna govorico telesa za samozavest, v\u0161e\u010dnost in zanesljivost, ima jasno prednost. \"En \u010dlovek, en pogled, ena analiza.<\/p>\n<p>Stefan Verra velja za rock zvezdo govorice telesa. Resnicoljuben, samov\u0161e\u010den in neverjetno slikovit Stefan Verra razkriva vse signale, ki jih v vsakdanjem \u017eivljenju prepogosto spregledamo ali pa se vedno spra\u0161ujemo, kaj pravzaprav pomenijo.<\/p>\n<p>Do\u017eivite znanstveno zabavno predstavo ali zabaven ve\u010der znanja. Poimenujte ga, kakor \u017eelite. V vsakem primeru na koncu ne boste vedeli, ali ste se ve\u010d nau\u010dili ali nasmejali!<\/p>\n<p>Pridobite nasvete in iz sebe iztisnite najbolj\u0161e!<\/p>\n<p>Petek, 27. september 2019<br \/>Kraj: Velika plesna dvorana gimnazije Stiftsgymnasium Admont<br \/>Za\u010detek: 20:00<br \/>Vstop: 19:00<br \/>Vstopnina: 30,00 \u20ac<\/p>\n<p>Rezervacija vstopnic v okviru: <a class=\"email\" href=\"mailto:events@stiftadmont.at\"><span class=\"icon-outer\"><span class=\"email-icon\"><\/span><\/span>events@stiftadmont.at<\/a> ali <a class=\"phone\" href=\"tel:+43 (0)3613 \/ 2312 601\"><span class=\"icon-outer\"><span class=\"phone-icon\"><\/span><\/span>+43 (0)3613 \/ 2312 601<\/a><\/p>\n<\/div>\n                    \n                            <\/div>\n        \n            <\/div>\n<\/div>\n\n<\/section>","protected":false},"excerpt":{"rendered":"<p>Stefan Verra - eden najbolj iskanih strokovnjakov za govorico telesa prihaja v Admont.<\/p>","protected":false},"author":7,"featured_media":11559,"comment_status":"closed","ping_status":"closed","sticky":false,"template":"","format":"standard","meta":{"_acf_changed":false,"footnotes":""},"categories":[23],"class_list":["post-11558","post","type-post","status-publish","format-standard","has-post-thumbnail","hentry","category-einrichtungen-aktuell"],"acf":[],"yoast_head":"<!-- This site is optimized with the Yoast SEO Premium plugin v26.0 (Yoast SEO v26.8) - https:\/\/yoast.com\/product\/yoast-seo-premium-wordpress\/ -->\n<title>Stift Admont holt Top-Speaker in die Region - Stift Admont<\/title>\n<meta name=\"description\" content=\"Lesen Sie aktuelle Informationen zum Thema Stift Admont holt Top-Speaker in die Region und vieles mehr aus dem Konvent und der Pfarre Admont.\" \/>\n<meta name=\"robots\" content=\"index, follow, max-snippet:-1, max-image-preview:large, max-video-preview:-1\" \/>\n<link rel=\"canonical\" href=\"https:\/\/stiftadmont.at\/sl\/blog\/stift-admont-v-regijo-pripelje-vrhunske-govornike\/\" \/>\n<meta property=\"og:locale\" content=\"sl_SI\" \/>\n<meta property=\"og:type\" content=\"article\" \/>\n<meta property=\"og:title\" content=\"Stift Admont holt Top-Speaker in die Region\" \/>\n<meta property=\"og:description\" content=\"Lesen Sie aktuelle Informationen zum Thema Stift Admont holt Top-Speaker in die Region und vieles mehr aus dem Konvent und der Pfarre Admont.\" \/>\n<meta property=\"og:url\" content=\"https:\/\/stiftadmont.at\/sl\/blog\/stift-admont-v-regijo-pripelje-vrhunske-govornike\/\" \/>\n<meta property=\"og:site_name\" content=\"Stift Admont\" \/>\n<meta property=\"article:published_time\" content=\"2019-05-13T10:00:00+00:00\" \/>\n<meta property=\"article:modified_time\" content=\"2022-05-29T09:43:37+00:00\" \/>\n<meta property=\"og:image\" content=\"https:\/\/stiftadmont.at\/wp-content\/uploads\/Stefan-Verra-1.jpg\" \/>\n\t<meta property=\"og:image:width\" content=\"853\" \/>\n\t<meta property=\"og:image:height\" content=\"640\" \/>\n\t<meta property=\"og:image:type\" content=\"image\/jpeg\" \/>\n<meta name=\"author\" content=\"Mario Brandm\u00fcller\" \/>\n<meta name=\"twitter:card\" content=\"summary_large_image\" \/>\n<meta name=\"twitter:label1\" content=\"Written by\" \/>\n\t<meta name=\"twitter:data1\" content=\"Mario Brandm\u00fcller\" \/>\n<script type=\"application\/ld+json\" class=\"yoast-schema-graph\">{\"@context\":\"https:\/\/schema.org\",\"@graph\":[{\"@type\":\"Article\",\"@id\":\"https:\/\/stiftadmont.at\/blog\/stift-admont-holt-top-speaker-in-die-region\/#article\",\"isPartOf\":{\"@id\":\"https:\/\/stiftadmont.at\/blog\/stift-admont-holt-top-speaker-in-die-region\/\"},\"author\":{\"name\":\"Mario Brandm\u00fcller\",\"@id\":\"https:\/\/stiftadmont.at\/#\/schema\/person\/30535548b241d5f33a2e8b839db11869\"},\"headline\":\"Stift Admont holt Top-Speaker in die Region\",\"datePublished\":\"2019-05-13T10:00:00+00:00\",\"dateModified\":\"2022-05-29T09:43:37+00:00\",\"mainEntityOfPage\":{\"@id\":\"https:\/\/stiftadmont.at\/blog\/stift-admont-holt-top-speaker-in-die-region\/\"},\"wordCount\":7,\"image\":{\"@id\":\"https:\/\/stiftadmont.at\/blog\/stift-admont-holt-top-speaker-in-die-region\/#primaryimage\"},\"thumbnailUrl\":\"https:\/\/stiftadmont.at\/wp-content\/uploads\/Stefan-Verra-1.jpg\",\"articleSection\":[\"Einrichtungen aktuell\"],\"inLanguage\":\"sl-SI\"},{\"@type\":\"WebPage\",\"@id\":\"https:\/\/stiftadmont.at\/blog\/stift-admont-holt-top-speaker-in-die-region\/\",\"url\":\"https:\/\/stiftadmont.at\/blog\/stift-admont-holt-top-speaker-in-die-region\/\",\"name\":\"Stift Admont holt Top-Speaker in die Region - Stift Admont\",\"isPartOf\":{\"@id\":\"https:\/\/stiftadmont.at\/#website\"},\"primaryImageOfPage\":{\"@id\":\"https:\/\/stiftadmont.at\/blog\/stift-admont-holt-top-speaker-in-die-region\/#primaryimage\"},\"image\":{\"@id\":\"https:\/\/stiftadmont.at\/blog\/stift-admont-holt-top-speaker-in-die-region\/#primaryimage\"},\"thumbnailUrl\":\"https:\/\/stiftadmont.at\/wp-content\/uploads\/Stefan-Verra-1.jpg\",\"datePublished\":\"2019-05-13T10:00:00+00:00\",\"dateModified\":\"2022-05-29T09:43:37+00:00\",\"author\":{\"@id\":\"https:\/\/stiftadmont.at\/#\/schema\/person\/30535548b241d5f33a2e8b839db11869\"},\"description\":\"Lesen Sie aktuelle Informationen zum Thema Stift Admont holt Top-Speaker in die Region und vieles mehr aus dem Konvent und der Pfarre Admont.\",\"breadcrumb\":{\"@id\":\"https:\/\/stiftadmont.at\/blog\/stift-admont-holt-top-speaker-in-die-region\/#breadcrumb\"},\"inLanguage\":\"sl-SI\",\"potentialAction\":[{\"@type\":\"ReadAction\",\"target\":[\"https:\/\/stiftadmont.at\/blog\/stift-admont-holt-top-speaker-in-die-region\/\"]}]},{\"@type\":\"ImageObject\",\"inLanguage\":\"sl-SI\",\"@id\":\"https:\/\/stiftadmont.at\/blog\/stift-admont-holt-top-speaker-in-die-region\/#primaryimage\",\"url\":\"https:\/\/stiftadmont.at\/wp-content\/uploads\/Stefan-Verra-1.jpg\",\"contentUrl\":\"https:\/\/stiftadmont.at\/wp-content\/uploads\/Stefan-Verra-1.jpg\",\"width\":853,\"height\":640,\"caption\":\"Stefan Verra 1\"},{\"@type\":\"BreadcrumbList\",\"@id\":\"https:\/\/stiftadmont.at\/blog\/stift-admont-holt-top-speaker-in-die-region\/#breadcrumb\",\"itemListElement\":[{\"@type\":\"ListItem\",\"position\":1,\"name\":\"Start\",\"item\":\"https:\/\/stiftadmont.at\/\"},{\"@type\":\"ListItem\",\"position\":2,\"name\":\"Stift Admont holt Top-Speaker in die Region\"}]},{\"@type\":\"WebSite\",\"@id\":\"https:\/\/stiftadmont.at\/#website\",\"url\":\"https:\/\/stiftadmont.at\/\",\"name\":\"Stift Admont\",\"description\":\"Benediktinerkloster und Sehensw\u00fcrdigkeit im Ges\u00e4use\",\"potentialAction\":[{\"@type\":\"SearchAction\",\"target\":{\"@type\":\"EntryPoint\",\"urlTemplate\":\"https:\/\/stiftadmont.at\/?s={search_term_string}\"},\"query-input\":{\"@type\":\"PropertyValueSpecification\",\"valueRequired\":true,\"valueName\":\"search_term_string\"}}],\"inLanguage\":\"sl-SI\"},{\"@type\":\"Person\",\"@id\":\"https:\/\/stiftadmont.at\/#\/schema\/person\/30535548b241d5f33a2e8b839db11869\",\"name\":\"Mario Brandm\u00fcller\"}]}<\/script>\n<!-- \/ Yoast SEO Premium plugin. -->","yoast_head_json":{"title":"Opatija Admont v regijo pripeljala vrhunske govornike - Admont Abbey","description":"Preberite najnovej\u0161e informacije o opatiji Admont, ki je v regijo pripeljala vrhunske govornike, in \u0161e veliko ve\u010d iz samostana in \u017eupnije Admont.","robots":{"index":"index","follow":"follow","max-snippet":"max-snippet:-1","max-image-preview":"max-image-preview:large","max-video-preview":"max-video-preview:-1"},"canonical":"https:\/\/stiftadmont.at\/sl\/blog\/stift-admont-v-regijo-pripelje-vrhunske-govornike\/","og_locale":"sl_SI","og_type":"article","og_title":"Stift Admont holt Top-Speaker in die Region","og_description":"Lesen Sie aktuelle Informationen zum Thema Stift Admont holt Top-Speaker in die Region und vieles mehr aus dem Konvent und der Pfarre Admont.","og_url":"https:\/\/stiftadmont.at\/sl\/blog\/stift-admont-v-regijo-pripelje-vrhunske-govornike\/","og_site_name":"Stift Admont","article_published_time":"2019-05-13T10:00:00+00:00","article_modified_time":"2022-05-29T09:43:37+00:00","og_image":[{"width":853,"height":640,"url":"https:\/\/stiftadmont.at\/wp-content\/uploads\/Stefan-Verra-1.jpg","type":"image\/jpeg"}],"author":"Mario Brandm\u00fcller","twitter_card":"summary_large_image","twitter_misc":{"Written by":"Mario Brandm\u00fcller"},"schema":{"@context":"https:\/\/schema.org","@graph":[{"@type":"Article","@id":"https:\/\/stiftadmont.at\/blog\/stift-admont-holt-top-speaker-in-die-region\/#article","isPartOf":{"@id":"https:\/\/stiftadmont.at\/blog\/stift-admont-holt-top-speaker-in-die-region\/"},"author":{"name":"Mario Brandm\u00fcller","@id":"https:\/\/stiftadmont.at\/#\/schema\/person\/30535548b241d5f33a2e8b839db11869"},"headline":"Stift Admont holt Top-Speaker in die Region","datePublished":"2019-05-13T10:00:00+00:00","dateModified":"2022-05-29T09:43:37+00:00","mainEntityOfPage":{"@id":"https:\/\/stiftadmont.at\/blog\/stift-admont-holt-top-speaker-in-die-region\/"},"wordCount":7,"image":{"@id":"https:\/\/stiftadmont.at\/blog\/stift-admont-holt-top-speaker-in-die-region\/#primaryimage"},"thumbnailUrl":"https:\/\/stiftadmont.at\/wp-content\/uploads\/Stefan-Verra-1.jpg","articleSection":["Einrichtungen aktuell"],"inLanguage":"sl-SI"},{"@type":"WebPage","@id":"https:\/\/stiftadmont.at\/blog\/stift-admont-holt-top-speaker-in-die-region\/","url":"https:\/\/stiftadmont.at\/blog\/stift-admont-holt-top-speaker-in-die-region\/","name":"Opatija Admont v regijo pripeljala vrhunske govornike - Admont Abbey","isPartOf":{"@id":"https:\/\/stiftadmont.at\/#website"},"primaryImageOfPage":{"@id":"https:\/\/stiftadmont.at\/blog\/stift-admont-holt-top-speaker-in-die-region\/#primaryimage"},"image":{"@id":"https:\/\/stiftadmont.at\/blog\/stift-admont-holt-top-speaker-in-die-region\/#primaryimage"},"thumbnailUrl":"https:\/\/stiftadmont.at\/wp-content\/uploads\/Stefan-Verra-1.jpg","datePublished":"2019-05-13T10:00:00+00:00","dateModified":"2022-05-29T09:43:37+00:00","author":{"@id":"https:\/\/stiftadmont.at\/#\/schema\/person\/30535548b241d5f33a2e8b839db11869"},"description":"Preberite najnovej\u0161e informacije o opatiji Admont, ki je v regijo pripeljala vrhunske govornike, in \u0161e veliko ve\u010d iz samostana in \u017eupnije Admont.","breadcrumb":{"@id":"https:\/\/stiftadmont.at\/blog\/stift-admont-holt-top-speaker-in-die-region\/#breadcrumb"},"inLanguage":"sl-SI","potentialAction":[{"@type":"ReadAction","target":["https:\/\/stiftadmont.at\/blog\/stift-admont-holt-top-speaker-in-die-region\/"]}]},{"@type":"ImageObject","inLanguage":"sl-SI","@id":"https:\/\/stiftadmont.at\/blog\/stift-admont-holt-top-speaker-in-die-region\/#primaryimage","url":"https:\/\/stiftadmont.at\/wp-content\/uploads\/Stefan-Verra-1.jpg","contentUrl":"https:\/\/stiftadmont.at\/wp-content\/uploads\/Stefan-Verra-1.jpg","width":853,"height":640,"caption":"Stefan Verra 1"},{"@type":"BreadcrumbList","@id":"https:\/\/stiftadmont.at\/blog\/stift-admont-holt-top-speaker-in-die-region\/#breadcrumb","itemListElement":[{"@type":"ListItem","position":1,"name":"Start","item":"https:\/\/stiftadmont.at\/"},{"@type":"ListItem","position":2,"name":"Stift Admont holt Top-Speaker in die Region"}]},{"@type":"WebSite","@id":"https:\/\/stiftadmont.at\/#website","url":"https:\/\/stiftadmont.at\/","name":"Opatija Admont","description":"Benediktinski samostan in turisti\u010dna znamenitost v Ges\u00e4use","potentialAction":[{"@type":"SearchAction","target":{"@type":"EntryPoint","urlTemplate":"https:\/\/stiftadmont.at\/?s={search_term_string}"},"query-input":{"@type":"PropertyValueSpecification","valueRequired":true,"valueName":"search_term_string"}}],"inLanguage":"sl-SI"},{"@type":"Person","@id":"https:\/\/stiftadmont.at\/#\/schema\/person\/30535548b241d5f33a2e8b839db11869","name":"Mario Brandm\u00fcller"}]}},"_links":{"self":[{"href":"https:\/\/stiftadmont.at\/sl\/wp-json\/wp\/v2\/posts\/11558","targetHints":{"allow":["GET"]}}],"collection":[{"href":"https:\/\/stiftadmont.at\/sl\/wp-json\/wp\/v2\/posts"}],"about":[{"href":"https:\/\/stiftadmont.at\/sl\/wp-json\/wp\/v2\/types\/post"}],"author":[{"embeddable":true,"href":"https:\/\/stiftadmont.at\/sl\/wp-json\/wp\/v2\/users\/7"}],"replies":[{"embeddable":true,"href":"https:\/\/stiftadmont.at\/sl\/wp-json\/wp\/v2\/comments?post=11558"}],"version-history":[{"count":8,"href":"https:\/\/stiftadmont.at\/sl\/wp-json\/wp\/v2\/posts\/11558\/revisions"}],"predecessor-version":[{"id":11567,"href":"https:\/\/stiftadmont.at\/sl\/wp-json\/wp\/v2\/posts\/11558\/revisions\/11567"}],"wp:featuredmedia":[{"embeddable":true,"href":"https:\/\/stiftadmont.at\/sl\/wp-json\/wp\/v2\/media\/11559"}],"wp:attachment":[{"href":"https:\/\/stiftadmont.at\/sl\/wp-json\/wp\/v2\/media?parent=11558"}],"wp:term":[{"taxonomy":"category","embeddable":true,"href":"https:\/\/stiftadmont.at\/sl\/wp-json\/wp\/v2\/categories?post=11558"}],"curies":[{"name":"wp","href":"https:\/\/api.w.org\/{rel}","templated":true}]}}