{"id":11832,"date":"2021-08-06T12:00:00","date_gmt":"2021-08-06T10:00:00","guid":{"rendered":"https:\/\/stiftadmont.at\/?p=11832"},"modified":"2022-05-29T15:10:36","modified_gmt":"2022-05-29T13:10:36","slug":"slovesni-poklic-fr-rupert-schwarz-osb-2","status":"publish","type":"post","link":"https:\/\/stiftadmont.at\/sl\/blog\/feierliche-profess-von-fr-rupert-schwarz-osb-2\/","title":{"rendered":"Slovesni poklic p. Ruperta Schwarza OSB"},"content":{"rendered":"<section id='lightpress__section--block_62936fda79561' class='lightpress__section--default-section-space lightpress__section lightpress__section--content'><div class=\"content__inner\"\n         x-init=\"initContentBlockAnim($el)\">\n        \n    <div class=\"content__grid content__grid--fifty-fifty\">\n                                            <div class=\"content__box content__box\"\n                 style=\"\">\n                                \n                \n                                            <div class=\"prose\"><h2 class=\"heading-xxl line line--gold\">Slovesni poklic o\u010deta Ruperta<\/h2>\n<p><strong>Petek, 6. avgust 2021<\/strong><\/p>\n<p>Rupert Schwarz OSB se je rodil leta 1982 v Salzburgu in bil kr\u0161\u010den kot Martin. Na\u0161 sobrat je poleg razli\u010dnih drugih izobra\u017eevalnih programov \u0161tudiral cerkveno glasbo na Mozarteumu v Salzburgu in na konservatoriju v Linzu ter se nato zaposlil kot cerkveni glasbenik v baziliki Maria Taferl v Spodnji Avstriji. Martin Schwarz je jeseni 2017 sledil Bo\u017ejemu klicu in 2. oktobra za\u010del noviciat v na\u0161i skupnosti. Po za\u010dasni profesiji 22. septembra 2018 je za\u010del \u0161tudij katoli\u0161ke teologije na Univerzi Benedikta XVI. v Heiligenkreuzu, ki trenutno zahteva njegovo pozornost.<\/p>\n<p>\"Ko sem se pred \u0161tirimi leti kot Martin Schwarz pridru\u017eil opatiji Admont in dobil redovno ime Frater Rupert, sem \u017ee nekaj \u010dasa poznal samostan in tr\u017eno mesto Admont. Zdaj je to poznanstvo postalo poznanstvo in zelo sem vesel, da sem tukaj,\" je dejal pater Rupert pred svojim slovesnim poklicem.<\/p>\n<p>S svojim slovesnim poklicem se je o\u010de Rupert za vse \u017eivljenje zavezal na\u0161i skupnosti. Jeseni se bo vrnil v Heiligenkreuz in nadaljeval \u0161tudij. Po uspe\u0161nem zaklju\u010dku \u0161tudija bo o. Rupert posve\u010den v duhovnika in bo deloval kot pastor v \u017eupnijah na\u0161e hi\u0161e.<\/p>\n<p><strong>Slovesni (ve\u010dni) poklic p. Ruperta Schwarza OSB<\/strong><br \/><strong>29. avgust 2021<\/strong><br \/>14:00<br \/>Opatijska cerkev v Admontu<\/p>\n<p>Udele\u017eba na praznovanju je mogo\u010da le z veljavnim potrdilom 3G!<\/p>\n<p>\u00a0<\/p>\n<\/div>\n                    \n                            <\/div>\n        \n                                                    <div class=\"content__box content__box--2\"\n                     >\n                                        \n                    \n                                                <div class=\"content__media stickyTo\" x-init=\"imageSticky($el)\">\n\n                                                                                    <picture\n                                    class=\"content__image sticky\">\n                                <source srcset=\"https:\/\/stiftadmont.at\/wp-content\/uploads\/Stift-Admont-fr-Rupert-1.webp\" type=\"image\/webp\">\n                                <source srcset=\"https:\/\/stiftadmont.at\/wp-content\/uploads\/Stift-Admont-fr-Rupert-1.jpg\" type=\"image\/jpeg\">\n                                <img decoding=\"async\" class=\"sticky\" loading=\"lazy\" src=\"https:\/\/stiftadmont.at\/wp-content\/uploads\/Stift-Admont-fr-Rupert-1.jpg\" alt=\"Admont Abbey fr Rupert 2022\" \/>\n\n                                                                                                                            <\/picture>\n\n                        <\/div>\n\n                                    <\/div>\n            \n            <\/div>\n<\/div>\n\n<\/section>","protected":false},"excerpt":{"rendered":"<p>S slovesnim poklicem se bo o\u010de Rupert za vse \u017eivljenje zavezal na\u0161i skupnosti.<\/p>","protected":false},"author":7,"featured_media":11834,"comment_status":"closed","ping_status":"closed","sticky":false,"template":"","format":"standard","meta":{"_acf_changed":false,"footnotes":""},"categories":[22],"class_list":["post-11832","post","type-post","status-publish","format-standard","has-post-thumbnail","hentry","category-kloster-aktuell"],"acf":[],"yoast_head":"<!-- This site is optimized with the Yoast SEO Premium plugin v26.0 (Yoast SEO v26.8) - https:\/\/yoast.com\/product\/yoast-seo-premium-wordpress\/ -->\n<title>Feierliche Profess von fr. Rupert Schwarz OSB - Stift Admont<\/title>\n<meta name=\"description\" content=\"Lesen Sie aktuelle Informationen zum Thema Feierliche Profess von fr. Rupert Schwarz OSB und vieles mehr aus dem Konvent und der Pfarre Admont.\" \/>\n<meta name=\"robots\" content=\"index, follow, max-snippet:-1, max-image-preview:large, max-video-preview:-1\" \/>\n<link rel=\"canonical\" href=\"https:\/\/stiftadmont.at\/sl\/blog\/slovesni-poklic-fr-rupert-schwarz-osb-2\/\" \/>\n<meta property=\"og:locale\" content=\"sl_SI\" \/>\n<meta property=\"og:type\" content=\"article\" \/>\n<meta property=\"og:title\" content=\"Feierliche Profess von fr. Rupert Schwarz OSB\" \/>\n<meta property=\"og:description\" content=\"Lesen Sie aktuelle Informationen zum Thema Feierliche Profess von fr. Rupert Schwarz OSB und vieles mehr aus dem Konvent und der Pfarre Admont.\" \/>\n<meta property=\"og:url\" content=\"https:\/\/stiftadmont.at\/sl\/blog\/slovesni-poklic-fr-rupert-schwarz-osb-2\/\" \/>\n<meta property=\"og:site_name\" content=\"Stift Admont\" \/>\n<meta property=\"article:published_time\" content=\"2021-08-06T10:00:00+00:00\" \/>\n<meta property=\"article:modified_time\" content=\"2022-05-29T13:10:36+00:00\" \/>\n<meta property=\"og:image\" content=\"https:\/\/stiftadmont.at\/wp-content\/uploads\/Stift-Admont-fr-Rupert-1.jpg\" \/>\n\t<meta property=\"og:image:width\" content=\"857\" \/>\n\t<meta property=\"og:image:height\" content=\"650\" \/>\n\t<meta property=\"og:image:type\" content=\"image\/jpeg\" \/>\n<meta name=\"author\" content=\"Mario Brandm\u00fcller\" \/>\n<meta name=\"twitter:card\" content=\"summary_large_image\" \/>\n<meta name=\"twitter:label1\" content=\"Written by\" \/>\n\t<meta name=\"twitter:data1\" content=\"Mario Brandm\u00fcller\" \/>\n<script type=\"application\/ld+json\" class=\"yoast-schema-graph\">{\"@context\":\"https:\/\/schema.org\",\"@graph\":[{\"@type\":\"Article\",\"@id\":\"https:\/\/stiftadmont.at\/blog\/feierliche-profess-von-fr-rupert-schwarz-osb-2\/#article\",\"isPartOf\":{\"@id\":\"https:\/\/stiftadmont.at\/blog\/feierliche-profess-von-fr-rupert-schwarz-osb-2\/\"},\"author\":{\"name\":\"Mario Brandm\u00fcller\",\"@id\":\"https:\/\/stiftadmont.at\/#\/schema\/person\/30535548b241d5f33a2e8b839db11869\"},\"headline\":\"Feierliche Profess von fr. Rupert Schwarz OSB\",\"datePublished\":\"2021-08-06T10:00:00+00:00\",\"dateModified\":\"2022-05-29T13:10:36+00:00\",\"mainEntityOfPage\":{\"@id\":\"https:\/\/stiftadmont.at\/blog\/feierliche-profess-von-fr-rupert-schwarz-osb-2\/\"},\"wordCount\":7,\"image\":{\"@id\":\"https:\/\/stiftadmont.at\/blog\/feierliche-profess-von-fr-rupert-schwarz-osb-2\/#primaryimage\"},\"thumbnailUrl\":\"https:\/\/stiftadmont.at\/wp-content\/uploads\/Stift-Admont-fr-Rupert-1.jpg\",\"articleSection\":[\"Kloster aktuell\"],\"inLanguage\":\"sl-SI\"},{\"@type\":\"WebPage\",\"@id\":\"https:\/\/stiftadmont.at\/blog\/feierliche-profess-von-fr-rupert-schwarz-osb-2\/\",\"url\":\"https:\/\/stiftadmont.at\/blog\/feierliche-profess-von-fr-rupert-schwarz-osb-2\/\",\"name\":\"Feierliche Profess von fr. Rupert Schwarz OSB - Stift Admont\",\"isPartOf\":{\"@id\":\"https:\/\/stiftadmont.at\/#website\"},\"primaryImageOfPage\":{\"@id\":\"https:\/\/stiftadmont.at\/blog\/feierliche-profess-von-fr-rupert-schwarz-osb-2\/#primaryimage\"},\"image\":{\"@id\":\"https:\/\/stiftadmont.at\/blog\/feierliche-profess-von-fr-rupert-schwarz-osb-2\/#primaryimage\"},\"thumbnailUrl\":\"https:\/\/stiftadmont.at\/wp-content\/uploads\/Stift-Admont-fr-Rupert-1.jpg\",\"datePublished\":\"2021-08-06T10:00:00+00:00\",\"dateModified\":\"2022-05-29T13:10:36+00:00\",\"author\":{\"@id\":\"https:\/\/stiftadmont.at\/#\/schema\/person\/30535548b241d5f33a2e8b839db11869\"},\"description\":\"Lesen Sie aktuelle Informationen zum Thema Feierliche Profess von fr. Rupert Schwarz OSB und vieles mehr aus dem Konvent und der Pfarre Admont.\",\"breadcrumb\":{\"@id\":\"https:\/\/stiftadmont.at\/blog\/feierliche-profess-von-fr-rupert-schwarz-osb-2\/#breadcrumb\"},\"inLanguage\":\"sl-SI\",\"potentialAction\":[{\"@type\":\"ReadAction\",\"target\":[\"https:\/\/stiftadmont.at\/blog\/feierliche-profess-von-fr-rupert-schwarz-osb-2\/\"]}]},{\"@type\":\"ImageObject\",\"inLanguage\":\"sl-SI\",\"@id\":\"https:\/\/stiftadmont.at\/blog\/feierliche-profess-von-fr-rupert-schwarz-osb-2\/#primaryimage\",\"url\":\"https:\/\/stiftadmont.at\/wp-content\/uploads\/Stift-Admont-fr-Rupert-1.jpg\",\"contentUrl\":\"https:\/\/stiftadmont.at\/wp-content\/uploads\/Stift-Admont-fr-Rupert-1.jpg\",\"width\":857,\"height\":650,\"caption\":\"Stift Admont fr Rupert 2022\"},{\"@type\":\"BreadcrumbList\",\"@id\":\"https:\/\/stiftadmont.at\/blog\/feierliche-profess-von-fr-rupert-schwarz-osb-2\/#breadcrumb\",\"itemListElement\":[{\"@type\":\"ListItem\",\"position\":1,\"name\":\"Start\",\"item\":\"https:\/\/stiftadmont.at\/\"},{\"@type\":\"ListItem\",\"position\":2,\"name\":\"Feierliche Profess von fr. Rupert Schwarz OSB\"}]},{\"@type\":\"WebSite\",\"@id\":\"https:\/\/stiftadmont.at\/#website\",\"url\":\"https:\/\/stiftadmont.at\/\",\"name\":\"Stift Admont\",\"description\":\"Benediktinerkloster und Sehensw\u00fcrdigkeit im Ges\u00e4use\",\"potentialAction\":[{\"@type\":\"SearchAction\",\"target\":{\"@type\":\"EntryPoint\",\"urlTemplate\":\"https:\/\/stiftadmont.at\/?s={search_term_string}\"},\"query-input\":{\"@type\":\"PropertyValueSpecification\",\"valueRequired\":true,\"valueName\":\"search_term_string\"}}],\"inLanguage\":\"sl-SI\"},{\"@type\":\"Person\",\"@id\":\"https:\/\/stiftadmont.at\/#\/schema\/person\/30535548b241d5f33a2e8b839db11869\",\"name\":\"Mario Brandm\u00fcller\"}]}<\/script>\n<!-- \/ Yoast SEO Premium plugin. -->","yoast_head_json":{"title":"Slovesni poklic p. Ruperta Schwarza OSB - Opatija Admont","description":"Preberite najnovej\u0161e informacije o slovesnem poklicu p. Ruperta Schwarza OSB in \u0161e veliko ve\u010d iz samostana in \u017eupnije Admont.","robots":{"index":"index","follow":"follow","max-snippet":"max-snippet:-1","max-image-preview":"max-image-preview:large","max-video-preview":"max-video-preview:-1"},"canonical":"https:\/\/stiftadmont.at\/sl\/blog\/slovesni-poklic-fr-rupert-schwarz-osb-2\/","og_locale":"sl_SI","og_type":"article","og_title":"Feierliche Profess von fr. Rupert Schwarz OSB","og_description":"Lesen Sie aktuelle Informationen zum Thema Feierliche Profess von fr. Rupert Schwarz OSB und vieles mehr aus dem Konvent und der Pfarre Admont.","og_url":"https:\/\/stiftadmont.at\/sl\/blog\/slovesni-poklic-fr-rupert-schwarz-osb-2\/","og_site_name":"Stift Admont","article_published_time":"2021-08-06T10:00:00+00:00","article_modified_time":"2022-05-29T13:10:36+00:00","og_image":[{"width":857,"height":650,"url":"https:\/\/stiftadmont.at\/wp-content\/uploads\/Stift-Admont-fr-Rupert-1.jpg","type":"image\/jpeg"}],"author":"Mario Brandm\u00fcller","twitter_card":"summary_large_image","twitter_misc":{"Written by":"Mario Brandm\u00fcller"},"schema":{"@context":"https:\/\/schema.org","@graph":[{"@type":"Article","@id":"https:\/\/stiftadmont.at\/blog\/feierliche-profess-von-fr-rupert-schwarz-osb-2\/#article","isPartOf":{"@id":"https:\/\/stiftadmont.at\/blog\/feierliche-profess-von-fr-rupert-schwarz-osb-2\/"},"author":{"name":"Mario Brandm\u00fcller","@id":"https:\/\/stiftadmont.at\/#\/schema\/person\/30535548b241d5f33a2e8b839db11869"},"headline":"Feierliche Profess von fr. Rupert Schwarz OSB","datePublished":"2021-08-06T10:00:00+00:00","dateModified":"2022-05-29T13:10:36+00:00","mainEntityOfPage":{"@id":"https:\/\/stiftadmont.at\/blog\/feierliche-profess-von-fr-rupert-schwarz-osb-2\/"},"wordCount":7,"image":{"@id":"https:\/\/stiftadmont.at\/blog\/feierliche-profess-von-fr-rupert-schwarz-osb-2\/#primaryimage"},"thumbnailUrl":"https:\/\/stiftadmont.at\/wp-content\/uploads\/Stift-Admont-fr-Rupert-1.jpg","articleSection":["Kloster aktuell"],"inLanguage":"sl-SI"},{"@type":"WebPage","@id":"https:\/\/stiftadmont.at\/blog\/feierliche-profess-von-fr-rupert-schwarz-osb-2\/","url":"https:\/\/stiftadmont.at\/blog\/feierliche-profess-von-fr-rupert-schwarz-osb-2\/","name":"Slovesni poklic p. Ruperta Schwarza OSB - Opatija Admont","isPartOf":{"@id":"https:\/\/stiftadmont.at\/#website"},"primaryImageOfPage":{"@id":"https:\/\/stiftadmont.at\/blog\/feierliche-profess-von-fr-rupert-schwarz-osb-2\/#primaryimage"},"image":{"@id":"https:\/\/stiftadmont.at\/blog\/feierliche-profess-von-fr-rupert-schwarz-osb-2\/#primaryimage"},"thumbnailUrl":"https:\/\/stiftadmont.at\/wp-content\/uploads\/Stift-Admont-fr-Rupert-1.jpg","datePublished":"2021-08-06T10:00:00+00:00","dateModified":"2022-05-29T13:10:36+00:00","author":{"@id":"https:\/\/stiftadmont.at\/#\/schema\/person\/30535548b241d5f33a2e8b839db11869"},"description":"Preberite najnovej\u0161e informacije o slovesnem poklicu p. Ruperta Schwarza OSB in \u0161e veliko ve\u010d iz samostana in \u017eupnije Admont.","breadcrumb":{"@id":"https:\/\/stiftadmont.at\/blog\/feierliche-profess-von-fr-rupert-schwarz-osb-2\/#breadcrumb"},"inLanguage":"sl-SI","potentialAction":[{"@type":"ReadAction","target":["https:\/\/stiftadmont.at\/blog\/feierliche-profess-von-fr-rupert-schwarz-osb-2\/"]}]},{"@type":"ImageObject","inLanguage":"sl-SI","@id":"https:\/\/stiftadmont.at\/blog\/feierliche-profess-von-fr-rupert-schwarz-osb-2\/#primaryimage","url":"https:\/\/stiftadmont.at\/wp-content\/uploads\/Stift-Admont-fr-Rupert-1.jpg","contentUrl":"https:\/\/stiftadmont.at\/wp-content\/uploads\/Stift-Admont-fr-Rupert-1.jpg","width":857,"height":650,"caption":"Stift Admont fr Rupert 2022"},{"@type":"BreadcrumbList","@id":"https:\/\/stiftadmont.at\/blog\/feierliche-profess-von-fr-rupert-schwarz-osb-2\/#breadcrumb","itemListElement":[{"@type":"ListItem","position":1,"name":"Start","item":"https:\/\/stiftadmont.at\/"},{"@type":"ListItem","position":2,"name":"Feierliche Profess von fr. Rupert Schwarz OSB"}]},{"@type":"WebSite","@id":"https:\/\/stiftadmont.at\/#website","url":"https:\/\/stiftadmont.at\/","name":"Opatija Admont","description":"Benediktinski samostan in turisti\u010dna znamenitost v Ges\u00e4use","potentialAction":[{"@type":"SearchAction","target":{"@type":"EntryPoint","urlTemplate":"https:\/\/stiftadmont.at\/?s={search_term_string}"},"query-input":{"@type":"PropertyValueSpecification","valueRequired":true,"valueName":"search_term_string"}}],"inLanguage":"sl-SI"},{"@type":"Person","@id":"https:\/\/stiftadmont.at\/#\/schema\/person\/30535548b241d5f33a2e8b839db11869","name":"Mario Brandm\u00fcller"}]}},"_links":{"self":[{"href":"https:\/\/stiftadmont.at\/sl\/wp-json\/wp\/v2\/posts\/11832","targetHints":{"allow":["GET"]}}],"collection":[{"href":"https:\/\/stiftadmont.at\/sl\/wp-json\/wp\/v2\/posts"}],"about":[{"href":"https:\/\/stiftadmont.at\/sl\/wp-json\/wp\/v2\/types\/post"}],"author":[{"embeddable":true,"href":"https:\/\/stiftadmont.at\/sl\/wp-json\/wp\/v2\/users\/7"}],"replies":[{"embeddable":true,"href":"https:\/\/stiftadmont.at\/sl\/wp-json\/wp\/v2\/comments?post=11832"}],"version-history":[{"count":7,"href":"https:\/\/stiftadmont.at\/sl\/wp-json\/wp\/v2\/posts\/11832\/revisions"}],"predecessor-version":[{"id":11841,"href":"https:\/\/stiftadmont.at\/sl\/wp-json\/wp\/v2\/posts\/11832\/revisions\/11841"}],"wp:featuredmedia":[{"embeddable":true,"href":"https:\/\/stiftadmont.at\/sl\/wp-json\/wp\/v2\/media\/11834"}],"wp:attachment":[{"href":"https:\/\/stiftadmont.at\/sl\/wp-json\/wp\/v2\/media?parent=11832"}],"wp:term":[{"taxonomy":"category","embeddable":true,"href":"https:\/\/stiftadmont.at\/sl\/wp-json\/wp\/v2\/categories?post=11832"}],"curies":[{"name":"wp","href":"https:\/\/api.w.org\/{rel}","templated":true}]}}