{"id":12451,"date":"2022-06-07T12:04:57","date_gmt":"2022-06-07T10:04:57","guid":{"rendered":"https:\/\/stiftadmont.at\/?p=12451"},"modified":"2026-04-27T08:02:54","modified_gmt":"2026-04-27T06:02:54","slug":"casi-svetih-mas","status":"publish","type":"post","link":"https:\/\/stiftadmont.at\/sl\/blog\/hl-messe-gottesdienstzeiten\/","title":{"rendered":"Svete ma\u0161e in \u010dasi bogoslu\u017eja"},"content":{"rendered":"<section id='lightpress__section--block_46acca01e3193444f0c63f32c893ebeb' class='lightpress__section--default-section-space lightpress__section lightpress__section--content'><div class=\"content__inner\"\n         x-init=\"initContentBlockAnim($el)\">\n        \n    <div class=\"content__grid content__grid\">\n                                            <div class=\"content__box content__box--one-hundred\"\n                 style=\"\">\n                                \n                \n                                            <div class=\"prose\"><h3 class=\"heading-xl line line--gold\"><strong>\u010casi cerkvenih storitev<\/strong><\/h3>\n<p>\u00a0<\/p>\n<\/p>\n<p>\u00a0<\/p>\n<p><strong>Petek, 01. maj 2026<\/strong><br \/>18.30 Sveta ma\u0161a z majskimi pobo\u017enostmi v kolegijski cerkvi s pevsko skupino Gstatterboden<br \/><strong>nedelja, 03. maj 2026<\/strong><br \/>obi\u010dajni vrstni red storitev<br \/><strong>Sreda, 06. maj 2026<\/strong><br \/>17:45 Ve\u010dernice in sveta ma\u0161a v kapeli zbora, ki ji sledi \u0161tudij Svetega pisma<br \/><strong>Petek, 08. maj 2026<\/strong><br \/>19:15 Majske pobo\u017enosti - kapela Prandst\u00e4tter\/Krumau s skupino klarinetov MERZL<br \/><strong>nedelja, 10. maj 2026 - materinski dan<\/strong><br \/>08:30 sv. ma\u0161a<br \/>10:00 sv. ma\u0161a z glasbeno skupino Admont House Music<br \/><strong>Ponedeljek, 11. maj 2026<\/strong><br \/>18:00 ura Procesija, ki ji sledi ma\u0161a<br \/><strong>Torek, 12. maj 2026<\/strong><br \/>18:00 ura Procesija, ki ji sledi ma\u0161a<br \/><strong>Sreda, 13. maj 2026<\/strong><br \/>18:00 Ro\u017eni venec, <strong>Romanje k Devici Mariji<\/strong> s procesijo ob sve\u010dah v kolegijski cerkvi z MGV Admont<br \/>Pridigar: o\u010de Magnus Klasen OSB<br \/><strong>\u010cetrtek, 14. maj 2026 - Vstajenje<\/strong><br \/>08:30 sv. ma\u0161a<br \/>09:30 praznovanje prvega obhajila<br \/><strong>Petek, 15. maj 2026<\/strong><br \/>Majske pobo\u017enosti - samostanski vrt (vrtnica) Zbirno mesto: kolegijska cerkev<br \/><strong>nedelja, 17. maj 2026<\/strong><br \/>obi\u010dajni vrstni red storitev<br \/><strong>Petek, 22. maj 2026<\/strong><br \/>19:15 Majske pobo\u017enosti - Payrlechnerjeva kapela, Krumlov<br \/><strong>Nedelja, 24. maj 2026 - binko\u0161tna nedelja<br \/><\/strong>08:30 sv. ma\u0161a<br \/>09:30 Pape\u0161ka ma\u0161a s konfirmacijo (opat Gerhard)<br \/><strong>Ponedeljek, 25. maj 2026 - beli ponedeljek<\/strong><br \/>08:30 ob 8. uri ni svete ma\u0161e<br \/>10:00 sv. ma\u0161a<br \/><strong>Petek, 29. maj 2026<\/strong><br \/>18:30 ma\u0161a v kapeli prelature<br \/>19:15 Majske pobo\u017enosti - Straubkapelle, Aigen<br \/><strong>nedelja, 31. maj 2026 - nedelja Svete Trojice<\/strong><br \/>10:00 ma\u0161a (vrtec Admont; zbor Madrigal Zell\/See)<br \/>18:30 ma\u0161a z zadnjo majsko pobo\u017enostjo in cerkvenim zborom Admont<\/p>\n<p>\u00a0<\/p>\n<p><strong>Sreda, 03. junij 2026<\/strong><br \/>17:45 Ve\u010dernice in sveta ma\u0161a v kapeli zbora, ki ji sledi \u0161tudij Svetega pisma<br \/><strong>\u010cetrtek, 04. junij 2026 - Corpus Christi<\/strong><br \/>08:30 sv. ma\u0161a<br \/>09:30 Pape\u0161ka ma\u0161a v kolegiatni cerkvi, ki ji sledi procesija Corpus Christi s skupino Admont\/Hall<br \/><strong>nedelja, 07. junij 2026<\/strong><br \/>obi\u010dajni vrstni red storitev<br \/><strong>sobota, 13. junij 2026<br \/><\/strong>18:00 Ro\u017eni venec, <strong>Romanje k Devici Mariji<\/strong> s procesijo ob sve\u010dah v kolegijski cerkvi<br \/>in skupnost pevskih zborov Frauenberg<br \/>Pridigar: Barbara Hofer<br \/><strong>nedelja, 14. junij 2026<\/strong><br \/>obi\u010dajni vrstni red storitev<br \/><strong>Ponedeljek, 15. junij 2026 - Obletnica ustanovitelja nad\u0161kofa Gebharda<\/strong><\/p>\n<p>10:45 Visoka ma\u0161a - pe\u0161 romanje zvezd iz Halla, Frauenberga in Ardninga v Admont<br \/><strong>nedelja, 21. junij 2026<\/strong><br \/>obi\u010dajni vrstni red storitev<br \/><strong>Petek, 26. junij 2026<\/strong><br \/>18:30 ma\u0161a v kapeli prelature<br \/><strong>Sobota, 27. junij 2026 Slovesnost svetega Hemma iz Gurka<\/strong><br \/>10:45 prazni\u010dna ma\u0161a<br \/><strong>Nedelja, 28. junij 2026 - Hemmas Sunday - \u017dupnijski praznik<\/strong><br \/>08:30 sv. ma\u0161a<br \/>10:00 prazni\u010dna ma\u0161a, blagoslov o\u010di s Hemmareliquie; cerkveni zbor Admont in mladinski zbor po \u017eupnijskem festivalu<\/p>\n<p>\u00a0<\/p>\n<p><strong>Sreda, 01. julij 2026<\/strong><br \/>17:45 Ve\u010dernice in sveta ma\u0161a v kapeli zbora\u00a0<br \/><strong>nedelja, 05. julij 2026<\/strong><br \/>obi\u010dajni vrstni red storitev<br \/><strong>Sobota, 11. julij 2026 - Slovesnost svetega o\u010deta Benedikta<\/strong><br \/>07:00 prazni\u010dna ma\u0161a<br \/><strong>nedelja, 12. julij 2026<\/strong><br \/>obi\u010dajni vrstni red storitev<br \/><strong>Ponedeljek, 13. julij 2026<\/strong><br \/>18:00 Ro\u017eni venec, <strong>Majska pobo\u017enost<\/strong> s procesijo ob sve\u010dah v kolegijski cerkvi<\/p>\n<p>z glasbo dru\u017eine Pollinger iz Mauterna<br \/>Pridigar: opat em. Georg Wilfinger, opatija Melk<br \/><strong>Nedelja, 19. julij 2026 - Kri\u0161tofova nedelja - Zbirka za MIVA<\/strong><br \/>08:30 sv. ma\u0161a<br \/>10:00 Dru\u017einska ma\u0161a, ki ji sledi blagoslov vozil na parkiri\u0161\u010du Stiftsapotheke<br \/><strong>nedelja, 26. julij 2026<\/strong><br \/>obi\u010dajni vrstni red storitev<br \/><strong>Petek, 31. julij 2026<\/strong><br \/>18:30 ma\u0161a v kapeli prelature<\/p>\n<p>\u00a0<\/p>\n<p>\u00a0<\/p>\n<p>\u00a0<\/p>\n<p>\u00a0<\/p>\n<p>\u00a0<\/p>\n<p>\u00a0<\/p>\n<p>\u00a0<\/p>\n<p>\u00a0<\/p>\n<p><a class=\"admont-button admont-button--secondary\" title=\"Cerkvene storitve 26.04. - 03.05.2026\" href=\"https:\/\/stiftadmont.at\/wp-content\/uploads\/Pfarre-Admont-\u2013-Gottesdienste-26.04.-\u2013-03.05.2026.pdf\">BOGOSLU\u017dJE<\/a><\/p>\n<\/div>\n                    \n                            <\/div>\n        \n            <\/div>\n<\/div>\n\n<\/section>\n\n<section id='lightpress__section--block_7ed00b15218f2fc30c0d8041d249627d' class='lightpress__section--default-section-space lightpress__section lightpress__section--content'><div class=\"content__inner\"\n         x-init=\"initContentBlockAnim($el)\">\n        \n    <div class=\"content__grid content__grid\">\n        \n                    \n            <\/div>\n<\/div>\n\n<\/section>\n\n<section id='lightpress__section--block_d572ac2ac4b09e2e81d17a0a2c275948' class='bg--beige lightpress__section--colored-bg lightpress__section--colored-bg--top-space lightpress__section--default-section-space lightpress__section lightpress__section--additional-content'><div class=\"additional-content__container additional-content__container--horizontal\">\n\n            <div class=\"additional-content__intro\">\n            <div class=\"additional-content__intro-text\">\n                <p class=\"intro__title text--60 text--serif text-bold auto-hyphen\">\u010casi cerkvenih storitev<\/p>\n                <p class=\"intro__subtitle text--26\">iz \u017eupnije Admont<\/p>\n            <\/div>\n        <\/div>\n    \n    <div class=\"additional-content__entries\">\n                    <div class=\"additional-content__item text-gold\">\n\n                                    <p class=\"additional-content__title text--26 auto-hyphen\">ROSENKRANZ-<br>MOLITEV<\/p>\n                \n                                                            <div class=\"spacer--30\"><\/div>\n                                    \n                                    <p class=\"additional-content__subtitle text--uppercase text--26\">18:00<\/p>\n\n                                \n                    <p class=\"additional-content__text text--20\">vedno v soboto <br>v kolegijski cerkvi<\/p>\n\n                            <\/div>\n                    <div class=\"additional-content__item text-gold\">\n\n                                    <p class=\"additional-content__title text--26 auto-hyphen\">SVETO <br>FAIR<\/p>\n                \n                                                            <div class=\"spacer--30\"><\/div>\n                                    \n                                    <p class=\"additional-content__subtitle text--uppercase text--26\">18:30<\/p>\n\n                                \n                    <p class=\"additional-content__text text--20\">vedno v soboto <br>v kolegijski cerkvi<\/p>\n\n                            <\/div>\n                    <div class=\"additional-content__item text-gold\">\n\n                                    <p class=\"additional-content__title text--26 auto-hyphen\">SVETO <br>FAIR<\/p>\n                \n                                                            <div class=\"spacer--30\"><\/div>\n                                    \n                                    <p class=\"additional-content__subtitle text--uppercase text--26\">08:30 + 10:00<\/p>\n\n                                \n                    <p class=\"additional-content__text text--20\">ob nedeljah in praznikih <br>vedno v kolegijski cerkvi <\/p>\n\n                            <\/div>\n                    <div class=\"additional-content__item text-gold\">\n\n                                    <p class=\"additional-content__title text--26 auto-hyphen\">CHORAL-<br>VESPER<\/p>\n                \n                                                            <div class=\"spacer--30\"><\/div>\n                                    \n                                    <p class=\"additional-content__subtitle text--uppercase text--26\">17:30<\/p>\n\n                                \n                    <p class=\"additional-content__text text--20\">ob nedeljah in praznikih <br>vedno v kolegijski cerkvi <\/p>\n\n                            <\/div>\n            <\/div>\n<\/div>\n\n    <div class=\"background__container background__container--beige\">\n    <\/div>\n\n<\/section>\n\n<section id='lightpress__section--block_21f73f340765c22d0bdd80f40f7167c2' class='bg--black lightpress__section--colored-bg lightpress__section--colored-bg--top-space lightpress__section--default-section-space lightpress__section lightpress__section--additional-content'><div class=\"additional-content__container additional-content__container--horizontal\">\n\n            <div class=\"additional-content__intro\">\n            <div class=\"additional-content__intro-text\">\n                <p class=\"intro__title text--60 text--serif text-bold auto-hyphen\">Trgovski sejmi<\/p>\n                <p class=\"intro__subtitle text--26\">iz \u017eupnije Admont<\/p>\n            <\/div>\n        <\/div>\n    \n    <div class=\"additional-content__entries\">\n                    <div class=\"additional-content__item text-gold\">\n\n                                    <p class=\"additional-content__title text--26 auto-hyphen\">DNEVI V TEDNU<\/p>\n                \n                                                            <div class=\"spacer--30\"><\/div>\n                                    \n                                    <p class=\"additional-content__subtitle text--uppercase text--26\">07:00 dopoldne.<\/p>\n\n                                \n                    <p class=\"additional-content__text text--20\">Konventna ma\u0161a v kolegijski cerkvi<\/p>\n\n                            <\/div>\n                    <div class=\"additional-content__item text-gold\">\n\n                                    <p class=\"additional-content__title text--26 auto-hyphen\">VSAKO SREDO V MESECU<\/p>\n                \n                                                            <div class=\"spacer--30\"><\/div>\n                                    \n                                    <p class=\"additional-content__subtitle text--uppercase text--26\">17:45<\/p>\n\n                                \n                    <p class=\"additional-content__text text--20\">Ve\u010dernice in sveta ma\u0161a v novi pevski kapeli kri\u017enega hodnika (zbirno mesto: 18:15)<\/p>\n\n                            <\/div>\n            <\/div>\n<\/div>\n\n    <div class=\"background__container background__container--black\">\n    <\/div>\n\n<\/section>\n\n<section id='lightpress__section--block_2482857bdb650faeac196e7b143afb5d' class='lightpress__section--default-section-space lightpress__section lightpress__section--content'><div class=\"content__inner\"\n         x-init=\"initContentBlockAnim($el)\">\n        \n    <div class=\"content__grid content__grid\">\n                                            <div class=\"content__box content__box--one-hundred\"\n                 style=\"\">\n                                \n                \n                                            <div class=\"prose\"><h2 class=\"heading-xxl\">Glasilo \u017eupnije Admont Abbey<\/h2>\n<p>\u00a0<\/p>\n<p>\u00a0<\/p>\n<p><a title=\"\u017dupnijsko glasilo \u017dupnija Admont\" href=\"\"><div class=\"_df_book df-lite\" id=\"df_41004\"  _slug=\"pfarrblatt-pfarre-admont-mai-juni-juli-2026\" data-title=\"pfarrblatt-pfarre-admont-mai-juni-juli-2026\" wpoptions=\"true\" thumbtype=\"\" ><\/div><script class=\"df-shortcode-script\" nowprocket type=\"application\/javascript\">window.option_df_41004 = {\"outline\":[],\"autoEnableOutline\":\"false\",\"autoEnableThumbnail\":\"false\",\"overwritePDFOutline\":\"false\",\"direction\":\"1\",\"pageSize\":\"0\",\"source\":\"https:\\\/\\\/stiftadmont.at\\\/wp-content\\\/uploads\\\/Pfarrbrief-Admont-Mai_Juni_Juli-2026-1.pdf\",\"wpOptions\":\"true\"}; if(window.DFLIP && window.DFLIP.parseBooks){window.DFLIP.parseBooks();}<\/script><\/a><\/p>\n<p>\u00a0<\/p>\n<\/div>\n                    \n                            <\/div>\n        \n            <\/div>\n<\/div>\n\n<\/section>","protected":false},"excerpt":{"rendered":"<p>Tukaj najdete vse informacije o svetih ma\u0161ah in \u010dasih bogoslu\u017eja v opatiji Admont.<\/p>","protected":false},"author":7,"featured_media":8198,"comment_status":"closed","ping_status":"closed","sticky":false,"template":"","format":"standard","meta":{"_acf_changed":false,"footnotes":""},"categories":[32],"class_list":["post-12451","post","type-post","status-publish","format-standard","has-post-thumbnail","hentry","category-featured"],"acf":[],"yoast_head":"<!-- This site is optimized with the Yoast SEO Premium plugin v26.0 (Yoast SEO v26.8) - https:\/\/yoast.com\/product\/yoast-seo-premium-wordpress\/ -->\n<title>Heilige Messen und Gottesdienstzeiten - Stift Admont<\/title>\n<meta name=\"description\" content=\"Lesen Sie aktuelle Informationen zum Thema Heilige Messen und Gottesdienstzeiten und vieles mehr aus dem Konvent und der Pfarre Admont.\" \/>\n<meta name=\"robots\" content=\"index, follow, max-snippet:-1, max-image-preview:large, max-video-preview:-1\" \/>\n<link rel=\"canonical\" href=\"https:\/\/stiftadmont.at\/sl\/blog\/casi-svetih-mas\/\" \/>\n<meta property=\"og:locale\" content=\"sl_SI\" \/>\n<meta property=\"og:type\" content=\"article\" \/>\n<meta property=\"og:title\" content=\"Heilige Messen und Gottesdienstzeiten\" \/>\n<meta property=\"og:description\" content=\"Lesen Sie aktuelle Informationen zum Thema Heilige Messen und Gottesdienstzeiten und vieles mehr aus dem Konvent und der Pfarre Admont.\" \/>\n<meta property=\"og:url\" content=\"https:\/\/stiftadmont.at\/sl\/blog\/casi-svetih-mas\/\" \/>\n<meta property=\"og:site_name\" content=\"Stift Admont\" \/>\n<meta property=\"article:published_time\" content=\"2022-06-07T10:04:57+00:00\" \/>\n<meta property=\"article:modified_time\" content=\"2026-04-27T06:02:54+00:00\" \/>\n<meta property=\"og:image\" content=\"https:\/\/stiftadmont.at\/wp-content\/uploads\/22_StiftAdmont_Kirche\u00a9StefanLeitner-e1648798852950.jpg\" \/>\n\t<meta property=\"og:image:width\" content=\"2048\" \/>\n\t<meta property=\"og:image:height\" content=\"1365\" \/>\n\t<meta property=\"og:image:type\" content=\"image\/jpeg\" \/>\n<meta name=\"author\" content=\"Mario Brandm\u00fcller\" \/>\n<meta name=\"twitter:card\" content=\"summary_large_image\" \/>\n<meta name=\"twitter:label1\" content=\"Written by\" \/>\n\t<meta name=\"twitter:data1\" content=\"Mario Brandm\u00fcller\" \/>\n\t<meta name=\"twitter:label2\" content=\"Est. reading time\" \/>\n\t<meta name=\"twitter:data2\" content=\"1 minuta\" \/>\n<script type=\"application\/ld+json\" class=\"yoast-schema-graph\">{\"@context\":\"https:\/\/schema.org\",\"@graph\":[{\"@type\":\"Article\",\"@id\":\"https:\/\/stiftadmont.at\/blog\/hl-messe-gottesdienstzeiten\/#article\",\"isPartOf\":{\"@id\":\"https:\/\/stiftadmont.at\/blog\/hl-messe-gottesdienstzeiten\/\"},\"author\":{\"name\":\"Mario Brandm\u00fcller\",\"@id\":\"https:\/\/stiftadmont.at\/#\/schema\/person\/30535548b241d5f33a2e8b839db11869\"},\"headline\":\"Heilige Messen und Gottesdienstzeiten\",\"datePublished\":\"2022-06-07T10:04:57+00:00\",\"dateModified\":\"2026-04-27T06:02:54+00:00\",\"mainEntityOfPage\":{\"@id\":\"https:\/\/stiftadmont.at\/blog\/hl-messe-gottesdienstzeiten\/\"},\"wordCount\":4,\"image\":{\"@id\":\"https:\/\/stiftadmont.at\/blog\/hl-messe-gottesdienstzeiten\/#primaryimage\"},\"thumbnailUrl\":\"https:\/\/stiftadmont.at\/wp-content\/uploads\/22_StiftAdmont_Kirche\u00a9StefanLeitner-e1648798852950.jpg\",\"articleSection\":[\"Featured\"],\"inLanguage\":\"sl-SI\"},{\"@type\":\"WebPage\",\"@id\":\"https:\/\/stiftadmont.at\/blog\/hl-messe-gottesdienstzeiten\/\",\"url\":\"https:\/\/stiftadmont.at\/blog\/hl-messe-gottesdienstzeiten\/\",\"name\":\"Heilige Messen und Gottesdienstzeiten - Stift Admont\",\"isPartOf\":{\"@id\":\"https:\/\/stiftadmont.at\/#website\"},\"primaryImageOfPage\":{\"@id\":\"https:\/\/stiftadmont.at\/blog\/hl-messe-gottesdienstzeiten\/#primaryimage\"},\"image\":{\"@id\":\"https:\/\/stiftadmont.at\/blog\/hl-messe-gottesdienstzeiten\/#primaryimage\"},\"thumbnailUrl\":\"https:\/\/stiftadmont.at\/wp-content\/uploads\/22_StiftAdmont_Kirche\u00a9StefanLeitner-e1648798852950.jpg\",\"datePublished\":\"2022-06-07T10:04:57+00:00\",\"dateModified\":\"2026-04-27T06:02:54+00:00\",\"author\":{\"@id\":\"https:\/\/stiftadmont.at\/#\/schema\/person\/30535548b241d5f33a2e8b839db11869\"},\"description\":\"Lesen Sie aktuelle Informationen zum Thema Heilige Messen und Gottesdienstzeiten und vieles mehr aus dem Konvent und der Pfarre Admont.\",\"breadcrumb\":{\"@id\":\"https:\/\/stiftadmont.at\/blog\/hl-messe-gottesdienstzeiten\/#breadcrumb\"},\"inLanguage\":\"sl-SI\",\"potentialAction\":[{\"@type\":\"ReadAction\",\"target\":[\"https:\/\/stiftadmont.at\/blog\/hl-messe-gottesdienstzeiten\/\"]}]},{\"@type\":\"ImageObject\",\"inLanguage\":\"sl-SI\",\"@id\":\"https:\/\/stiftadmont.at\/blog\/hl-messe-gottesdienstzeiten\/#primaryimage\",\"url\":\"https:\/\/stiftadmont.at\/wp-content\/uploads\/22_StiftAdmont_Kirche\u00a9StefanLeitner-e1648798852950.jpg\",\"contentUrl\":\"https:\/\/stiftadmont.at\/wp-content\/uploads\/22_StiftAdmont_Kirche\u00a9StefanLeitner-e1648798852950.jpg\",\"width\":2048,\"height\":1365,\"caption\":\"Stiftskirche Admont \u00a9 Stefan Leitner\"},{\"@type\":\"BreadcrumbList\",\"@id\":\"https:\/\/stiftadmont.at\/blog\/hl-messe-gottesdienstzeiten\/#breadcrumb\",\"itemListElement\":[{\"@type\":\"ListItem\",\"position\":1,\"name\":\"Start\",\"item\":\"https:\/\/stiftadmont.at\/\"},{\"@type\":\"ListItem\",\"position\":2,\"name\":\"Heilige Messen und Gottesdienstzeiten\"}]},{\"@type\":\"WebSite\",\"@id\":\"https:\/\/stiftadmont.at\/#website\",\"url\":\"https:\/\/stiftadmont.at\/\",\"name\":\"Stift Admont\",\"description\":\"Benediktinerkloster und Sehensw\u00fcrdigkeit im Ges\u00e4use\",\"potentialAction\":[{\"@type\":\"SearchAction\",\"target\":{\"@type\":\"EntryPoint\",\"urlTemplate\":\"https:\/\/stiftadmont.at\/?s={search_term_string}\"},\"query-input\":{\"@type\":\"PropertyValueSpecification\",\"valueRequired\":true,\"valueName\":\"search_term_string\"}}],\"inLanguage\":\"sl-SI\"},{\"@type\":\"Person\",\"@id\":\"https:\/\/stiftadmont.at\/#\/schema\/person\/30535548b241d5f33a2e8b839db11869\",\"name\":\"Mario Brandm\u00fcller\"}]}<\/script>\n<!-- \/ Yoast SEO Premium plugin. -->","yoast_head_json":{"title":"Svete ma\u0161e in \u010dasi bogoslu\u017eja - Opatija Admont","description":"Preberite najnovej\u0161e informacije o svetih ma\u0161ah in \u010dasih bogoslu\u017eja ter \u0161e veliko ve\u010d iz samostana in \u017eupnije Admont.","robots":{"index":"index","follow":"follow","max-snippet":"max-snippet:-1","max-image-preview":"max-image-preview:large","max-video-preview":"max-video-preview:-1"},"canonical":"https:\/\/stiftadmont.at\/sl\/blog\/casi-svetih-mas\/","og_locale":"sl_SI","og_type":"article","og_title":"Heilige Messen und Gottesdienstzeiten","og_description":"Lesen Sie aktuelle Informationen zum Thema Heilige Messen und Gottesdienstzeiten und vieles mehr aus dem Konvent und der Pfarre Admont.","og_url":"https:\/\/stiftadmont.at\/sl\/blog\/casi-svetih-mas\/","og_site_name":"Stift Admont","article_published_time":"2022-06-07T10:04:57+00:00","article_modified_time":"2026-04-27T06:02:54+00:00","og_image":[{"width":2048,"height":1365,"url":"https:\/\/stiftadmont.at\/wp-content\/uploads\/22_StiftAdmont_Kirche\u00a9StefanLeitner-e1648798852950.jpg","type":"image\/jpeg"}],"author":"Mario Brandm\u00fcller","twitter_card":"summary_large_image","twitter_misc":{"Written by":"Mario Brandm\u00fcller","Est. reading time":"1 minuta"},"schema":{"@context":"https:\/\/schema.org","@graph":[{"@type":"Article","@id":"https:\/\/stiftadmont.at\/blog\/hl-messe-gottesdienstzeiten\/#article","isPartOf":{"@id":"https:\/\/stiftadmont.at\/blog\/hl-messe-gottesdienstzeiten\/"},"author":{"name":"Mario Brandm\u00fcller","@id":"https:\/\/stiftadmont.at\/#\/schema\/person\/30535548b241d5f33a2e8b839db11869"},"headline":"Heilige Messen und Gottesdienstzeiten","datePublished":"2022-06-07T10:04:57+00:00","dateModified":"2026-04-27T06:02:54+00:00","mainEntityOfPage":{"@id":"https:\/\/stiftadmont.at\/blog\/hl-messe-gottesdienstzeiten\/"},"wordCount":4,"image":{"@id":"https:\/\/stiftadmont.at\/blog\/hl-messe-gottesdienstzeiten\/#primaryimage"},"thumbnailUrl":"https:\/\/stiftadmont.at\/wp-content\/uploads\/22_StiftAdmont_Kirche\u00a9StefanLeitner-e1648798852950.jpg","articleSection":["Featured"],"inLanguage":"sl-SI"},{"@type":"WebPage","@id":"https:\/\/stiftadmont.at\/blog\/hl-messe-gottesdienstzeiten\/","url":"https:\/\/stiftadmont.at\/blog\/hl-messe-gottesdienstzeiten\/","name":"Svete ma\u0161e in \u010dasi bogoslu\u017eja - Opatija Admont","isPartOf":{"@id":"https:\/\/stiftadmont.at\/#website"},"primaryImageOfPage":{"@id":"https:\/\/stiftadmont.at\/blog\/hl-messe-gottesdienstzeiten\/#primaryimage"},"image":{"@id":"https:\/\/stiftadmont.at\/blog\/hl-messe-gottesdienstzeiten\/#primaryimage"},"thumbnailUrl":"https:\/\/stiftadmont.at\/wp-content\/uploads\/22_StiftAdmont_Kirche\u00a9StefanLeitner-e1648798852950.jpg","datePublished":"2022-06-07T10:04:57+00:00","dateModified":"2026-04-27T06:02:54+00:00","author":{"@id":"https:\/\/stiftadmont.at\/#\/schema\/person\/30535548b241d5f33a2e8b839db11869"},"description":"Preberite najnovej\u0161e informacije o svetih ma\u0161ah in \u010dasih bogoslu\u017eja ter \u0161e veliko ve\u010d iz samostana in \u017eupnije Admont.","breadcrumb":{"@id":"https:\/\/stiftadmont.at\/blog\/hl-messe-gottesdienstzeiten\/#breadcrumb"},"inLanguage":"sl-SI","potentialAction":[{"@type":"ReadAction","target":["https:\/\/stiftadmont.at\/blog\/hl-messe-gottesdienstzeiten\/"]}]},{"@type":"ImageObject","inLanguage":"sl-SI","@id":"https:\/\/stiftadmont.at\/blog\/hl-messe-gottesdienstzeiten\/#primaryimage","url":"https:\/\/stiftadmont.at\/wp-content\/uploads\/22_StiftAdmont_Kirche\u00a9StefanLeitner-e1648798852950.jpg","contentUrl":"https:\/\/stiftadmont.at\/wp-content\/uploads\/22_StiftAdmont_Kirche\u00a9StefanLeitner-e1648798852950.jpg","width":2048,"height":1365,"caption":"Stiftskirche Admont \u00a9 Stefan Leitner"},{"@type":"BreadcrumbList","@id":"https:\/\/stiftadmont.at\/blog\/hl-messe-gottesdienstzeiten\/#breadcrumb","itemListElement":[{"@type":"ListItem","position":1,"name":"Start","item":"https:\/\/stiftadmont.at\/"},{"@type":"ListItem","position":2,"name":"Heilige Messen und Gottesdienstzeiten"}]},{"@type":"WebSite","@id":"https:\/\/stiftadmont.at\/#website","url":"https:\/\/stiftadmont.at\/","name":"Opatija Admont","description":"Benediktinski samostan in turisti\u010dna znamenitost v Ges\u00e4use","potentialAction":[{"@type":"SearchAction","target":{"@type":"EntryPoint","urlTemplate":"https:\/\/stiftadmont.at\/?s={search_term_string}"},"query-input":{"@type":"PropertyValueSpecification","valueRequired":true,"valueName":"search_term_string"}}],"inLanguage":"sl-SI"},{"@type":"Person","@id":"https:\/\/stiftadmont.at\/#\/schema\/person\/30535548b241d5f33a2e8b839db11869","name":"Mario Brandm\u00fcller"}]}},"_links":{"self":[{"href":"https:\/\/stiftadmont.at\/sl\/wp-json\/wp\/v2\/posts\/12451","targetHints":{"allow":["GET"]}}],"collection":[{"href":"https:\/\/stiftadmont.at\/sl\/wp-json\/wp\/v2\/posts"}],"about":[{"href":"https:\/\/stiftadmont.at\/sl\/wp-json\/wp\/v2\/types\/post"}],"author":[{"embeddable":true,"href":"https:\/\/stiftadmont.at\/sl\/wp-json\/wp\/v2\/users\/7"}],"replies":[{"embeddable":true,"href":"https:\/\/stiftadmont.at\/sl\/wp-json\/wp\/v2\/comments?post=12451"}],"version-history":[{"count":1335,"href":"https:\/\/stiftadmont.at\/sl\/wp-json\/wp\/v2\/posts\/12451\/revisions"}],"predecessor-version":[{"id":41067,"href":"https:\/\/stiftadmont.at\/sl\/wp-json\/wp\/v2\/posts\/12451\/revisions\/41067"}],"wp:featuredmedia":[{"embeddable":true,"href":"https:\/\/stiftadmont.at\/sl\/wp-json\/wp\/v2\/media\/8198"}],"wp:attachment":[{"href":"https:\/\/stiftadmont.at\/sl\/wp-json\/wp\/v2\/media?parent=12451"}],"wp:term":[{"taxonomy":"category","embeddable":true,"href":"https:\/\/stiftadmont.at\/sl\/wp-json\/wp\/v2\/categories?post=12451"}],"curies":[{"name":"wp","href":"https:\/\/api.w.org\/{rel}","templated":true}]}}