{"id":17216,"date":"2023-03-13T19:30:00","date_gmt":"2023-03-13T17:30:00","guid":{"rendered":"https:\/\/stiftadmont.at\/?p=17216"},"modified":"2023-03-17T15:27:04","modified_gmt":"2023-03-17T13:27:04","slug":"13er-romanje-z-glasom-druzine","status":"publish","type":"post","link":"https:\/\/stiftadmont.at\/sl\/blog\/13er-wallfahrt-mit-voice-of-family\/","title":{"rendered":"13er romanje z Glasom dru\u017eine"},"content":{"rendered":"<section id='lightpress__section--block_25a4e290230006b5903a59d2824c3c67' class='lightpress__section--default-section-space lightpress__section lightpress__section--content'><div class=\"content__inner\"\n         x-init=\"initContentBlockAnim($el)\">\n        \n    <div class=\"content__grid content__grid--fifty-fifty\">\n                                            <div class=\"content__box content__box\"\n                 style=\"\">\n                                \n                \n                                            <div class=\"prose\"><h1 class=\"line line--gold\">13. romanje z Glasom dru\u017eine, \u017eupnija Gaishorn<\/h1>\n<p><strong>Ponedeljek, 13. marec 2023<\/strong><\/p>\n<p>\u00a0<\/p>\n<\/div>\n                    \n                            <\/div>\n        \n                                                    <div class=\"content__box content__box--2\"\n                     >\n                                        \n                    \n                                                <div class=\"content__media stickyTo\" x-init=\"imageSticky($el)\">\n\n                                                                                    <picture\n                                    class=\"content__image sticky\">\n                                <source srcset=\"https:\/\/stiftadmont.at\/wp-content\/uploads\/Voice_of_family.webp\" type=\"image\/webp\">\n                                <source srcset=\"https:\/\/stiftadmont.at\/wp-content\/uploads\/Voice_of_family.jpg\" type=\"image\/jpeg\">\n                                <img decoding=\"async\" class=\"sticky\" loading=\"lazy\" src=\"https:\/\/stiftadmont.at\/wp-content\/uploads\/Voice_of_family.jpg\" alt=\"Glas dru\u017eine\" \/>\n\n                                                                                                                            <\/picture>\n\n                        <\/div>\n\n                                    <\/div>\n            \n            <\/div>\n<\/div>\n\n<\/section>","protected":false},"excerpt":{"rendered":"","protected":false},"author":18,"featured_media":17217,"comment_status":"closed","ping_status":"closed","sticky":false,"template":"","format":"standard","meta":{"_acf_changed":false,"footnotes":""},"categories":[22],"class_list":["post-17216","post","type-post","status-publish","format-standard","has-post-thumbnail","hentry","category-kloster-aktuell"],"acf":[],"yoast_head":"<!-- This site is optimized with the Yoast SEO Premium plugin v26.0 (Yoast SEO v26.8) - https:\/\/yoast.com\/product\/yoast-seo-premium-wordpress\/ -->\n<title>13er Wallfahrt mit Voice of Family - Stift Admont<\/title>\n<meta name=\"description\" content=\"Lesen Sie aktuelle Informationen zum Thema 13er Wallfahrt mit Voice of Family und vieles mehr aus dem Konvent und der Pfarre Admont.\" \/>\n<meta name=\"robots\" content=\"index, follow, max-snippet:-1, max-image-preview:large, max-video-preview:-1\" \/>\n<link rel=\"canonical\" href=\"https:\/\/stiftadmont.at\/sl\/blog\/13er-romanje-z-glasom-druzine\/\" \/>\n<meta property=\"og:locale\" content=\"sl_SI\" \/>\n<meta property=\"og:type\" content=\"article\" \/>\n<meta property=\"og:title\" content=\"13er Wallfahrt mit Voice of Family\" \/>\n<meta property=\"og:description\" content=\"Lesen Sie aktuelle Informationen zum Thema 13er Wallfahrt mit Voice of Family und vieles mehr aus dem Konvent und der Pfarre Admont.\" \/>\n<meta property=\"og:url\" content=\"https:\/\/stiftadmont.at\/sl\/blog\/13er-romanje-z-glasom-druzine\/\" \/>\n<meta property=\"og:site_name\" content=\"Stift Admont\" \/>\n<meta property=\"article:published_time\" content=\"2023-03-13T17:30:00+00:00\" \/>\n<meta property=\"article:modified_time\" content=\"2023-03-17T13:27:04+00:00\" \/>\n<meta property=\"og:image\" content=\"https:\/\/stiftadmont.at\/wp-content\/uploads\/Voice_of_family.jpg\" \/>\n\t<meta property=\"og:image:width\" content=\"540\" \/>\n\t<meta property=\"og:image:height\" content=\"358\" \/>\n\t<meta property=\"og:image:type\" content=\"image\/jpeg\" \/>\n<meta name=\"author\" content=\"Barbara Kettner\" \/>\n<meta name=\"twitter:card\" content=\"summary_large_image\" \/>\n<meta name=\"twitter:label1\" content=\"Written by\" \/>\n\t<meta name=\"twitter:data1\" content=\"Barbara Kettner\" \/>\n<script type=\"application\/ld+json\" class=\"yoast-schema-graph\">{\"@context\":\"https:\/\/schema.org\",\"@graph\":[{\"@type\":\"Article\",\"@id\":\"https:\/\/stiftadmont.at\/blog\/13er-wallfahrt-mit-voice-of-family\/#article\",\"isPartOf\":{\"@id\":\"https:\/\/stiftadmont.at\/blog\/13er-wallfahrt-mit-voice-of-family\/\"},\"author\":{\"name\":\"Barbara Kettner\",\"@id\":\"https:\/\/stiftadmont.at\/#\/schema\/person\/499d15d46340b87669776151e6037f5b\"},\"headline\":\"13er Wallfahrt mit Voice of Family\",\"datePublished\":\"2023-03-13T17:30:00+00:00\",\"dateModified\":\"2023-03-17T13:27:04+00:00\",\"mainEntityOfPage\":{\"@id\":\"https:\/\/stiftadmont.at\/blog\/13er-wallfahrt-mit-voice-of-family\/\"},\"wordCount\":6,\"image\":{\"@id\":\"https:\/\/stiftadmont.at\/blog\/13er-wallfahrt-mit-voice-of-family\/#primaryimage\"},\"thumbnailUrl\":\"https:\/\/stiftadmont.at\/wp-content\/uploads\/Voice_of_family.jpg\",\"articleSection\":[\"Kloster aktuell\"],\"inLanguage\":\"sl-SI\"},{\"@type\":\"WebPage\",\"@id\":\"https:\/\/stiftadmont.at\/blog\/13er-wallfahrt-mit-voice-of-family\/\",\"url\":\"https:\/\/stiftadmont.at\/blog\/13er-wallfahrt-mit-voice-of-family\/\",\"name\":\"13er Wallfahrt mit Voice of Family - Stift Admont\",\"isPartOf\":{\"@id\":\"https:\/\/stiftadmont.at\/#website\"},\"primaryImageOfPage\":{\"@id\":\"https:\/\/stiftadmont.at\/blog\/13er-wallfahrt-mit-voice-of-family\/#primaryimage\"},\"image\":{\"@id\":\"https:\/\/stiftadmont.at\/blog\/13er-wallfahrt-mit-voice-of-family\/#primaryimage\"},\"thumbnailUrl\":\"https:\/\/stiftadmont.at\/wp-content\/uploads\/Voice_of_family.jpg\",\"datePublished\":\"2023-03-13T17:30:00+00:00\",\"dateModified\":\"2023-03-17T13:27:04+00:00\",\"author\":{\"@id\":\"https:\/\/stiftadmont.at\/#\/schema\/person\/499d15d46340b87669776151e6037f5b\"},\"description\":\"Lesen Sie aktuelle Informationen zum Thema 13er Wallfahrt mit Voice of Family und vieles mehr aus dem Konvent und der Pfarre Admont.\",\"breadcrumb\":{\"@id\":\"https:\/\/stiftadmont.at\/blog\/13er-wallfahrt-mit-voice-of-family\/#breadcrumb\"},\"inLanguage\":\"sl-SI\",\"potentialAction\":[{\"@type\":\"ReadAction\",\"target\":[\"https:\/\/stiftadmont.at\/blog\/13er-wallfahrt-mit-voice-of-family\/\"]}]},{\"@type\":\"ImageObject\",\"inLanguage\":\"sl-SI\",\"@id\":\"https:\/\/stiftadmont.at\/blog\/13er-wallfahrt-mit-voice-of-family\/#primaryimage\",\"url\":\"https:\/\/stiftadmont.at\/wp-content\/uploads\/Voice_of_family.jpg\",\"contentUrl\":\"https:\/\/stiftadmont.at\/wp-content\/uploads\/Voice_of_family.jpg\",\"width\":540,\"height\":358,\"caption\":\"Voice of family\"},{\"@type\":\"BreadcrumbList\",\"@id\":\"https:\/\/stiftadmont.at\/blog\/13er-wallfahrt-mit-voice-of-family\/#breadcrumb\",\"itemListElement\":[{\"@type\":\"ListItem\",\"position\":1,\"name\":\"Start\",\"item\":\"https:\/\/stiftadmont.at\/\"},{\"@type\":\"ListItem\",\"position\":2,\"name\":\"13er Wallfahrt mit Voice of Family\"}]},{\"@type\":\"WebSite\",\"@id\":\"https:\/\/stiftadmont.at\/#website\",\"url\":\"https:\/\/stiftadmont.at\/\",\"name\":\"Stift Admont\",\"description\":\"Benediktinerkloster und Sehensw\u00fcrdigkeit im Ges\u00e4use\",\"potentialAction\":[{\"@type\":\"SearchAction\",\"target\":{\"@type\":\"EntryPoint\",\"urlTemplate\":\"https:\/\/stiftadmont.at\/?s={search_term_string}\"},\"query-input\":{\"@type\":\"PropertyValueSpecification\",\"valueRequired\":true,\"valueName\":\"search_term_string\"}}],\"inLanguage\":\"sl-SI\"},{\"@type\":\"Person\",\"@id\":\"https:\/\/stiftadmont.at\/#\/schema\/person\/499d15d46340b87669776151e6037f5b\",\"name\":\"Barbara Kettner\"}]}<\/script>\n<!-- \/ Yoast SEO Premium plugin. -->","yoast_head_json":{"title":"13. romanje z Glasom dru\u017eine - opatija Admont","description":"Preberite najnovej\u0161e informacije o 13. romanju z Glasom dru\u017eine in \u0161e veliko ve\u010d iz samostana in \u017eupnije Admont.","robots":{"index":"index","follow":"follow","max-snippet":"max-snippet:-1","max-image-preview":"max-image-preview:large","max-video-preview":"max-video-preview:-1"},"canonical":"https:\/\/stiftadmont.at\/sl\/blog\/13er-romanje-z-glasom-druzine\/","og_locale":"sl_SI","og_type":"article","og_title":"13er Wallfahrt mit Voice of Family","og_description":"Lesen Sie aktuelle Informationen zum Thema 13er Wallfahrt mit Voice of Family und vieles mehr aus dem Konvent und der Pfarre Admont.","og_url":"https:\/\/stiftadmont.at\/sl\/blog\/13er-romanje-z-glasom-druzine\/","og_site_name":"Stift Admont","article_published_time":"2023-03-13T17:30:00+00:00","article_modified_time":"2023-03-17T13:27:04+00:00","og_image":[{"width":540,"height":358,"url":"https:\/\/stiftadmont.at\/wp-content\/uploads\/Voice_of_family.jpg","type":"image\/jpeg"}],"author":"Barbara Kettner","twitter_card":"summary_large_image","twitter_misc":{"Written by":"Barbara Kettner"},"schema":{"@context":"https:\/\/schema.org","@graph":[{"@type":"Article","@id":"https:\/\/stiftadmont.at\/blog\/13er-wallfahrt-mit-voice-of-family\/#article","isPartOf":{"@id":"https:\/\/stiftadmont.at\/blog\/13er-wallfahrt-mit-voice-of-family\/"},"author":{"name":"Barbara Kettner","@id":"https:\/\/stiftadmont.at\/#\/schema\/person\/499d15d46340b87669776151e6037f5b"},"headline":"13er Wallfahrt mit Voice of Family","datePublished":"2023-03-13T17:30:00+00:00","dateModified":"2023-03-17T13:27:04+00:00","mainEntityOfPage":{"@id":"https:\/\/stiftadmont.at\/blog\/13er-wallfahrt-mit-voice-of-family\/"},"wordCount":6,"image":{"@id":"https:\/\/stiftadmont.at\/blog\/13er-wallfahrt-mit-voice-of-family\/#primaryimage"},"thumbnailUrl":"https:\/\/stiftadmont.at\/wp-content\/uploads\/Voice_of_family.jpg","articleSection":["Kloster aktuell"],"inLanguage":"sl-SI"},{"@type":"WebPage","@id":"https:\/\/stiftadmont.at\/blog\/13er-wallfahrt-mit-voice-of-family\/","url":"https:\/\/stiftadmont.at\/blog\/13er-wallfahrt-mit-voice-of-family\/","name":"13. romanje z Glasom dru\u017eine - opatija Admont","isPartOf":{"@id":"https:\/\/stiftadmont.at\/#website"},"primaryImageOfPage":{"@id":"https:\/\/stiftadmont.at\/blog\/13er-wallfahrt-mit-voice-of-family\/#primaryimage"},"image":{"@id":"https:\/\/stiftadmont.at\/blog\/13er-wallfahrt-mit-voice-of-family\/#primaryimage"},"thumbnailUrl":"https:\/\/stiftadmont.at\/wp-content\/uploads\/Voice_of_family.jpg","datePublished":"2023-03-13T17:30:00+00:00","dateModified":"2023-03-17T13:27:04+00:00","author":{"@id":"https:\/\/stiftadmont.at\/#\/schema\/person\/499d15d46340b87669776151e6037f5b"},"description":"Preberite najnovej\u0161e informacije o 13. romanju z Glasom dru\u017eine in \u0161e veliko ve\u010d iz samostana in \u017eupnije Admont.","breadcrumb":{"@id":"https:\/\/stiftadmont.at\/blog\/13er-wallfahrt-mit-voice-of-family\/#breadcrumb"},"inLanguage":"sl-SI","potentialAction":[{"@type":"ReadAction","target":["https:\/\/stiftadmont.at\/blog\/13er-wallfahrt-mit-voice-of-family\/"]}]},{"@type":"ImageObject","inLanguage":"sl-SI","@id":"https:\/\/stiftadmont.at\/blog\/13er-wallfahrt-mit-voice-of-family\/#primaryimage","url":"https:\/\/stiftadmont.at\/wp-content\/uploads\/Voice_of_family.jpg","contentUrl":"https:\/\/stiftadmont.at\/wp-content\/uploads\/Voice_of_family.jpg","width":540,"height":358,"caption":"Voice of family"},{"@type":"BreadcrumbList","@id":"https:\/\/stiftadmont.at\/blog\/13er-wallfahrt-mit-voice-of-family\/#breadcrumb","itemListElement":[{"@type":"ListItem","position":1,"name":"Start","item":"https:\/\/stiftadmont.at\/"},{"@type":"ListItem","position":2,"name":"13er Wallfahrt mit Voice of Family"}]},{"@type":"WebSite","@id":"https:\/\/stiftadmont.at\/#website","url":"https:\/\/stiftadmont.at\/","name":"Opatija Admont","description":"Benediktinski samostan in turisti\u010dna znamenitost v Ges\u00e4use","potentialAction":[{"@type":"SearchAction","target":{"@type":"EntryPoint","urlTemplate":"https:\/\/stiftadmont.at\/?s={search_term_string}"},"query-input":{"@type":"PropertyValueSpecification","valueRequired":true,"valueName":"search_term_string"}}],"inLanguage":"sl-SI"},{"@type":"Person","@id":"https:\/\/stiftadmont.at\/#\/schema\/person\/499d15d46340b87669776151e6037f5b","name":"Barbara Kettner"}]}},"_links":{"self":[{"href":"https:\/\/stiftadmont.at\/sl\/wp-json\/wp\/v2\/posts\/17216","targetHints":{"allow":["GET"]}}],"collection":[{"href":"https:\/\/stiftadmont.at\/sl\/wp-json\/wp\/v2\/posts"}],"about":[{"href":"https:\/\/stiftadmont.at\/sl\/wp-json\/wp\/v2\/types\/post"}],"author":[{"embeddable":true,"href":"https:\/\/stiftadmont.at\/sl\/wp-json\/wp\/v2\/users\/18"}],"replies":[{"embeddable":true,"href":"https:\/\/stiftadmont.at\/sl\/wp-json\/wp\/v2\/comments?post=17216"}],"version-history":[{"count":4,"href":"https:\/\/stiftadmont.at\/sl\/wp-json\/wp\/v2\/posts\/17216\/revisions"}],"predecessor-version":[{"id":17248,"href":"https:\/\/stiftadmont.at\/sl\/wp-json\/wp\/v2\/posts\/17216\/revisions\/17248"}],"wp:featuredmedia":[{"embeddable":true,"href":"https:\/\/stiftadmont.at\/sl\/wp-json\/wp\/v2\/media\/17217"}],"wp:attachment":[{"href":"https:\/\/stiftadmont.at\/sl\/wp-json\/wp\/v2\/media?parent=17216"}],"wp:term":[{"taxonomy":"category","embeddable":true,"href":"https:\/\/stiftadmont.at\/sl\/wp-json\/wp\/v2\/categories?post=17216"}],"curies":[{"name":"wp","href":"https:\/\/api.w.org\/{rel}","templated":true}]}}