{"id":26847,"date":"2024-02-26T12:09:21","date_gmt":"2024-02-26T10:09:21","guid":{"rendered":"https:\/\/stiftadmont.at\/?p=26847"},"modified":"2024-02-28T14:31:04","modified_gmt":"2024-02-28T12:31:04","slug":"samostan-admont-zaluje-za-nadskofom-em-aloisom-kothgasserjem","status":"publish","type":"post","link":"https:\/\/stiftadmont.at\/sl\/blog\/stift-admont-trauert-um-erzbischof-em-alois-kothgasser\/","title":{"rendered":"Opatija Admont ob\u017ealuje izgubo zaslu\u017enega nad\u0161kofa Aloisa Kothgasserja"},"content":{"rendered":"<section id='lightpress__section--block_da495e08c21d161ebba9ffbb146b12da' class='lightpress__section--default-section-space lightpress__section lightpress__section--content'><div class=\"content__inner\"\n         x-init=\"initContentBlockAnim($el)\">\n        \n    <div class=\"content__grid content__grid\">\n                                            <div class=\"content__box content__box--one-hundred\"\n                 style=\"\">\n                                \n                \n                                            <div class=\"prose\"><h1 class=\"line line--gold\">Opatija Admont ob\u017ealuje izgubo zaslu\u017enega nad\u0161kofa Aloisa Kothgasserja<\/h1>\n<p class=\"paragraph-m\"><strong>Ponedeljek, 26.<span style=\"box-sizing: border-box; margin: 0px; padding: 0px; color: var(--color-black); font-family: ibm-plex-sans, sans-serif; font-size: 16px;\">februar <\/span>2024<\/strong><\/p>\n<p class=\"paragraph-m\">Nekdanji salzbur\u0161ki nad\u0161kof Alois Kothgasser je 22. februarja 2024 zve\u010der od\u0161el k Bogu. V skladu s svojim geslom Delajte resnico v ljubezni je \u0161kof, rojen na \u0160tajerskem, neutrudno delal za ljudi, ki so mu bili zaupani v oskrbo.\u00a0<\/p>\n<p class=\"paragraph-m\">Kot salzbur\u0161ki nad\u0161kof je bil Alois Kothgasser eden od naslednikov nad\u0161kofa Gebharda, ki je pred 950 leti ustanovil na\u0161o opatijo Admont.<\/p>\n<p class=\"paragraph-m\">Naj usmiljeni Bog nad\u0161kofu Alojzu podeli ve\u010dni po\u010ditek in naj mu sveti ve\u010dna lu\u010d. Amen.<\/p>\n<p class=\"paragraph-m\">\u00a0<\/p>\n<\/div>\n                    \n                            <\/div>\n        \n            <\/div>\n<\/div>\n\n<\/section>","protected":false},"excerpt":{"rendered":"<p>Nekdanji salzbur\u0161ki nad\u0161kof Alois Kothgasser je 22. februarja 2024 zve\u010der od\u0161el k Bogu.<\/p>","protected":false},"author":20,"featured_media":26849,"comment_status":"closed","ping_status":"closed","sticky":false,"template":"","format":"standard","meta":{"_acf_changed":false,"footnotes":""},"categories":[22],"class_list":["post-26847","post","type-post","status-publish","format-standard","has-post-thumbnail","hentry","category-kloster-aktuell"],"acf":[],"yoast_head":"<!-- This site is optimized with the Yoast SEO Premium plugin v26.0 (Yoast SEO v26.8) - https:\/\/yoast.com\/product\/yoast-seo-premium-wordpress\/ -->\n<title>Stift Admont trauert um Erzbischof em. Alois Kothgasser - Stift Admont<\/title>\n<meta name=\"description\" content=\"Lesen Sie aktuelle Informationen zum Thema Stift Admont trauert um Erzbischof em. Alois Kothgasser und vieles mehr aus dem Konvent und der Pfarre Admont.\" \/>\n<meta name=\"robots\" content=\"index, follow, max-snippet:-1, max-image-preview:large, max-video-preview:-1\" \/>\n<link rel=\"canonical\" href=\"https:\/\/stiftadmont.at\/sl\/blog\/samostan-admont-zaluje-za-nadskofom-em-aloisom-kothgasserjem\/\" \/>\n<meta property=\"og:locale\" content=\"sl_SI\" \/>\n<meta property=\"og:type\" content=\"article\" \/>\n<meta property=\"og:title\" content=\"Stift Admont trauert um Erzbischof em. Alois Kothgasser\" \/>\n<meta property=\"og:description\" content=\"Lesen Sie aktuelle Informationen zum Thema Stift Admont trauert um Erzbischof em. Alois Kothgasser und vieles mehr aus dem Konvent und der Pfarre Admont.\" \/>\n<meta property=\"og:url\" content=\"https:\/\/stiftadmont.at\/sl\/blog\/samostan-admont-zaluje-za-nadskofom-em-aloisom-kothgasserjem\/\" \/>\n<meta property=\"og:site_name\" content=\"Stift Admont\" \/>\n<meta property=\"article:published_time\" content=\"2024-02-26T10:09:21+00:00\" \/>\n<meta property=\"article:modified_time\" content=\"2024-02-28T12:31:04+00:00\" \/>\n<meta property=\"og:image\" content=\"https:\/\/stiftadmont.at\/wp-content\/uploads\/Erzbischof_Kothgasser-\u00a9-Petra-Rainer.jpg\" \/>\n\t<meta property=\"og:image:width\" content=\"1504\" \/>\n\t<meta property=\"og:image:height\" content=\"1002\" \/>\n\t<meta property=\"og:image:type\" content=\"image\/jpeg\" \/>\n<meta name=\"author\" content=\"Sarah Stadlauer\" \/>\n<meta name=\"twitter:card\" content=\"summary_large_image\" \/>\n<meta name=\"twitter:label1\" content=\"Written by\" \/>\n\t<meta name=\"twitter:data1\" content=\"Sarah Stadlauer\" \/>\n\t<meta name=\"twitter:label2\" content=\"Est. reading time\" \/>\n\t<meta name=\"twitter:data2\" content=\"1 minuta\" \/>\n<script type=\"application\/ld+json\" class=\"yoast-schema-graph\">{\"@context\":\"https:\/\/schema.org\",\"@graph\":[{\"@type\":\"Article\",\"@id\":\"https:\/\/stiftadmont.at\/blog\/stift-admont-trauert-um-erzbischof-em-alois-kothgasser\/#article\",\"isPartOf\":{\"@id\":\"https:\/\/stiftadmont.at\/blog\/stift-admont-trauert-um-erzbischof-em-alois-kothgasser\/\"},\"author\":{\"name\":\"Sarah Stadlauer\",\"@id\":\"https:\/\/stiftadmont.at\/#\/schema\/person\/b3a90b1a2f72566cf3c755db08bd829d\"},\"headline\":\"Stift Admont trauert um Erzbischof em. Alois Kothgasser\",\"datePublished\":\"2024-02-26T10:09:21+00:00\",\"dateModified\":\"2024-02-28T12:31:04+00:00\",\"mainEntityOfPage\":{\"@id\":\"https:\/\/stiftadmont.at\/blog\/stift-admont-trauert-um-erzbischof-em-alois-kothgasser\/\"},\"wordCount\":8,\"image\":{\"@id\":\"https:\/\/stiftadmont.at\/blog\/stift-admont-trauert-um-erzbischof-em-alois-kothgasser\/#primaryimage\"},\"thumbnailUrl\":\"https:\/\/stiftadmont.at\/wp-content\/uploads\/Erzbischof_Kothgasser-\u00a9-Petra-Rainer.jpg\",\"articleSection\":[\"Kloster aktuell\"],\"inLanguage\":\"sl-SI\"},{\"@type\":\"WebPage\",\"@id\":\"https:\/\/stiftadmont.at\/blog\/stift-admont-trauert-um-erzbischof-em-alois-kothgasser\/\",\"url\":\"https:\/\/stiftadmont.at\/blog\/stift-admont-trauert-um-erzbischof-em-alois-kothgasser\/\",\"name\":\"Stift Admont trauert um Erzbischof em. Alois Kothgasser - Stift Admont\",\"isPartOf\":{\"@id\":\"https:\/\/stiftadmont.at\/#website\"},\"primaryImageOfPage\":{\"@id\":\"https:\/\/stiftadmont.at\/blog\/stift-admont-trauert-um-erzbischof-em-alois-kothgasser\/#primaryimage\"},\"image\":{\"@id\":\"https:\/\/stiftadmont.at\/blog\/stift-admont-trauert-um-erzbischof-em-alois-kothgasser\/#primaryimage\"},\"thumbnailUrl\":\"https:\/\/stiftadmont.at\/wp-content\/uploads\/Erzbischof_Kothgasser-\u00a9-Petra-Rainer.jpg\",\"datePublished\":\"2024-02-26T10:09:21+00:00\",\"dateModified\":\"2024-02-28T12:31:04+00:00\",\"author\":{\"@id\":\"https:\/\/stiftadmont.at\/#\/schema\/person\/b3a90b1a2f72566cf3c755db08bd829d\"},\"description\":\"Lesen Sie aktuelle Informationen zum Thema Stift Admont trauert um Erzbischof em. Alois Kothgasser und vieles mehr aus dem Konvent und der Pfarre Admont.\",\"breadcrumb\":{\"@id\":\"https:\/\/stiftadmont.at\/blog\/stift-admont-trauert-um-erzbischof-em-alois-kothgasser\/#breadcrumb\"},\"inLanguage\":\"sl-SI\",\"potentialAction\":[{\"@type\":\"ReadAction\",\"target\":[\"https:\/\/stiftadmont.at\/blog\/stift-admont-trauert-um-erzbischof-em-alois-kothgasser\/\"]}]},{\"@type\":\"ImageObject\",\"inLanguage\":\"sl-SI\",\"@id\":\"https:\/\/stiftadmont.at\/blog\/stift-admont-trauert-um-erzbischof-em-alois-kothgasser\/#primaryimage\",\"url\":\"https:\/\/stiftadmont.at\/wp-content\/uploads\/Erzbischof_Kothgasser-\u00a9-Petra-Rainer.jpg\",\"contentUrl\":\"https:\/\/stiftadmont.at\/wp-content\/uploads\/Erzbischof_Kothgasser-\u00a9-Petra-Rainer.jpg\",\"width\":1504,\"height\":1002,\"caption\":\"Erzbischof Kothgasser \u00a9 Petra Rainer\"},{\"@type\":\"BreadcrumbList\",\"@id\":\"https:\/\/stiftadmont.at\/blog\/stift-admont-trauert-um-erzbischof-em-alois-kothgasser\/#breadcrumb\",\"itemListElement\":[{\"@type\":\"ListItem\",\"position\":1,\"name\":\"Start\",\"item\":\"https:\/\/stiftadmont.at\/\"},{\"@type\":\"ListItem\",\"position\":2,\"name\":\"Stift Admont trauert um Erzbischof em. Alois Kothgasser\"}]},{\"@type\":\"WebSite\",\"@id\":\"https:\/\/stiftadmont.at\/#website\",\"url\":\"https:\/\/stiftadmont.at\/\",\"name\":\"Stift Admont\",\"description\":\"Benediktinerkloster und Sehensw\u00fcrdigkeit im Ges\u00e4use\",\"potentialAction\":[{\"@type\":\"SearchAction\",\"target\":{\"@type\":\"EntryPoint\",\"urlTemplate\":\"https:\/\/stiftadmont.at\/?s={search_term_string}\"},\"query-input\":{\"@type\":\"PropertyValueSpecification\",\"valueRequired\":true,\"valueName\":\"search_term_string\"}}],\"inLanguage\":\"sl-SI\"},{\"@type\":\"Person\",\"@id\":\"https:\/\/stiftadmont.at\/#\/schema\/person\/b3a90b1a2f72566cf3c755db08bd829d\",\"name\":\"Sarah Stadlauer\"}]}<\/script>\n<!-- \/ Yoast SEO Premium plugin. -->","yoast_head_json":{"title":"Opatija Admont \u017ealuje za \u010dastnim nad\u0161kofom Aloisom Kothgasserjem - Admont Abbey","description":"Preberite najnovej\u0161e informacije o \u017ealovanju za zaslu\u017enim nad\u0161kofom Aloisom Kothgasserjem v opatiji Admont in \u0161e veliko drugih informacij iz samostana in \u017eupnije Admont.","robots":{"index":"index","follow":"follow","max-snippet":"max-snippet:-1","max-image-preview":"max-image-preview:large","max-video-preview":"max-video-preview:-1"},"canonical":"https:\/\/stiftadmont.at\/sl\/blog\/samostan-admont-zaluje-za-nadskofom-em-aloisom-kothgasserjem\/","og_locale":"sl_SI","og_type":"article","og_title":"Stift Admont trauert um Erzbischof em. Alois Kothgasser","og_description":"Lesen Sie aktuelle Informationen zum Thema Stift Admont trauert um Erzbischof em. Alois Kothgasser und vieles mehr aus dem Konvent und der Pfarre Admont.","og_url":"https:\/\/stiftadmont.at\/sl\/blog\/samostan-admont-zaluje-za-nadskofom-em-aloisom-kothgasserjem\/","og_site_name":"Stift Admont","article_published_time":"2024-02-26T10:09:21+00:00","article_modified_time":"2024-02-28T12:31:04+00:00","og_image":[{"width":1504,"height":1002,"url":"https:\/\/stiftadmont.at\/wp-content\/uploads\/Erzbischof_Kothgasser-\u00a9-Petra-Rainer.jpg","type":"image\/jpeg"}],"author":"Sarah Stadlauer","twitter_card":"summary_large_image","twitter_misc":{"Written by":"Sarah Stadlauer","Est. reading time":"1 minuta"},"schema":{"@context":"https:\/\/schema.org","@graph":[{"@type":"Article","@id":"https:\/\/stiftadmont.at\/blog\/stift-admont-trauert-um-erzbischof-em-alois-kothgasser\/#article","isPartOf":{"@id":"https:\/\/stiftadmont.at\/blog\/stift-admont-trauert-um-erzbischof-em-alois-kothgasser\/"},"author":{"name":"Sarah Stadlauer","@id":"https:\/\/stiftadmont.at\/#\/schema\/person\/b3a90b1a2f72566cf3c755db08bd829d"},"headline":"Stift Admont trauert um Erzbischof em. Alois Kothgasser","datePublished":"2024-02-26T10:09:21+00:00","dateModified":"2024-02-28T12:31:04+00:00","mainEntityOfPage":{"@id":"https:\/\/stiftadmont.at\/blog\/stift-admont-trauert-um-erzbischof-em-alois-kothgasser\/"},"wordCount":8,"image":{"@id":"https:\/\/stiftadmont.at\/blog\/stift-admont-trauert-um-erzbischof-em-alois-kothgasser\/#primaryimage"},"thumbnailUrl":"https:\/\/stiftadmont.at\/wp-content\/uploads\/Erzbischof_Kothgasser-\u00a9-Petra-Rainer.jpg","articleSection":["Kloster aktuell"],"inLanguage":"sl-SI"},{"@type":"WebPage","@id":"https:\/\/stiftadmont.at\/blog\/stift-admont-trauert-um-erzbischof-em-alois-kothgasser\/","url":"https:\/\/stiftadmont.at\/blog\/stift-admont-trauert-um-erzbischof-em-alois-kothgasser\/","name":"Opatija Admont \u017ealuje za \u010dastnim nad\u0161kofom Aloisom Kothgasserjem - Admont Abbey","isPartOf":{"@id":"https:\/\/stiftadmont.at\/#website"},"primaryImageOfPage":{"@id":"https:\/\/stiftadmont.at\/blog\/stift-admont-trauert-um-erzbischof-em-alois-kothgasser\/#primaryimage"},"image":{"@id":"https:\/\/stiftadmont.at\/blog\/stift-admont-trauert-um-erzbischof-em-alois-kothgasser\/#primaryimage"},"thumbnailUrl":"https:\/\/stiftadmont.at\/wp-content\/uploads\/Erzbischof_Kothgasser-\u00a9-Petra-Rainer.jpg","datePublished":"2024-02-26T10:09:21+00:00","dateModified":"2024-02-28T12:31:04+00:00","author":{"@id":"https:\/\/stiftadmont.at\/#\/schema\/person\/b3a90b1a2f72566cf3c755db08bd829d"},"description":"Preberite najnovej\u0161e informacije o \u017ealovanju za zaslu\u017enim nad\u0161kofom Aloisom Kothgasserjem v opatiji Admont in \u0161e veliko drugih informacij iz samostana in \u017eupnije Admont.","breadcrumb":{"@id":"https:\/\/stiftadmont.at\/blog\/stift-admont-trauert-um-erzbischof-em-alois-kothgasser\/#breadcrumb"},"inLanguage":"sl-SI","potentialAction":[{"@type":"ReadAction","target":["https:\/\/stiftadmont.at\/blog\/stift-admont-trauert-um-erzbischof-em-alois-kothgasser\/"]}]},{"@type":"ImageObject","inLanguage":"sl-SI","@id":"https:\/\/stiftadmont.at\/blog\/stift-admont-trauert-um-erzbischof-em-alois-kothgasser\/#primaryimage","url":"https:\/\/stiftadmont.at\/wp-content\/uploads\/Erzbischof_Kothgasser-\u00a9-Petra-Rainer.jpg","contentUrl":"https:\/\/stiftadmont.at\/wp-content\/uploads\/Erzbischof_Kothgasser-\u00a9-Petra-Rainer.jpg","width":1504,"height":1002,"caption":"Erzbischof Kothgasser \u00a9 Petra Rainer"},{"@type":"BreadcrumbList","@id":"https:\/\/stiftadmont.at\/blog\/stift-admont-trauert-um-erzbischof-em-alois-kothgasser\/#breadcrumb","itemListElement":[{"@type":"ListItem","position":1,"name":"Start","item":"https:\/\/stiftadmont.at\/"},{"@type":"ListItem","position":2,"name":"Stift Admont trauert um Erzbischof em. Alois Kothgasser"}]},{"@type":"WebSite","@id":"https:\/\/stiftadmont.at\/#website","url":"https:\/\/stiftadmont.at\/","name":"Opatija Admont","description":"Benediktinski samostan in turisti\u010dna znamenitost v Ges\u00e4use","potentialAction":[{"@type":"SearchAction","target":{"@type":"EntryPoint","urlTemplate":"https:\/\/stiftadmont.at\/?s={search_term_string}"},"query-input":{"@type":"PropertyValueSpecification","valueRequired":true,"valueName":"search_term_string"}}],"inLanguage":"sl-SI"},{"@type":"Person","@id":"https:\/\/stiftadmont.at\/#\/schema\/person\/b3a90b1a2f72566cf3c755db08bd829d","name":"Sarah Stadlauer"}]}},"_links":{"self":[{"href":"https:\/\/stiftadmont.at\/sl\/wp-json\/wp\/v2\/posts\/26847","targetHints":{"allow":["GET"]}}],"collection":[{"href":"https:\/\/stiftadmont.at\/sl\/wp-json\/wp\/v2\/posts"}],"about":[{"href":"https:\/\/stiftadmont.at\/sl\/wp-json\/wp\/v2\/types\/post"}],"author":[{"embeddable":true,"href":"https:\/\/stiftadmont.at\/sl\/wp-json\/wp\/v2\/users\/20"}],"replies":[{"embeddable":true,"href":"https:\/\/stiftadmont.at\/sl\/wp-json\/wp\/v2\/comments?post=26847"}],"version-history":[{"count":4,"href":"https:\/\/stiftadmont.at\/sl\/wp-json\/wp\/v2\/posts\/26847\/revisions"}],"predecessor-version":[{"id":26957,"href":"https:\/\/stiftadmont.at\/sl\/wp-json\/wp\/v2\/posts\/26847\/revisions\/26957"}],"wp:featuredmedia":[{"embeddable":true,"href":"https:\/\/stiftadmont.at\/sl\/wp-json\/wp\/v2\/media\/26849"}],"wp:attachment":[{"href":"https:\/\/stiftadmont.at\/sl\/wp-json\/wp\/v2\/media?parent=26847"}],"wp:term":[{"taxonomy":"category","embeddable":true,"href":"https:\/\/stiftadmont.at\/sl\/wp-json\/wp\/v2\/categories?post=26847"}],"curies":[{"name":"wp","href":"https:\/\/api.w.org\/{rel}","templated":true}]}}