{"id":26908,"date":"2020-06-17T07:00:44","date_gmt":"2020-06-17T05:00:44","guid":{"rendered":"https:\/\/stiftadmont.at\/?p=26908"},"modified":"2024-02-28T15:46:07","modified_gmt":"2024-02-28T13:46:07","slug":"center-za-primarno-zdravstveno-varstvo-odpira-tri-milijone-evrov-vredno-nalozbo","status":"publish","type":"post","link":"https:\/\/stiftadmont.at\/sl\/blog\/primaerversorgungszentrum-eroeffnet-drei-millionen-investitionssumme\/","title":{"rendered":"Odprtje centra za osnovno oskrbo - trimilijonska nalo\u017eba"},"content":{"rendered":"<section id='lightpress__section--block_5e310dd5f492258c8cafda3950b4ae8c' class='lightpress__section--default-section-space lightpress__section lightpress__section--content'><div class=\"content__inner\"\n         x-init=\"initContentBlockAnim($el)\">\n        \n    <div class=\"content__grid content__grid\">\n                                            <div class=\"content__box content__box--one-hundred\"\n                 style=\"\">\n                                \n                \n                                            <div class=\"prose\"><h1 class=\"line line--red\">ODPRTJE CENTRA ZA OSNOVNO OSKRBO - TRIMILIJONSKA NALO\u017dBA<\/h1>\n<p class=\"paragraph-m\"><strong>Sreda, 17 junij 2020<\/strong><\/p>\n<p class=\"paragraph-m\">\u0160tajerska zgodba o uspehu centrov za primarno zdravstveno varstvo (PCC) je zdaj bogatej\u0161a za \u0161e eno poglavje: Z odprtjem v opatiji Admont je zdravstveni center prvi\u010d za\u010del delovati v dolini Enns. Zdaj ga je blagoslovil opat Gerhard Hafner iz benediktinske opatije Admont, odprla pa ga je de\u017eelna svetnica Juliane Bogner-Strau\u00df. V projekt je bilo vlo\u017eenih tri milijone evrov.<\/p>\n<p class=\"paragraph-m\">\u00a0<\/p>\n<p class=\"paragraph-m\">Admont, 17.6.2020. Tam, kjer so bile neko\u010d v ospredju \u017eage in les, zdaj kraljujejo stetoskopi in diagnosti\u010dni instrumenti: Nekdanja mizarska delavnica opatije Admont je bila v zadnjih mesecih preurejena v eno najsodobnej\u0161ih ordinacij v pokrajini, ki je bila zdaj uradno odprta kot prvi primarni zdravstveni center v Ennstalu. \"Zdravstveni domovi na \u0160tajerskem so zgodba o uspehu in osrednji gradnik najbolj\u0161e mo\u017ene oskrbe za prebivalce \u0160tajerske. Zdravstveni center v Admontu zagotavlja optimalno ponudbo ambulantnih storitev in storitev dnevnih ambulant. Poleg akutne oskrbe obseg storitev vklju\u010duje tudi promocijo zdravja in preventivo - in tako pomembno prispeva k ohranjanju in nadaljnji \u0161iritvi enega najbolj\u0161ih zdravstvenih sistemov,\" poudarja ministrica za zdravje Juliane Bogner-Strau\u00df in izra\u017ea zadovoljstvo, da je \u0160tajerska \u0161e korak bli\u017eje cilju, da bo do leta 2025 delovalo na\u010drtovanih 30 zdravstvenih domov. \"Lepo je videti, kako dobro napredujemo in da \u0160tajerska \u0161e naprej izpolnjuje svojo pionirsko vlogo na podro\u010dju zdravstvenega varstva v Avstriji,\" je dejala Bogner-Strau\u00df.<\/p>\n<p class=\"paragraph-m\">\u00a0<\/p>\n<p class=\"paragraph-m\"><strong>Oskrbovalni center bo imel pionirsko vlogo<\/strong><\/p>\n<p class=\"paragraph-m\">Po navedbah opatije Admont, ki je zagotovila prostore za sodobno ordinacijo na obmo\u010dju opatije, naj bi imel zdravstveni center pionirsko vlogo: \"Po eni strani je na\u0161a kr\u0161\u010danska odgovornost, da smo tu za ljudi s telesnimi in du\u0161evnimi boleznimi, po drugi strani pa z zdravstvenim centrom v opatiji Admont premagujemo izzive zdravstvenega varstva v medicinskem, negovalnem in organizacijskem smislu. Predvsem iz teh razlogov smo zelo veseli, da lahko v sodelovanju z dr\u017eavo in skupnostjo tukaj odpremo nov zdravstveni center,\" poudarja opat Gerhard Hafner. Tudi Franz Pichler, gospodarski direktor benediktinske opatije Admont, poudarja pomen novega zdravstvenega centra: \"Optimalna zdravstvena oskrba v regiji je bistveni del dobre kakovosti \u017eivljenja in s tem bistveni del regionalnega razvoja. V opatiji Admont smo se zato soo\u010dili z izzivom aktivnega oblikovanja re\u0161itve. Mo\u017enosti zdravstvenih centrov smo se lotili takoj, ko so postale znane, in uspeli zahtevati tak center za Admont. Dr\u017eava, ob\u010dina in na\u0161a organizacija so zelo dobro sodelovali. Drugi korak je bil zagotoviti sredstva za projekt in tudi to oviro nam je uspelo premagati. Skupaj je bilo v ta novi center vlo\u017eenih ve\u010d kot tri milijone evrov. Menim, da je to ena najpomembnej\u0161ih nalo\u017eb v na\u0161em podjetju v zadnjih letih, ki bo na\u0161o regijo naredila privla\u010dnej\u0161o in izbolj\u0161ala kakovost \u017eivljenja.\"<\/p>\n<p class=\"paragraph-m\">\u00a0<\/p>\n<p class=\"paragraph-m\"><strong>\"Prvi zdravstveni kontaktni center\"<\/strong><\/p>\n<p class=\"paragraph-m\">Novi zdravstveni center vodita zdravnika Oliver in Eva-Maria Petz: skupaj z ekipo nadomestnih zdravnikov, kvalificiranega osebja zdravstvene nege in razli\u010dnih zdravstvenih strokovnjakov, kot so dietetiki in fizioterapevti, vodita center, v katerem je tudi splo\u0161na ambulanta. \"Veselimo se, da bomo prvi in neposredni zdravstveni kontakt za ljudi v regiji. Smo osebna kontaktna to\u010dka za zdravstvene te\u017eave, pa tudi za promocijo zdravja in preventivo,\" v en glas poudarja zdravni\u0161ki dvojec. Eva-Maria Petz je kot splo\u0161na zdravnica med drugim specializirana za prehrano. Oliver Petz je prav tako splo\u0161ni zdravnik in fizioterapevt, specializiran za mi\u0161i\u010dno-skeletni sistem. Po njunih besedah PVZ pomeni tudi \"Dr. Petz Care Centre\".<\/p>\n<p class=\"paragraph-m\">\u00a0<\/p>\n<p class=\"paragraph-m\"><strong>O Dr. Petz Care Centre Admont<\/strong><\/p>\n<p class=\"paragraph-m\">Primarni zdravstveni center Dr. Petz Admont je nastal v sodelovanju med de\u017eelo \u0160tajersko, benediktinsko opatijo Admont, tr\u017enim mestom Admont, socialnim zavarovanjem in \u0160tajersko zdravstveno blagajno. Center primarnega zdravstvenega varstva Admont vodita zdravnika Oliver in Eva-Maria Petz.<\/p>\n<p class=\"paragraph-m\">\u00a0<\/p>\n<p class=\"paragraph-m\"><strong>Odpiralni \u010das je<\/strong><\/p>\n<p class=\"paragraph-m\">ponedeljek 07:30 - 17:30<\/p>\n<p class=\"paragraph-m\">torek in \u010detrtek 07:30 - 16:30<\/p>\n<p class=\"paragraph-m\">Sreda 07:30 - 11:30<\/p>\n<p class=\"paragraph-m\">Petek 07:30 - 15:30<\/p>\n<\/div>\n                    \n                            <\/div>\n        \n            <\/div>\n<\/div>\n\n<\/section>","protected":false},"excerpt":{"rendered":"","protected":false},"author":19,"featured_media":17531,"comment_status":"closed","ping_status":"closed","sticky":false,"template":"","format":"standard","meta":{"_acf_changed":false,"footnotes":""},"categories":[23,75],"class_list":["post-26908","post","type-post","status-publish","format-standard","has-post-thumbnail","hentry","category-einrichtungen-aktuell","category-gesundheitszentrum-admont"],"acf":[],"yoast_head":"<!-- This site is optimized with the Yoast SEO Premium plugin v26.0 (Yoast SEO v26.8) - https:\/\/yoast.com\/product\/yoast-seo-premium-wordpress\/ -->\n<title>Prim\u00e4rversorgungszentrum er\u00f6ffnet \u2013 drei Millionen Investitionssumme - Stift Admont<\/title>\n<meta name=\"description\" content=\"Lesen Sie aktuelle Informationen zum Thema Prim\u00e4rversorgungszentrum er\u00f6ffnet \u2013 drei Millionen Investitionssumme und vieles mehr aus dem Konvent und der Pfarre Admont.\" \/>\n<meta name=\"robots\" content=\"index, follow, max-snippet:-1, max-image-preview:large, max-video-preview:-1\" \/>\n<link rel=\"canonical\" href=\"https:\/\/stiftadmont.at\/sl\/blog\/center-za-primarno-zdravstveno-varstvo-odpira-tri-milijone-evrov-vredno-nalozbo\/\" \/>\n<meta property=\"og:locale\" content=\"sl_SI\" \/>\n<meta property=\"og:type\" content=\"article\" \/>\n<meta property=\"og:title\" content=\"Prim\u00e4rversorgungszentrum er\u00f6ffnet \u2013 drei Millionen Investitionssumme\" \/>\n<meta property=\"og:description\" content=\"Lesen Sie aktuelle Informationen zum Thema Prim\u00e4rversorgungszentrum er\u00f6ffnet \u2013 drei Millionen Investitionssumme und vieles mehr aus dem Konvent und der Pfarre Admont.\" \/>\n<meta property=\"og:url\" content=\"https:\/\/stiftadmont.at\/sl\/blog\/center-za-primarno-zdravstveno-varstvo-odpira-tri-milijone-evrov-vredno-nalozbo\/\" \/>\n<meta property=\"og:site_name\" content=\"Stift Admont\" \/>\n<meta property=\"article:published_time\" content=\"2020-06-17T05:00:44+00:00\" \/>\n<meta property=\"article:modified_time\" content=\"2024-02-28T13:46:07+00:00\" \/>\n<meta property=\"og:image\" content=\"https:\/\/stiftadmont.at\/wp-content\/uploads\/Gesundheitszentrum_aussen-\u00a9Thoms-Sattler_www_Neu-scaled.jpg\" \/>\n\t<meta property=\"og:image:width\" content=\"2560\" \/>\n\t<meta property=\"og:image:height\" content=\"1707\" \/>\n\t<meta property=\"og:image:type\" content=\"image\/jpeg\" \/>\n<meta name=\"author\" content=\"Sarah Lux\" \/>\n<meta name=\"twitter:card\" content=\"summary_large_image\" \/>\n<meta name=\"twitter:label1\" content=\"Written by\" \/>\n\t<meta name=\"twitter:data1\" content=\"Sarah Lux\" \/>\n\t<meta name=\"twitter:label2\" content=\"Est. reading time\" \/>\n\t<meta name=\"twitter:data2\" content=\"1 minuta\" \/>\n<script type=\"application\/ld+json\" class=\"yoast-schema-graph\">{\"@context\":\"https:\/\/schema.org\",\"@graph\":[{\"@type\":\"Article\",\"@id\":\"https:\/\/stiftadmont.at\/blog\/primaerversorgungszentrum-eroeffnet-drei-millionen-investitionssumme\/#article\",\"isPartOf\":{\"@id\":\"https:\/\/stiftadmont.at\/blog\/primaerversorgungszentrum-eroeffnet-drei-millionen-investitionssumme\/\"},\"author\":{\"name\":\"Sarah Lux\",\"@id\":\"https:\/\/stiftadmont.at\/#\/schema\/person\/618a2a3e6fea3fe795243c567372dbf3\"},\"headline\":\"Prim\u00e4rversorgungszentrum er\u00f6ffnet \u2013 drei Millionen Investitionssumme\",\"datePublished\":\"2020-06-17T05:00:44+00:00\",\"dateModified\":\"2024-02-28T13:46:07+00:00\",\"mainEntityOfPage\":{\"@id\":\"https:\/\/stiftadmont.at\/blog\/primaerversorgungszentrum-eroeffnet-drei-millionen-investitionssumme\/\"},\"wordCount\":7,\"image\":{\"@id\":\"https:\/\/stiftadmont.at\/blog\/primaerversorgungszentrum-eroeffnet-drei-millionen-investitionssumme\/#primaryimage\"},\"thumbnailUrl\":\"https:\/\/stiftadmont.at\/wp-content\/uploads\/Gesundheitszentrum_aussen-\u00a9Thoms-Sattler_www_Neu-scaled.jpg\",\"articleSection\":[\"Einrichtungen aktuell\",\"Gesundheitszentrum Admont\"],\"inLanguage\":\"sl-SI\"},{\"@type\":\"WebPage\",\"@id\":\"https:\/\/stiftadmont.at\/blog\/primaerversorgungszentrum-eroeffnet-drei-millionen-investitionssumme\/\",\"url\":\"https:\/\/stiftadmont.at\/blog\/primaerversorgungszentrum-eroeffnet-drei-millionen-investitionssumme\/\",\"name\":\"Prim\u00e4rversorgungszentrum er\u00f6ffnet \u2013 drei Millionen Investitionssumme - Stift Admont\",\"isPartOf\":{\"@id\":\"https:\/\/stiftadmont.at\/#website\"},\"primaryImageOfPage\":{\"@id\":\"https:\/\/stiftadmont.at\/blog\/primaerversorgungszentrum-eroeffnet-drei-millionen-investitionssumme\/#primaryimage\"},\"image\":{\"@id\":\"https:\/\/stiftadmont.at\/blog\/primaerversorgungszentrum-eroeffnet-drei-millionen-investitionssumme\/#primaryimage\"},\"thumbnailUrl\":\"https:\/\/stiftadmont.at\/wp-content\/uploads\/Gesundheitszentrum_aussen-\u00a9Thoms-Sattler_www_Neu-scaled.jpg\",\"datePublished\":\"2020-06-17T05:00:44+00:00\",\"dateModified\":\"2024-02-28T13:46:07+00:00\",\"author\":{\"@id\":\"https:\/\/stiftadmont.at\/#\/schema\/person\/618a2a3e6fea3fe795243c567372dbf3\"},\"description\":\"Lesen Sie aktuelle Informationen zum Thema Prim\u00e4rversorgungszentrum er\u00f6ffnet \u2013 drei Millionen Investitionssumme und vieles mehr aus dem Konvent und der Pfarre Admont.\",\"breadcrumb\":{\"@id\":\"https:\/\/stiftadmont.at\/blog\/primaerversorgungszentrum-eroeffnet-drei-millionen-investitionssumme\/#breadcrumb\"},\"inLanguage\":\"sl-SI\",\"potentialAction\":[{\"@type\":\"ReadAction\",\"target\":[\"https:\/\/stiftadmont.at\/blog\/primaerversorgungszentrum-eroeffnet-drei-millionen-investitionssumme\/\"]}]},{\"@type\":\"ImageObject\",\"inLanguage\":\"sl-SI\",\"@id\":\"https:\/\/stiftadmont.at\/blog\/primaerversorgungszentrum-eroeffnet-drei-millionen-investitionssumme\/#primaryimage\",\"url\":\"https:\/\/stiftadmont.at\/wp-content\/uploads\/Gesundheitszentrum_aussen-\u00a9Thoms-Sattler_www_Neu-scaled.jpg\",\"contentUrl\":\"https:\/\/stiftadmont.at\/wp-content\/uploads\/Gesundheitszentrum_aussen-\u00a9Thoms-Sattler_www_Neu-scaled.jpg\",\"width\":2560,\"height\":1707,\"caption\":\"Gesundheitszentrum aussen \u00a9Thoms Sattler www Neu scaled\"},{\"@type\":\"BreadcrumbList\",\"@id\":\"https:\/\/stiftadmont.at\/blog\/primaerversorgungszentrum-eroeffnet-drei-millionen-investitionssumme\/#breadcrumb\",\"itemListElement\":[{\"@type\":\"ListItem\",\"position\":1,\"name\":\"Start\",\"item\":\"https:\/\/stiftadmont.at\/\"},{\"@type\":\"ListItem\",\"position\":2,\"name\":\"Prim\u00e4rversorgungszentrum er\u00f6ffnet \u2013 drei Millionen Investitionssumme\"}]},{\"@type\":\"WebSite\",\"@id\":\"https:\/\/stiftadmont.at\/#website\",\"url\":\"https:\/\/stiftadmont.at\/\",\"name\":\"Stift Admont\",\"description\":\"Benediktinerkloster und Sehensw\u00fcrdigkeit im Ges\u00e4use\",\"potentialAction\":[{\"@type\":\"SearchAction\",\"target\":{\"@type\":\"EntryPoint\",\"urlTemplate\":\"https:\/\/stiftadmont.at\/?s={search_term_string}\"},\"query-input\":{\"@type\":\"PropertyValueSpecification\",\"valueRequired\":true,\"valueName\":\"search_term_string\"}}],\"inLanguage\":\"sl-SI\"},{\"@type\":\"Person\",\"@id\":\"https:\/\/stiftadmont.at\/#\/schema\/person\/618a2a3e6fea3fe795243c567372dbf3\",\"name\":\"Sarah Lux\"}]}<\/script>\n<!-- \/ Yoast SEO Premium plugin. -->","yoast_head_json":{"title":"Odprtje centra primarne oskrbe - trimilijonska nalo\u017eba - Admont Abbey","description":"Preberite najnovej\u0161e informacije o odprtju centra primarnega zdravstvenega varstva - trimilijonski investicijski znesek in \u0161e veliko ve\u010d iz samostana in \u017eupnije Admont.","robots":{"index":"index","follow":"follow","max-snippet":"max-snippet:-1","max-image-preview":"max-image-preview:large","max-video-preview":"max-video-preview:-1"},"canonical":"https:\/\/stiftadmont.at\/sl\/blog\/center-za-primarno-zdravstveno-varstvo-odpira-tri-milijone-evrov-vredno-nalozbo\/","og_locale":"sl_SI","og_type":"article","og_title":"Prim\u00e4rversorgungszentrum er\u00f6ffnet \u2013 drei Millionen Investitionssumme","og_description":"Lesen Sie aktuelle Informationen zum Thema Prim\u00e4rversorgungszentrum er\u00f6ffnet \u2013 drei Millionen Investitionssumme und vieles mehr aus dem Konvent und der Pfarre Admont.","og_url":"https:\/\/stiftadmont.at\/sl\/blog\/center-za-primarno-zdravstveno-varstvo-odpira-tri-milijone-evrov-vredno-nalozbo\/","og_site_name":"Stift Admont","article_published_time":"2020-06-17T05:00:44+00:00","article_modified_time":"2024-02-28T13:46:07+00:00","og_image":[{"width":2560,"height":1707,"url":"https:\/\/stiftadmont.at\/wp-content\/uploads\/Gesundheitszentrum_aussen-\u00a9Thoms-Sattler_www_Neu-scaled.jpg","type":"image\/jpeg"}],"author":"Sarah Lux","twitter_card":"summary_large_image","twitter_misc":{"Written by":"Sarah Lux","Est. reading time":"1 minuta"},"schema":{"@context":"https:\/\/schema.org","@graph":[{"@type":"Article","@id":"https:\/\/stiftadmont.at\/blog\/primaerversorgungszentrum-eroeffnet-drei-millionen-investitionssumme\/#article","isPartOf":{"@id":"https:\/\/stiftadmont.at\/blog\/primaerversorgungszentrum-eroeffnet-drei-millionen-investitionssumme\/"},"author":{"name":"Sarah Lux","@id":"https:\/\/stiftadmont.at\/#\/schema\/person\/618a2a3e6fea3fe795243c567372dbf3"},"headline":"Prim\u00e4rversorgungszentrum er\u00f6ffnet \u2013 drei Millionen Investitionssumme","datePublished":"2020-06-17T05:00:44+00:00","dateModified":"2024-02-28T13:46:07+00:00","mainEntityOfPage":{"@id":"https:\/\/stiftadmont.at\/blog\/primaerversorgungszentrum-eroeffnet-drei-millionen-investitionssumme\/"},"wordCount":7,"image":{"@id":"https:\/\/stiftadmont.at\/blog\/primaerversorgungszentrum-eroeffnet-drei-millionen-investitionssumme\/#primaryimage"},"thumbnailUrl":"https:\/\/stiftadmont.at\/wp-content\/uploads\/Gesundheitszentrum_aussen-\u00a9Thoms-Sattler_www_Neu-scaled.jpg","articleSection":["Einrichtungen aktuell","Gesundheitszentrum Admont"],"inLanguage":"sl-SI"},{"@type":"WebPage","@id":"https:\/\/stiftadmont.at\/blog\/primaerversorgungszentrum-eroeffnet-drei-millionen-investitionssumme\/","url":"https:\/\/stiftadmont.at\/blog\/primaerversorgungszentrum-eroeffnet-drei-millionen-investitionssumme\/","name":"Odprtje centra primarne oskrbe - trimilijonska nalo\u017eba - Admont Abbey","isPartOf":{"@id":"https:\/\/stiftadmont.at\/#website"},"primaryImageOfPage":{"@id":"https:\/\/stiftadmont.at\/blog\/primaerversorgungszentrum-eroeffnet-drei-millionen-investitionssumme\/#primaryimage"},"image":{"@id":"https:\/\/stiftadmont.at\/blog\/primaerversorgungszentrum-eroeffnet-drei-millionen-investitionssumme\/#primaryimage"},"thumbnailUrl":"https:\/\/stiftadmont.at\/wp-content\/uploads\/Gesundheitszentrum_aussen-\u00a9Thoms-Sattler_www_Neu-scaled.jpg","datePublished":"2020-06-17T05:00:44+00:00","dateModified":"2024-02-28T13:46:07+00:00","author":{"@id":"https:\/\/stiftadmont.at\/#\/schema\/person\/618a2a3e6fea3fe795243c567372dbf3"},"description":"Preberite najnovej\u0161e informacije o odprtju centra primarnega zdravstvenega varstva - trimilijonski investicijski znesek in \u0161e veliko ve\u010d iz samostana in \u017eupnije Admont.","breadcrumb":{"@id":"https:\/\/stiftadmont.at\/blog\/primaerversorgungszentrum-eroeffnet-drei-millionen-investitionssumme\/#breadcrumb"},"inLanguage":"sl-SI","potentialAction":[{"@type":"ReadAction","target":["https:\/\/stiftadmont.at\/blog\/primaerversorgungszentrum-eroeffnet-drei-millionen-investitionssumme\/"]}]},{"@type":"ImageObject","inLanguage":"sl-SI","@id":"https:\/\/stiftadmont.at\/blog\/primaerversorgungszentrum-eroeffnet-drei-millionen-investitionssumme\/#primaryimage","url":"https:\/\/stiftadmont.at\/wp-content\/uploads\/Gesundheitszentrum_aussen-\u00a9Thoms-Sattler_www_Neu-scaled.jpg","contentUrl":"https:\/\/stiftadmont.at\/wp-content\/uploads\/Gesundheitszentrum_aussen-\u00a9Thoms-Sattler_www_Neu-scaled.jpg","width":2560,"height":1707,"caption":"Gesundheitszentrum aussen \u00a9Thoms Sattler www Neu scaled"},{"@type":"BreadcrumbList","@id":"https:\/\/stiftadmont.at\/blog\/primaerversorgungszentrum-eroeffnet-drei-millionen-investitionssumme\/#breadcrumb","itemListElement":[{"@type":"ListItem","position":1,"name":"Start","item":"https:\/\/stiftadmont.at\/"},{"@type":"ListItem","position":2,"name":"Prim\u00e4rversorgungszentrum er\u00f6ffnet \u2013 drei Millionen Investitionssumme"}]},{"@type":"WebSite","@id":"https:\/\/stiftadmont.at\/#website","url":"https:\/\/stiftadmont.at\/","name":"Opatija Admont","description":"Benediktinski samostan in turisti\u010dna znamenitost v Ges\u00e4use","potentialAction":[{"@type":"SearchAction","target":{"@type":"EntryPoint","urlTemplate":"https:\/\/stiftadmont.at\/?s={search_term_string}"},"query-input":{"@type":"PropertyValueSpecification","valueRequired":true,"valueName":"search_term_string"}}],"inLanguage":"sl-SI"},{"@type":"Person","@id":"https:\/\/stiftadmont.at\/#\/schema\/person\/618a2a3e6fea3fe795243c567372dbf3","name":"Sarah Lux"}]}},"_links":{"self":[{"href":"https:\/\/stiftadmont.at\/sl\/wp-json\/wp\/v2\/posts\/26908","targetHints":{"allow":["GET"]}}],"collection":[{"href":"https:\/\/stiftadmont.at\/sl\/wp-json\/wp\/v2\/posts"}],"about":[{"href":"https:\/\/stiftadmont.at\/sl\/wp-json\/wp\/v2\/types\/post"}],"author":[{"embeddable":true,"href":"https:\/\/stiftadmont.at\/sl\/wp-json\/wp\/v2\/users\/19"}],"replies":[{"embeddable":true,"href":"https:\/\/stiftadmont.at\/sl\/wp-json\/wp\/v2\/comments?post=26908"}],"version-history":[{"count":5,"href":"https:\/\/stiftadmont.at\/sl\/wp-json\/wp\/v2\/posts\/26908\/revisions"}],"predecessor-version":[{"id":26914,"href":"https:\/\/stiftadmont.at\/sl\/wp-json\/wp\/v2\/posts\/26908\/revisions\/26914"}],"wp:featuredmedia":[{"embeddable":true,"href":"https:\/\/stiftadmont.at\/sl\/wp-json\/wp\/v2\/media\/17531"}],"wp:attachment":[{"href":"https:\/\/stiftadmont.at\/sl\/wp-json\/wp\/v2\/media?parent=26908"}],"wp:term":[{"taxonomy":"category","embeddable":true,"href":"https:\/\/stiftadmont.at\/sl\/wp-json\/wp\/v2\/categories?post=26908"}],"curies":[{"name":"wp","href":"https:\/\/api.w.org\/{rel}","templated":true}]}}