{"id":27885,"date":"2024-04-05T17:30:53","date_gmt":"2024-04-05T15:30:53","guid":{"rendered":"https:\/\/stiftadmont.at\/?p=27885"},"modified":"2024-04-06T22:05:11","modified_gmt":"2024-04-06T20:05:11","slug":"opatija-admont-zaluje-za-smrtjo-opata-primasa-dr-notkerja-wolfa-osb","status":"publish","type":"post","link":"https:\/\/stiftadmont.at\/sl\/blog\/stift-admont-trauert-um-abtprimas-em-dr-notker-wolf-osb\/","title":{"rendered":"Opatija Admont \u017ealuje za pokojom zaslu\u017enega opata primasa Dr. Notkerja Wolfa OSB"},"content":{"rendered":"<section id='lightpress__section--block_65e3aa396bd293ef96b142711eb7c1fb' class='lightpress__section--default-section-space lightpress__section lightpress__section--content'><div class=\"content__inner\"\n         x-init=\"initContentBlockAnim($el)\">\n        \n    <div class=\"content__grid content__grid\">\n                                            <div class=\"content__box content__box--one-hundred\"\n                 style=\"\">\n                                \n                \n                                            <div class=\"prose\"><h2 class=\"heading-xxl line line--gold\">Opatija Admont \u017ealuje za pokojom zaslu\u017enega opata primasa Dr. Notkerja Wolfa OSB<\/h2>\n<p class=\"paragraph-m\"><strong>Petek, 05. april 2024<\/strong><\/p>\n<p class=\"paragraph-m\">2. aprila 2024 zve\u010der je umrl upokojeni primas Notker Wolf. Arhabot iz Sankt Ottiliena, ki je slu\u017eboval med letoma 1977 in 2000, je bil opat primas, tj. najvi\u0161ji predstavnik benediktinskega reda, med letoma 2000 in 2016. 83-letnik je bil \u0161iroko znan tudi po svojih nastopih na flavti in elektri\u010dni kitari ter \u0161tevilnih knjigah o duhovnosti in razli\u010dnih televizijskih nastopih.<\/p>\n<p class=\"paragraph-m\">Naj usmiljeni Bog zdaj podeli ve\u010dni po\u010ditek emeritnemu opatu Primo\u017eu Notkerju Wolfu in naj mu sveti ve\u010dna lu\u010d. <br \/>Amen.<\/p>\n<\/div>\n                    \n                            <\/div>\n        \n            <\/div>\n<\/div>\n\n<\/section>","protected":false},"excerpt":{"rendered":"<p>2. aprila 2024 zve\u010der je umrl upokojeni primas Notker Wolf. <\/p>","protected":false},"author":7,"featured_media":27889,"comment_status":"closed","ping_status":"closed","sticky":false,"template":"","format":"standard","meta":{"_acf_changed":false,"footnotes":""},"categories":[22],"class_list":["post-27885","post","type-post","status-publish","format-standard","has-post-thumbnail","hentry","category-kloster-aktuell"],"acf":[],"yoast_head":"<!-- This site is optimized with the Yoast SEO Premium plugin v26.0 (Yoast SEO v26.8) - https:\/\/yoast.com\/product\/yoast-seo-premium-wordpress\/ -->\n<title>Stift Admont trauert um Abtprimas em. Dr. Notker Wolf OSB - Stift Admont<\/title>\n<meta name=\"description\" content=\"Lesen Sie aktuelle Informationen zum Thema Stift Admont trauert um Abtprimas em. Dr. Notker Wolf OSB und vieles mehr aus dem Konvent und der Pfarre Admont.\" \/>\n<meta name=\"robots\" content=\"index, follow, max-snippet:-1, max-image-preview:large, max-video-preview:-1\" \/>\n<link rel=\"canonical\" href=\"https:\/\/stiftadmont.at\/sl\/blog\/opatija-admont-zaluje-za-smrtjo-opata-primasa-dr-notkerja-wolfa-osb\/\" \/>\n<meta property=\"og:locale\" content=\"sl_SI\" \/>\n<meta property=\"og:type\" content=\"article\" \/>\n<meta property=\"og:title\" content=\"Stift Admont trauert um Abtprimas em. Dr. Notker Wolf OSB\" \/>\n<meta property=\"og:description\" content=\"Lesen Sie aktuelle Informationen zum Thema Stift Admont trauert um Abtprimas em. Dr. Notker Wolf OSB und vieles mehr aus dem Konvent und der Pfarre Admont.\" \/>\n<meta property=\"og:url\" content=\"https:\/\/stiftadmont.at\/sl\/blog\/opatija-admont-zaluje-za-smrtjo-opata-primasa-dr-notkerja-wolfa-osb\/\" \/>\n<meta property=\"og:site_name\" content=\"Stift Admont\" \/>\n<meta property=\"article:published_time\" content=\"2024-04-05T15:30:53+00:00\" \/>\n<meta property=\"article:modified_time\" content=\"2024-04-06T20:05:11+00:00\" \/>\n<meta property=\"og:image\" content=\"https:\/\/stiftadmont.at\/wp-content\/uploads\/Foto-Erzabtei-St.-Ottilien.jpg\" \/>\n\t<meta property=\"og:image:width\" content=\"2048\" \/>\n\t<meta property=\"og:image:height\" content=\"1638\" \/>\n\t<meta property=\"og:image:type\" content=\"image\/jpeg\" \/>\n<meta name=\"author\" content=\"Mario Brandm\u00fcller\" \/>\n<meta name=\"twitter:card\" content=\"summary_large_image\" \/>\n<meta name=\"twitter:label1\" content=\"Written by\" \/>\n\t<meta name=\"twitter:data1\" content=\"Mario Brandm\u00fcller\" \/>\n<script type=\"application\/ld+json\" class=\"yoast-schema-graph\">{\"@context\":\"https:\/\/schema.org\",\"@graph\":[{\"@type\":\"Article\",\"@id\":\"https:\/\/stiftadmont.at\/blog\/stift-admont-trauert-um-abtprimas-em-dr-notker-wolf-osb\/#article\",\"isPartOf\":{\"@id\":\"https:\/\/stiftadmont.at\/blog\/stift-admont-trauert-um-abtprimas-em-dr-notker-wolf-osb\/\"},\"author\":{\"name\":\"Mario Brandm\u00fcller\",\"@id\":\"https:\/\/stiftadmont.at\/#\/schema\/person\/30535548b241d5f33a2e8b839db11869\"},\"headline\":\"Stift Admont trauert um Abtprimas em. Dr. Notker Wolf OSB\",\"datePublished\":\"2024-04-05T15:30:53+00:00\",\"dateModified\":\"2024-04-06T20:05:11+00:00\",\"mainEntityOfPage\":{\"@id\":\"https:\/\/stiftadmont.at\/blog\/stift-admont-trauert-um-abtprimas-em-dr-notker-wolf-osb\/\"},\"wordCount\":10,\"image\":{\"@id\":\"https:\/\/stiftadmont.at\/blog\/stift-admont-trauert-um-abtprimas-em-dr-notker-wolf-osb\/#primaryimage\"},\"thumbnailUrl\":\"https:\/\/stiftadmont.at\/wp-content\/uploads\/Foto-Erzabtei-St.-Ottilien.jpg\",\"articleSection\":[\"Kloster aktuell\"],\"inLanguage\":\"sl-SI\"},{\"@type\":\"WebPage\",\"@id\":\"https:\/\/stiftadmont.at\/blog\/stift-admont-trauert-um-abtprimas-em-dr-notker-wolf-osb\/\",\"url\":\"https:\/\/stiftadmont.at\/blog\/stift-admont-trauert-um-abtprimas-em-dr-notker-wolf-osb\/\",\"name\":\"Stift Admont trauert um Abtprimas em. Dr. Notker Wolf OSB - Stift Admont\",\"isPartOf\":{\"@id\":\"https:\/\/stiftadmont.at\/#website\"},\"primaryImageOfPage\":{\"@id\":\"https:\/\/stiftadmont.at\/blog\/stift-admont-trauert-um-abtprimas-em-dr-notker-wolf-osb\/#primaryimage\"},\"image\":{\"@id\":\"https:\/\/stiftadmont.at\/blog\/stift-admont-trauert-um-abtprimas-em-dr-notker-wolf-osb\/#primaryimage\"},\"thumbnailUrl\":\"https:\/\/stiftadmont.at\/wp-content\/uploads\/Foto-Erzabtei-St.-Ottilien.jpg\",\"datePublished\":\"2024-04-05T15:30:53+00:00\",\"dateModified\":\"2024-04-06T20:05:11+00:00\",\"author\":{\"@id\":\"https:\/\/stiftadmont.at\/#\/schema\/person\/30535548b241d5f33a2e8b839db11869\"},\"description\":\"Lesen Sie aktuelle Informationen zum Thema Stift Admont trauert um Abtprimas em. Dr. Notker Wolf OSB und vieles mehr aus dem Konvent und der Pfarre Admont.\",\"breadcrumb\":{\"@id\":\"https:\/\/stiftadmont.at\/blog\/stift-admont-trauert-um-abtprimas-em-dr-notker-wolf-osb\/#breadcrumb\"},\"inLanguage\":\"sl-SI\",\"potentialAction\":[{\"@type\":\"ReadAction\",\"target\":[\"https:\/\/stiftadmont.at\/blog\/stift-admont-trauert-um-abtprimas-em-dr-notker-wolf-osb\/\"]}]},{\"@type\":\"ImageObject\",\"inLanguage\":\"sl-SI\",\"@id\":\"https:\/\/stiftadmont.at\/blog\/stift-admont-trauert-um-abtprimas-em-dr-notker-wolf-osb\/#primaryimage\",\"url\":\"https:\/\/stiftadmont.at\/wp-content\/uploads\/Foto-Erzabtei-St.-Ottilien.jpg\",\"contentUrl\":\"https:\/\/stiftadmont.at\/wp-content\/uploads\/Foto-Erzabtei-St.-Ottilien.jpg\",\"width\":2048,\"height\":1638,\"caption\":\"Foto Erzabtei St. Ottilien\"},{\"@type\":\"BreadcrumbList\",\"@id\":\"https:\/\/stiftadmont.at\/blog\/stift-admont-trauert-um-abtprimas-em-dr-notker-wolf-osb\/#breadcrumb\",\"itemListElement\":[{\"@type\":\"ListItem\",\"position\":1,\"name\":\"Start\",\"item\":\"https:\/\/stiftadmont.at\/\"},{\"@type\":\"ListItem\",\"position\":2,\"name\":\"Stift Admont trauert um Abtprimas em. Dr. Notker Wolf OSB\"}]},{\"@type\":\"WebSite\",\"@id\":\"https:\/\/stiftadmont.at\/#website\",\"url\":\"https:\/\/stiftadmont.at\/\",\"name\":\"Stift Admont\",\"description\":\"Benediktinerkloster und Sehensw\u00fcrdigkeit im Ges\u00e4use\",\"potentialAction\":[{\"@type\":\"SearchAction\",\"target\":{\"@type\":\"EntryPoint\",\"urlTemplate\":\"https:\/\/stiftadmont.at\/?s={search_term_string}\"},\"query-input\":{\"@type\":\"PropertyValueSpecification\",\"valueRequired\":true,\"valueName\":\"search_term_string\"}}],\"inLanguage\":\"sl-SI\"},{\"@type\":\"Person\",\"@id\":\"https:\/\/stiftadmont.at\/#\/schema\/person\/30535548b241d5f33a2e8b839db11869\",\"name\":\"Mario Brandm\u00fcller\"}]}<\/script>\n<!-- \/ Yoast SEO Premium plugin. -->","yoast_head_json":{"title":"Opatija Admont \u017ealuje za pokojom \u010dastnega opata primasa Dr. Notkerja Wolfa OSB - Opatija Admont","description":"Preberite najnovej\u0161e informacije o \u017ealovanju opatije Admont ob smrti zaslu\u017enega opata dr. Notkerja Wolfa OSB in \u0161e veliko drugih informacij iz samostana in \u017eupnije Admont.","robots":{"index":"index","follow":"follow","max-snippet":"max-snippet:-1","max-image-preview":"max-image-preview:large","max-video-preview":"max-video-preview:-1"},"canonical":"https:\/\/stiftadmont.at\/sl\/blog\/opatija-admont-zaluje-za-smrtjo-opata-primasa-dr-notkerja-wolfa-osb\/","og_locale":"sl_SI","og_type":"article","og_title":"Stift Admont trauert um Abtprimas em. Dr. Notker Wolf OSB","og_description":"Lesen Sie aktuelle Informationen zum Thema Stift Admont trauert um Abtprimas em. Dr. Notker Wolf OSB und vieles mehr aus dem Konvent und der Pfarre Admont.","og_url":"https:\/\/stiftadmont.at\/sl\/blog\/opatija-admont-zaluje-za-smrtjo-opata-primasa-dr-notkerja-wolfa-osb\/","og_site_name":"Stift Admont","article_published_time":"2024-04-05T15:30:53+00:00","article_modified_time":"2024-04-06T20:05:11+00:00","og_image":[{"width":2048,"height":1638,"url":"https:\/\/stiftadmont.at\/wp-content\/uploads\/Foto-Erzabtei-St.-Ottilien.jpg","type":"image\/jpeg"}],"author":"Mario Brandm\u00fcller","twitter_card":"summary_large_image","twitter_misc":{"Written by":"Mario Brandm\u00fcller"},"schema":{"@context":"https:\/\/schema.org","@graph":[{"@type":"Article","@id":"https:\/\/stiftadmont.at\/blog\/stift-admont-trauert-um-abtprimas-em-dr-notker-wolf-osb\/#article","isPartOf":{"@id":"https:\/\/stiftadmont.at\/blog\/stift-admont-trauert-um-abtprimas-em-dr-notker-wolf-osb\/"},"author":{"name":"Mario Brandm\u00fcller","@id":"https:\/\/stiftadmont.at\/#\/schema\/person\/30535548b241d5f33a2e8b839db11869"},"headline":"Stift Admont trauert um Abtprimas em. Dr. Notker Wolf OSB","datePublished":"2024-04-05T15:30:53+00:00","dateModified":"2024-04-06T20:05:11+00:00","mainEntityOfPage":{"@id":"https:\/\/stiftadmont.at\/blog\/stift-admont-trauert-um-abtprimas-em-dr-notker-wolf-osb\/"},"wordCount":10,"image":{"@id":"https:\/\/stiftadmont.at\/blog\/stift-admont-trauert-um-abtprimas-em-dr-notker-wolf-osb\/#primaryimage"},"thumbnailUrl":"https:\/\/stiftadmont.at\/wp-content\/uploads\/Foto-Erzabtei-St.-Ottilien.jpg","articleSection":["Kloster aktuell"],"inLanguage":"sl-SI"},{"@type":"WebPage","@id":"https:\/\/stiftadmont.at\/blog\/stift-admont-trauert-um-abtprimas-em-dr-notker-wolf-osb\/","url":"https:\/\/stiftadmont.at\/blog\/stift-admont-trauert-um-abtprimas-em-dr-notker-wolf-osb\/","name":"Opatija Admont \u017ealuje za pokojom \u010dastnega opata primasa Dr. Notkerja Wolfa OSB - Opatija Admont","isPartOf":{"@id":"https:\/\/stiftadmont.at\/#website"},"primaryImageOfPage":{"@id":"https:\/\/stiftadmont.at\/blog\/stift-admont-trauert-um-abtprimas-em-dr-notker-wolf-osb\/#primaryimage"},"image":{"@id":"https:\/\/stiftadmont.at\/blog\/stift-admont-trauert-um-abtprimas-em-dr-notker-wolf-osb\/#primaryimage"},"thumbnailUrl":"https:\/\/stiftadmont.at\/wp-content\/uploads\/Foto-Erzabtei-St.-Ottilien.jpg","datePublished":"2024-04-05T15:30:53+00:00","dateModified":"2024-04-06T20:05:11+00:00","author":{"@id":"https:\/\/stiftadmont.at\/#\/schema\/person\/30535548b241d5f33a2e8b839db11869"},"description":"Preberite najnovej\u0161e informacije o \u017ealovanju opatije Admont ob smrti zaslu\u017enega opata dr. Notkerja Wolfa OSB in \u0161e veliko drugih informacij iz samostana in \u017eupnije Admont.","breadcrumb":{"@id":"https:\/\/stiftadmont.at\/blog\/stift-admont-trauert-um-abtprimas-em-dr-notker-wolf-osb\/#breadcrumb"},"inLanguage":"sl-SI","potentialAction":[{"@type":"ReadAction","target":["https:\/\/stiftadmont.at\/blog\/stift-admont-trauert-um-abtprimas-em-dr-notker-wolf-osb\/"]}]},{"@type":"ImageObject","inLanguage":"sl-SI","@id":"https:\/\/stiftadmont.at\/blog\/stift-admont-trauert-um-abtprimas-em-dr-notker-wolf-osb\/#primaryimage","url":"https:\/\/stiftadmont.at\/wp-content\/uploads\/Foto-Erzabtei-St.-Ottilien.jpg","contentUrl":"https:\/\/stiftadmont.at\/wp-content\/uploads\/Foto-Erzabtei-St.-Ottilien.jpg","width":2048,"height":1638,"caption":"Foto Erzabtei St. Ottilien"},{"@type":"BreadcrumbList","@id":"https:\/\/stiftadmont.at\/blog\/stift-admont-trauert-um-abtprimas-em-dr-notker-wolf-osb\/#breadcrumb","itemListElement":[{"@type":"ListItem","position":1,"name":"Start","item":"https:\/\/stiftadmont.at\/"},{"@type":"ListItem","position":2,"name":"Stift Admont trauert um Abtprimas em. Dr. Notker Wolf OSB"}]},{"@type":"WebSite","@id":"https:\/\/stiftadmont.at\/#website","url":"https:\/\/stiftadmont.at\/","name":"Opatija Admont","description":"Benediktinski samostan in turisti\u010dna znamenitost v Ges\u00e4use","potentialAction":[{"@type":"SearchAction","target":{"@type":"EntryPoint","urlTemplate":"https:\/\/stiftadmont.at\/?s={search_term_string}"},"query-input":{"@type":"PropertyValueSpecification","valueRequired":true,"valueName":"search_term_string"}}],"inLanguage":"sl-SI"},{"@type":"Person","@id":"https:\/\/stiftadmont.at\/#\/schema\/person\/30535548b241d5f33a2e8b839db11869","name":"Mario Brandm\u00fcller"}]}},"_links":{"self":[{"href":"https:\/\/stiftadmont.at\/sl\/wp-json\/wp\/v2\/posts\/27885","targetHints":{"allow":["GET"]}}],"collection":[{"href":"https:\/\/stiftadmont.at\/sl\/wp-json\/wp\/v2\/posts"}],"about":[{"href":"https:\/\/stiftadmont.at\/sl\/wp-json\/wp\/v2\/types\/post"}],"author":[{"embeddable":true,"href":"https:\/\/stiftadmont.at\/sl\/wp-json\/wp\/v2\/users\/7"}],"replies":[{"embeddable":true,"href":"https:\/\/stiftadmont.at\/sl\/wp-json\/wp\/v2\/comments?post=27885"}],"version-history":[{"count":2,"href":"https:\/\/stiftadmont.at\/sl\/wp-json\/wp\/v2\/posts\/27885\/revisions"}],"predecessor-version":[{"id":27888,"href":"https:\/\/stiftadmont.at\/sl\/wp-json\/wp\/v2\/posts\/27885\/revisions\/27888"}],"wp:featuredmedia":[{"embeddable":true,"href":"https:\/\/stiftadmont.at\/sl\/wp-json\/wp\/v2\/media\/27889"}],"wp:attachment":[{"href":"https:\/\/stiftadmont.at\/sl\/wp-json\/wp\/v2\/media?parent=27885"}],"wp:term":[{"taxonomy":"category","embeddable":true,"href":"https:\/\/stiftadmont.at\/sl\/wp-json\/wp\/v2\/categories?post=27885"}],"curies":[{"name":"wp","href":"https:\/\/api.w.org\/{rel}","templated":true}]}}