{"id":28232,"date":"2024-05-07T14:47:16","date_gmt":"2024-05-07T12:47:16","guid":{"rendered":"https:\/\/stiftadmont.at\/?p=28232"},"modified":"2024-05-07T19:08:50","modified_gmt":"2024-05-07T17:08:50","slug":"opat-gerhard-hafner-zacasni-upravitelj-opatije-sv-pavla","status":"publish","type":"post","link":"https:\/\/stiftadmont.at\/sl\/blog\/abt-gerhard-hafner-interimistischer-administrator-des-stiftes-st-paul\/","title":{"rendered":"Opat Gerhard Hafner za\u010dasni upravitelj opatije svetega Pavla"},"content":{"rendered":"<section id='lightpress__section--block_d3119acb4608c7e97c4b6c970787f3f3' class='lightpress__section--default-section-space lightpress__section lightpress__section--content'><div class=\"content__inner\"\n         x-init=\"initContentBlockAnim($el)\">\n        \n    <div class=\"content__grid content__grid--fifty-fifty\">\n                                            <div class=\"content__box content__box\"\n                 style=\"\">\n                                \n                \n                                            <div class=\"prose\"><h2 class=\"heading-xxl line line--gold\">Opat Gerhard Hafner za\u010dasni upravitelj opatije svetega Pavla<\/h2>\n<p class=\"paragraph-m\"><strong>torek, 7. maj 2024<\/strong><\/p>\n<p class=\"paragraph-m\"><em>Sporo\u010dilo za javnost avstrijske benediktinske kongregacije \/ Benediktinska opatija svetega Pavla <\/em><em>St. Paul im Lavanttal (Koro\u0161ka)\/Michaelbeuern (Salzburg)\/Admont (\u0160tajerska), 6. maja 2024<\/em><\/p>\n<p class=\"paragraph-m\">Gerhard Hafner, opat opatije Admont, imenovan tudi za za\u010dasnega upravitelja opatije svetega Pavla<\/p>\n<p class=\"paragraph-m\">Gerhard Hafner OSB, opat benediktinske opatije Admont, je bil 6. maja 2024 imenovan za za\u010dasnega upravitelja benediktinske opatije Saint Paul im Lavanttal. Njegov mandat traja do za\u010detka leta 2026. prej\u0161nji upravitelj, pater Marian Kollmann OSB, je iz osebnih razlogov odstopil s polo\u017eaja vodje samostana. Opat Johannes Perkmann OSB je kot predsednik avstrijske benediktinske kongregacije po sklepu predsedstva kongregacije imenoval novega vodjo samostana in to nalogo do za\u010detka leta 2026 zaupal opatu Gerhardu Hafnerju OSB iz benediktinske opatije Admont. 59-letnemu Hafnerju bo pri njegovih vodstvenih nalogah in dvojni vlogi opata opatije Admont in upravitelja opatije svetega Pavla pomagal njegov predstojnik, mag. p. Maksimilijan Schieferm\u00fcller OSB.<\/p>\n<p class=\"paragraph-m\">Predsednik opata Johannes Perkmann: \"Opatu Gerhardu Hafnerju se zahvaljujem, da je prevzel vlogo upravitelja benediktinske opatije svetega Pavla. Njegove najpomembnej\u0161e naloge bodo predsedovanje sobratom kot njihov predstojnik, spremljanje sobratov in iskanje poti za prihodnost z vsemi udele\u017eenimi.\"<\/p>\n<p class=\"paragraph-m\">Opat Gerhard Hafner: \"Za\u010dasno upravljanje opatije svetega Pavla vidim kot slu\u017eenje tamkaj\u0161nji skupnosti. Skupaj s svojim priorjem bom v pogovorih z menihi sku\u0161al pojasniti, kako je mogo\u010de organizirati njihovo prihodnost kot samostansko skupnost. Da prepre\u010dim govorice: moj samostan v Admontu na noben na\u010din ne bo prevzel opatije svetega Pavla, niti kadrovsko niti finan\u010dno.\"<\/p>\n<p class=\"paragraph-m\"><strong>Opat Gerhard Hafner<\/strong><br \/>Opat Gerhard Hafner se je rodil leta 1964 v Triebnu na \u0160tajerskem. \u0160tudiral je teologijo v Gradcu in bil leta 1990 posve\u010den v duhovnika. Benediktinski opatiji Admont se je pridru\u017eil leta 1994, slovesno zaobljubo pa je opravil leta 1999. Od januarja 2017 je opat opatije Admont.<\/p>\n<p class=\"paragraph-m\"><strong>Benediktinska opatija svetega Pavla<\/strong><br \/>Benediktinski samostan svetega Pavla v Lavanttalu je bil ustanovljen leta 1091 in je edini samostanski samostan na Koro\u0161kem. Samostan skrbi za \u0161tiri lastne \u017eupnije in nudi kaplane \u0161kofijskim \u017eupnijam in kaplanijam. Okoli 45 zaposlenih skrbi za opatijsko gimnazijo svetega Pavla z ve\u010d kot 600 dijaki, gozdarstvo in kmetijstvo ter za opatijski muzej, ki je znan dale\u010d \u010dez Koro\u0161ko.<\/p>\n<p>\u00a0<\/p>\n<p class=\"paragraph-m\">\u00a0<\/p>\n<\/div>\n                    \n                            <\/div>\n        \n                                                    <div class=\"content__box content__box--2\"\n                     >\n                                        \n                    \n                                                <div class=\"content__media stickyTo\" x-init=\"imageSticky($el)\">\n\n                                                                                    <picture\n                                    class=\"content__image sticky\">\n                                <source srcset=\"https:\/\/stiftadmont.at\/wp-content\/uploads\/Abt-Gerhard-c-Stefan-Leitner-819x1024.webp\" type=\"image\/webp\">\n                                <source srcset=\"https:\/\/stiftadmont.at\/wp-content\/uploads\/Abt-Gerhard-c-Stefan-Leitner-819x1024.jpg\" type=\"image\/jpeg\">\n                                <img decoding=\"async\" class=\"sticky\" loading=\"lazy\" src=\"https:\/\/stiftadmont.at\/wp-content\/uploads\/Abt-Gerhard-c-Stefan-Leitner-819x1024.jpg\"\n                                     alt=\"Opat Gerhard c Stefan Leitner skaliran\">\n\n                                                                                                                            <\/picture>\n\n                        <\/div>\n\n                                    <\/div>\n            \n            <\/div>\n<\/div>\n\n<\/section>\n\n<section id='lightpress__section--block_31758eaa19a86ebfb5ed049b3bb22cf6' class='lightpress__section--default-section-space lightpress__section lightpress__section--content'><div class=\"content__inner\"\n         x-init=\"initContentBlockAnim($el)\">\n        \n    <div class=\"content__grid content__grid\">\n                                            <div class=\"content__box content__box--one-hundred\"\n                 style=\"\">\n                                \n                \n                                            <div class=\"prose\"><p class=\"paragraph-m\"><strong>Kontaktna oseba:<\/strong><br \/>Predsednik opat Johannes Perkmann OSB<br \/>Avstrijska benediktinska kongregacija<\/p>\n<p><a class=\"phone\" href=\"tel:+43627481161000\"><span class=\"icon-outer\"><i class=\"fa-light fa-phone\"><\/i><\/span>+43 (0) 6274\/8116 1000<\/a><\/p>\n<p><a class=\"phone\" href=\"tel:+4367687466646\"><span class=\"icon-outer\"><i class=\"fa-light fa-phone\"><\/i><\/span>+43 (0) 676\/8746 6646<\/a><\/p>\n<p><a class=\"email\" href=\"mailto:abt.johannes@abtei-michaelbeuern.at\"><span class=\"icon-outer\"><i class=\"fa-light fa-envelope\"><\/i><\/span>abt.johannes@abtei-michaelbeuern.at<\/a><\/p>\n<\/div>\n                    \n                            <\/div>\n        \n            <\/div>\n<\/div>\n\n<\/section>","protected":false},"excerpt":{"rendered":"<p>Gerhard Hafner OSB, opat benediktinske opatije Admont, je bil 6. maja 2024 imenovan za za\u010dasnega upravitelja benediktinske opatije St.Paul im Lavanttal.<\/p>","protected":false},"author":20,"featured_media":8412,"comment_status":"closed","ping_status":"closed","sticky":false,"template":"","format":"standard","meta":{"_acf_changed":false,"footnotes":""},"categories":[22],"class_list":["post-28232","post","type-post","status-publish","format-standard","has-post-thumbnail","hentry","category-kloster-aktuell"],"acf":[],"yoast_head":"<!-- This site is optimized with the Yoast SEO Premium plugin v26.0 (Yoast SEO v26.8) - https:\/\/yoast.com\/product\/yoast-seo-premium-wordpress\/ -->\n<title>Abt Gerhard Hafner interimistischer Administrator des Stiftes St. Paul - Stift Admont<\/title>\n<meta name=\"description\" content=\"Lesen Sie aktuelle Informationen zum Thema Abt Gerhard Hafner interimistischer Administrator des Stiftes St. Paul und vieles mehr aus dem Konvent und der Pfarre Admont.\" \/>\n<meta name=\"robots\" content=\"index, follow, max-snippet:-1, max-image-preview:large, max-video-preview:-1\" \/>\n<link rel=\"canonical\" href=\"https:\/\/stiftadmont.at\/sl\/blog\/opat-gerhard-hafner-zacasni-upravitelj-opatije-sv-pavla\/\" \/>\n<meta property=\"og:locale\" content=\"sl_SI\" \/>\n<meta property=\"og:type\" content=\"article\" \/>\n<meta property=\"og:title\" content=\"Abt Gerhard Hafner interimistischer Administrator des Stiftes St. Paul\" \/>\n<meta property=\"og:description\" content=\"Lesen Sie aktuelle Informationen zum Thema Abt Gerhard Hafner interimistischer Administrator des Stiftes St. Paul und vieles mehr aus dem Konvent und der Pfarre Admont.\" \/>\n<meta property=\"og:url\" content=\"https:\/\/stiftadmont.at\/sl\/blog\/opat-gerhard-hafner-zacasni-upravitelj-opatije-sv-pavla\/\" \/>\n<meta property=\"og:site_name\" content=\"Stift Admont\" \/>\n<meta property=\"article:published_time\" content=\"2024-05-07T12:47:16+00:00\" \/>\n<meta property=\"article:modified_time\" content=\"2024-05-07T17:08:50+00:00\" \/>\n<meta property=\"og:image\" content=\"https:\/\/stiftadmont.at\/wp-content\/uploads\/Herr-Abt_cStefan-Leitner-e1648798681786.jpg\" \/>\n\t<meta property=\"og:image:width\" content=\"2048\" \/>\n\t<meta property=\"og:image:height\" content=\"1403\" \/>\n\t<meta property=\"og:image:type\" content=\"image\/jpeg\" \/>\n<meta name=\"author\" content=\"Sarah Stadlauer\" \/>\n<meta name=\"twitter:card\" content=\"summary_large_image\" \/>\n<meta name=\"twitter:label1\" content=\"Written by\" \/>\n\t<meta name=\"twitter:data1\" content=\"Sarah Stadlauer\" \/>\n\t<meta name=\"twitter:label2\" content=\"Est. reading time\" \/>\n\t<meta name=\"twitter:data2\" content=\"1 minuta\" \/>\n<script type=\"application\/ld+json\" class=\"yoast-schema-graph\">{\"@context\":\"https:\/\/schema.org\",\"@graph\":[{\"@type\":\"Article\",\"@id\":\"https:\/\/stiftadmont.at\/blog\/abt-gerhard-hafner-interimistischer-administrator-des-stiftes-st-paul\/#article\",\"isPartOf\":{\"@id\":\"https:\/\/stiftadmont.at\/blog\/abt-gerhard-hafner-interimistischer-administrator-des-stiftes-st-paul\/\"},\"author\":{\"name\":\"Sarah Stadlauer\",\"@id\":\"https:\/\/stiftadmont.at\/#\/schema\/person\/b3a90b1a2f72566cf3c755db08bd829d\"},\"headline\":\"Abt Gerhard Hafner interimistischer Administrator des Stiftes St. Paul\",\"datePublished\":\"2024-05-07T12:47:16+00:00\",\"dateModified\":\"2024-05-07T17:08:50+00:00\",\"mainEntityOfPage\":{\"@id\":\"https:\/\/stiftadmont.at\/blog\/abt-gerhard-hafner-interimistischer-administrator-des-stiftes-st-paul\/\"},\"wordCount\":9,\"image\":{\"@id\":\"https:\/\/stiftadmont.at\/blog\/abt-gerhard-hafner-interimistischer-administrator-des-stiftes-st-paul\/#primaryimage\"},\"thumbnailUrl\":\"https:\/\/stiftadmont.at\/wp-content\/uploads\/Herr-Abt_cStefan-Leitner-e1648798681786-scaled.jpg\",\"articleSection\":[\"Kloster aktuell\"],\"inLanguage\":\"sl-SI\"},{\"@type\":\"WebPage\",\"@id\":\"https:\/\/stiftadmont.at\/blog\/abt-gerhard-hafner-interimistischer-administrator-des-stiftes-st-paul\/\",\"url\":\"https:\/\/stiftadmont.at\/blog\/abt-gerhard-hafner-interimistischer-administrator-des-stiftes-st-paul\/\",\"name\":\"Abt Gerhard Hafner interimistischer Administrator des Stiftes St. Paul - Stift Admont\",\"isPartOf\":{\"@id\":\"https:\/\/stiftadmont.at\/#website\"},\"primaryImageOfPage\":{\"@id\":\"https:\/\/stiftadmont.at\/blog\/abt-gerhard-hafner-interimistischer-administrator-des-stiftes-st-paul\/#primaryimage\"},\"image\":{\"@id\":\"https:\/\/stiftadmont.at\/blog\/abt-gerhard-hafner-interimistischer-administrator-des-stiftes-st-paul\/#primaryimage\"},\"thumbnailUrl\":\"https:\/\/stiftadmont.at\/wp-content\/uploads\/Herr-Abt_cStefan-Leitner-e1648798681786-scaled.jpg\",\"datePublished\":\"2024-05-07T12:47:16+00:00\",\"dateModified\":\"2024-05-07T17:08:50+00:00\",\"author\":{\"@id\":\"https:\/\/stiftadmont.at\/#\/schema\/person\/b3a90b1a2f72566cf3c755db08bd829d\"},\"description\":\"Lesen Sie aktuelle Informationen zum Thema Abt Gerhard Hafner interimistischer Administrator des Stiftes St. Paul und vieles mehr aus dem Konvent und der Pfarre Admont.\",\"breadcrumb\":{\"@id\":\"https:\/\/stiftadmont.at\/blog\/abt-gerhard-hafner-interimistischer-administrator-des-stiftes-st-paul\/#breadcrumb\"},\"inLanguage\":\"sl-SI\",\"potentialAction\":[{\"@type\":\"ReadAction\",\"target\":[\"https:\/\/stiftadmont.at\/blog\/abt-gerhard-hafner-interimistischer-administrator-des-stiftes-st-paul\/\"]}]},{\"@type\":\"ImageObject\",\"inLanguage\":\"sl-SI\",\"@id\":\"https:\/\/stiftadmont.at\/blog\/abt-gerhard-hafner-interimistischer-administrator-des-stiftes-st-paul\/#primaryimage\",\"url\":\"https:\/\/stiftadmont.at\/wp-content\/uploads\/Herr-Abt_cStefan-Leitner-e1648798681786-scaled.jpg\",\"contentUrl\":\"https:\/\/stiftadmont.at\/wp-content\/uploads\/Herr-Abt_cStefan-Leitner-e1648798681786-scaled.jpg\",\"width\":2560,\"height\":1753,\"caption\":\"Stift Admont - Abt Gerhard Hafner OSB \u00a9 Stefan Leitner\"},{\"@type\":\"BreadcrumbList\",\"@id\":\"https:\/\/stiftadmont.at\/blog\/abt-gerhard-hafner-interimistischer-administrator-des-stiftes-st-paul\/#breadcrumb\",\"itemListElement\":[{\"@type\":\"ListItem\",\"position\":1,\"name\":\"Start\",\"item\":\"https:\/\/stiftadmont.at\/\"},{\"@type\":\"ListItem\",\"position\":2,\"name\":\"Abt Gerhard Hafner interimistischer Administrator des Stiftes St. Paul\"}]},{\"@type\":\"WebSite\",\"@id\":\"https:\/\/stiftadmont.at\/#website\",\"url\":\"https:\/\/stiftadmont.at\/\",\"name\":\"Stift Admont\",\"description\":\"Benediktinerkloster und Sehensw\u00fcrdigkeit im Ges\u00e4use\",\"potentialAction\":[{\"@type\":\"SearchAction\",\"target\":{\"@type\":\"EntryPoint\",\"urlTemplate\":\"https:\/\/stiftadmont.at\/?s={search_term_string}\"},\"query-input\":{\"@type\":\"PropertyValueSpecification\",\"valueRequired\":true,\"valueName\":\"search_term_string\"}}],\"inLanguage\":\"sl-SI\"},{\"@type\":\"Person\",\"@id\":\"https:\/\/stiftadmont.at\/#\/schema\/person\/b3a90b1a2f72566cf3c755db08bd829d\",\"name\":\"Sarah Stadlauer\"}]}<\/script>\n<!-- \/ Yoast SEO Premium plugin. -->","yoast_head_json":{"title":"Opat Gerhard Hafner za\u010dasni upravitelj opatije svetega Pavla - Opatija Admont","description":"Preberite najnovej\u0161e informacije o opatu Gerhardu Hafnerju, za\u010dasnem upravitelju opatije svetega Pavla, in \u0161e veliko ve\u010d iz samostana in \u017eupnije Admont.","robots":{"index":"index","follow":"follow","max-snippet":"max-snippet:-1","max-image-preview":"max-image-preview:large","max-video-preview":"max-video-preview:-1"},"canonical":"https:\/\/stiftadmont.at\/sl\/blog\/opat-gerhard-hafner-zacasni-upravitelj-opatije-sv-pavla\/","og_locale":"sl_SI","og_type":"article","og_title":"Abt Gerhard Hafner interimistischer Administrator des Stiftes St. Paul","og_description":"Lesen Sie aktuelle Informationen zum Thema Abt Gerhard Hafner interimistischer Administrator des Stiftes St. Paul und vieles mehr aus dem Konvent und der Pfarre Admont.","og_url":"https:\/\/stiftadmont.at\/sl\/blog\/opat-gerhard-hafner-zacasni-upravitelj-opatije-sv-pavla\/","og_site_name":"Stift Admont","article_published_time":"2024-05-07T12:47:16+00:00","article_modified_time":"2024-05-07T17:08:50+00:00","og_image":[{"width":2048,"height":1403,"url":"https:\/\/stiftadmont.at\/wp-content\/uploads\/Herr-Abt_cStefan-Leitner-e1648798681786.jpg","type":"image\/jpeg"}],"author":"Sarah Stadlauer","twitter_card":"summary_large_image","twitter_misc":{"Written by":"Sarah Stadlauer","Est. reading time":"1 minuta"},"schema":{"@context":"https:\/\/schema.org","@graph":[{"@type":"Article","@id":"https:\/\/stiftadmont.at\/blog\/abt-gerhard-hafner-interimistischer-administrator-des-stiftes-st-paul\/#article","isPartOf":{"@id":"https:\/\/stiftadmont.at\/blog\/abt-gerhard-hafner-interimistischer-administrator-des-stiftes-st-paul\/"},"author":{"name":"Sarah Stadlauer","@id":"https:\/\/stiftadmont.at\/#\/schema\/person\/b3a90b1a2f72566cf3c755db08bd829d"},"headline":"Abt Gerhard Hafner interimistischer Administrator des Stiftes St. Paul","datePublished":"2024-05-07T12:47:16+00:00","dateModified":"2024-05-07T17:08:50+00:00","mainEntityOfPage":{"@id":"https:\/\/stiftadmont.at\/blog\/abt-gerhard-hafner-interimistischer-administrator-des-stiftes-st-paul\/"},"wordCount":9,"image":{"@id":"https:\/\/stiftadmont.at\/blog\/abt-gerhard-hafner-interimistischer-administrator-des-stiftes-st-paul\/#primaryimage"},"thumbnailUrl":"https:\/\/stiftadmont.at\/wp-content\/uploads\/Herr-Abt_cStefan-Leitner-e1648798681786-scaled.jpg","articleSection":["Kloster aktuell"],"inLanguage":"sl-SI"},{"@type":"WebPage","@id":"https:\/\/stiftadmont.at\/blog\/abt-gerhard-hafner-interimistischer-administrator-des-stiftes-st-paul\/","url":"https:\/\/stiftadmont.at\/blog\/abt-gerhard-hafner-interimistischer-administrator-des-stiftes-st-paul\/","name":"Opat Gerhard Hafner za\u010dasni upravitelj opatije svetega Pavla - Opatija Admont","isPartOf":{"@id":"https:\/\/stiftadmont.at\/#website"},"primaryImageOfPage":{"@id":"https:\/\/stiftadmont.at\/blog\/abt-gerhard-hafner-interimistischer-administrator-des-stiftes-st-paul\/#primaryimage"},"image":{"@id":"https:\/\/stiftadmont.at\/blog\/abt-gerhard-hafner-interimistischer-administrator-des-stiftes-st-paul\/#primaryimage"},"thumbnailUrl":"https:\/\/stiftadmont.at\/wp-content\/uploads\/Herr-Abt_cStefan-Leitner-e1648798681786-scaled.jpg","datePublished":"2024-05-07T12:47:16+00:00","dateModified":"2024-05-07T17:08:50+00:00","author":{"@id":"https:\/\/stiftadmont.at\/#\/schema\/person\/b3a90b1a2f72566cf3c755db08bd829d"},"description":"Preberite najnovej\u0161e informacije o opatu Gerhardu Hafnerju, za\u010dasnem upravitelju opatije svetega Pavla, in \u0161e veliko ve\u010d iz samostana in \u017eupnije Admont.","breadcrumb":{"@id":"https:\/\/stiftadmont.at\/blog\/abt-gerhard-hafner-interimistischer-administrator-des-stiftes-st-paul\/#breadcrumb"},"inLanguage":"sl-SI","potentialAction":[{"@type":"ReadAction","target":["https:\/\/stiftadmont.at\/blog\/abt-gerhard-hafner-interimistischer-administrator-des-stiftes-st-paul\/"]}]},{"@type":"ImageObject","inLanguage":"sl-SI","@id":"https:\/\/stiftadmont.at\/blog\/abt-gerhard-hafner-interimistischer-administrator-des-stiftes-st-paul\/#primaryimage","url":"https:\/\/stiftadmont.at\/wp-content\/uploads\/Herr-Abt_cStefan-Leitner-e1648798681786-scaled.jpg","contentUrl":"https:\/\/stiftadmont.at\/wp-content\/uploads\/Herr-Abt_cStefan-Leitner-e1648798681786-scaled.jpg","width":2560,"height":1753,"caption":"Stift Admont - Abt Gerhard Hafner OSB \u00a9 Stefan Leitner"},{"@type":"BreadcrumbList","@id":"https:\/\/stiftadmont.at\/blog\/abt-gerhard-hafner-interimistischer-administrator-des-stiftes-st-paul\/#breadcrumb","itemListElement":[{"@type":"ListItem","position":1,"name":"Start","item":"https:\/\/stiftadmont.at\/"},{"@type":"ListItem","position":2,"name":"Abt Gerhard Hafner interimistischer Administrator des Stiftes St. Paul"}]},{"@type":"WebSite","@id":"https:\/\/stiftadmont.at\/#website","url":"https:\/\/stiftadmont.at\/","name":"Opatija Admont","description":"Benediktinski samostan in turisti\u010dna znamenitost v Ges\u00e4use","potentialAction":[{"@type":"SearchAction","target":{"@type":"EntryPoint","urlTemplate":"https:\/\/stiftadmont.at\/?s={search_term_string}"},"query-input":{"@type":"PropertyValueSpecification","valueRequired":true,"valueName":"search_term_string"}}],"inLanguage":"sl-SI"},{"@type":"Person","@id":"https:\/\/stiftadmont.at\/#\/schema\/person\/b3a90b1a2f72566cf3c755db08bd829d","name":"Sarah Stadlauer"}]}},"_links":{"self":[{"href":"https:\/\/stiftadmont.at\/sl\/wp-json\/wp\/v2\/posts\/28232","targetHints":{"allow":["GET"]}}],"collection":[{"href":"https:\/\/stiftadmont.at\/sl\/wp-json\/wp\/v2\/posts"}],"about":[{"href":"https:\/\/stiftadmont.at\/sl\/wp-json\/wp\/v2\/types\/post"}],"author":[{"embeddable":true,"href":"https:\/\/stiftadmont.at\/sl\/wp-json\/wp\/v2\/users\/20"}],"replies":[{"embeddable":true,"href":"https:\/\/stiftadmont.at\/sl\/wp-json\/wp\/v2\/comments?post=28232"}],"version-history":[{"count":12,"href":"https:\/\/stiftadmont.at\/sl\/wp-json\/wp\/v2\/posts\/28232\/revisions"}],"predecessor-version":[{"id":28274,"href":"https:\/\/stiftadmont.at\/sl\/wp-json\/wp\/v2\/posts\/28232\/revisions\/28274"}],"wp:featuredmedia":[{"embeddable":true,"href":"https:\/\/stiftadmont.at\/sl\/wp-json\/wp\/v2\/media\/8412"}],"wp:attachment":[{"href":"https:\/\/stiftadmont.at\/sl\/wp-json\/wp\/v2\/media?parent=28232"}],"wp:term":[{"taxonomy":"category","embeddable":true,"href":"https:\/\/stiftadmont.at\/sl\/wp-json\/wp\/v2\/categories?post=28232"}],"curies":[{"name":"wp","href":"https:\/\/api.w.org\/{rel}","templated":true}]}}