{"id":30160,"date":"2024-09-05T08:33:34","date_gmt":"2024-09-05T06:33:34","guid":{"rendered":"https:\/\/stiftadmont.at\/?p=30160"},"modified":"2024-10-21T10:11:58","modified_gmt":"2024-10-21T08:11:58","slug":"srebrni-jubilej-profesorstva-p-johannesa-aichingerja","status":"publish","type":"post","link":"https:\/\/stiftadmont.at\/sl\/blog\/silbernes-professjubilaeum-p-johannes-aichinger\/","title":{"rendered":"Srebrni jubilej poklica Fr. Johannes Aichinger"},"content":{"rendered":"<section id='lightpress__section--block_d93c710abf419a6ab62afcba9e07f51f' class='lightpress__section--default-section-space lightpress__section lightpress__section--content'><div class=\"content__inner\"\n         x-init=\"initContentBlockAnim($el)\">\n        \n    <div class=\"content__grid content__grid\">\n                                            <div class=\"content__box content__box--one-hundred\"\n                 style=\"\">\n                                \n                \n                                            <div class=\"prose\"><h2 class=\"heading-xxl line line--gold\">Silbernes Professjubil\u00e4um P. Johannes Aichinger<\/h2>\n<p>\u00a0<\/p>\n<p>\u00a0<\/p>\n<p><strong>Donnerstag, 4. September 2024<\/strong><\/p>\n<p><span lang=\"DE-AT\" style=\"font-size: 11.0pt; font-family: 'Aptos',sans-serif; mso-fareast-font-family: Calibri; mso-fareast-theme-font: minor-latin; mso-bidi-font-family: Calibri; mso-ligatures: standardcontextual; mso-ansi-language: DE-AT; mso-fareast-language: EN-US; mso-bidi-language: AR-SA;\">\u201eNimm mich auf, o Herr, dann werde ich leben. Lass mich in meiner Hoffnung nicht scheitern.\u201c Ps 119<br \/>In der Mittagshore des 4. Septembers erneuerte P. Johannes, anl\u00e4sslich seines silbernen Profess Jubil\u00e4ums, seine Profess. Wir w\u00fcnschen unserem Mitbruder, der auch genau vor einer Woche seinen 60. Geburtstag feierte, alles erdenklich Gute, viel Gesundheit und Gottes reichen Segen.\u00a0<\/span><\/p>\n<p>Aus der Predigt des Abtes:<br \/>\u00d6ffne dich &#8211; lieber P. Johannes, bleibe offen f\u00fcr die Begegnung mit Gott und den Menschen, die dir in deinen Aufgaben anvertraut sind.<br \/>Jesus ruft Dir zu: Effata &#8211; \u00f6ffne Dich!<\/p>\n<\/div>\n                    \n                            <\/div>\n        \n            <\/div>\n<\/div>\n\n<\/section>\n\n<section id='lightpress__section--block_0e488af659b61ec64771bf380d3d12bc' class='lightpress__section--default-section-space lightpress__section lightpress__section--image-slider'>\n<div class=\"image-slider\"\n     x-data=\"{ gallery: null, shown: false }\"\n     x-init=\"gallery = initSliderGallery([{&quot;href&quot;:&quot;https:\\\/\\\/stiftadmont.at\\\/wp-content\\\/uploads\\\/Professjubilaeum-P.-Johannes-4.9.24-c-Frater-Josed-Beer-4.jpg&quot;,&quot;type&quot;:&quot;image&quot;},{&quot;href&quot;:&quot;https:\\\/\\\/stiftadmont.at\\\/wp-content\\\/uploads\\\/Professjubilaeum-P.-Johannes-4.9.24-c-Frater-Josed-Beer-5.jpg&quot;,&quot;type&quot;:&quot;image&quot;},{&quot;href&quot;:&quot;https:\\\/\\\/stiftadmont.at\\\/wp-content\\\/uploads\\\/Professjubilaeum-P.-Johannes-4.9.24-c-Frater-Josed-Beer-3.jpg&quot;,&quot;type&quot;:&quot;image&quot;},{&quot;href&quot;:&quot;https:\\\/\\\/stiftadmont.at\\\/wp-content\\\/uploads\\\/Professjubilaeum-P.-Johannes-4.9.24-c-Frater-Josed-Beer-2-1920x1440.jpg&quot;,&quot;type&quot;:&quot;image&quot;},{&quot;href&quot;:&quot;https:\\\/\\\/stiftadmont.at\\\/wp-content\\\/uploads\\\/Professjubilaeum-P.-Johannes-4.9.24-c-Frater-Josed-Beer-1-1920x1440.jpg&quot;,&quot;type&quot;:&quot;image&quot;}]); initImageSliderBlockAnim($el);\">\n    <div class=\"image-slider__inner\">\n\n        <div class=\"swiper-container\" x-init=\"initImageSliderBlock($el, $refs.btnPrev, $refs.btnNext)\">\n            <div class=\"swiper-wrapper\">\n                                    <div class=\"swiper-slide\">\n                        <div class=\"image-slider__media\">\n                            <img decoding=\"async\" class=\"image-slider__image\" src=\"https:\/\/stiftadmont.at\/wp-content\/uploads\/Professjubilaeum-P.-Johannes-4.9.24-c-Frater-Josed-Beer-4-768x1024.jpg\" alt=\"Professjubil\u00e4um P. Johannes 4.9.24 (c) Frater Josed Beer (4)\" \/>\n                        <\/div>\n                    <\/div>\n                                    <div class=\"swiper-slide\">\n                        <div class=\"image-slider__media\">\n                            <img decoding=\"async\" class=\"image-slider__image\" src=\"https:\/\/stiftadmont.at\/wp-content\/uploads\/Professjubilaeum-P.-Johannes-4.9.24-c-Frater-Josed-Beer-5-768x1024.jpg\" alt=\"Professjubil\u00e4um P. Johannes 4.9.24 (c) Frater Josed Beer (5)\" \/>\n                        <\/div>\n                    <\/div>\n                                    <div class=\"swiper-slide\">\n                        <div class=\"image-slider__media\">\n                            <img decoding=\"async\" class=\"image-slider__image\" src=\"https:\/\/stiftadmont.at\/wp-content\/uploads\/Professjubilaeum-P.-Johannes-4.9.24-c-Frater-Josed-Beer-3-768x1024.jpg\" alt=\"Professjubil\u00e4um P. Johannes 4.9.24 (c) Frater Josed Beer (3)\" \/>\n                        <\/div>\n                    <\/div>\n                                    <div class=\"swiper-slide\">\n                        <div class=\"image-slider__media\">\n                            <img decoding=\"async\" class=\"image-slider__image\"\n                                 src=\"https:\/\/stiftadmont.at\/wp-content\/uploads\/Professjubilaeum-P.-Johannes-4.9.24-c-Frater-Josed-Beer-2-768x576.jpg\"\n                                 alt=\"Professjubil\u00e4um P. Johannes 4.9.24 (c) Frater Josed Beer (2)\">\n                        <\/div>\n                    <\/div>\n                                    <div class=\"swiper-slide\">\n                        <div class=\"image-slider__media\">\n                            <img decoding=\"async\" class=\"image-slider__image\"\n                                 src=\"https:\/\/stiftadmont.at\/wp-content\/uploads\/Professjubilaeum-P.-Johannes-4.9.24-c-Frater-Josed-Beer-1-768x576.jpg\"\n                                 alt=\"Professjubil\u00e4um P. Johannes 4.9.24 (c) Frater Josed Beer (1)\">\n                        <\/div>\n                    <\/div>\n                            <\/div>\n\n            <div class=\"swiper-nav-wrapper\">\n                <button class=\"swiper-button-prev slider-button--prev\" x-ref=\"btnPrev\"\n                        aria-label=\"Vorige Bilder anzeigen\">\n                    <img decoding=\"async\" src=\"\/wp-content\/themes\/stift-admont\/src\/assets\/img\/arrow-left-big-new.svg\" alt=\"Pfeil nach Links\">\n                <\/button>\n\n\n                <a class=\"image-slider__gallery\" @click=\"openGallery(gallery)\"><i class=\"fa-thin fa-plus\"><\/i><\/a>\n                <button class=\"swiper-button-next slider-button--next\"\n                        x-ref=\"btnNext\"\n                        aria-label=\"N\u00e4chste Bilder anzeigen\">\n                    <img decoding=\"async\" src=\"\/wp-content\/themes\/stift-admont\/src\/assets\/img\/arrow-right-big-new.svg\" alt=\"Pfeil nach Rechts\">\n                <\/button>\n            <\/div>\n        <\/div>\n    <\/div>\n\n\n<\/div><\/section>","protected":false},"excerpt":{"rendered":"<p>Pri opoldanski ma\u0161i 4. septembra je o. Johannes obnovil svoj poklic ob srebrnem jubileju.<\/p>","protected":false},"author":20,"featured_media":30162,"comment_status":"closed","ping_status":"closed","sticky":false,"template":"","format":"standard","meta":{"_acf_changed":false,"footnotes":""},"categories":[22],"class_list":["post-30160","post","type-post","status-publish","format-standard","has-post-thumbnail","hentry","category-kloster-aktuell"],"acf":[],"yoast_head":"<!-- This site is optimized with the Yoast SEO Premium plugin v26.0 (Yoast SEO v26.8) - https:\/\/yoast.com\/product\/yoast-seo-premium-wordpress\/ -->\n<title>Silbernes Professjubil\u00e4um P. Johannes Aichinger - Stift Admont<\/title>\n<meta name=\"description\" content=\"Lesen Sie aktuelle Informationen zum Thema Silbernes Professjubil\u00e4um P. Johannes Aichinger und vieles mehr aus dem Konvent und der Pfarre Admont.\" \/>\n<meta name=\"robots\" content=\"index, follow, max-snippet:-1, max-image-preview:large, max-video-preview:-1\" \/>\n<link rel=\"canonical\" href=\"https:\/\/stiftadmont.at\/sl\/blog\/srebrni-jubilej-profesorstva-p-johannesa-aichingerja\/\" \/>\n<meta property=\"og:locale\" content=\"sl_SI\" \/>\n<meta property=\"og:type\" content=\"article\" \/>\n<meta property=\"og:title\" content=\"Silbernes Professjubil\u00e4um P. Johannes Aichinger\" \/>\n<meta property=\"og:description\" content=\"Lesen Sie aktuelle Informationen zum Thema Silbernes Professjubil\u00e4um P. Johannes Aichinger und vieles mehr aus dem Konvent und der Pfarre Admont.\" \/>\n<meta property=\"og:url\" content=\"https:\/\/stiftadmont.at\/sl\/blog\/srebrni-jubilej-profesorstva-p-johannesa-aichingerja\/\" \/>\n<meta property=\"og:site_name\" content=\"Stift Admont\" \/>\n<meta property=\"article:published_time\" content=\"2024-09-05T06:33:34+00:00\" \/>\n<meta property=\"article:modified_time\" content=\"2024-10-21T08:11:58+00:00\" \/>\n<meta property=\"og:image\" content=\"https:\/\/stiftadmont.at\/wp-content\/uploads\/Professjubilaeum-P.-Johannes-4.9.24-c-Frater-Josed-Beer-2-scaled.jpg\" \/>\n\t<meta property=\"og:image:width\" content=\"2560\" \/>\n\t<meta property=\"og:image:height\" content=\"1920\" \/>\n\t<meta property=\"og:image:type\" content=\"image\/jpeg\" \/>\n<meta name=\"author\" content=\"Sarah Stadlauer\" \/>\n<meta name=\"twitter:card\" content=\"summary_large_image\" \/>\n<meta name=\"twitter:label1\" content=\"Written by\" \/>\n\t<meta name=\"twitter:data1\" content=\"Sarah Stadlauer\" \/>\n<script type=\"application\/ld+json\" class=\"yoast-schema-graph\">{\"@context\":\"https:\/\/schema.org\",\"@graph\":[{\"@type\":\"Article\",\"@id\":\"https:\/\/stiftadmont.at\/blog\/silbernes-professjubilaeum-p-johannes-aichinger\/#article\",\"isPartOf\":{\"@id\":\"https:\/\/stiftadmont.at\/blog\/silbernes-professjubilaeum-p-johannes-aichinger\/\"},\"author\":{\"name\":\"Sarah Stadlauer\",\"@id\":\"https:\/\/stiftadmont.at\/#\/schema\/person\/b3a90b1a2f72566cf3c755db08bd829d\"},\"headline\":\"Silbernes Professjubil\u00e4um P. Johannes Aichinger\",\"datePublished\":\"2024-09-05T06:33:34+00:00\",\"dateModified\":\"2024-10-21T08:11:58+00:00\",\"mainEntityOfPage\":{\"@id\":\"https:\/\/stiftadmont.at\/blog\/silbernes-professjubilaeum-p-johannes-aichinger\/\"},\"wordCount\":6,\"image\":{\"@id\":\"https:\/\/stiftadmont.at\/blog\/silbernes-professjubilaeum-p-johannes-aichinger\/#primaryimage\"},\"thumbnailUrl\":\"https:\/\/stiftadmont.at\/wp-content\/uploads\/Professjubilaeum-P.-Johannes-4.9.24-c-Frater-Josed-Beer-2-scaled.jpg\",\"articleSection\":[\"Kloster aktuell\"],\"inLanguage\":\"sl-SI\"},{\"@type\":\"WebPage\",\"@id\":\"https:\/\/stiftadmont.at\/blog\/silbernes-professjubilaeum-p-johannes-aichinger\/\",\"url\":\"https:\/\/stiftadmont.at\/blog\/silbernes-professjubilaeum-p-johannes-aichinger\/\",\"name\":\"Silbernes Professjubil\u00e4um P. Johannes Aichinger - Stift Admont\",\"isPartOf\":{\"@id\":\"https:\/\/stiftadmont.at\/#website\"},\"primaryImageOfPage\":{\"@id\":\"https:\/\/stiftadmont.at\/blog\/silbernes-professjubilaeum-p-johannes-aichinger\/#primaryimage\"},\"image\":{\"@id\":\"https:\/\/stiftadmont.at\/blog\/silbernes-professjubilaeum-p-johannes-aichinger\/#primaryimage\"},\"thumbnailUrl\":\"https:\/\/stiftadmont.at\/wp-content\/uploads\/Professjubilaeum-P.-Johannes-4.9.24-c-Frater-Josed-Beer-2-scaled.jpg\",\"datePublished\":\"2024-09-05T06:33:34+00:00\",\"dateModified\":\"2024-10-21T08:11:58+00:00\",\"author\":{\"@id\":\"https:\/\/stiftadmont.at\/#\/schema\/person\/b3a90b1a2f72566cf3c755db08bd829d\"},\"description\":\"Lesen Sie aktuelle Informationen zum Thema Silbernes Professjubil\u00e4um P. Johannes Aichinger und vieles mehr aus dem Konvent und der Pfarre Admont.\",\"breadcrumb\":{\"@id\":\"https:\/\/stiftadmont.at\/blog\/silbernes-professjubilaeum-p-johannes-aichinger\/#breadcrumb\"},\"inLanguage\":\"sl-SI\",\"potentialAction\":[{\"@type\":\"ReadAction\",\"target\":[\"https:\/\/stiftadmont.at\/blog\/silbernes-professjubilaeum-p-johannes-aichinger\/\"]}]},{\"@type\":\"ImageObject\",\"inLanguage\":\"sl-SI\",\"@id\":\"https:\/\/stiftadmont.at\/blog\/silbernes-professjubilaeum-p-johannes-aichinger\/#primaryimage\",\"url\":\"https:\/\/stiftadmont.at\/wp-content\/uploads\/Professjubilaeum-P.-Johannes-4.9.24-c-Frater-Josed-Beer-2-scaled.jpg\",\"contentUrl\":\"https:\/\/stiftadmont.at\/wp-content\/uploads\/Professjubilaeum-P.-Johannes-4.9.24-c-Frater-Josed-Beer-2-scaled.jpg\",\"width\":2560,\"height\":1920,\"caption\":\"Professjubil\u00e4um P. Johannes 4.9.24 (c) Frater Josed Beer (2)\"},{\"@type\":\"BreadcrumbList\",\"@id\":\"https:\/\/stiftadmont.at\/blog\/silbernes-professjubilaeum-p-johannes-aichinger\/#breadcrumb\",\"itemListElement\":[{\"@type\":\"ListItem\",\"position\":1,\"name\":\"Start\",\"item\":\"https:\/\/stiftadmont.at\/\"},{\"@type\":\"ListItem\",\"position\":2,\"name\":\"Silbernes Professjubil\u00e4um P. Johannes Aichinger\"}]},{\"@type\":\"WebSite\",\"@id\":\"https:\/\/stiftadmont.at\/#website\",\"url\":\"https:\/\/stiftadmont.at\/\",\"name\":\"Stift Admont\",\"description\":\"Benediktinerkloster und Sehensw\u00fcrdigkeit im Ges\u00e4use\",\"potentialAction\":[{\"@type\":\"SearchAction\",\"target\":{\"@type\":\"EntryPoint\",\"urlTemplate\":\"https:\/\/stiftadmont.at\/?s={search_term_string}\"},\"query-input\":{\"@type\":\"PropertyValueSpecification\",\"valueRequired\":true,\"valueName\":\"search_term_string\"}}],\"inLanguage\":\"sl-SI\"},{\"@type\":\"Person\",\"@id\":\"https:\/\/stiftadmont.at\/#\/schema\/person\/b3a90b1a2f72566cf3c755db08bd829d\",\"name\":\"Sarah Stadlauer\"}]}<\/script>\n<!-- \/ Yoast SEO Premium plugin. -->","yoast_head_json":{"title":"Srebrni jubilej poklica p. Johannesa Aichingerja - opatija Admont","description":"Preberite najnovej\u0161e informacije o srebrnem jubileju p. Johannesa Aichingerja in \u0161e veliko ve\u010d iz samostana in \u017eupnije Admont.","robots":{"index":"index","follow":"follow","max-snippet":"max-snippet:-1","max-image-preview":"max-image-preview:large","max-video-preview":"max-video-preview:-1"},"canonical":"https:\/\/stiftadmont.at\/sl\/blog\/srebrni-jubilej-profesorstva-p-johannesa-aichingerja\/","og_locale":"sl_SI","og_type":"article","og_title":"Silbernes Professjubil\u00e4um P. Johannes Aichinger","og_description":"Lesen Sie aktuelle Informationen zum Thema Silbernes Professjubil\u00e4um P. Johannes Aichinger und vieles mehr aus dem Konvent und der Pfarre Admont.","og_url":"https:\/\/stiftadmont.at\/sl\/blog\/srebrni-jubilej-profesorstva-p-johannesa-aichingerja\/","og_site_name":"Stift Admont","article_published_time":"2024-09-05T06:33:34+00:00","article_modified_time":"2024-10-21T08:11:58+00:00","og_image":[{"width":2560,"height":1920,"url":"https:\/\/stiftadmont.at\/wp-content\/uploads\/Professjubilaeum-P.-Johannes-4.9.24-c-Frater-Josed-Beer-2-scaled.jpg","type":"image\/jpeg"}],"author":"Sarah Stadlauer","twitter_card":"summary_large_image","twitter_misc":{"Written by":"Sarah Stadlauer"},"schema":{"@context":"https:\/\/schema.org","@graph":[{"@type":"Article","@id":"https:\/\/stiftadmont.at\/blog\/silbernes-professjubilaeum-p-johannes-aichinger\/#article","isPartOf":{"@id":"https:\/\/stiftadmont.at\/blog\/silbernes-professjubilaeum-p-johannes-aichinger\/"},"author":{"name":"Sarah Stadlauer","@id":"https:\/\/stiftadmont.at\/#\/schema\/person\/b3a90b1a2f72566cf3c755db08bd829d"},"headline":"Silbernes Professjubil\u00e4um P. Johannes Aichinger","datePublished":"2024-09-05T06:33:34+00:00","dateModified":"2024-10-21T08:11:58+00:00","mainEntityOfPage":{"@id":"https:\/\/stiftadmont.at\/blog\/silbernes-professjubilaeum-p-johannes-aichinger\/"},"wordCount":6,"image":{"@id":"https:\/\/stiftadmont.at\/blog\/silbernes-professjubilaeum-p-johannes-aichinger\/#primaryimage"},"thumbnailUrl":"https:\/\/stiftadmont.at\/wp-content\/uploads\/Professjubilaeum-P.-Johannes-4.9.24-c-Frater-Josed-Beer-2-scaled.jpg","articleSection":["Kloster aktuell"],"inLanguage":"sl-SI"},{"@type":"WebPage","@id":"https:\/\/stiftadmont.at\/blog\/silbernes-professjubilaeum-p-johannes-aichinger\/","url":"https:\/\/stiftadmont.at\/blog\/silbernes-professjubilaeum-p-johannes-aichinger\/","name":"Srebrni jubilej poklica p. Johannesa Aichingerja - opatija Admont","isPartOf":{"@id":"https:\/\/stiftadmont.at\/#website"},"primaryImageOfPage":{"@id":"https:\/\/stiftadmont.at\/blog\/silbernes-professjubilaeum-p-johannes-aichinger\/#primaryimage"},"image":{"@id":"https:\/\/stiftadmont.at\/blog\/silbernes-professjubilaeum-p-johannes-aichinger\/#primaryimage"},"thumbnailUrl":"https:\/\/stiftadmont.at\/wp-content\/uploads\/Professjubilaeum-P.-Johannes-4.9.24-c-Frater-Josed-Beer-2-scaled.jpg","datePublished":"2024-09-05T06:33:34+00:00","dateModified":"2024-10-21T08:11:58+00:00","author":{"@id":"https:\/\/stiftadmont.at\/#\/schema\/person\/b3a90b1a2f72566cf3c755db08bd829d"},"description":"Preberite najnovej\u0161e informacije o srebrnem jubileju p. Johannesa Aichingerja in \u0161e veliko ve\u010d iz samostana in \u017eupnije Admont.","breadcrumb":{"@id":"https:\/\/stiftadmont.at\/blog\/silbernes-professjubilaeum-p-johannes-aichinger\/#breadcrumb"},"inLanguage":"sl-SI","potentialAction":[{"@type":"ReadAction","target":["https:\/\/stiftadmont.at\/blog\/silbernes-professjubilaeum-p-johannes-aichinger\/"]}]},{"@type":"ImageObject","inLanguage":"sl-SI","@id":"https:\/\/stiftadmont.at\/blog\/silbernes-professjubilaeum-p-johannes-aichinger\/#primaryimage","url":"https:\/\/stiftadmont.at\/wp-content\/uploads\/Professjubilaeum-P.-Johannes-4.9.24-c-Frater-Josed-Beer-2-scaled.jpg","contentUrl":"https:\/\/stiftadmont.at\/wp-content\/uploads\/Professjubilaeum-P.-Johannes-4.9.24-c-Frater-Josed-Beer-2-scaled.jpg","width":2560,"height":1920,"caption":"Professjubil\u00e4um P. Johannes 4.9.24 (c) Frater Josed Beer (2)"},{"@type":"BreadcrumbList","@id":"https:\/\/stiftadmont.at\/blog\/silbernes-professjubilaeum-p-johannes-aichinger\/#breadcrumb","itemListElement":[{"@type":"ListItem","position":1,"name":"Start","item":"https:\/\/stiftadmont.at\/"},{"@type":"ListItem","position":2,"name":"Silbernes Professjubil\u00e4um P. Johannes Aichinger"}]},{"@type":"WebSite","@id":"https:\/\/stiftadmont.at\/#website","url":"https:\/\/stiftadmont.at\/","name":"Opatija Admont","description":"Benediktinski samostan in turisti\u010dna znamenitost v Ges\u00e4use","potentialAction":[{"@type":"SearchAction","target":{"@type":"EntryPoint","urlTemplate":"https:\/\/stiftadmont.at\/?s={search_term_string}"},"query-input":{"@type":"PropertyValueSpecification","valueRequired":true,"valueName":"search_term_string"}}],"inLanguage":"sl-SI"},{"@type":"Person","@id":"https:\/\/stiftadmont.at\/#\/schema\/person\/b3a90b1a2f72566cf3c755db08bd829d","name":"Sarah Stadlauer"}]}},"_links":{"self":[{"href":"https:\/\/stiftadmont.at\/sl\/wp-json\/wp\/v2\/posts\/30160","targetHints":{"allow":["GET"]}}],"collection":[{"href":"https:\/\/stiftadmont.at\/sl\/wp-json\/wp\/v2\/posts"}],"about":[{"href":"https:\/\/stiftadmont.at\/sl\/wp-json\/wp\/v2\/types\/post"}],"author":[{"embeddable":true,"href":"https:\/\/stiftadmont.at\/sl\/wp-json\/wp\/v2\/users\/20"}],"replies":[{"embeddable":true,"href":"https:\/\/stiftadmont.at\/sl\/wp-json\/wp\/v2\/comments?post=30160"}],"version-history":[{"count":4,"href":"https:\/\/stiftadmont.at\/sl\/wp-json\/wp\/v2\/posts\/30160\/revisions"}],"predecessor-version":[{"id":30731,"href":"https:\/\/stiftadmont.at\/sl\/wp-json\/wp\/v2\/posts\/30160\/revisions\/30731"}],"wp:featuredmedia":[{"embeddable":true,"href":"https:\/\/stiftadmont.at\/sl\/wp-json\/wp\/v2\/media\/30162"}],"wp:attachment":[{"href":"https:\/\/stiftadmont.at\/sl\/wp-json\/wp\/v2\/media?parent=30160"}],"wp:term":[{"taxonomy":"category","embeddable":true,"href":"https:\/\/stiftadmont.at\/sl\/wp-json\/wp\/v2\/categories?post=30160"}],"curies":[{"name":"wp","href":"https:\/\/api.w.org\/{rel}","templated":true}]}}