{"id":30771,"date":"2024-10-29T16:57:01","date_gmt":"2024-10-29T14:57:01","guid":{"rendered":"https:\/\/stiftadmont.at\/?p=30771"},"modified":"2024-10-30T13:02:02","modified_gmt":"2024-10-30T11:02:02","slug":"prednostno-srecanje-2024","status":"publish","type":"post","link":"https:\/\/stiftadmont.at\/sl\/blog\/priorentreffen-2024\/","title":{"rendered":"Prednostno sre\u010danje 2024"},"content":{"rendered":"<section id='lightpress__section--block_2b45cd5095f9011459e5bd8600065ee0' class='lightpress__section--default-section-space lightpress__section lightpress__section--content'><div class=\"content__inner\"\n         x-init=\"initContentBlockAnim($el)\">\n        \n    <div class=\"content__grid content__grid\">\n        \n                    \n            <\/div>\n<\/div>\n\n<\/section>\n\n<section id='lightpress__section--block_31afce31e2051dea8f0e5bc1ba1e821e' class='lightpress__section lightpress__section--spacer lightpress__section-- lightpress__section--'><div style=\"margin-bottom: 100px\">\n    <\/div><\/section>\n\n<section id='lightpress__section--block_5211159a91606e73c278e9ca9ca5d7fa' class='lightpress__section--default-section-space lightpress__section lightpress__section--content'><div class=\"content__inner\"\n         x-init=\"initContentBlockAnim($el)\">\n        \n    <div class=\"content__grid content__grid--sixty-forty\">\n                                            <div class=\"content__box content__box\"\n                 style=\"\">\n                                \n                \n                                            <div class=\"prose\"><h2 class=\"heading-xxl line line--gold\">Prednostno sre\u010danje v Admontu<\/h2>\n<p>\u00a0<\/p>\n<p><strong>29. oktober 2024<\/strong><\/p>\n<p>\u00a0<\/p>\n<p>V Admontu so se na vsakoletnem sre\u010danju izmenjave sre\u010dali priorji avstrijskih benediktinskih samostanov. Opat Gerhard je pozdravil predstojnike opatij Kremsm\u00fcnster, Altenburg, Melk, G\u00f6ttweig, Lambach, St Lambrecht, Michaelbeuern, Admont in podpredstojnico Marijo Roggendorf.<\/p>\n<\/div>\n                    \n                            <\/div>\n        \n                                                    <div class=\"content__box content__box--2\"\n                     >\n                                        \n                    \n                                                <div class=\"content__media stickyTo\" x-init=\"imageSticky($el)\">\n\n                                                                                    <picture\n                                    class=\"content__image sticky\">\n                                <source srcset=\"https:\/\/stiftadmont.at\/wp-content\/uploads\/Priorentreffen-1-768x1024.webp\" type=\"image\/webp\">\n                                <source srcset=\"https:\/\/stiftadmont.at\/wp-content\/uploads\/Priorentreffen-1-768x1024.jpg\" type=\"image\/jpeg\">\n                                <img decoding=\"async\" class=\"sticky\" loading=\"lazy\" src=\"https:\/\/stiftadmont.at\/wp-content\/uploads\/Priorentreffen-1-768x1024.jpg\" alt=\"Predhodno sre\u010danje 1\" \/>\n\n                                                                                                                            <\/picture>\n\n                        <\/div>\n\n                                    <\/div>\n            \n            <\/div>\n<\/div>\n\n<\/section>\n\n<section id='lightpress__section--block_334d7a0b72bf3baa297e2c793be7ca14' class='lightpress__section--default-section-space lightpress__section lightpress__section--content'><div class=\"content__inner\"\n         x-init=\"initContentBlockAnim($el)\">\n        \n    <div class=\"content__grid content__grid\">\n                                            <div class=\"content__box content__box--one-hundred\"\n                 style=\"\">\n                                \n                \n                                            <div class=\"prose\"><\/div>\n                    \n                            <\/div>\n        \n            <\/div>\n<\/div>\n\n<\/section>","protected":false},"excerpt":{"rendered":"<p>V Admontu so se na vsakoletnem sre\u010danju izmenjave sre\u010dali priorji avstrijskih benediktinskih samostanov. Opat Gerhard je pozdravil predstojnike opatij Kremsm\u00fcnster, Altenburg, Melk, G\u00f6ttweig, Lambach, St Lambrecht, Michaelbeuern, Admont in podpredstojnico Marijo Roggendorf.<\/p>","protected":false},"author":23,"featured_media":30790,"comment_status":"closed","ping_status":"closed","sticky":false,"template":"","format":"standard","meta":{"_acf_changed":false,"footnotes":""},"categories":[22],"class_list":["post-30771","post","type-post","status-publish","format-standard","has-post-thumbnail","hentry","category-kloster-aktuell"],"acf":[],"yoast_head":"<!-- This site is optimized with the Yoast SEO Premium plugin v26.0 (Yoast SEO v26.8) - https:\/\/yoast.com\/product\/yoast-seo-premium-wordpress\/ -->\n<title>Priorentreffen 2024 - Stift Admont<\/title>\n<meta name=\"description\" content=\"Lesen Sie aktuelle Informationen zum Thema Priorentreffen 2024 und vieles mehr aus dem Konvent und der Pfarre Admont.\" \/>\n<meta name=\"robots\" content=\"index, follow, max-snippet:-1, max-image-preview:large, max-video-preview:-1\" \/>\n<link rel=\"canonical\" href=\"https:\/\/stiftadmont.at\/sl\/blog\/prednostno-srecanje-2024\/\" \/>\n<meta property=\"og:locale\" content=\"sl_SI\" \/>\n<meta property=\"og:type\" content=\"article\" \/>\n<meta property=\"og:title\" content=\"Priorentreffen 2024\" \/>\n<meta property=\"og:description\" content=\"Lesen Sie aktuelle Informationen zum Thema Priorentreffen 2024 und vieles mehr aus dem Konvent und der Pfarre Admont.\" \/>\n<meta property=\"og:url\" content=\"https:\/\/stiftadmont.at\/sl\/blog\/prednostno-srecanje-2024\/\" \/>\n<meta property=\"og:site_name\" content=\"Stift Admont\" \/>\n<meta property=\"article:published_time\" content=\"2024-10-29T14:57:01+00:00\" \/>\n<meta property=\"article:modified_time\" content=\"2024-10-30T11:02:02+00:00\" \/>\n<meta property=\"og:image\" content=\"https:\/\/stiftadmont.at\/wp-content\/uploads\/Priorentreffen-2.jpg\" \/>\n\t<meta property=\"og:image:width\" content=\"1600\" \/>\n\t<meta property=\"og:image:height\" content=\"1200\" \/>\n\t<meta property=\"og:image:type\" content=\"image\/jpeg\" \/>\n<meta name=\"author\" content=\"P. Matth\u00e4us Cassian Konieczny\" \/>\n<meta name=\"twitter:card\" content=\"summary_large_image\" \/>\n<meta name=\"twitter:label1\" content=\"Written by\" \/>\n\t<meta name=\"twitter:data1\" content=\"P. Matth\u00e4us Cassian Konieczny\" \/>\n<script type=\"application\/ld+json\" class=\"yoast-schema-graph\">{\"@context\":\"https:\/\/schema.org\",\"@graph\":[{\"@type\":\"Article\",\"@id\":\"https:\/\/stiftadmont.at\/blog\/priorentreffen-2024\/#article\",\"isPartOf\":{\"@id\":\"https:\/\/stiftadmont.at\/blog\/priorentreffen-2024\/\"},\"author\":{\"name\":\"P. Matth\u00e4us Cassian Konieczny\",\"@id\":\"https:\/\/stiftadmont.at\/#\/schema\/person\/cdbea36a4aa000296d26a410e2228dce\"},\"headline\":\"Priorentreffen 2024\",\"datePublished\":\"2024-10-29T14:57:01+00:00\",\"dateModified\":\"2024-10-30T11:02:02+00:00\",\"mainEntityOfPage\":{\"@id\":\"https:\/\/stiftadmont.at\/blog\/priorentreffen-2024\/\"},\"wordCount\":1,\"image\":{\"@id\":\"https:\/\/stiftadmont.at\/blog\/priorentreffen-2024\/#primaryimage\"},\"thumbnailUrl\":\"https:\/\/stiftadmont.at\/wp-content\/uploads\/Priorentreffen-2.jpg\",\"articleSection\":[\"Kloster aktuell\"],\"inLanguage\":\"sl-SI\"},{\"@type\":\"WebPage\",\"@id\":\"https:\/\/stiftadmont.at\/blog\/priorentreffen-2024\/\",\"url\":\"https:\/\/stiftadmont.at\/blog\/priorentreffen-2024\/\",\"name\":\"Priorentreffen 2024 - Stift Admont\",\"isPartOf\":{\"@id\":\"https:\/\/stiftadmont.at\/#website\"},\"primaryImageOfPage\":{\"@id\":\"https:\/\/stiftadmont.at\/blog\/priorentreffen-2024\/#primaryimage\"},\"image\":{\"@id\":\"https:\/\/stiftadmont.at\/blog\/priorentreffen-2024\/#primaryimage\"},\"thumbnailUrl\":\"https:\/\/stiftadmont.at\/wp-content\/uploads\/Priorentreffen-2.jpg\",\"datePublished\":\"2024-10-29T14:57:01+00:00\",\"dateModified\":\"2024-10-30T11:02:02+00:00\",\"author\":{\"@id\":\"https:\/\/stiftadmont.at\/#\/schema\/person\/cdbea36a4aa000296d26a410e2228dce\"},\"description\":\"Lesen Sie aktuelle Informationen zum Thema Priorentreffen 2024 und vieles mehr aus dem Konvent und der Pfarre Admont.\",\"breadcrumb\":{\"@id\":\"https:\/\/stiftadmont.at\/blog\/priorentreffen-2024\/#breadcrumb\"},\"inLanguage\":\"sl-SI\",\"potentialAction\":[{\"@type\":\"ReadAction\",\"target\":[\"https:\/\/stiftadmont.at\/blog\/priorentreffen-2024\/\"]}]},{\"@type\":\"ImageObject\",\"inLanguage\":\"sl-SI\",\"@id\":\"https:\/\/stiftadmont.at\/blog\/priorentreffen-2024\/#primaryimage\",\"url\":\"https:\/\/stiftadmont.at\/wp-content\/uploads\/Priorentreffen-2.jpg\",\"contentUrl\":\"https:\/\/stiftadmont.at\/wp-content\/uploads\/Priorentreffen-2.jpg\",\"width\":1600,\"height\":1200,\"caption\":\"Priorentreffen 2\"},{\"@type\":\"BreadcrumbList\",\"@id\":\"https:\/\/stiftadmont.at\/blog\/priorentreffen-2024\/#breadcrumb\",\"itemListElement\":[{\"@type\":\"ListItem\",\"position\":1,\"name\":\"Start\",\"item\":\"https:\/\/stiftadmont.at\/\"},{\"@type\":\"ListItem\",\"position\":2,\"name\":\"Priorentreffen 2024\"}]},{\"@type\":\"WebSite\",\"@id\":\"https:\/\/stiftadmont.at\/#website\",\"url\":\"https:\/\/stiftadmont.at\/\",\"name\":\"Stift Admont\",\"description\":\"Benediktinerkloster und Sehensw\u00fcrdigkeit im Ges\u00e4use\",\"potentialAction\":[{\"@type\":\"SearchAction\",\"target\":{\"@type\":\"EntryPoint\",\"urlTemplate\":\"https:\/\/stiftadmont.at\/?s={search_term_string}\"},\"query-input\":{\"@type\":\"PropertyValueSpecification\",\"valueRequired\":true,\"valueName\":\"search_term_string\"}}],\"inLanguage\":\"sl-SI\"},{\"@type\":\"Person\",\"@id\":\"https:\/\/stiftadmont.at\/#\/schema\/person\/cdbea36a4aa000296d26a410e2228dce\",\"name\":\"P. Matth\u00e4us Cassian Konieczny\"}]}<\/script>\n<!-- \/ Yoast SEO Premium plugin. -->","yoast_head_json":{"title":"Sre\u010danje predstojnikov 2024 - opatija Admont","description":"Preberite najnovej\u0161e informacije na temo sre\u010danja predstojnikov 2024 in \u0161e veliko ve\u010d iz samostana in \u017eupnije Admont.","robots":{"index":"index","follow":"follow","max-snippet":"max-snippet:-1","max-image-preview":"max-image-preview:large","max-video-preview":"max-video-preview:-1"},"canonical":"https:\/\/stiftadmont.at\/sl\/blog\/prednostno-srecanje-2024\/","og_locale":"sl_SI","og_type":"article","og_title":"Priorentreffen 2024","og_description":"Lesen Sie aktuelle Informationen zum Thema Priorentreffen 2024 und vieles mehr aus dem Konvent und der Pfarre Admont.","og_url":"https:\/\/stiftadmont.at\/sl\/blog\/prednostno-srecanje-2024\/","og_site_name":"Stift Admont","article_published_time":"2024-10-29T14:57:01+00:00","article_modified_time":"2024-10-30T11:02:02+00:00","og_image":[{"width":1600,"height":1200,"url":"https:\/\/stiftadmont.at\/wp-content\/uploads\/Priorentreffen-2.jpg","type":"image\/jpeg"}],"author":"P. Matth\u00e4us Cassian Konieczny","twitter_card":"summary_large_image","twitter_misc":{"Written by":"P. Matth\u00e4us Cassian Konieczny"},"schema":{"@context":"https:\/\/schema.org","@graph":[{"@type":"Article","@id":"https:\/\/stiftadmont.at\/blog\/priorentreffen-2024\/#article","isPartOf":{"@id":"https:\/\/stiftadmont.at\/blog\/priorentreffen-2024\/"},"author":{"name":"P. Matth\u00e4us Cassian Konieczny","@id":"https:\/\/stiftadmont.at\/#\/schema\/person\/cdbea36a4aa000296d26a410e2228dce"},"headline":"Priorentreffen 2024","datePublished":"2024-10-29T14:57:01+00:00","dateModified":"2024-10-30T11:02:02+00:00","mainEntityOfPage":{"@id":"https:\/\/stiftadmont.at\/blog\/priorentreffen-2024\/"},"wordCount":1,"image":{"@id":"https:\/\/stiftadmont.at\/blog\/priorentreffen-2024\/#primaryimage"},"thumbnailUrl":"https:\/\/stiftadmont.at\/wp-content\/uploads\/Priorentreffen-2.jpg","articleSection":["Kloster aktuell"],"inLanguage":"sl-SI"},{"@type":"WebPage","@id":"https:\/\/stiftadmont.at\/blog\/priorentreffen-2024\/","url":"https:\/\/stiftadmont.at\/blog\/priorentreffen-2024\/","name":"Sre\u010danje predstojnikov 2024 - opatija Admont","isPartOf":{"@id":"https:\/\/stiftadmont.at\/#website"},"primaryImageOfPage":{"@id":"https:\/\/stiftadmont.at\/blog\/priorentreffen-2024\/#primaryimage"},"image":{"@id":"https:\/\/stiftadmont.at\/blog\/priorentreffen-2024\/#primaryimage"},"thumbnailUrl":"https:\/\/stiftadmont.at\/wp-content\/uploads\/Priorentreffen-2.jpg","datePublished":"2024-10-29T14:57:01+00:00","dateModified":"2024-10-30T11:02:02+00:00","author":{"@id":"https:\/\/stiftadmont.at\/#\/schema\/person\/cdbea36a4aa000296d26a410e2228dce"},"description":"Preberite najnovej\u0161e informacije na temo sre\u010danja predstojnikov 2024 in \u0161e veliko ve\u010d iz samostana in \u017eupnije Admont.","breadcrumb":{"@id":"https:\/\/stiftadmont.at\/blog\/priorentreffen-2024\/#breadcrumb"},"inLanguage":"sl-SI","potentialAction":[{"@type":"ReadAction","target":["https:\/\/stiftadmont.at\/blog\/priorentreffen-2024\/"]}]},{"@type":"ImageObject","inLanguage":"sl-SI","@id":"https:\/\/stiftadmont.at\/blog\/priorentreffen-2024\/#primaryimage","url":"https:\/\/stiftadmont.at\/wp-content\/uploads\/Priorentreffen-2.jpg","contentUrl":"https:\/\/stiftadmont.at\/wp-content\/uploads\/Priorentreffen-2.jpg","width":1600,"height":1200,"caption":"Priorentreffen 2"},{"@type":"BreadcrumbList","@id":"https:\/\/stiftadmont.at\/blog\/priorentreffen-2024\/#breadcrumb","itemListElement":[{"@type":"ListItem","position":1,"name":"Start","item":"https:\/\/stiftadmont.at\/"},{"@type":"ListItem","position":2,"name":"Priorentreffen 2024"}]},{"@type":"WebSite","@id":"https:\/\/stiftadmont.at\/#website","url":"https:\/\/stiftadmont.at\/","name":"Opatija Admont","description":"Benediktinski samostan in turisti\u010dna znamenitost v Ges\u00e4use","potentialAction":[{"@type":"SearchAction","target":{"@type":"EntryPoint","urlTemplate":"https:\/\/stiftadmont.at\/?s={search_term_string}"},"query-input":{"@type":"PropertyValueSpecification","valueRequired":true,"valueName":"search_term_string"}}],"inLanguage":"sl-SI"},{"@type":"Person","@id":"https:\/\/stiftadmont.at\/#\/schema\/person\/cdbea36a4aa000296d26a410e2228dce","name":"P. Matthew Cassian Konieczny"}]}},"_links":{"self":[{"href":"https:\/\/stiftadmont.at\/sl\/wp-json\/wp\/v2\/posts\/30771","targetHints":{"allow":["GET"]}}],"collection":[{"href":"https:\/\/stiftadmont.at\/sl\/wp-json\/wp\/v2\/posts"}],"about":[{"href":"https:\/\/stiftadmont.at\/sl\/wp-json\/wp\/v2\/types\/post"}],"author":[{"embeddable":true,"href":"https:\/\/stiftadmont.at\/sl\/wp-json\/wp\/v2\/users\/23"}],"replies":[{"embeddable":true,"href":"https:\/\/stiftadmont.at\/sl\/wp-json\/wp\/v2\/comments?post=30771"}],"version-history":[{"count":12,"href":"https:\/\/stiftadmont.at\/sl\/wp-json\/wp\/v2\/posts\/30771\/revisions"}],"predecessor-version":[{"id":30850,"href":"https:\/\/stiftadmont.at\/sl\/wp-json\/wp\/v2\/posts\/30771\/revisions\/30850"}],"wp:featuredmedia":[{"embeddable":true,"href":"https:\/\/stiftadmont.at\/sl\/wp-json\/wp\/v2\/media\/30790"}],"wp:attachment":[{"href":"https:\/\/stiftadmont.at\/sl\/wp-json\/wp\/v2\/media?parent=30771"}],"wp:term":[{"taxonomy":"category","embeddable":true,"href":"https:\/\/stiftadmont.at\/sl\/wp-json\/wp\/v2\/categories?post=30771"}],"curies":[{"name":"wp","href":"https:\/\/api.w.org\/{rel}","templated":true}]}}