{"id":34676,"date":"2025-04-29T11:16:48","date_gmt":"2025-04-29T09:16:48","guid":{"rendered":"https:\/\/stiftadmont.at\/?p=34676"},"modified":"2025-04-29T15:03:59","modified_gmt":"2025-04-29T13:03:59","slug":"trg-specialitet","status":"publish","type":"post","link":"https:\/\/stiftadmont.at\/sl\/blog\/spezialitatenmarkt\/","title":{"rendered":"Tr\u017enica specialitet Ges\u00e4use v opatiji Admont"},"content":{"rendered":"<section id='lightpress__section--block_30890f3b08f2b302b35c286b18f29c02' class='lightpress__section--default-section-space lightpress__section lightpress__section--content'><div class=\"content__inner\"\n         x-init=\"initContentBlockAnim($el)\">\n        \n    <div class=\"content__grid content__grid\">\n                                            <div class=\"content__box content__box--one-hundred\"\n                 style=\"\">\n                                \n                \n                                            <div class=\"prose\"><h5 class=\"heading-m line line-above line--gold\"><span data-mce-type=\"bookmark\" style=\"display: inline-block; width: 0px; overflow: hidden; line-height: 0;\" class=\"mce_SELRES_start\"><\/span>Specialna tr\u017enica v opatiji Admont<\/h5>\n<p>\u00a0<\/p>\n<p class=\"paragraph-m\">Kot naslednik samostanskih tr\u017enih dni je opatija Admont v sodelovanju s samostansko kletjo za\u010dela tr\u017enico specialitet Ges\u00e4use. Glavna razlika v primerjavi s prej\u0161njim velikim dogodkom je, da so v ponudbi izdelki izklju\u010dno iz regije Ges\u00e4use.<\/p>\n<p>\u00a0<\/p>\n<p>Od nagrajenih jabol\u010dnih vin in plemenite divjadi iz Xeisa do pivskega kruha in marcipana: poleg neokrnjene narave edinega \u0161tajerskega narodnega parka in kulturne dedi\u0161\u010dine benediktinskega samostana Admont ima Ges\u00e4use veliko za ponuditi tudi na kulinari\u010dnem podro\u010dju. Tipi\u010dne regionalne dobrote in lokalna \u017eivila v prihodnje ne bodo na voljo le v kme\u010dkih in izbranih trgovinah, temve\u010d tudi na posebni tr\u017enici Ges\u00e4use. Prednost: \"\u010ce boste \u017eeleli kupiti regionalne pridelke, vam ne bo treba ve\u010d potovati od enega proizvajalca do drugega, saj bo posebna tr\u017enica Ges\u00e4use na enem mestu ponujala vso raznolikost regije,\" pravi Mario Brandm\u00fcller, vodja oddelka za kulturo, turizem in odnose z javnostmi v opatiji Admont.<\/p>\n<p>\u00a0<\/p>\n<\/div>\n                    \n                            <\/div>\n        \n            <\/div>\n<\/div>\n\n<\/section>\n\n<section id='lightpress__section--block_dbad5e74b11dab9eac50b4a974bcc307' class='bg--beige lightpress__section--colored-bg lightpress__section--default-section-space lightpress__section lightpress__section--content'><div class=\"content__inner\"\n         x-init=\"initContentBlockAnim($el)\">\n        \n    <div class=\"content__grid content__grid\">\n                                            <div class=\"content__box content__box--one-hundred\"\n                 style=\"\">\n                                \n                \n                                            <div class=\"prose\"><h5 class=\"heading-m line line-above line--gold\"><strong>Podpora lokalnim proizvajalcem<\/strong><\/h5>\n<p>\u00a0<\/p>\n<p>Tr\u017enica posebnosti Ges\u00e4use je zelo zahtevna, saj je neposredna naslednica tradicionalnih samostanskih tr\u017enih dni, ki so se zadnji\u010d odvijali lani. Kljub uspehu velikega vsakoletnega dogodka je bila odlo\u010ditev za uvedbo novega formata zelo zavestna, pravi Brandm\u00fcller: \"S tr\u017enico Ges\u00e4use Speciality Market prvi\u010d ustvarjamo prilo\u017enost za podporo izklju\u010dno lokalnim proizvajalcem pri njihovem neposrednem tr\u017eenju.\" To tudi pomeni, da \"specialitete Ges\u00e4use postajajo bolj znane - tako v tej dr\u017eavi kot zunaj nje\", kot poudarja Ulrich Matlschweiger iz Stiftskellerja.<\/p>\n<\/div>\n                    \n                            <\/div>\n        \n            <\/div>\n<\/div>\n\n    <div class=\"background__container background__container--beige\">\n    <\/div>\n\n<\/section>\n\n<section id='lightpress__section--block_b27423e4d3b9336b1b5c5de244ac04eb' class='lightpress__section--default-section-space lightpress__section lightpress__section--content'><div class=\"content__inner\"\n         x-init=\"initContentBlockAnim($el)\">\n        \n    <div class=\"content__grid content__grid\">\n                                            <div class=\"content__box content__box--one-hundred\"\n                 style=\"\">\n                                \n                \n                                            <div class=\"prose\"><h5 class=\"heading-m line line-above line--gold\">Oblikovanje trajnostne prihodnosti<\/h5>\n<p>\u00a0<\/p>\n<p>Ulrich Matlschweiger meni, da je bistveno, \"da lahko oblikujemo trajnostno prihodnost, \u010de se zavest o lokalni hrani pove\u010duje\", pravi najemnik lokala Stiftskeller in soorganizator novega trga specialitet Ges\u00e4use. Navsezadnje, poudarja Matlschweiger, to ne prispeva le k ohranjanju lokalne kulturne krajine, temve\u010d tudi k ohranjanju tradicionalne obrti in proizvodnje visokokakovostne hrane.<\/p>\n<p>\u00a0<\/p>\n<p><strong>Termini tr\u017enice specialitet Ges\u00e4use: Od maja do septembra vsako prvo soboto v mesecu od 10.00 do 16.00 pri vhodu v rozarij benediktinske opatije Admont.\u00a0<\/strong><\/p>\n<p>\u00a0<\/p>\n<\/div>\n                    \n                            <\/div>\n        \n            <\/div>\n<\/div>\n\n<\/section>","protected":false},"excerpt":{"rendered":"","protected":false},"author":7,"featured_media":29902,"comment_status":"closed","ping_status":"closed","sticky":false,"template":"","format":"standard","meta":{"_acf_changed":false,"footnotes":""},"categories":[23],"class_list":["post-34676","post","type-post","status-publish","format-standard","has-post-thumbnail","hentry","category-einrichtungen-aktuell"],"acf":[],"yoast_head":"<!-- This site is optimized with the Yoast SEO Premium plugin v26.0 (Yoast SEO v26.8) - https:\/\/yoast.com\/product\/yoast-seo-premium-wordpress\/ -->\n<title>Ges\u00e4use Spezialit\u00e4tenmarkt im Stift Admont - Stift Admont<\/title>\n<meta name=\"description\" content=\"Lesen Sie aktuelle Informationen zum Thema Ges\u00e4use Spezialit\u00e4tenmarkt im Stift Admont und vieles mehr aus dem Konvent und der Pfarre Admont.\" \/>\n<meta name=\"robots\" content=\"index, follow, max-snippet:-1, max-image-preview:large, max-video-preview:-1\" \/>\n<link rel=\"canonical\" href=\"https:\/\/stiftadmont.at\/sl\/blog\/trg-specialitet\/\" \/>\n<meta property=\"og:locale\" content=\"sl_SI\" \/>\n<meta property=\"og:type\" content=\"article\" \/>\n<meta property=\"og:title\" content=\"Ges\u00e4use Spezialit\u00e4tenmarkt im Stift Admont\" \/>\n<meta property=\"og:description\" content=\"Lesen Sie aktuelle Informationen zum Thema Ges\u00e4use Spezialit\u00e4tenmarkt im Stift Admont und vieles mehr aus dem Konvent und der Pfarre Admont.\" \/>\n<meta property=\"og:url\" content=\"https:\/\/stiftadmont.at\/sl\/blog\/trg-specialitet\/\" \/>\n<meta property=\"og:site_name\" content=\"Stift Admont\" \/>\n<meta property=\"article:published_time\" content=\"2025-04-29T09:16:48+00:00\" \/>\n<meta property=\"article:modified_time\" content=\"2025-04-29T13:03:59+00:00\" \/>\n<meta property=\"og:image\" content=\"https:\/\/stiftadmont.at\/wp-content\/uploads\/Klostermarkt-2024-cBrunthaler-Tanja_Stift-Admont-25-www-scaled.jpg\" \/>\n\t<meta property=\"og:image:width\" content=\"2560\" \/>\n\t<meta property=\"og:image:height\" content=\"1706\" \/>\n\t<meta property=\"og:image:type\" content=\"image\/jpeg\" \/>\n<meta name=\"author\" content=\"Mario Brandm\u00fcller\" \/>\n<meta name=\"twitter:card\" content=\"summary_large_image\" \/>\n<meta name=\"twitter:label1\" content=\"Written by\" \/>\n\t<meta name=\"twitter:data1\" content=\"Mario Brandm\u00fcller\" \/>\n\t<meta name=\"twitter:label2\" content=\"Est. reading time\" \/>\n\t<meta name=\"twitter:data2\" content=\"1 minuta\" \/>\n<script type=\"application\/ld+json\" class=\"yoast-schema-graph\">{\"@context\":\"https:\/\/schema.org\",\"@graph\":[{\"@type\":\"Article\",\"@id\":\"https:\/\/stiftadmont.at\/blog\/spezialitatenmarkt\/#article\",\"isPartOf\":{\"@id\":\"https:\/\/stiftadmont.at\/blog\/spezialitatenmarkt\/\"},\"author\":{\"name\":\"Mario Brandm\u00fcller\",\"@id\":\"https:\/\/stiftadmont.at\/#\/schema\/person\/30535548b241d5f33a2e8b839db11869\"},\"headline\":\"Ges\u00e4use Spezialit\u00e4tenmarkt im Stift Admont\",\"datePublished\":\"2025-04-29T09:16:48+00:00\",\"dateModified\":\"2025-04-29T13:03:59+00:00\",\"mainEntityOfPage\":{\"@id\":\"https:\/\/stiftadmont.at\/blog\/spezialitatenmarkt\/\"},\"wordCount\":7,\"image\":{\"@id\":\"https:\/\/stiftadmont.at\/blog\/spezialitatenmarkt\/#primaryimage\"},\"thumbnailUrl\":\"https:\/\/stiftadmont.at\/wp-content\/uploads\/Klostermarkt-2024-cBrunthaler-Tanja_Stift-Admont-25-www-scaled.jpg\",\"articleSection\":[\"Einrichtungen aktuell\"],\"inLanguage\":\"sl-SI\"},{\"@type\":\"WebPage\",\"@id\":\"https:\/\/stiftadmont.at\/blog\/spezialitatenmarkt\/\",\"url\":\"https:\/\/stiftadmont.at\/blog\/spezialitatenmarkt\/\",\"name\":\"Ges\u00e4use Spezialit\u00e4tenmarkt im Stift Admont - Stift Admont\",\"isPartOf\":{\"@id\":\"https:\/\/stiftadmont.at\/#website\"},\"primaryImageOfPage\":{\"@id\":\"https:\/\/stiftadmont.at\/blog\/spezialitatenmarkt\/#primaryimage\"},\"image\":{\"@id\":\"https:\/\/stiftadmont.at\/blog\/spezialitatenmarkt\/#primaryimage\"},\"thumbnailUrl\":\"https:\/\/stiftadmont.at\/wp-content\/uploads\/Klostermarkt-2024-cBrunthaler-Tanja_Stift-Admont-25-www-scaled.jpg\",\"datePublished\":\"2025-04-29T09:16:48+00:00\",\"dateModified\":\"2025-04-29T13:03:59+00:00\",\"author\":{\"@id\":\"https:\/\/stiftadmont.at\/#\/schema\/person\/30535548b241d5f33a2e8b839db11869\"},\"description\":\"Lesen Sie aktuelle Informationen zum Thema Ges\u00e4use Spezialit\u00e4tenmarkt im Stift Admont und vieles mehr aus dem Konvent und der Pfarre Admont.\",\"breadcrumb\":{\"@id\":\"https:\/\/stiftadmont.at\/blog\/spezialitatenmarkt\/#breadcrumb\"},\"inLanguage\":\"sl-SI\",\"potentialAction\":[{\"@type\":\"ReadAction\",\"target\":[\"https:\/\/stiftadmont.at\/blog\/spezialitatenmarkt\/\"]}]},{\"@type\":\"ImageObject\",\"inLanguage\":\"sl-SI\",\"@id\":\"https:\/\/stiftadmont.at\/blog\/spezialitatenmarkt\/#primaryimage\",\"url\":\"https:\/\/stiftadmont.at\/wp-content\/uploads\/Klostermarkt-2024-cBrunthaler-Tanja_Stift-Admont-25-www-scaled.jpg\",\"contentUrl\":\"https:\/\/stiftadmont.at\/wp-content\/uploads\/Klostermarkt-2024-cBrunthaler-Tanja_Stift-Admont-25-www-scaled.jpg\",\"width\":2560,\"height\":1706,\"caption\":\"Klostermarkt 2024 (c)Brunthaler Tanja Stift Admont (25) www\"},{\"@type\":\"BreadcrumbList\",\"@id\":\"https:\/\/stiftadmont.at\/blog\/spezialitatenmarkt\/#breadcrumb\",\"itemListElement\":[{\"@type\":\"ListItem\",\"position\":1,\"name\":\"Start\",\"item\":\"https:\/\/stiftadmont.at\/\"},{\"@type\":\"ListItem\",\"position\":2,\"name\":\"Ges\u00e4use Spezialit\u00e4tenmarkt im Stift Admont\"}]},{\"@type\":\"WebSite\",\"@id\":\"https:\/\/stiftadmont.at\/#website\",\"url\":\"https:\/\/stiftadmont.at\/\",\"name\":\"Stift Admont\",\"description\":\"Benediktinerkloster und Sehensw\u00fcrdigkeit im Ges\u00e4use\",\"potentialAction\":[{\"@type\":\"SearchAction\",\"target\":{\"@type\":\"EntryPoint\",\"urlTemplate\":\"https:\/\/stiftadmont.at\/?s={search_term_string}\"},\"query-input\":{\"@type\":\"PropertyValueSpecification\",\"valueRequired\":true,\"valueName\":\"search_term_string\"}}],\"inLanguage\":\"sl-SI\"},{\"@type\":\"Person\",\"@id\":\"https:\/\/stiftadmont.at\/#\/schema\/person\/30535548b241d5f33a2e8b839db11869\",\"name\":\"Mario Brandm\u00fcller\"}]}<\/script>\n<!-- \/ Yoast SEO Premium plugin. -->","yoast_head_json":{"title":"Tr\u017enica specialitet Ges\u00e4use v opatiji Admont - Opatija Admont","description":"Preberite najnovej\u0161e informacije o tr\u017enici specialitet Ges\u00e4use v opatiji Admont in \u0161e veliko ve\u010d iz samostana in \u017eupnije Admont.","robots":{"index":"index","follow":"follow","max-snippet":"max-snippet:-1","max-image-preview":"max-image-preview:large","max-video-preview":"max-video-preview:-1"},"canonical":"https:\/\/stiftadmont.at\/sl\/blog\/trg-specialitet\/","og_locale":"sl_SI","og_type":"article","og_title":"Ges\u00e4use Spezialit\u00e4tenmarkt im Stift Admont","og_description":"Lesen Sie aktuelle Informationen zum Thema Ges\u00e4use Spezialit\u00e4tenmarkt im Stift Admont und vieles mehr aus dem Konvent und der Pfarre Admont.","og_url":"https:\/\/stiftadmont.at\/sl\/blog\/trg-specialitet\/","og_site_name":"Stift Admont","article_published_time":"2025-04-29T09:16:48+00:00","article_modified_time":"2025-04-29T13:03:59+00:00","og_image":[{"width":2560,"height":1706,"url":"https:\/\/stiftadmont.at\/wp-content\/uploads\/Klostermarkt-2024-cBrunthaler-Tanja_Stift-Admont-25-www-scaled.jpg","type":"image\/jpeg"}],"author":"Mario Brandm\u00fcller","twitter_card":"summary_large_image","twitter_misc":{"Written by":"Mario Brandm\u00fcller","Est. reading time":"1 minuta"},"schema":{"@context":"https:\/\/schema.org","@graph":[{"@type":"Article","@id":"https:\/\/stiftadmont.at\/blog\/spezialitatenmarkt\/#article","isPartOf":{"@id":"https:\/\/stiftadmont.at\/blog\/spezialitatenmarkt\/"},"author":{"name":"Mario Brandm\u00fcller","@id":"https:\/\/stiftadmont.at\/#\/schema\/person\/30535548b241d5f33a2e8b839db11869"},"headline":"Ges\u00e4use Spezialit\u00e4tenmarkt im Stift Admont","datePublished":"2025-04-29T09:16:48+00:00","dateModified":"2025-04-29T13:03:59+00:00","mainEntityOfPage":{"@id":"https:\/\/stiftadmont.at\/blog\/spezialitatenmarkt\/"},"wordCount":7,"image":{"@id":"https:\/\/stiftadmont.at\/blog\/spezialitatenmarkt\/#primaryimage"},"thumbnailUrl":"https:\/\/stiftadmont.at\/wp-content\/uploads\/Klostermarkt-2024-cBrunthaler-Tanja_Stift-Admont-25-www-scaled.jpg","articleSection":["Einrichtungen aktuell"],"inLanguage":"sl-SI"},{"@type":"WebPage","@id":"https:\/\/stiftadmont.at\/blog\/spezialitatenmarkt\/","url":"https:\/\/stiftadmont.at\/blog\/spezialitatenmarkt\/","name":"Tr\u017enica specialitet Ges\u00e4use v opatiji Admont - Opatija Admont","isPartOf":{"@id":"https:\/\/stiftadmont.at\/#website"},"primaryImageOfPage":{"@id":"https:\/\/stiftadmont.at\/blog\/spezialitatenmarkt\/#primaryimage"},"image":{"@id":"https:\/\/stiftadmont.at\/blog\/spezialitatenmarkt\/#primaryimage"},"thumbnailUrl":"https:\/\/stiftadmont.at\/wp-content\/uploads\/Klostermarkt-2024-cBrunthaler-Tanja_Stift-Admont-25-www-scaled.jpg","datePublished":"2025-04-29T09:16:48+00:00","dateModified":"2025-04-29T13:03:59+00:00","author":{"@id":"https:\/\/stiftadmont.at\/#\/schema\/person\/30535548b241d5f33a2e8b839db11869"},"description":"Preberite najnovej\u0161e informacije o tr\u017enici specialitet Ges\u00e4use v opatiji Admont in \u0161e veliko ve\u010d iz samostana in \u017eupnije Admont.","breadcrumb":{"@id":"https:\/\/stiftadmont.at\/blog\/spezialitatenmarkt\/#breadcrumb"},"inLanguage":"sl-SI","potentialAction":[{"@type":"ReadAction","target":["https:\/\/stiftadmont.at\/blog\/spezialitatenmarkt\/"]}]},{"@type":"ImageObject","inLanguage":"sl-SI","@id":"https:\/\/stiftadmont.at\/blog\/spezialitatenmarkt\/#primaryimage","url":"https:\/\/stiftadmont.at\/wp-content\/uploads\/Klostermarkt-2024-cBrunthaler-Tanja_Stift-Admont-25-www-scaled.jpg","contentUrl":"https:\/\/stiftadmont.at\/wp-content\/uploads\/Klostermarkt-2024-cBrunthaler-Tanja_Stift-Admont-25-www-scaled.jpg","width":2560,"height":1706,"caption":"Klostermarkt 2024 (c)Brunthaler Tanja Stift Admont (25) www"},{"@type":"BreadcrumbList","@id":"https:\/\/stiftadmont.at\/blog\/spezialitatenmarkt\/#breadcrumb","itemListElement":[{"@type":"ListItem","position":1,"name":"Start","item":"https:\/\/stiftadmont.at\/"},{"@type":"ListItem","position":2,"name":"Ges\u00e4use Spezialit\u00e4tenmarkt im Stift Admont"}]},{"@type":"WebSite","@id":"https:\/\/stiftadmont.at\/#website","url":"https:\/\/stiftadmont.at\/","name":"Opatija Admont","description":"Benediktinski samostan in turisti\u010dna znamenitost v Ges\u00e4use","potentialAction":[{"@type":"SearchAction","target":{"@type":"EntryPoint","urlTemplate":"https:\/\/stiftadmont.at\/?s={search_term_string}"},"query-input":{"@type":"PropertyValueSpecification","valueRequired":true,"valueName":"search_term_string"}}],"inLanguage":"sl-SI"},{"@type":"Person","@id":"https:\/\/stiftadmont.at\/#\/schema\/person\/30535548b241d5f33a2e8b839db11869","name":"Mario Brandm\u00fcller"}]}},"_links":{"self":[{"href":"https:\/\/stiftadmont.at\/sl\/wp-json\/wp\/v2\/posts\/34676","targetHints":{"allow":["GET"]}}],"collection":[{"href":"https:\/\/stiftadmont.at\/sl\/wp-json\/wp\/v2\/posts"}],"about":[{"href":"https:\/\/stiftadmont.at\/sl\/wp-json\/wp\/v2\/types\/post"}],"author":[{"embeddable":true,"href":"https:\/\/stiftadmont.at\/sl\/wp-json\/wp\/v2\/users\/7"}],"replies":[{"embeddable":true,"href":"https:\/\/stiftadmont.at\/sl\/wp-json\/wp\/v2\/comments?post=34676"}],"version-history":[{"count":14,"href":"https:\/\/stiftadmont.at\/sl\/wp-json\/wp\/v2\/posts\/34676\/revisions"}],"predecessor-version":[{"id":34693,"href":"https:\/\/stiftadmont.at\/sl\/wp-json\/wp\/v2\/posts\/34676\/revisions\/34693"}],"wp:featuredmedia":[{"embeddable":true,"href":"https:\/\/stiftadmont.at\/sl\/wp-json\/wp\/v2\/media\/29902"}],"wp:attachment":[{"href":"https:\/\/stiftadmont.at\/sl\/wp-json\/wp\/v2\/media?parent=34676"}],"wp:term":[{"taxonomy":"category","embeddable":true,"href":"https:\/\/stiftadmont.at\/sl\/wp-json\/wp\/v2\/categories?post=34676"}],"curies":[{"name":"wp","href":"https:\/\/api.w.org\/{rel}","templated":true}]}}