{"id":35451,"date":"2025-05-29T13:37:50","date_gmt":"2025-05-29T11:37:50","guid":{"rendered":"https:\/\/stiftadmont.at\/?p=35451"},"modified":"2025-06-12T11:47:43","modified_gmt":"2025-06-12T09:47:43","slug":"prvo-obhajilo-2025","status":"publish","type":"post","link":"https:\/\/stiftadmont.at\/sl\/blog\/erstkommunion-2025\/","title":{"rendered":"Prvo obhajilo 2025"},"content":{"rendered":"<section id='lightpress__section--block_dc3546825522c9929f174b7c6b9958b4' class='lightpress__section--default-section-space lightpress__section lightpress__section--content'><div class=\"content__inner\"\n         x-init=\"initContentBlockAnim($el)\">\n        \n    <div class=\"content__grid content__grid\">\n                                            <div class=\"content__box content__box--one-hundred\"\n                 style=\"\">\n                                \n                \n                                            <div class=\"prose\"><h5 class=\"heading-m line line-above line--gold\">Erstkommunion 2025<\/p>\n<\/h5>\n<p>Ein unvergesslicher Tag voller Freude, Gemeinschaft und Segen!<\/p>\n<p>\u00a0<\/p>\n<p>Am Donnerstag, den 29. Mai 2025 durften unsere Erstkommunionkinder zum ersten Mal das Heilige Sakrament der Eucharistie empfangen \u2013 begleitet von ihren Familien, Freunden und unserer Pfarrgemeinschaft.<\/p>\n<p>\u00a0<\/p>\n<p>Ein herzliches Dankesch\u00f6n an alle, die diesen besonderen Tag mitgestaltet haben.<\/p>\n<p>\u00a0<\/p>\n<p>Fotos (c) Stift Admont \/ Christoph Draxl<\/p>\n<\/div>\n                    \n                            <\/div>\n        \n            <\/div>\n<\/div>\n\n<\/section>\n\n<section id='lightpress__section--block_15c27e6458830c14ebf5267ddf971b0f' class='lightpress__section--default-section-space lightpress__section lightpress__section--image-slider'>\n<div class=\"image-slider\"\n     x-data=\"{ gallery: null, shown: false }\"\n     x-init=\"gallery = initSliderGallery([{&quot;href&quot;:&quot;https:\\\/\\\/stiftadmont.at\\\/wp-content\\\/uploads\\\/Erstkommunion-Admont-2025-cChristoph-Draxl_-5-1920x1280.jpg&quot;,&quot;type&quot;:&quot;image&quot;},{&quot;href&quot;:&quot;https:\\\/\\\/stiftadmont.at\\\/wp-content\\\/uploads\\\/Erstkommunion-Admont-2025-cChristoph-Draxl_-6-1920x1280.jpg&quot;,&quot;type&quot;:&quot;image&quot;},{&quot;href&quot;:&quot;https:\\\/\\\/stiftadmont.at\\\/wp-content\\\/uploads\\\/Erstkommunion-Admont-2025-cChristoph-Draxl_-7-1920x2880.jpg&quot;,&quot;type&quot;:&quot;image&quot;},{&quot;href&quot;:&quot;https:\\\/\\\/stiftadmont.at\\\/wp-content\\\/uploads\\\/Erstkommunion-Admont-2025-cChristoph-Draxl_-8-1920x1280.jpg&quot;,&quot;type&quot;:&quot;image&quot;},{&quot;href&quot;:&quot;https:\\\/\\\/stiftadmont.at\\\/wp-content\\\/uploads\\\/Erstkommunion-Admont-2025-cChristoph-Draxl_-9-1920x1280.jpg&quot;,&quot;type&quot;:&quot;image&quot;},{&quot;href&quot;:&quot;https:\\\/\\\/stiftadmont.at\\\/wp-content\\\/uploads\\\/Erstkommunion-Admont-2025-cChristoph-Draxl_-4-1920x2880.jpg&quot;,&quot;type&quot;:&quot;image&quot;},{&quot;href&quot;:&quot;https:\\\/\\\/stiftadmont.at\\\/wp-content\\\/uploads\\\/Erstkommunion-Admont-2025-cChristoph-Draxl_-3-1920x1280.jpg&quot;,&quot;type&quot;:&quot;image&quot;},{&quot;href&quot;:&quot;https:\\\/\\\/stiftadmont.at\\\/wp-content\\\/uploads\\\/Erstkommunion-Admont-2025-cChristoph-Draxl_-2-1920x2880.jpg&quot;,&quot;type&quot;:&quot;image&quot;},{&quot;href&quot;:&quot;https:\\\/\\\/stiftadmont.at\\\/wp-content\\\/uploads\\\/Erstkommunion-Admont-2025-cChristoph-Draxl_-1920x1280.jpg&quot;,&quot;type&quot;:&quot;image&quot;},{&quot;href&quot;:&quot;https:\\\/\\\/stiftadmont.at\\\/wp-content\\\/uploads\\\/Erstkommunion-Admont-2025-cChristoph-Draxl_-14-scaled-1920x1280.jpg&quot;,&quot;type&quot;:&quot;image&quot;},{&quot;href&quot;:&quot;https:\\\/\\\/stiftadmont.at\\\/wp-content\\\/uploads\\\/Erstkommunion-Admont-2025-cChristoph-Draxl_-13-1920x1280.jpg&quot;,&quot;type&quot;:&quot;image&quot;},{&quot;href&quot;:&quot;https:\\\/\\\/stiftadmont.at\\\/wp-content\\\/uploads\\\/Erstkommunion-Admont-2025-cChristoph-Draxl_-12-1920x2880.jpg&quot;,&quot;type&quot;:&quot;image&quot;},{&quot;href&quot;:&quot;https:\\\/\\\/stiftadmont.at\\\/wp-content\\\/uploads\\\/Erstkommunion-Admont-2025-cChristoph-Draxl_-11-1920x1280.jpg&quot;,&quot;type&quot;:&quot;image&quot;},{&quot;href&quot;:&quot;https:\\\/\\\/stiftadmont.at\\\/wp-content\\\/uploads\\\/Erstkommunion-Admont-2025-cChristoph-Draxl_-10-1920x1280.jpg&quot;,&quot;type&quot;:&quot;image&quot;}]); initImageSliderBlockAnim($el);\">\n    <div class=\"image-slider__inner\">\n\n        <div class=\"swiper-container\" x-init=\"initImageSliderBlock($el, $refs.btnPrev, $refs.btnNext)\">\n            <div class=\"swiper-wrapper\">\n                                    <div class=\"swiper-slide\">\n                        <div class=\"image-slider__media\">\n                            <img decoding=\"async\" class=\"image-slider__image\"\n                                 src=\"https:\/\/stiftadmont.at\/wp-content\/uploads\/Erstkommunion-Admont-2025-cChristoph-Draxl_-5-768x512.jpg\"\n                                 alt=\"Erstkommunion Admont 2025 (c)Christoph Draxl  5\">\n                        <\/div>\n                    <\/div>\n                                    <div class=\"swiper-slide\">\n                        <div class=\"image-slider__media\">\n                            <img decoding=\"async\" class=\"image-slider__image\"\n                                 src=\"https:\/\/stiftadmont.at\/wp-content\/uploads\/Erstkommunion-Admont-2025-cChristoph-Draxl_-6-768x512.jpg\"\n                                 alt=\"Erstkommunion Admont 2025 (c)Christoph Draxl  6\">\n                        <\/div>\n                    <\/div>\n                                    <div class=\"swiper-slide\">\n                        <div class=\"image-slider__media\">\n                            <img decoding=\"async\" class=\"image-slider__image\"\n                                 src=\"https:\/\/stiftadmont.at\/wp-content\/uploads\/Erstkommunion-Admont-2025-cChristoph-Draxl_-7-768x1152.jpg\"\n                                 alt=\"Erstkommunion Admont 2025 (c)Christoph Draxl  7\">\n                        <\/div>\n                    <\/div>\n                                    <div class=\"swiper-slide\">\n                        <div class=\"image-slider__media\">\n                            <img decoding=\"async\" class=\"image-slider__image\"\n                                 src=\"https:\/\/stiftadmont.at\/wp-content\/uploads\/Erstkommunion-Admont-2025-cChristoph-Draxl_-8-768x512.jpg\"\n                                 alt=\"Erstkommunion Admont 2025 (c)Christoph Draxl  8\">\n                        <\/div>\n                    <\/div>\n                                    <div class=\"swiper-slide\">\n                        <div class=\"image-slider__media\">\n                            <img decoding=\"async\" class=\"image-slider__image\"\n                                 src=\"https:\/\/stiftadmont.at\/wp-content\/uploads\/Erstkommunion-Admont-2025-cChristoph-Draxl_-9-768x512.jpg\"\n                                 alt=\"Erstkommunion Admont 2025 (c)Christoph Draxl  9\">\n                        <\/div>\n                    <\/div>\n                                    <div class=\"swiper-slide\">\n                        <div class=\"image-slider__media\">\n                            <img decoding=\"async\" class=\"image-slider__image\"\n                                 src=\"https:\/\/stiftadmont.at\/wp-content\/uploads\/Erstkommunion-Admont-2025-cChristoph-Draxl_-4-768x1152.jpg\"\n                                 alt=\"Erstkommunion Admont 2025 (c)Christoph Draxl  4\">\n                        <\/div>\n                    <\/div>\n                                    <div class=\"swiper-slide\">\n                        <div class=\"image-slider__media\">\n                            <img decoding=\"async\" class=\"image-slider__image\"\n                                 src=\"https:\/\/stiftadmont.at\/wp-content\/uploads\/Erstkommunion-Admont-2025-cChristoph-Draxl_-3-768x512.jpg\"\n                                 alt=\"Erstkommunion Admont 2025 (c)Christoph Draxl  3\">\n                        <\/div>\n                    <\/div>\n                                    <div class=\"swiper-slide\">\n                        <div class=\"image-slider__media\">\n                            <img decoding=\"async\" class=\"image-slider__image\"\n                                 src=\"https:\/\/stiftadmont.at\/wp-content\/uploads\/Erstkommunion-Admont-2025-cChristoph-Draxl_-2-768x1152.jpg\"\n                                 alt=\"Erstkommunion Admont 2025 (c)Christoph Draxl  2\">\n                        <\/div>\n                    <\/div>\n                                    <div class=\"swiper-slide\">\n                        <div class=\"image-slider__media\">\n                            <img decoding=\"async\" class=\"image-slider__image\"\n                                 src=\"https:\/\/stiftadmont.at\/wp-content\/uploads\/Erstkommunion-Admont-2025-cChristoph-Draxl_-768x512.jpg\"\n                                 alt=\"Erstkommunion Admont 2025 (c)Christoph Draxl\">\n                        <\/div>\n                    <\/div>\n                                    <div class=\"swiper-slide\">\n                        <div class=\"image-slider__media\">\n                            <img decoding=\"async\" class=\"image-slider__image\"\n                                 src=\"https:\/\/stiftadmont.at\/wp-content\/uploads\/Erstkommunion-Admont-2025-cChristoph-Draxl_-14-scaled-768x512.jpg\"\n                                 alt=\"Erstkommunion Admont 2025 (c)Christoph Draxl  14\">\n                        <\/div>\n                    <\/div>\n                                    <div class=\"swiper-slide\">\n                        <div class=\"image-slider__media\">\n                            <img decoding=\"async\" class=\"image-slider__image\"\n                                 src=\"https:\/\/stiftadmont.at\/wp-content\/uploads\/Erstkommunion-Admont-2025-cChristoph-Draxl_-13-768x512.jpg\"\n                                 alt=\"Erstkommunion Admont 2025 (c)Christoph Draxl  13\">\n                        <\/div>\n                    <\/div>\n                                    <div class=\"swiper-slide\">\n                        <div class=\"image-slider__media\">\n                            <img decoding=\"async\" class=\"image-slider__image\"\n                                 src=\"https:\/\/stiftadmont.at\/wp-content\/uploads\/Erstkommunion-Admont-2025-cChristoph-Draxl_-12-768x1152.jpg\"\n                                 alt=\"Erstkommunion Admont 2025 (c)Christoph Draxl  12\">\n                        <\/div>\n                    <\/div>\n                                    <div class=\"swiper-slide\">\n                        <div class=\"image-slider__media\">\n                            <img decoding=\"async\" class=\"image-slider__image\"\n                                 src=\"https:\/\/stiftadmont.at\/wp-content\/uploads\/Erstkommunion-Admont-2025-cChristoph-Draxl_-11-768x512.jpg\"\n                                 alt=\"Erstkommunion Admont 2025 (c)Christoph Draxl  11\">\n                        <\/div>\n                    <\/div>\n                                    <div class=\"swiper-slide\">\n                        <div class=\"image-slider__media\">\n                            <img decoding=\"async\" class=\"image-slider__image\"\n                                 src=\"https:\/\/stiftadmont.at\/wp-content\/uploads\/Erstkommunion-Admont-2025-cChristoph-Draxl_-10-768x512.jpg\"\n                                 alt=\"Erstkommunion Admont 2025 (c)Christoph Draxl  10\">\n                        <\/div>\n                    <\/div>\n                            <\/div>\n\n            <div class=\"swiper-nav-wrapper\">\n                <button class=\"swiper-button-prev slider-button--prev\" x-ref=\"btnPrev\"\n                        aria-label=\"Vorige Bilder anzeigen\">\n                    <img decoding=\"async\" src=\"\/wp-content\/themes\/stift-admont\/src\/assets\/img\/arrow-left-big-new.svg\" alt=\"Pfeil nach Links\">\n                <\/button>\n\n\n                <a class=\"image-slider__gallery\" @click=\"openGallery(gallery)\"><i class=\"fa-thin fa-plus\"><\/i><\/a>\n                <button class=\"swiper-button-next slider-button--next\"\n                        x-ref=\"btnNext\"\n                        aria-label=\"N\u00e4chste Bilder anzeigen\">\n                    <img decoding=\"async\" src=\"\/wp-content\/themes\/stift-admont\/src\/assets\/img\/arrow-right-big-new.svg\" alt=\"Pfeil nach Rechts\">\n                <\/button>\n            <\/div>\n        <\/div>\n    <\/div>\n\n\n<\/div><\/section>","protected":false},"excerpt":{"rendered":"<p>V \u010detrtek, 29. maja 2025, so na\u0161i prvoobhajanci prvi\u010d prejeli sveti zakrament evharistije.<\/p>","protected":false},"author":25,"featured_media":35461,"comment_status":"closed","ping_status":"closed","sticky":false,"template":"","format":"standard","meta":{"_acf_changed":false,"footnotes":""},"categories":[22],"class_list":["post-35451","post","type-post","status-publish","format-standard","has-post-thumbnail","hentry","category-kloster-aktuell"],"acf":[],"yoast_head":"<!-- This site is optimized with the Yoast SEO Premium plugin v26.0 (Yoast SEO v26.8) - https:\/\/yoast.com\/product\/yoast-seo-premium-wordpress\/ -->\n<title>Erstkommunion 2025 - Stift Admont<\/title>\n<meta name=\"description\" content=\"Lesen Sie aktuelle Informationen zum Thema Erstkommunion 2025 und vieles mehr aus dem Konvent und der Pfarre Admont.\" \/>\n<meta name=\"robots\" content=\"index, follow, max-snippet:-1, max-image-preview:large, max-video-preview:-1\" \/>\n<link rel=\"canonical\" href=\"https:\/\/stiftadmont.at\/sl\/blog\/prvo-obhajilo-2025\/\" \/>\n<meta property=\"og:locale\" content=\"sl_SI\" \/>\n<meta property=\"og:type\" content=\"article\" \/>\n<meta property=\"og:title\" content=\"Erstkommunion 2025\" \/>\n<meta property=\"og:description\" content=\"Lesen Sie aktuelle Informationen zum Thema Erstkommunion 2025 und vieles mehr aus dem Konvent und der Pfarre Admont.\" \/>\n<meta property=\"og:url\" content=\"https:\/\/stiftadmont.at\/sl\/blog\/prvo-obhajilo-2025\/\" \/>\n<meta property=\"og:site_name\" content=\"Stift Admont\" \/>\n<meta property=\"article:published_time\" content=\"2025-05-29T11:37:50+00:00\" \/>\n<meta property=\"article:modified_time\" content=\"2025-06-12T09:47:43+00:00\" \/>\n<meta property=\"og:image\" content=\"https:\/\/stiftadmont.at\/wp-content\/uploads\/Erstkommunion-Admont-2025-cChristoph-Draxl_-14-scaled.jpg\" \/>\n\t<meta property=\"og:image:width\" content=\"2560\" \/>\n\t<meta property=\"og:image:height\" content=\"1707\" \/>\n\t<meta property=\"og:image:type\" content=\"image\/jpeg\" \/>\n<meta name=\"author\" content=\"chdr\" \/>\n<meta name=\"twitter:card\" content=\"summary_large_image\" \/>\n<meta name=\"twitter:label1\" content=\"Written by\" \/>\n\t<meta name=\"twitter:data1\" content=\"chdr\" \/>\n\t<meta name=\"twitter:label2\" content=\"Est. reading time\" \/>\n\t<meta name=\"twitter:data2\" content=\"1 minuta\" \/>\n<script type=\"application\/ld+json\" class=\"yoast-schema-graph\">{\"@context\":\"https:\/\/schema.org\",\"@graph\":[{\"@type\":\"Article\",\"@id\":\"https:\/\/stiftadmont.at\/blog\/erstkommunion-2025\/#article\",\"isPartOf\":{\"@id\":\"https:\/\/stiftadmont.at\/blog\/erstkommunion-2025\/\"},\"author\":{\"name\":\"chdr\",\"@id\":\"https:\/\/stiftadmont.at\/#\/schema\/person\/001c5426932eca540c4528775544dda0\"},\"headline\":\"Erstkommunion 2025\",\"datePublished\":\"2025-05-29T11:37:50+00:00\",\"dateModified\":\"2025-06-12T09:47:43+00:00\",\"mainEntityOfPage\":{\"@id\":\"https:\/\/stiftadmont.at\/blog\/erstkommunion-2025\/\"},\"wordCount\":1,\"image\":{\"@id\":\"https:\/\/stiftadmont.at\/blog\/erstkommunion-2025\/#primaryimage\"},\"thumbnailUrl\":\"https:\/\/stiftadmont.at\/wp-content\/uploads\/Erstkommunion-Admont-2025-cChristoph-Draxl_-14-scaled.jpg\",\"articleSection\":[\"Kloster aktuell\"],\"inLanguage\":\"sl-SI\"},{\"@type\":\"WebPage\",\"@id\":\"https:\/\/stiftadmont.at\/blog\/erstkommunion-2025\/\",\"url\":\"https:\/\/stiftadmont.at\/blog\/erstkommunion-2025\/\",\"name\":\"Erstkommunion 2025 - Stift Admont\",\"isPartOf\":{\"@id\":\"https:\/\/stiftadmont.at\/#website\"},\"primaryImageOfPage\":{\"@id\":\"https:\/\/stiftadmont.at\/blog\/erstkommunion-2025\/#primaryimage\"},\"image\":{\"@id\":\"https:\/\/stiftadmont.at\/blog\/erstkommunion-2025\/#primaryimage\"},\"thumbnailUrl\":\"https:\/\/stiftadmont.at\/wp-content\/uploads\/Erstkommunion-Admont-2025-cChristoph-Draxl_-14-scaled.jpg\",\"datePublished\":\"2025-05-29T11:37:50+00:00\",\"dateModified\":\"2025-06-12T09:47:43+00:00\",\"author\":{\"@id\":\"https:\/\/stiftadmont.at\/#\/schema\/person\/001c5426932eca540c4528775544dda0\"},\"description\":\"Lesen Sie aktuelle Informationen zum Thema Erstkommunion 2025 und vieles mehr aus dem Konvent und der Pfarre Admont.\",\"breadcrumb\":{\"@id\":\"https:\/\/stiftadmont.at\/blog\/erstkommunion-2025\/#breadcrumb\"},\"inLanguage\":\"sl-SI\",\"potentialAction\":[{\"@type\":\"ReadAction\",\"target\":[\"https:\/\/stiftadmont.at\/blog\/erstkommunion-2025\/\"]}]},{\"@type\":\"ImageObject\",\"inLanguage\":\"sl-SI\",\"@id\":\"https:\/\/stiftadmont.at\/blog\/erstkommunion-2025\/#primaryimage\",\"url\":\"https:\/\/stiftadmont.at\/wp-content\/uploads\/Erstkommunion-Admont-2025-cChristoph-Draxl_-14-scaled.jpg\",\"contentUrl\":\"https:\/\/stiftadmont.at\/wp-content\/uploads\/Erstkommunion-Admont-2025-cChristoph-Draxl_-14-scaled.jpg\",\"width\":2560,\"height\":1707,\"caption\":\"Erstkommunion Admont 2025 (c)Christoph Draxl 14\"},{\"@type\":\"BreadcrumbList\",\"@id\":\"https:\/\/stiftadmont.at\/blog\/erstkommunion-2025\/#breadcrumb\",\"itemListElement\":[{\"@type\":\"ListItem\",\"position\":1,\"name\":\"Start\",\"item\":\"https:\/\/stiftadmont.at\/\"},{\"@type\":\"ListItem\",\"position\":2,\"name\":\"Erstkommunion 2025\"}]},{\"@type\":\"WebSite\",\"@id\":\"https:\/\/stiftadmont.at\/#website\",\"url\":\"https:\/\/stiftadmont.at\/\",\"name\":\"Stift Admont\",\"description\":\"Benediktinerkloster und Sehensw\u00fcrdigkeit im Ges\u00e4use\",\"potentialAction\":[{\"@type\":\"SearchAction\",\"target\":{\"@type\":\"EntryPoint\",\"urlTemplate\":\"https:\/\/stiftadmont.at\/?s={search_term_string}\"},\"query-input\":{\"@type\":\"PropertyValueSpecification\",\"valueRequired\":true,\"valueName\":\"search_term_string\"}}],\"inLanguage\":\"sl-SI\"},{\"@type\":\"Person\",\"@id\":\"https:\/\/stiftadmont.at\/#\/schema\/person\/001c5426932eca540c4528775544dda0\",\"name\":\"chdr\"}]}<\/script>\n<!-- \/ Yoast SEO Premium plugin. -->","yoast_head_json":{"title":"Prvo obhajilo 2025 - Opatija Admont","description":"Preberite najnovej\u0161e informacije o prvem obhajilu 2025 in \u0161e veliko ve\u010d iz samostana in \u017eupnije Admont.","robots":{"index":"index","follow":"follow","max-snippet":"max-snippet:-1","max-image-preview":"max-image-preview:large","max-video-preview":"max-video-preview:-1"},"canonical":"https:\/\/stiftadmont.at\/sl\/blog\/prvo-obhajilo-2025\/","og_locale":"sl_SI","og_type":"article","og_title":"Erstkommunion 2025","og_description":"Lesen Sie aktuelle Informationen zum Thema Erstkommunion 2025 und vieles mehr aus dem Konvent und der Pfarre Admont.","og_url":"https:\/\/stiftadmont.at\/sl\/blog\/prvo-obhajilo-2025\/","og_site_name":"Stift Admont","article_published_time":"2025-05-29T11:37:50+00:00","article_modified_time":"2025-06-12T09:47:43+00:00","og_image":[{"width":2560,"height":1707,"url":"https:\/\/stiftadmont.at\/wp-content\/uploads\/Erstkommunion-Admont-2025-cChristoph-Draxl_-14-scaled.jpg","type":"image\/jpeg"}],"author":"chdr","twitter_card":"summary_large_image","twitter_misc":{"Written by":"chdr","Est. reading time":"1 minuta"},"schema":{"@context":"https:\/\/schema.org","@graph":[{"@type":"Article","@id":"https:\/\/stiftadmont.at\/blog\/erstkommunion-2025\/#article","isPartOf":{"@id":"https:\/\/stiftadmont.at\/blog\/erstkommunion-2025\/"},"author":{"name":"chdr","@id":"https:\/\/stiftadmont.at\/#\/schema\/person\/001c5426932eca540c4528775544dda0"},"headline":"Erstkommunion 2025","datePublished":"2025-05-29T11:37:50+00:00","dateModified":"2025-06-12T09:47:43+00:00","mainEntityOfPage":{"@id":"https:\/\/stiftadmont.at\/blog\/erstkommunion-2025\/"},"wordCount":1,"image":{"@id":"https:\/\/stiftadmont.at\/blog\/erstkommunion-2025\/#primaryimage"},"thumbnailUrl":"https:\/\/stiftadmont.at\/wp-content\/uploads\/Erstkommunion-Admont-2025-cChristoph-Draxl_-14-scaled.jpg","articleSection":["Kloster aktuell"],"inLanguage":"sl-SI"},{"@type":"WebPage","@id":"https:\/\/stiftadmont.at\/blog\/erstkommunion-2025\/","url":"https:\/\/stiftadmont.at\/blog\/erstkommunion-2025\/","name":"Prvo obhajilo 2025 - Opatija Admont","isPartOf":{"@id":"https:\/\/stiftadmont.at\/#website"},"primaryImageOfPage":{"@id":"https:\/\/stiftadmont.at\/blog\/erstkommunion-2025\/#primaryimage"},"image":{"@id":"https:\/\/stiftadmont.at\/blog\/erstkommunion-2025\/#primaryimage"},"thumbnailUrl":"https:\/\/stiftadmont.at\/wp-content\/uploads\/Erstkommunion-Admont-2025-cChristoph-Draxl_-14-scaled.jpg","datePublished":"2025-05-29T11:37:50+00:00","dateModified":"2025-06-12T09:47:43+00:00","author":{"@id":"https:\/\/stiftadmont.at\/#\/schema\/person\/001c5426932eca540c4528775544dda0"},"description":"Preberite najnovej\u0161e informacije o prvem obhajilu 2025 in \u0161e veliko ve\u010d iz samostana in \u017eupnije Admont.","breadcrumb":{"@id":"https:\/\/stiftadmont.at\/blog\/erstkommunion-2025\/#breadcrumb"},"inLanguage":"sl-SI","potentialAction":[{"@type":"ReadAction","target":["https:\/\/stiftadmont.at\/blog\/erstkommunion-2025\/"]}]},{"@type":"ImageObject","inLanguage":"sl-SI","@id":"https:\/\/stiftadmont.at\/blog\/erstkommunion-2025\/#primaryimage","url":"https:\/\/stiftadmont.at\/wp-content\/uploads\/Erstkommunion-Admont-2025-cChristoph-Draxl_-14-scaled.jpg","contentUrl":"https:\/\/stiftadmont.at\/wp-content\/uploads\/Erstkommunion-Admont-2025-cChristoph-Draxl_-14-scaled.jpg","width":2560,"height":1707,"caption":"Erstkommunion Admont 2025 (c)Christoph Draxl 14"},{"@type":"BreadcrumbList","@id":"https:\/\/stiftadmont.at\/blog\/erstkommunion-2025\/#breadcrumb","itemListElement":[{"@type":"ListItem","position":1,"name":"Start","item":"https:\/\/stiftadmont.at\/"},{"@type":"ListItem","position":2,"name":"Erstkommunion 2025"}]},{"@type":"WebSite","@id":"https:\/\/stiftadmont.at\/#website","url":"https:\/\/stiftadmont.at\/","name":"Opatija Admont","description":"Benediktinski samostan in turisti\u010dna znamenitost v Ges\u00e4use","potentialAction":[{"@type":"SearchAction","target":{"@type":"EntryPoint","urlTemplate":"https:\/\/stiftadmont.at\/?s={search_term_string}"},"query-input":{"@type":"PropertyValueSpecification","valueRequired":true,"valueName":"search_term_string"}}],"inLanguage":"sl-SI"},{"@type":"Person","@id":"https:\/\/stiftadmont.at\/#\/schema\/person\/001c5426932eca540c4528775544dda0","name":"chdr"}]}},"_links":{"self":[{"href":"https:\/\/stiftadmont.at\/sl\/wp-json\/wp\/v2\/posts\/35451","targetHints":{"allow":["GET"]}}],"collection":[{"href":"https:\/\/stiftadmont.at\/sl\/wp-json\/wp\/v2\/posts"}],"about":[{"href":"https:\/\/stiftadmont.at\/sl\/wp-json\/wp\/v2\/types\/post"}],"author":[{"embeddable":true,"href":"https:\/\/stiftadmont.at\/sl\/wp-json\/wp\/v2\/users\/25"}],"replies":[{"embeddable":true,"href":"https:\/\/stiftadmont.at\/sl\/wp-json\/wp\/v2\/comments?post=35451"}],"version-history":[{"count":5,"href":"https:\/\/stiftadmont.at\/sl\/wp-json\/wp\/v2\/posts\/35451\/revisions"}],"predecessor-version":[{"id":35617,"href":"https:\/\/stiftadmont.at\/sl\/wp-json\/wp\/v2\/posts\/35451\/revisions\/35617"}],"wp:featuredmedia":[{"embeddable":true,"href":"https:\/\/stiftadmont.at\/sl\/wp-json\/wp\/v2\/media\/35461"}],"wp:attachment":[{"href":"https:\/\/stiftadmont.at\/sl\/wp-json\/wp\/v2\/media?parent=35451"}],"wp:term":[{"taxonomy":"category","embeddable":true,"href":"https:\/\/stiftadmont.at\/sl\/wp-json\/wp\/v2\/categories?post=35451"}],"curies":[{"name":"wp","href":"https:\/\/api.w.org\/{rel}","templated":true}]}}