{"id":36243,"date":"2025-07-14T12:01:36","date_gmt":"2025-07-14T10:01:36","guid":{"rendered":"https:\/\/stiftadmont.at\/?p=36243"},"modified":"2025-07-14T12:05:55","modified_gmt":"2025-07-14T10:05:55","slug":"izleti-v-bikepark","status":"publish","type":"post","link":"https:\/\/stiftadmont.at\/sl\/blog\/bikepark-besichtigungen\/","title":{"rendered":"Ko vizionarji sre\u010dajo vizije..."},"content":{"rendered":"<section id='lightpress__section--block_47e778d1b75c1e5bac1e505a67a9223a' class='lightpress__section--default-section-space lightpress__section lightpress__section--content'><div class=\"content__inner\"\n         x-init=\"initContentBlockAnim($el)\">\n        \n    <div class=\"content__grid content__grid--fifty-fifty\">\n                                            <div class=\"content__box content__box\"\n                 style=\"\">\n                                \n                \n                                            <div class=\"prose\"><h5 class=\"heading-m line line-above line--gold\">So geht Regionalentwicklung: Mit Leidenschaft, Pedalkraft und Teamgeist<\/h5>\n<p>\u00a0<\/p>\n<p>Spannende Besichtigung der Bike-Projekte in Lannach und St. Corona am Wechsel \u2013 gemeinsam mit engagierten Mitstreitern aus der Region&#8230;<\/p>\n<p>\u00a0<\/p>\n<p>Mit dabei: B\u00fcrgermeister aus Admont und Rottenmann (inkl. Sportreferenten), innovative regionale Gewerbetreibende und Vision\u00e4re, sowie nat\u00fcrlich das Stift Admont mit Vertretern der Kaiserau und des Forstbetriebs.<\/p>\n<p>\u00a0<\/p>\n<p>Allesamt Menschen mit Visionen f\u00fcr eine nachhaltige und sportliche Zukunft unserer Region!<\/p>\n<\/div>\n                    \n                            <\/div>\n        \n                                                    <div class=\"content__box content__box--2\"\n                     >\n                                        \n                    \n                                                <div class=\"content__media stickyTo\" x-init=\"imageSticky($el)\">\n\n                                                                                    <picture\n                                    class=\"content__image sticky\">\n                                <source srcset=\"https:\/\/stiftadmont.at\/wp-content\/uploads\/lannach-bikepark2-1024x738.webp\" type=\"image\/webp\">\n                                <source srcset=\"https:\/\/stiftadmont.at\/wp-content\/uploads\/lannach-bikepark2-1024x738.jpg\" type=\"image\/jpeg\">\n                                <img decoding=\"async\" class=\"sticky\" loading=\"lazy\" src=\"https:\/\/stiftadmont.at\/wp-content\/uploads\/lannach-bikepark2-1024x738.png\" alt=\"lannach bikepark\" \/>\n\n                                                                                                                            <\/picture>\n\n                        <\/div>\n\n                                    <\/div>\n            \n            <\/div>\n<\/div>\n\n<\/section>\n\n<section id='lightpress__section--block_21f7952193a5393e2b538e17112d5f02' class='bg--beige lightpress__section--colored-bg lightpress__section--default-section-space lightpress__section lightpress__section--content'><div class=\"content__inner\"\n         x-init=\"initContentBlockAnim($el)\">\n        \n    <div class=\"content__grid content__grid--fifty-fifty\">\n                                            <div class=\"content__box content__box\"\n                 style=\"\">\n                                \n                \n                                        <div class=\"content__media stickyTo\" x-init=\"imageSticky($el)\">\n\n                                                                                                <picture\n                                class=\"content__image sticky\">\n                            <source srcset=\"https:\/\/stiftadmont.at\/wp-content\/uploads\/wechseltrail2-1024x752.png\"\n                                    type=\"image\/webp\">\n                            <source srcset=\"https:\/\/stiftadmont.at\/wp-content\/uploads\/wechseltrail2-1024x752.png\"\n                                    type=\"image\/jpeg\">\n                            <img decoding=\"async\" loading=\"lazy\" src=\"https:\/\/stiftadmont.at\/wp-content\/uploads\/wechseltrail2-1024x752.png\" alt=\"wechseltrail\" width=\"600\" height=\"450\" \/>\n                                                                                                            <\/picture>\n\n                    <\/div>\n\n                            <\/div>\n        \n                                                    <div class=\"content__box content__box--2\"\n                     >\n                                        \n                    \n                                                    <div class=\"prose\"><p>Ein gro\u00dfes Dankesch\u00f6n gilt:<\/p>\n<p>\u00a0<\/p>\n<p>dem <strong>B\u00fcrgermeister von Lannach<\/strong> f\u00fcr die Gastfreundschaft,\u00a0<\/p>\n<p>Markus Pekoll, <strong>MTB-Koordinator des Landes Steiermark<\/strong>,\u00a0<\/p>\n<p>Manfred Gruber, <strong>Betriebsleiter St. Corona<\/strong>,\u00a0<\/p>\n<p>Philipp Wiedhofer, <strong>Head of Traildesign<\/strong><\/p>\n<p>\u00a0<\/p>\n<p>und allen Beteiligten f\u00fcr den offenen Austausch und die inspirierenden Einblicke!<\/p>\n<p>\u00a0<\/p>\n<p><strong>Diese Projekte zeigen eindrucksvoll, was mit Zusammenarbeit, Mut und Ideenreichtum m\u00f6glich ist.\u00a0<\/strong><\/p>\n<p>\u00a0<\/p>\n<\/div>\n                        \n                                    <\/div>\n            \n            <\/div>\n<\/div>\n\n    <div class=\"background__container background__container--beige\">\n    <\/div>\n\n<\/section>\n\n<section id='lightpress__section--block_5d3d5db4bd6ce3de0e1298155feb4af0' class='lightpress__section--default-section-space lightpress__section lightpress__section--image-slider'>\n<div class=\"image-slider\"\n     x-data=\"{ gallery: null, shown: false }\"\n     x-init=\"gallery = initSliderGallery([{&quot;href&quot;:&quot;https:\\\/\\\/stiftadmont.at\\\/wp-content\\\/uploads\\\/bikepark-lannach.png&quot;,&quot;type&quot;:&quot;image&quot;},{&quot;href&quot;:&quot;https:\\\/\\\/stiftadmont.at\\\/wp-content\\\/uploads\\\/lannach-bikepark2.png&quot;,&quot;type&quot;:&quot;image&quot;},{&quot;href&quot;:&quot;https:\\\/\\\/stiftadmont.at\\\/wp-content\\\/uploads\\\/lannach-bikepark.png&quot;,&quot;type&quot;:&quot;image&quot;},{&quot;href&quot;:&quot;https:\\\/\\\/stiftadmont.at\\\/wp-content\\\/uploads\\\/wechseltrail2.png&quot;,&quot;type&quot;:&quot;image&quot;},{&quot;href&quot;:&quot;https:\\\/\\\/stiftadmont.at\\\/wp-content\\\/uploads\\\/Wechseltrail_1.png&quot;,&quot;type&quot;:&quot;image&quot;}]); initImageSliderBlockAnim($el);\">\n    <div class=\"image-slider__inner\">\n\n        <div class=\"swiper-container\" x-init=\"initImageSliderBlock($el, $refs.btnPrev, $refs.btnNext)\">\n            <div class=\"swiper-wrapper\">\n                                    <div class=\"swiper-slide\">\n                        <div class=\"image-slider__media\">\n                            <img decoding=\"async\" class=\"image-slider__image\"\n                                 src=\"https:\/\/stiftadmont.at\/wp-content\/uploads\/bikepark-lannach-768x552.png\"\n                                 alt=\"bikepark lannach\">\n                        <\/div>\n                    <\/div>\n                                    <div class=\"swiper-slide\">\n                        <div class=\"image-slider__media\">\n                            <img decoding=\"async\" class=\"image-slider__image\"\n                                 src=\"https:\/\/stiftadmont.at\/wp-content\/uploads\/lannach-bikepark2-768x553.png\"\n                                 alt=\"lannach bikepark\">\n                        <\/div>\n                    <\/div>\n                                    <div class=\"swiper-slide\">\n                        <div class=\"image-slider__media\">\n                            <img decoding=\"async\" class=\"image-slider__image\"\n                                 src=\"https:\/\/stiftadmont.at\/wp-content\/uploads\/lannach-bikepark-768x525.png\"\n                                 alt=\"lannach bikepark\">\n                        <\/div>\n                    <\/div>\n                                    <div class=\"swiper-slide\">\n                        <div class=\"image-slider__media\">\n                            <img decoding=\"async\" class=\"image-slider__image\"\n                                 src=\"https:\/\/stiftadmont.at\/wp-content\/uploads\/wechseltrail2-768x564.png\"\n                                 alt=\"wechseltrail\">\n                        <\/div>\n                    <\/div>\n                                    <div class=\"swiper-slide\">\n                        <div class=\"image-slider__media\">\n                            <img decoding=\"async\" class=\"image-slider__image\"\n                                 src=\"https:\/\/stiftadmont.at\/wp-content\/uploads\/Wechseltrail_1-768x571.png\"\n                                 alt=\"Wechseltrail\">\n                        <\/div>\n                    <\/div>\n                            <\/div>\n\n            <div class=\"swiper-nav-wrapper\">\n                <button class=\"swiper-button-prev slider-button--prev\" x-ref=\"btnPrev\"\n                        aria-label=\"Vorige Bilder anzeigen\">\n                    <img decoding=\"async\" src=\"\/wp-content\/themes\/stift-admont\/src\/assets\/img\/arrow-left-big-new.svg\" alt=\"Pfeil nach Links\">\n                <\/button>\n\n\n                <a class=\"image-slider__gallery\" @click=\"openGallery(gallery)\"><i class=\"fa-thin fa-plus\"><\/i><\/a>\n                <button class=\"swiper-button-next slider-button--next\"\n                        x-ref=\"btnNext\"\n                        aria-label=\"N\u00e4chste Bilder anzeigen\">\n                    <img decoding=\"async\" src=\"\/wp-content\/themes\/stift-admont\/src\/assets\/img\/arrow-right-big-new.svg\" alt=\"Pfeil nach Rechts\">\n                <\/button>\n            <\/div>\n        <\/div>\n    <\/div>\n\n\n<\/div><\/section>","protected":false},"excerpt":{"rendered":"<p>Razburljiv ogled kolesarskih projektov v Lannachu in St. Corona am Wechsel - skupaj z zavzetimi somi\u0161ljeniki iz regije...<\/p>","protected":false},"author":7,"featured_media":36248,"comment_status":"closed","ping_status":"closed","sticky":false,"template":"","format":"standard","meta":{"_acf_changed":false,"footnotes":""},"categories":[23],"class_list":["post-36243","post","type-post","status-publish","format-standard","has-post-thumbnail","hentry","category-einrichtungen-aktuell"],"acf":[],"yoast_head":"<!-- This site is optimized with the Yoast SEO Premium plugin v26.0 (Yoast SEO v26.8) - https:\/\/yoast.com\/product\/yoast-seo-premium-wordpress\/ -->\n<title>Wenn Vision\u00e4re auf Visionen treffen... - Stift Admont<\/title>\n<meta name=\"description\" content=\"Lesen Sie aktuelle Informationen zum Thema Wenn Vision\u00e4re auf Visionen treffen... und vieles mehr aus dem Konvent und der Pfarre Admont.\" \/>\n<meta name=\"robots\" content=\"index, follow, max-snippet:-1, max-image-preview:large, max-video-preview:-1\" \/>\n<link rel=\"canonical\" href=\"https:\/\/stiftadmont.at\/sl\/blog\/izleti-v-bikepark\/\" \/>\n<meta property=\"og:locale\" content=\"sl_SI\" \/>\n<meta property=\"og:type\" content=\"article\" \/>\n<meta property=\"og:title\" content=\"Wenn Vision\u00e4re auf Visionen treffen...\" \/>\n<meta property=\"og:description\" content=\"Lesen Sie aktuelle Informationen zum Thema Wenn Vision\u00e4re auf Visionen treffen... und vieles mehr aus dem Konvent und der Pfarre Admont.\" \/>\n<meta property=\"og:url\" content=\"https:\/\/stiftadmont.at\/sl\/blog\/izleti-v-bikepark\/\" \/>\n<meta property=\"og:site_name\" content=\"Stift Admont\" \/>\n<meta property=\"article:published_time\" content=\"2025-07-14T10:01:36+00:00\" \/>\n<meta property=\"article:modified_time\" content=\"2025-07-14T10:05:55+00:00\" \/>\n<meta property=\"og:image\" content=\"https:\/\/stiftadmont.at\/wp-content\/uploads\/bikepark-lannach-1024x736.png\" \/>\n\t<meta property=\"og:image:width\" content=\"1024\" \/>\n\t<meta property=\"og:image:height\" content=\"736\" \/>\n\t<meta property=\"og:image:type\" content=\"image\/png\" \/>\n<meta name=\"author\" content=\"Mario Brandm\u00fcller\" \/>\n<meta name=\"twitter:card\" content=\"summary_large_image\" \/>\n<meta name=\"twitter:label1\" content=\"Written by\" \/>\n\t<meta name=\"twitter:data1\" content=\"Mario Brandm\u00fcller\" \/>\n\t<meta name=\"twitter:label2\" content=\"Est. reading time\" \/>\n\t<meta name=\"twitter:data2\" content=\"1 minuta\" \/>\n<script type=\"application\/ld+json\" class=\"yoast-schema-graph\">{\"@context\":\"https:\/\/schema.org\",\"@graph\":[{\"@type\":\"Article\",\"@id\":\"https:\/\/stiftadmont.at\/blog\/bikepark-besichtigungen\/#article\",\"isPartOf\":{\"@id\":\"https:\/\/stiftadmont.at\/blog\/bikepark-besichtigungen\/\"},\"author\":{\"name\":\"Mario Brandm\u00fcller\",\"@id\":\"https:\/\/stiftadmont.at\/#\/schema\/person\/30535548b241d5f33a2e8b839db11869\"},\"headline\":\"Wenn Vision\u00e4re auf Visionen treffen&#8230;\",\"datePublished\":\"2025-07-14T10:01:36+00:00\",\"dateModified\":\"2025-07-14T10:05:55+00:00\",\"mainEntityOfPage\":{\"@id\":\"https:\/\/stiftadmont.at\/blog\/bikepark-besichtigungen\/\"},\"wordCount\":6,\"image\":{\"@id\":\"https:\/\/stiftadmont.at\/blog\/bikepark-besichtigungen\/#primaryimage\"},\"thumbnailUrl\":\"https:\/\/stiftadmont.at\/wp-content\/uploads\/bikepark-lannach.png\",\"articleSection\":[\"Einrichtungen aktuell\"],\"inLanguage\":\"sl-SI\"},{\"@type\":\"WebPage\",\"@id\":\"https:\/\/stiftadmont.at\/blog\/bikepark-besichtigungen\/\",\"url\":\"https:\/\/stiftadmont.at\/blog\/bikepark-besichtigungen\/\",\"name\":\"Wenn Vision\u00e4re auf Visionen treffen... - Stift Admont\",\"isPartOf\":{\"@id\":\"https:\/\/stiftadmont.at\/#website\"},\"primaryImageOfPage\":{\"@id\":\"https:\/\/stiftadmont.at\/blog\/bikepark-besichtigungen\/#primaryimage\"},\"image\":{\"@id\":\"https:\/\/stiftadmont.at\/blog\/bikepark-besichtigungen\/#primaryimage\"},\"thumbnailUrl\":\"https:\/\/stiftadmont.at\/wp-content\/uploads\/bikepark-lannach.png\",\"datePublished\":\"2025-07-14T10:01:36+00:00\",\"dateModified\":\"2025-07-14T10:05:55+00:00\",\"author\":{\"@id\":\"https:\/\/stiftadmont.at\/#\/schema\/person\/30535548b241d5f33a2e8b839db11869\"},\"description\":\"Lesen Sie aktuelle Informationen zum Thema Wenn Vision\u00e4re auf Visionen treffen... und vieles mehr aus dem Konvent und der Pfarre Admont.\",\"breadcrumb\":{\"@id\":\"https:\/\/stiftadmont.at\/blog\/bikepark-besichtigungen\/#breadcrumb\"},\"inLanguage\":\"sl-SI\",\"potentialAction\":[{\"@type\":\"ReadAction\",\"target\":[\"https:\/\/stiftadmont.at\/blog\/bikepark-besichtigungen\/\"]}]},{\"@type\":\"ImageObject\",\"inLanguage\":\"sl-SI\",\"@id\":\"https:\/\/stiftadmont.at\/blog\/bikepark-besichtigungen\/#primaryimage\",\"url\":\"https:\/\/stiftadmont.at\/wp-content\/uploads\/bikepark-lannach.png\",\"contentUrl\":\"https:\/\/stiftadmont.at\/wp-content\/uploads\/bikepark-lannach.png\",\"width\":1722,\"height\":1237,\"caption\":\"bikepark lannach\"},{\"@type\":\"BreadcrumbList\",\"@id\":\"https:\/\/stiftadmont.at\/blog\/bikepark-besichtigungen\/#breadcrumb\",\"itemListElement\":[{\"@type\":\"ListItem\",\"position\":1,\"name\":\"Start\",\"item\":\"https:\/\/stiftadmont.at\/\"},{\"@type\":\"ListItem\",\"position\":2,\"name\":\"Wenn Vision\u00e4re auf Visionen treffen&#8230;\"}]},{\"@type\":\"WebSite\",\"@id\":\"https:\/\/stiftadmont.at\/#website\",\"url\":\"https:\/\/stiftadmont.at\/\",\"name\":\"Stift Admont\",\"description\":\"Benediktinerkloster und Sehensw\u00fcrdigkeit im Ges\u00e4use\",\"potentialAction\":[{\"@type\":\"SearchAction\",\"target\":{\"@type\":\"EntryPoint\",\"urlTemplate\":\"https:\/\/stiftadmont.at\/?s={search_term_string}\"},\"query-input\":{\"@type\":\"PropertyValueSpecification\",\"valueRequired\":true,\"valueName\":\"search_term_string\"}}],\"inLanguage\":\"sl-SI\"},{\"@type\":\"Person\",\"@id\":\"https:\/\/stiftadmont.at\/#\/schema\/person\/30535548b241d5f33a2e8b839db11869\",\"name\":\"Mario Brandm\u00fcller\"}]}<\/script>\n<!-- \/ Yoast SEO Premium plugin. -->","yoast_head_json":{"title":"Ko vizionarji sre\u010dajo vizije... - Opatija Admont","description":"Preberite najnovej\u0161e informacije o temi Ko vizionarji sre\u010dajo vizije... in \u0161e veliko ve\u010d iz samostana in \u017eupnije Admont.","robots":{"index":"index","follow":"follow","max-snippet":"max-snippet:-1","max-image-preview":"max-image-preview:large","max-video-preview":"max-video-preview:-1"},"canonical":"https:\/\/stiftadmont.at\/sl\/blog\/izleti-v-bikepark\/","og_locale":"sl_SI","og_type":"article","og_title":"Wenn Vision\u00e4re auf Visionen treffen...","og_description":"Lesen Sie aktuelle Informationen zum Thema Wenn Vision\u00e4re auf Visionen treffen... und vieles mehr aus dem Konvent und der Pfarre Admont.","og_url":"https:\/\/stiftadmont.at\/sl\/blog\/izleti-v-bikepark\/","og_site_name":"Stift Admont","article_published_time":"2025-07-14T10:01:36+00:00","article_modified_time":"2025-07-14T10:05:55+00:00","og_image":[{"width":1024,"height":736,"url":"https:\/\/stiftadmont.at\/wp-content\/uploads\/bikepark-lannach-1024x736.png","type":"image\/png"}],"author":"Mario Brandm\u00fcller","twitter_card":"summary_large_image","twitter_misc":{"Written by":"Mario Brandm\u00fcller","Est. reading time":"1 minuta"},"schema":{"@context":"https:\/\/schema.org","@graph":[{"@type":"Article","@id":"https:\/\/stiftadmont.at\/blog\/bikepark-besichtigungen\/#article","isPartOf":{"@id":"https:\/\/stiftadmont.at\/blog\/bikepark-besichtigungen\/"},"author":{"name":"Mario Brandm\u00fcller","@id":"https:\/\/stiftadmont.at\/#\/schema\/person\/30535548b241d5f33a2e8b839db11869"},"headline":"Wenn Vision\u00e4re auf Visionen treffen&#8230;","datePublished":"2025-07-14T10:01:36+00:00","dateModified":"2025-07-14T10:05:55+00:00","mainEntityOfPage":{"@id":"https:\/\/stiftadmont.at\/blog\/bikepark-besichtigungen\/"},"wordCount":6,"image":{"@id":"https:\/\/stiftadmont.at\/blog\/bikepark-besichtigungen\/#primaryimage"},"thumbnailUrl":"https:\/\/stiftadmont.at\/wp-content\/uploads\/bikepark-lannach.png","articleSection":["Einrichtungen aktuell"],"inLanguage":"sl-SI"},{"@type":"WebPage","@id":"https:\/\/stiftadmont.at\/blog\/bikepark-besichtigungen\/","url":"https:\/\/stiftadmont.at\/blog\/bikepark-besichtigungen\/","name":"Ko vizionarji sre\u010dajo vizije... - Opatija Admont","isPartOf":{"@id":"https:\/\/stiftadmont.at\/#website"},"primaryImageOfPage":{"@id":"https:\/\/stiftadmont.at\/blog\/bikepark-besichtigungen\/#primaryimage"},"image":{"@id":"https:\/\/stiftadmont.at\/blog\/bikepark-besichtigungen\/#primaryimage"},"thumbnailUrl":"https:\/\/stiftadmont.at\/wp-content\/uploads\/bikepark-lannach.png","datePublished":"2025-07-14T10:01:36+00:00","dateModified":"2025-07-14T10:05:55+00:00","author":{"@id":"https:\/\/stiftadmont.at\/#\/schema\/person\/30535548b241d5f33a2e8b839db11869"},"description":"Preberite najnovej\u0161e informacije o temi Ko vizionarji sre\u010dajo vizije... in \u0161e veliko ve\u010d iz samostana in \u017eupnije Admont.","breadcrumb":{"@id":"https:\/\/stiftadmont.at\/blog\/bikepark-besichtigungen\/#breadcrumb"},"inLanguage":"sl-SI","potentialAction":[{"@type":"ReadAction","target":["https:\/\/stiftadmont.at\/blog\/bikepark-besichtigungen\/"]}]},{"@type":"ImageObject","inLanguage":"sl-SI","@id":"https:\/\/stiftadmont.at\/blog\/bikepark-besichtigungen\/#primaryimage","url":"https:\/\/stiftadmont.at\/wp-content\/uploads\/bikepark-lannach.png","contentUrl":"https:\/\/stiftadmont.at\/wp-content\/uploads\/bikepark-lannach.png","width":1722,"height":1237,"caption":"bikepark lannach"},{"@type":"BreadcrumbList","@id":"https:\/\/stiftadmont.at\/blog\/bikepark-besichtigungen\/#breadcrumb","itemListElement":[{"@type":"ListItem","position":1,"name":"Start","item":"https:\/\/stiftadmont.at\/"},{"@type":"ListItem","position":2,"name":"Wenn Vision\u00e4re auf Visionen treffen&#8230;"}]},{"@type":"WebSite","@id":"https:\/\/stiftadmont.at\/#website","url":"https:\/\/stiftadmont.at\/","name":"Opatija Admont","description":"Benediktinski samostan in turisti\u010dna znamenitost v Ges\u00e4use","potentialAction":[{"@type":"SearchAction","target":{"@type":"EntryPoint","urlTemplate":"https:\/\/stiftadmont.at\/?s={search_term_string}"},"query-input":{"@type":"PropertyValueSpecification","valueRequired":true,"valueName":"search_term_string"}}],"inLanguage":"sl-SI"},{"@type":"Person","@id":"https:\/\/stiftadmont.at\/#\/schema\/person\/30535548b241d5f33a2e8b839db11869","name":"Mario Brandm\u00fcller"}]}},"_links":{"self":[{"href":"https:\/\/stiftadmont.at\/sl\/wp-json\/wp\/v2\/posts\/36243","targetHints":{"allow":["GET"]}}],"collection":[{"href":"https:\/\/stiftadmont.at\/sl\/wp-json\/wp\/v2\/posts"}],"about":[{"href":"https:\/\/stiftadmont.at\/sl\/wp-json\/wp\/v2\/types\/post"}],"author":[{"embeddable":true,"href":"https:\/\/stiftadmont.at\/sl\/wp-json\/wp\/v2\/users\/7"}],"replies":[{"embeddable":true,"href":"https:\/\/stiftadmont.at\/sl\/wp-json\/wp\/v2\/comments?post=36243"}],"version-history":[{"count":6,"href":"https:\/\/stiftadmont.at\/sl\/wp-json\/wp\/v2\/posts\/36243\/revisions"}],"predecessor-version":[{"id":36258,"href":"https:\/\/stiftadmont.at\/sl\/wp-json\/wp\/v2\/posts\/36243\/revisions\/36258"}],"wp:featuredmedia":[{"embeddable":true,"href":"https:\/\/stiftadmont.at\/sl\/wp-json\/wp\/v2\/media\/36248"}],"wp:attachment":[{"href":"https:\/\/stiftadmont.at\/sl\/wp-json\/wp\/v2\/media?parent=36243"}],"wp:term":[{"taxonomy":"category","embeddable":true,"href":"https:\/\/stiftadmont.at\/sl\/wp-json\/wp\/v2\/categories?post=36243"}],"curies":[{"name":"wp","href":"https:\/\/api.w.org\/{rel}","templated":true}]}}