{"id":42602,"date":"2026-08-12T19:01:15","date_gmt":"2026-08-12T17:01:15","guid":{"rendered":"https:\/\/stiftadmont.at\/?p=42602"},"modified":"2026-08-13T09:47:51","modified_gmt":"2026-08-13T07:47:51","slug":"dezeven-dan-dan-knjiznice","status":"publish","type":"post","link":"https:\/\/stiftadmont.at\/sl\/blog\/regentag-bibliothekstag\/","title":{"rendered":"De\u017eeven dan? Dan za obisk knji\u017enice!"},"content":{"rendered":"<section id='lightpress__section--block_30e56707e8b2072357a82c71ad64552a' class='lightpress__section--default-section-space lightpress__section lightpress__section--content'><div class=\"content__inner\"\n         x-init=\"initContentBlockAnim($el)\">\n        \n    <div class=\"content__grid content__grid--fifty-fifty\">\n                                            <div class=\"content__box content__box\"\n                 style=\"\">\n                                \n                \n                                            <div class=\"prose\"><p>Pravzaprav bi bil prihodnji ponedeljek (17. avgusta 2026) dan po\u010ditka. Ker pa se po \u0161tevilnih \u010dudovitih poletnih dneh ravno zdaj napoveduje de\u017e, bomo brez oklevanja odprli vrata in dan po\u010ditka spremenili v dan s posebnimi vodeni ogledi knji\u017enice.<\/p>\n<p>\u00a0<\/p>\n<p>Po na\u0161i akciji v vro\u010dini sledi zdaj akcija v de\u017eju \u2013 za vse, ki si po ne\u0161tetih dneh pohodni\u0161tva, son\u010denja in kopanja \u017eelijo posebno vodenje po na\u0161i najve\u010dji samostanski knji\u017enici na svetu\u2026\u00a0<\/p>\n<p>\u00a0<\/p>\n<p><strong>Na\u0161a posebna akcija v ponedeljek (17. avgusta 2026):<\/strong><\/p>\n<p>\u00a0<\/p>\n<ul>\n<li><strong>Vstopnina + vino: 24,90 \u20ac<\/strong><\/li>\n<li><strong>Vstopnina + vino + de\u017enik: 34,90 \u20ac<\/strong><\/li>\n<\/ul>\n<p>\u00a0<\/p>\n<p><strong>Posebna vodenja potekajo ob naslednjih urah: ob 09:30, ob 11:30, ob 13:30 (vodenje v angle\u0161kem jeziku).<\/strong><\/p>\n<p>\u00a0<\/p>\n<p><strong>POZOR<\/strong>: Obvezna prijava na:<\/p>\n<p>\u00a0<\/p>\n<p><a class=\"email\" href=\"mailto:museum@stiftadmont.at\"><span class=\"icon-outer\"><i class=\"fa-light fa-envelope\"><\/i><\/span>museum@stiftadmont.at <\/a>\u00a0ali\u00a0\u00a0<a class=\"phone\" href=\"tel:+43 (0) 3613 \/ 2312604\"><span class=\"icon-outer\"><i class=\"fa-light fa-phone\"><\/i><\/span>+43 (0) 3613 \/ 2312-604<\/a><\/p>\n<p>\u00a0<\/p>\n<p>Izkoristite de\u017eeven dan za raziskovalno potovanje po najve\u010dji samostanski knji\u017enici na svetu, privo\u0161\u010dite si kozarec vina in pre\u017eivite poseben dan pri nas.<\/p>\n<p>\u00a0<\/p>\n<p><strong>Veselimo se va\u0161ega obiska!<\/strong><\/p>\n<\/div>\n                    \n                            <\/div>\n        \n                                                    <div class=\"content__box content__box--2\"\n                     >\n                                        \n                                            \n                                                    <a href=\"https:\/\/stiftadmont.at\/wp-content\/uploads\/Regentage-im-stift-Admont_Museum-2026.mp4\" class=\"content__video content__media\"\n                               x-data\n x-init=\"initContentLightBox('#lightpress__section--block_30e56707e8b2072357a82c71ad64552a .content__video')\">\n                                                                                                                                <picture class=\"content__image\">\n                                    <source srcset=\"https:\/\/stiftadmont.at\/wp-content\/uploads\/Regenschirm_500px.webp\" type=\"image\/webp\">\n                                    <source srcset=\"https:\/\/stiftadmont.at\/wp-content\/uploads\/Regenschirm_500px.jpg\" type=\"image\/jpeg\">\n                                    <img decoding=\"async\" class=\"content__image\" loading=\"lazy\" src=\"https:\/\/stiftadmont.at\/wp-content\/uploads\/Regenschirm_500px.jpg\" alt=\"De\u017enik px\" width=\"600\" height=\"450\" \/>\n                                <\/picture>\n\n                                <span class=\"overlay-dark\"><\/span>\n                                <span class=\"content-overlay\"><\/span>\n                                <div class=\"content__plaque\">\n                                    <div class=\"content__plaque-inner\">\n                                        <span><i class=\"fas fa-play content__icon\"><\/i><\/span>\n                                        <p class=\"paragraph-m\">Igraj<\/p>\n                                    <\/div>\n                                <\/div>\n                            <\/a>\n                        \n                                    <\/div>\n            \n            <\/div>\n<\/div>\n\n<\/section>","protected":false},"excerpt":{"rendered":"<p>Pravzaprav bi bil prihodnji ponedeljek dan po\u010ditka. A ker se po \u0161tevilnih \u010dudovitih poletnih dneh ravno zdaj napoveduje de\u017e, bomo brez oklevanja odprli vrata in dan po\u010ditka spremenili v dan z vodeni ogledi knji\u017enice\u2026<\/p>","protected":false},"author":7,"featured_media":42035,"comment_status":"closed","ping_status":"closed","sticky":false,"template":"","format":"standard","meta":{"_acf_changed":false,"footnotes":""},"categories":[23],"class_list":["post-42602","post","type-post","status-publish","format-standard","has-post-thumbnail","hentry","category-einrichtungen-aktuell"],"acf":[],"yoast_head":"<!-- This site is optimized with the Yoast SEO Premium plugin v28.0 (Yoast SEO v28.4) - https:\/\/yoast.com\/product\/yoast-seo-premium-wordpress\/ -->\n<title>Regentag? Bibliothekstag! - Stift Admont<\/title>\n<meta name=\"description\" content=\"Lesen Sie aktuelle Informationen zum Thema Regentag? Bibliothekstag! und vieles mehr aus dem Konvent und der Pfarre Admont.\" \/>\n<meta name=\"robots\" content=\"index, follow, max-snippet:-1, max-image-preview:large, max-video-preview:-1\" \/>\n<link rel=\"canonical\" href=\"https:\/\/stiftadmont.at\/sl\/blog\/dezeven-dan-dan-knjiznice\/\" \/>\n<meta property=\"og:locale\" content=\"sl_SI\" \/>\n<meta property=\"og:type\" content=\"article\" \/>\n<meta property=\"og:title\" content=\"Regentag? Bibliothekstag!\" \/>\n<meta property=\"og:description\" content=\"Lesen Sie aktuelle Informationen zum Thema Regentag? Bibliothekstag! und vieles mehr aus dem Konvent und der Pfarre Admont.\" \/>\n<meta property=\"og:url\" content=\"https:\/\/stiftadmont.at\/sl\/blog\/dezeven-dan-dan-knjiznice\/\" \/>\n<meta property=\"og:site_name\" content=\"Stift Admont\" \/>\n<meta property=\"article:published_time\" content=\"2026-08-12T17:01:15+00:00\" \/>\n<meta property=\"article:modified_time\" content=\"2026-08-13T07:47:51+00:00\" \/>\n<meta property=\"og:image\" content=\"https:\/\/stiftadmont.at\/wp-content\/uploads\/Bibliothek-details-7_Christoph-Draxl-scaled.jpg\" \/>\n\t<meta property=\"og:image:width\" content=\"2560\" \/>\n\t<meta property=\"og:image:height\" content=\"1707\" \/>\n\t<meta property=\"og:image:type\" content=\"image\/jpeg\" \/>\n<meta name=\"author\" content=\"Mario Brandm\u00fcller\" \/>\n<meta name=\"twitter:card\" content=\"summary_large_image\" \/>\n<meta name=\"twitter:label1\" content=\"Written by\" \/>\n\t<meta name=\"twitter:data1\" content=\"Mario Brandm\u00fcller\" \/>\n\t<meta name=\"twitter:label2\" content=\"Est. reading time\" \/>\n\t<meta name=\"twitter:data2\" content=\"1 minuta\" \/>\n<script type=\"application\/ld+json\" class=\"yoast-schema-graph\">{\"@context\":\"https:\\\/\\\/schema.org\",\"@graph\":[{\"@type\":\"Article\",\"@id\":\"https:\\\/\\\/stiftadmont.at\\\/blog\\\/regentag-bibliothekstag\\\/#article\",\"isPartOf\":{\"@id\":\"https:\\\/\\\/stiftadmont.at\\\/blog\\\/regentag-bibliothekstag\\\/\"},\"author\":{\"name\":\"Mario Brandm\u00fcller\",\"@id\":\"https:\\\/\\\/stiftadmont.at\\\/#\\\/schema\\\/person\\\/30535548b241d5f33a2e8b839db11869\"},\"headline\":\"Regentag? Bibliothekstag!\",\"datePublished\":\"2026-08-12T17:01:15+00:00\",\"dateModified\":\"2026-08-13T07:47:51+00:00\",\"mainEntityOfPage\":{\"@id\":\"https:\\\/\\\/stiftadmont.at\\\/blog\\\/regentag-bibliothekstag\\\/\"},\"wordCount\":2,\"image\":{\"@id\":\"https:\\\/\\\/stiftadmont.at\\\/blog\\\/regentag-bibliothekstag\\\/#primaryimage\"},\"thumbnailUrl\":\"https:\\\/\\\/stiftadmont.at\\\/wp-content\\\/uploads\\\/Bibliothek-details-7_Christoph-Draxl-scaled.jpg\",\"articleSection\":[\"Einrichtungen aktuell\"],\"inLanguage\":\"sl-SI\"},{\"@type\":\"WebPage\",\"@id\":\"https:\\\/\\\/stiftadmont.at\\\/blog\\\/regentag-bibliothekstag\\\/\",\"url\":\"https:\\\/\\\/stiftadmont.at\\\/blog\\\/regentag-bibliothekstag\\\/\",\"name\":\"Regentag? Bibliothekstag! - Stift Admont\",\"isPartOf\":{\"@id\":\"https:\\\/\\\/stiftadmont.at\\\/#website\"},\"primaryImageOfPage\":{\"@id\":\"https:\\\/\\\/stiftadmont.at\\\/blog\\\/regentag-bibliothekstag\\\/#primaryimage\"},\"image\":{\"@id\":\"https:\\\/\\\/stiftadmont.at\\\/blog\\\/regentag-bibliothekstag\\\/#primaryimage\"},\"thumbnailUrl\":\"https:\\\/\\\/stiftadmont.at\\\/wp-content\\\/uploads\\\/Bibliothek-details-7_Christoph-Draxl-scaled.jpg\",\"datePublished\":\"2026-08-12T17:01:15+00:00\",\"dateModified\":\"2026-08-13T07:47:51+00:00\",\"author\":{\"@id\":\"https:\\\/\\\/stiftadmont.at\\\/#\\\/schema\\\/person\\\/30535548b241d5f33a2e8b839db11869\"},\"description\":\"Lesen Sie aktuelle Informationen zum Thema Regentag? Bibliothekstag! und vieles mehr aus dem Konvent und der Pfarre Admont.\",\"breadcrumb\":{\"@id\":\"https:\\\/\\\/stiftadmont.at\\\/blog\\\/regentag-bibliothekstag\\\/#breadcrumb\"},\"inLanguage\":\"sl-SI\",\"potentialAction\":[{\"@type\":\"ReadAction\",\"target\":[\"https:\\\/\\\/stiftadmont.at\\\/blog\\\/regentag-bibliothekstag\\\/\"]}]},{\"@type\":\"ImageObject\",\"inLanguage\":\"sl-SI\",\"@id\":\"https:\\\/\\\/stiftadmont.at\\\/blog\\\/regentag-bibliothekstag\\\/#primaryimage\",\"url\":\"https:\\\/\\\/stiftadmont.at\\\/wp-content\\\/uploads\\\/Bibliothek-details-7_Christoph-Draxl-scaled.jpg\",\"contentUrl\":\"https:\\\/\\\/stiftadmont.at\\\/wp-content\\\/uploads\\\/Bibliothek-details-7_Christoph-Draxl-scaled.jpg\",\"width\":2560,\"height\":1707,\"caption\":\"Bibliothek details Christoph Draxl\"},{\"@type\":\"BreadcrumbList\",\"@id\":\"https:\\\/\\\/stiftadmont.at\\\/blog\\\/regentag-bibliothekstag\\\/#breadcrumb\",\"itemListElement\":[{\"@type\":\"ListItem\",\"position\":1,\"name\":\"Start\",\"item\":\"https:\\\/\\\/stiftadmont.at\\\/\"},{\"@type\":\"ListItem\",\"position\":2,\"name\":\"Regentag? Bibliothekstag!\"}]},{\"@type\":\"WebSite\",\"@id\":\"https:\\\/\\\/stiftadmont.at\\\/#website\",\"url\":\"https:\\\/\\\/stiftadmont.at\\\/\",\"name\":\"Stift Admont\",\"description\":\"Benediktinerkloster und Sehensw\u00fcrdigkeit im Ges\u00e4use\",\"potentialAction\":[{\"@type\":\"SearchAction\",\"target\":{\"@type\":\"EntryPoint\",\"urlTemplate\":\"https:\\\/\\\/stiftadmont.at\\\/?s={search_term_string}\"},\"query-input\":{\"@type\":\"PropertyValueSpecification\",\"valueRequired\":true,\"valueName\":\"search_term_string\"}}],\"inLanguage\":\"sl-SI\"},{\"@type\":\"Person\",\"@id\":\"https:\\\/\\\/stiftadmont.at\\\/#\\\/schema\\\/person\\\/30535548b241d5f33a2e8b839db11869\",\"name\":\"Mario Brandm\u00fcller\"}]}<\/script>\n<!-- \/ Yoast SEO Premium plugin. -->","yoast_head_json":{"title":"De\u017eeven dan? Dan v knji\u017enici! \u2013 Samostan Admont","description":"Preberite najnovej\u0161e informacije na temo \u00bbDe\u017eeven dan? Dan knji\u017enice!\u00ab ter \u0161e veliko ve\u010d o samostanu in \u017eupniji Admont.","robots":{"index":"index","follow":"follow","max-snippet":"max-snippet:-1","max-image-preview":"max-image-preview:large","max-video-preview":"max-video-preview:-1"},"canonical":"https:\/\/stiftadmont.at\/sl\/blog\/dezeven-dan-dan-knjiznice\/","og_locale":"sl_SI","og_type":"article","og_title":"Regentag? Bibliothekstag!","og_description":"Lesen Sie aktuelle Informationen zum Thema Regentag? Bibliothekstag! und vieles mehr aus dem Konvent und der Pfarre Admont.","og_url":"https:\/\/stiftadmont.at\/sl\/blog\/dezeven-dan-dan-knjiznice\/","og_site_name":"Stift Admont","article_published_time":"2026-08-12T17:01:15+00:00","article_modified_time":"2026-08-13T07:47:51+00:00","og_image":[{"width":2560,"height":1707,"url":"https:\/\/stiftadmont.at\/wp-content\/uploads\/Bibliothek-details-7_Christoph-Draxl-scaled.jpg","type":"image\/jpeg"}],"author":"Mario Brandm\u00fcller","twitter_card":"summary_large_image","twitter_misc":{"Written by":"Mario Brandm\u00fcller","Est. reading time":"1 minuta"},"schema":{"@context":"https:\/\/schema.org","@graph":[{"@type":"Article","@id":"https:\/\/stiftadmont.at\/blog\/regentag-bibliothekstag\/#article","isPartOf":{"@id":"https:\/\/stiftadmont.at\/blog\/regentag-bibliothekstag\/"},"author":{"name":"Mario Brandm\u00fcller","@id":"https:\/\/stiftadmont.at\/#\/schema\/person\/30535548b241d5f33a2e8b839db11869"},"headline":"Regentag? Bibliothekstag!","datePublished":"2026-08-12T17:01:15+00:00","dateModified":"2026-08-13T07:47:51+00:00","mainEntityOfPage":{"@id":"https:\/\/stiftadmont.at\/blog\/regentag-bibliothekstag\/"},"wordCount":2,"image":{"@id":"https:\/\/stiftadmont.at\/blog\/regentag-bibliothekstag\/#primaryimage"},"thumbnailUrl":"https:\/\/stiftadmont.at\/wp-content\/uploads\/Bibliothek-details-7_Christoph-Draxl-scaled.jpg","articleSection":["Einrichtungen aktuell"],"inLanguage":"sl-SI"},{"@type":"WebPage","@id":"https:\/\/stiftadmont.at\/blog\/regentag-bibliothekstag\/","url":"https:\/\/stiftadmont.at\/blog\/regentag-bibliothekstag\/","name":"De\u017eeven dan? Dan v knji\u017enici! \u2013 Samostan Admont","isPartOf":{"@id":"https:\/\/stiftadmont.at\/#website"},"primaryImageOfPage":{"@id":"https:\/\/stiftadmont.at\/blog\/regentag-bibliothekstag\/#primaryimage"},"image":{"@id":"https:\/\/stiftadmont.at\/blog\/regentag-bibliothekstag\/#primaryimage"},"thumbnailUrl":"https:\/\/stiftadmont.at\/wp-content\/uploads\/Bibliothek-details-7_Christoph-Draxl-scaled.jpg","datePublished":"2026-08-12T17:01:15+00:00","dateModified":"2026-08-13T07:47:51+00:00","author":{"@id":"https:\/\/stiftadmont.at\/#\/schema\/person\/30535548b241d5f33a2e8b839db11869"},"description":"Preberite najnovej\u0161e informacije na temo \u00bbDe\u017eeven dan? Dan knji\u017enice!\u00ab ter \u0161e veliko ve\u010d o samostanu in \u017eupniji Admont.","breadcrumb":{"@id":"https:\/\/stiftadmont.at\/blog\/regentag-bibliothekstag\/#breadcrumb"},"inLanguage":"sl-SI","potentialAction":[{"@type":"ReadAction","target":["https:\/\/stiftadmont.at\/blog\/regentag-bibliothekstag\/"]}]},{"@type":"ImageObject","inLanguage":"sl-SI","@id":"https:\/\/stiftadmont.at\/blog\/regentag-bibliothekstag\/#primaryimage","url":"https:\/\/stiftadmont.at\/wp-content\/uploads\/Bibliothek-details-7_Christoph-Draxl-scaled.jpg","contentUrl":"https:\/\/stiftadmont.at\/wp-content\/uploads\/Bibliothek-details-7_Christoph-Draxl-scaled.jpg","width":2560,"height":1707,"caption":"Bibliothek details Christoph Draxl"},{"@type":"BreadcrumbList","@id":"https:\/\/stiftadmont.at\/blog\/regentag-bibliothekstag\/#breadcrumb","itemListElement":[{"@type":"ListItem","position":1,"name":"Start","item":"https:\/\/stiftadmont.at\/"},{"@type":"ListItem","position":2,"name":"Regentag? Bibliothekstag!"}]},{"@type":"WebSite","@id":"https:\/\/stiftadmont.at\/#website","url":"https:\/\/stiftadmont.at\/","name":"Opatija Admont","description":"Benediktinski samostan in turisti\u010dna znamenitost v Ges\u00e4use","potentialAction":[{"@type":"SearchAction","target":{"@type":"EntryPoint","urlTemplate":"https:\/\/stiftadmont.at\/?s={search_term_string}"},"query-input":{"@type":"PropertyValueSpecification","valueRequired":true,"valueName":"search_term_string"}}],"inLanguage":"sl-SI"},{"@type":"Person","@id":"https:\/\/stiftadmont.at\/#\/schema\/person\/30535548b241d5f33a2e8b839db11869","name":"Mario Brandm\u00fcller"}]}},"_links":{"self":[{"href":"https:\/\/stiftadmont.at\/sl\/wp-json\/wp\/v2\/posts\/42602","targetHints":{"allow":["GET"]}}],"collection":[{"href":"https:\/\/stiftadmont.at\/sl\/wp-json\/wp\/v2\/posts"}],"about":[{"href":"https:\/\/stiftadmont.at\/sl\/wp-json\/wp\/v2\/types\/post"}],"author":[{"embeddable":true,"href":"https:\/\/stiftadmont.at\/sl\/wp-json\/wp\/v2\/users\/7"}],"replies":[{"embeddable":true,"href":"https:\/\/stiftadmont.at\/sl\/wp-json\/wp\/v2\/comments?post=42602"}],"version-history":[{"count":13,"href":"https:\/\/stiftadmont.at\/sl\/wp-json\/wp\/v2\/posts\/42602\/revisions"}],"predecessor-version":[{"id":42619,"href":"https:\/\/stiftadmont.at\/sl\/wp-json\/wp\/v2\/posts\/42602\/revisions\/42619"}],"wp:featuredmedia":[{"embeddable":true,"href":"https:\/\/stiftadmont.at\/sl\/wp-json\/wp\/v2\/media\/42035"}],"wp:attachment":[{"href":"https:\/\/stiftadmont.at\/sl\/wp-json\/wp\/v2\/media?parent=42602"}],"wp:term":[{"taxonomy":"category","embeddable":true,"href":"https:\/\/stiftadmont.at\/sl\/wp-json\/wp\/v2\/categories?post=42602"}],"curies":[{"name":"wp","href":"https:\/\/api.w.org\/{rel}","templated":true}]}}