{"id":42856,"date":"2026-09-03T10:48:51","date_gmt":"2026-09-03T08:48:51","guid":{"rendered":"https:\/\/stiftadmont.at\/?p=42856"},"modified":"2026-09-03T11:09:41","modified_gmt":"2026-09-03T09:09:41","slug":"znanje-ustvarja-prostor-pesniski-slam-in-literarni-natecaj","status":"publish","type":"post","link":"https:\/\/stiftadmont.at\/sl\/blog\/wissen-macht-raum-poetry-slam-und-schreibwettbewerb\/","title":{"rendered":"Poetski slam in literarni nate\u010daj"},"content":{"rendered":"<section id='lightpress__section--block_489bc5865c3ca41e749b3eb1eb474a42' class='lightpress__section--default-section-space lightpress__section lightpress__section--content'><div class=\"content__inner\"\n         x-init=\"initContentBlockAnim($el)\">\n        \n    <div class=\"content__grid content__grid--fifty-fifty\">\n                                            <div class=\"content__box content__box\"\n                 style=\"\">\n                                \n                \n                                            <div class=\"prose\"><h5 class=\"heading-m line line-above line--gold\">Vrednost znanja je v ospredju. In postane tema razprave.<\/h5>\n<p>\u00a0<\/p>\n<p>\u017de stoletja se \u010dlove\u0161ko znanje nenehno posodablja z novimi spoznanji, a kljub temu se danes zdi bolj krhko in nestabilno kot kdaj koli prej. Meje njegove dostopnosti se ru\u0161ijo, njegova veljavnost pa se iz sekunde v sekundo postavlja pod vpra\u0161aj. Ali lahko ena\u010dba \u201eznanje = mo\u010d\u201c \u0161e vedno velja?<\/p>\n<p>\u00a0<\/p>\n<p>Obisk knji\u017enice je kot potovanje skozi \u010das. Tu se znanje prostorsko umesti. Knjige slu\u017eijo kot uprizoritev izobrazbe, modrosti in: mo\u010di. Samostanska knji\u017enica v Admontu to simbolizira kot skoraj noben drug kraj. Ustanovljena je bila pred 250 leti, da bi razstavila zaklad znanja samostana in s tem njegovo (duhovno) bogastvo.\u00a0<\/p>\n<\/div>\n                    \n                            <\/div>\n        \n                                                    <div class=\"content__box content__box--2\"\n                     >\n                                        \n                    \n                                                <div class=\"content__media stickyTo\" x-init=\"imageSticky($el)\">\n\n                                                                                    <picture\n                                    class=\"content__image sticky\">\n                                <source srcset=\"https:\/\/stiftadmont.at\/wp-content\/uploads\/Bibliothek-details_CHristoph-Draxl-1024x683.webp\" type=\"image\/webp\">\n                                <source srcset=\"https:\/\/stiftadmont.at\/wp-content\/uploads\/Bibliothek-details_CHristoph-Draxl-1024x683.jpg\" type=\"image\/jpeg\">\n                                <img decoding=\"async\" class=\"sticky\" loading=\"lazy\" src=\"https:\/\/stiftadmont.at\/wp-content\/uploads\/Bibliothek-details_CHristoph-Draxl-1024x683.jpg\"\n                                     alt=\"Podrobnosti o knji\u017enici: Christoph Draxl\">\n\n                                                                                                                            <\/picture>\n\n                        <\/div>\n\n                                    <\/div>\n            \n            <\/div>\n<\/div>\n\n<\/section>\n\n<section id='lightpress__section--block_1e212c55aef8068f84e5d09ec92d8b74' class='bg--beige lightpress__section--colored-bg lightpress__section--default-section-space lightpress__section lightpress__section--content'><div class=\"content__inner\"\n         x-init=\"initContentBlockAnim($el)\">\n        \n    <div class=\"content__grid content__grid--fifty-fifty\">\n                                            <div class=\"content__box content__box\"\n                 style=\"\">\n                                \n                \n                                        <div class=\"content__media stickyTo\" x-init=\"imageSticky($el)\">\n\n                                                                                                <picture\n                                class=\"content__image sticky\">\n                            <source srcset=\"https:\/\/stiftadmont.at\/wp-content\/uploads\/Bibliothek-details-7_Christoph-Draxl-1024x683.jpg\"\n                                    type=\"image\/webp\">\n                            <source srcset=\"https:\/\/stiftadmont.at\/wp-content\/uploads\/Bibliothek-details-7_Christoph-Draxl-1024x683.jpg\"\n                                    type=\"image\/jpeg\">\n                            <img decoding=\"async\" loading=\"lazy\"\n                                 src=\"https:\/\/stiftadmont.at\/wp-content\/uploads\/Bibliothek-details-7_Christoph-Draxl-1024x683.jpg\"\n                                 alt=\"Podrobnosti o knji\u017enici: Christoph Draxl\" width=\"600\" height=\"450\">\n                                                                                                            <\/picture>\n\n                    <\/div>\n\n                            <\/div>\n        \n                                                    <div class=\"content__box content__box--2\"\n                     >\n                                        \n                    \n                                                    <div class=\"prose\"><p>Kdor vstopi vanjo, za\u010duti te\u017enjo po razsvetljenju, hkrati pa se tudi vrne v \u010das, ko je bil dostop do znanja privilegij, odvisen od statusa, porekla in spola.<\/p>\n<p>\u00a0<\/p>\n<p>Neskon\u010dnost dana\u0161njega znanja pa prina\u0161a demokratizacijo \u2013 in dezorientacijo? Kaj moramo, kaj sploh \u0161e lahko vemo? In kak\u0161no vlogo pri tem \u0161e igrajo knjige? Ali knji\u017ena polica izgublja svojo vlogo kot<\/p>\n<p>Je to simbol statusa ali pa se spreminja v nostalgi\u010den prostor hrepenenja? Katera vpra\u0161anja je treba zastaviti prav v prostoru, kot je samostanska knji\u017enica, ki v ogromnem prostoru upodablja neko\u010d neizpodbitno ena\u010dbo \u201eznanje = mo\u010d\u201c?<\/p>\n<p>\u00a0<\/p>\n<p><strong>Ima\u0161 kaj za povedati? Rad pi\u0161e\u0161, spretno se poigrava\u0161 z jezikom ali pa preprosto rad filozofira\u0161 sam pri sebi?\u00a0<\/strong><strong>Potem na pesni\u0161kem slamu navdu\u0161i ob\u010dinstvo s svojo jezikovno spretnostjo ali se s svojim besedilom prijavi na literarni nate\u010daj!<\/strong><\/p>\n<\/div>\n                        \n                                    <\/div>\n            \n            <\/div>\n<\/div>\n\n    <div class=\"background__container background__container--beige\">\n    <\/div>\n\n<\/section>\n\n<section id='lightpress__section--block_407a150c5e7f1e94696d5ad38aa82bfd' class='align-center lightpress__section--default-section-space lightpress__section lightpress__section--headline'><div class=\"headline__container\">\n            <h2 class=\"headline text--40 text-medium line line--gold line-above line-middle\">Bro\u0161ura o prireditvi <\/h2>\n        <p class=\"text-center text-gold text--20 text-medium text--uppercase\">Vse informacije o pesni\u0161kem slamu in literarnem nate\u010daju najdete v spodnji bro\u0161uri<\/p>\n        <div class=\"spacer--40\"><\/div>\n<\/div>\n\n<\/section>\n\n<section id='lightpress__section--block_3e4379c4911c12bea035ca4d1cc58fa3' class='lightpress__section--default-section-space lightpress__section lightpress__section--content'><div class=\"content__inner\"\n         x-init=\"initContentBlockAnim($el)\">\n        \n    <div class=\"content__grid content__grid\">\n                                            <div class=\"content__box content__box--one-hundred\"\n                 style=\"\">\n                                \n                \n                                            <div class=\"prose\"><p><span style=\"color: #555555; font-family: Nunito, sans-serif; font-size: 13px; background-color: #ffffff;\"><div class=\"_df_book df-lite\" id=\"df_42861\"  _slug=\"42861\" data-title=\"\" wpoptions=\"true\" thumbtype=\"\" ><\/div><script class=\"df-shortcode-script\" nowprocket type=\"application\/javascript\">window.option_df_42861 = {\"outline\":[],\"autoEnableOutline\":\"false\",\"autoEnableThumbnail\":\"false\",\"overwritePDFOutline\":\"false\",\"direction\":\"1\",\"pageSize\":\"0\",\"source\":\"https:\\\/\\\/stiftadmont.at\\\/wp-content\\\/uploads\\\/Admont-Schreibwettbewerb-und-Slam.pdf\",\"wpOptions\":\"true\"}; if(window.DFLIP && window.DFLIP.parseBooks){window.DFLIP.parseBooks();}<\/script><\/span><\/p>\n<\/div>\n                    \n                            <\/div>\n        \n            <\/div>\n<\/div>\n\n<\/section>","protected":false},"excerpt":{"rendered":"<p>\u017de stoletja se \u010dlove\u0161ko znanje nenehno posodablja z novimi spoznanji, a kljub temu se danes zdi krhkej\u0161e in nestabilnej\u0161e kot kdaj koli prej. Meje njegove dostopnosti se ru\u0161ijo, njegova veljavnost pa se iz sekunde v sekundo postavlja pod vpra\u0161aj. Ali lahko ena\u010dba \u201eznanje = mo\u010d\u201c \u0161e vedno velja?<\/p>","protected":false},"author":7,"featured_media":42041,"comment_status":"closed","ping_status":"closed","sticky":false,"template":"","format":"standard","meta":{"_acf_changed":false,"footnotes":""},"categories":[23],"class_list":["post-42856","post","type-post","status-publish","format-standard","has-post-thumbnail","hentry","category-einrichtungen-aktuell"],"acf":[],"yoast_head":"<!-- This site is optimized with the Yoast SEO Premium plugin v28.0 (Yoast SEO v28.4) - https:\/\/yoast.com\/product\/yoast-seo-premium-wordpress\/ -->\n<title>Poetry Slam und Schreibwettbewerb - Stift Admont<\/title>\n<meta name=\"description\" content=\"Lesen Sie aktuelle Informationen zum Thema Poetry Slam und Schreibwettbewerb und vieles mehr aus dem Konvent und der Pfarre Admont.\" \/>\n<meta name=\"robots\" content=\"index, follow, max-snippet:-1, max-image-preview:large, max-video-preview:-1\" \/>\n<link rel=\"canonical\" href=\"https:\/\/stiftadmont.at\/sl\/blog\/znanje-ustvarja-prostor-pesniski-slam-in-literarni-natecaj\/\" \/>\n<meta property=\"og:locale\" content=\"sl_SI\" \/>\n<meta property=\"og:type\" content=\"article\" \/>\n<meta property=\"og:title\" content=\"Poetry Slam und Schreibwettbewerb\" \/>\n<meta property=\"og:description\" content=\"Lesen Sie aktuelle Informationen zum Thema Poetry Slam und Schreibwettbewerb und vieles mehr aus dem Konvent und der Pfarre Admont.\" \/>\n<meta property=\"og:url\" content=\"https:\/\/stiftadmont.at\/sl\/blog\/znanje-ustvarja-prostor-pesniski-slam-in-literarni-natecaj\/\" \/>\n<meta property=\"og:site_name\" content=\"Stift Admont\" \/>\n<meta property=\"article:published_time\" content=\"2026-09-03T08:48:51+00:00\" \/>\n<meta property=\"article:modified_time\" content=\"2026-09-03T09:09:41+00:00\" \/>\n<meta property=\"og:image\" content=\"https:\/\/stiftadmont.at\/wp-content\/uploads\/Bibliothek-details-8_Christoph-Draxl-scaled.jpg\" \/>\n\t<meta property=\"og:image:width\" content=\"2560\" \/>\n\t<meta property=\"og:image:height\" content=\"1707\" \/>\n\t<meta property=\"og:image:type\" content=\"image\/jpeg\" \/>\n<meta name=\"author\" content=\"Mario Brandm\u00fcller\" \/>\n<meta name=\"twitter:card\" content=\"summary_large_image\" \/>\n<meta name=\"twitter:label1\" content=\"Written by\" \/>\n\t<meta name=\"twitter:data1\" content=\"Mario Brandm\u00fcller\" \/>\n\t<meta name=\"twitter:label2\" content=\"Est. reading time\" \/>\n\t<meta name=\"twitter:data2\" content=\"1 minuta\" \/>\n<script type=\"application\/ld+json\" class=\"yoast-schema-graph\">{\"@context\":\"https:\\\/\\\/schema.org\",\"@graph\":[{\"@type\":\"Article\",\"@id\":\"https:\\\/\\\/stiftadmont.at\\\/blog\\\/wissen-macht-raum-poetry-slam-und-schreibwettbewerb\\\/#article\",\"isPartOf\":{\"@id\":\"https:\\\/\\\/stiftadmont.at\\\/blog\\\/wissen-macht-raum-poetry-slam-und-schreibwettbewerb\\\/\"},\"author\":{\"name\":\"Mario Brandm\u00fcller\",\"@id\":\"https:\\\/\\\/stiftadmont.at\\\/#\\\/schema\\\/person\\\/30535548b241d5f33a2e8b839db11869\"},\"headline\":\"Poetry Slam und Schreibwettbewerb\",\"datePublished\":\"2026-09-03T08:48:51+00:00\",\"dateModified\":\"2026-09-03T09:09:41+00:00\",\"mainEntityOfPage\":{\"@id\":\"https:\\\/\\\/stiftadmont.at\\\/blog\\\/wissen-macht-raum-poetry-slam-und-schreibwettbewerb\\\/\"},\"wordCount\":4,\"image\":{\"@id\":\"https:\\\/\\\/stiftadmont.at\\\/blog\\\/wissen-macht-raum-poetry-slam-und-schreibwettbewerb\\\/#primaryimage\"},\"thumbnailUrl\":\"https:\\\/\\\/stiftadmont.at\\\/wp-content\\\/uploads\\\/Bibliothek-details-8_Christoph-Draxl-scaled.jpg\",\"articleSection\":[\"Einrichtungen aktuell\"],\"inLanguage\":\"sl-SI\"},{\"@type\":\"WebPage\",\"@id\":\"https:\\\/\\\/stiftadmont.at\\\/blog\\\/wissen-macht-raum-poetry-slam-und-schreibwettbewerb\\\/\",\"url\":\"https:\\\/\\\/stiftadmont.at\\\/blog\\\/wissen-macht-raum-poetry-slam-und-schreibwettbewerb\\\/\",\"name\":\"Poetry Slam und Schreibwettbewerb - Stift Admont\",\"isPartOf\":{\"@id\":\"https:\\\/\\\/stiftadmont.at\\\/#website\"},\"primaryImageOfPage\":{\"@id\":\"https:\\\/\\\/stiftadmont.at\\\/blog\\\/wissen-macht-raum-poetry-slam-und-schreibwettbewerb\\\/#primaryimage\"},\"image\":{\"@id\":\"https:\\\/\\\/stiftadmont.at\\\/blog\\\/wissen-macht-raum-poetry-slam-und-schreibwettbewerb\\\/#primaryimage\"},\"thumbnailUrl\":\"https:\\\/\\\/stiftadmont.at\\\/wp-content\\\/uploads\\\/Bibliothek-details-8_Christoph-Draxl-scaled.jpg\",\"datePublished\":\"2026-09-03T08:48:51+00:00\",\"dateModified\":\"2026-09-03T09:09:41+00:00\",\"author\":{\"@id\":\"https:\\\/\\\/stiftadmont.at\\\/#\\\/schema\\\/person\\\/30535548b241d5f33a2e8b839db11869\"},\"description\":\"Lesen Sie aktuelle Informationen zum Thema Poetry Slam und Schreibwettbewerb und vieles mehr aus dem Konvent und der Pfarre Admont.\",\"breadcrumb\":{\"@id\":\"https:\\\/\\\/stiftadmont.at\\\/blog\\\/wissen-macht-raum-poetry-slam-und-schreibwettbewerb\\\/#breadcrumb\"},\"inLanguage\":\"sl-SI\",\"potentialAction\":[{\"@type\":\"ReadAction\",\"target\":[\"https:\\\/\\\/stiftadmont.at\\\/blog\\\/wissen-macht-raum-poetry-slam-und-schreibwettbewerb\\\/\"]}]},{\"@type\":\"ImageObject\",\"inLanguage\":\"sl-SI\",\"@id\":\"https:\\\/\\\/stiftadmont.at\\\/blog\\\/wissen-macht-raum-poetry-slam-und-schreibwettbewerb\\\/#primaryimage\",\"url\":\"https:\\\/\\\/stiftadmont.at\\\/wp-content\\\/uploads\\\/Bibliothek-details-8_Christoph-Draxl-scaled.jpg\",\"contentUrl\":\"https:\\\/\\\/stiftadmont.at\\\/wp-content\\\/uploads\\\/Bibliothek-details-8_Christoph-Draxl-scaled.jpg\",\"width\":2560,\"height\":1707,\"caption\":\"Bibliothek details Christoph Draxl\"},{\"@type\":\"BreadcrumbList\",\"@id\":\"https:\\\/\\\/stiftadmont.at\\\/blog\\\/wissen-macht-raum-poetry-slam-und-schreibwettbewerb\\\/#breadcrumb\",\"itemListElement\":[{\"@type\":\"ListItem\",\"position\":1,\"name\":\"Start\",\"item\":\"https:\\\/\\\/stiftadmont.at\\\/\"},{\"@type\":\"ListItem\",\"position\":2,\"name\":\"Poetry Slam und Schreibwettbewerb\"}]},{\"@type\":\"WebSite\",\"@id\":\"https:\\\/\\\/stiftadmont.at\\\/#website\",\"url\":\"https:\\\/\\\/stiftadmont.at\\\/\",\"name\":\"Stift Admont\",\"description\":\"Benediktinerkloster und Sehensw\u00fcrdigkeit im Ges\u00e4use\",\"potentialAction\":[{\"@type\":\"SearchAction\",\"target\":{\"@type\":\"EntryPoint\",\"urlTemplate\":\"https:\\\/\\\/stiftadmont.at\\\/?s={search_term_string}\"},\"query-input\":{\"@type\":\"PropertyValueSpecification\",\"valueRequired\":true,\"valueName\":\"search_term_string\"}}],\"inLanguage\":\"sl-SI\"},{\"@type\":\"Person\",\"@id\":\"https:\\\/\\\/stiftadmont.at\\\/#\\\/schema\\\/person\\\/30535548b241d5f33a2e8b839db11869\",\"name\":\"Mario Brandm\u00fcller\"}]}<\/script>\n<!-- \/ Yoast SEO Premium plugin. -->","yoast_head_json":{"title":"Poetry Slam in literarni nate\u010daj \u2013 samostan Admont","description":"Preberite najnovej\u0161e informacije o poezijskem slamu in literarnem nate\u010daju ter \u0161e veliko ve\u010d iz samostana in \u017eupnije Admont.","robots":{"index":"index","follow":"follow","max-snippet":"max-snippet:-1","max-image-preview":"max-image-preview:large","max-video-preview":"max-video-preview:-1"},"canonical":"https:\/\/stiftadmont.at\/sl\/blog\/znanje-ustvarja-prostor-pesniski-slam-in-literarni-natecaj\/","og_locale":"sl_SI","og_type":"article","og_title":"Poetry Slam und Schreibwettbewerb","og_description":"Lesen Sie aktuelle Informationen zum Thema Poetry Slam und Schreibwettbewerb und vieles mehr aus dem Konvent und der Pfarre Admont.","og_url":"https:\/\/stiftadmont.at\/sl\/blog\/znanje-ustvarja-prostor-pesniski-slam-in-literarni-natecaj\/","og_site_name":"Stift Admont","article_published_time":"2026-09-03T08:48:51+00:00","article_modified_time":"2026-09-03T09:09:41+00:00","og_image":[{"width":2560,"height":1707,"url":"https:\/\/stiftadmont.at\/wp-content\/uploads\/Bibliothek-details-8_Christoph-Draxl-scaled.jpg","type":"image\/jpeg"}],"author":"Mario Brandm\u00fcller","twitter_card":"summary_large_image","twitter_misc":{"Written by":"Mario Brandm\u00fcller","Est. reading time":"1 minuta"},"schema":{"@context":"https:\/\/schema.org","@graph":[{"@type":"Article","@id":"https:\/\/stiftadmont.at\/blog\/wissen-macht-raum-poetry-slam-und-schreibwettbewerb\/#article","isPartOf":{"@id":"https:\/\/stiftadmont.at\/blog\/wissen-macht-raum-poetry-slam-und-schreibwettbewerb\/"},"author":{"name":"Mario Brandm\u00fcller","@id":"https:\/\/stiftadmont.at\/#\/schema\/person\/30535548b241d5f33a2e8b839db11869"},"headline":"Poetry Slam und Schreibwettbewerb","datePublished":"2026-09-03T08:48:51+00:00","dateModified":"2026-09-03T09:09:41+00:00","mainEntityOfPage":{"@id":"https:\/\/stiftadmont.at\/blog\/wissen-macht-raum-poetry-slam-und-schreibwettbewerb\/"},"wordCount":4,"image":{"@id":"https:\/\/stiftadmont.at\/blog\/wissen-macht-raum-poetry-slam-und-schreibwettbewerb\/#primaryimage"},"thumbnailUrl":"https:\/\/stiftadmont.at\/wp-content\/uploads\/Bibliothek-details-8_Christoph-Draxl-scaled.jpg","articleSection":["Einrichtungen aktuell"],"inLanguage":"sl-SI"},{"@type":"WebPage","@id":"https:\/\/stiftadmont.at\/blog\/wissen-macht-raum-poetry-slam-und-schreibwettbewerb\/","url":"https:\/\/stiftadmont.at\/blog\/wissen-macht-raum-poetry-slam-und-schreibwettbewerb\/","name":"Poetry Slam in literarni nate\u010daj \u2013 samostan Admont","isPartOf":{"@id":"https:\/\/stiftadmont.at\/#website"},"primaryImageOfPage":{"@id":"https:\/\/stiftadmont.at\/blog\/wissen-macht-raum-poetry-slam-und-schreibwettbewerb\/#primaryimage"},"image":{"@id":"https:\/\/stiftadmont.at\/blog\/wissen-macht-raum-poetry-slam-und-schreibwettbewerb\/#primaryimage"},"thumbnailUrl":"https:\/\/stiftadmont.at\/wp-content\/uploads\/Bibliothek-details-8_Christoph-Draxl-scaled.jpg","datePublished":"2026-09-03T08:48:51+00:00","dateModified":"2026-09-03T09:09:41+00:00","author":{"@id":"https:\/\/stiftadmont.at\/#\/schema\/person\/30535548b241d5f33a2e8b839db11869"},"description":"Preberite najnovej\u0161e informacije o poezijskem slamu in literarnem nate\u010daju ter \u0161e veliko ve\u010d iz samostana in \u017eupnije Admont.","breadcrumb":{"@id":"https:\/\/stiftadmont.at\/blog\/wissen-macht-raum-poetry-slam-und-schreibwettbewerb\/#breadcrumb"},"inLanguage":"sl-SI","potentialAction":[{"@type":"ReadAction","target":["https:\/\/stiftadmont.at\/blog\/wissen-macht-raum-poetry-slam-und-schreibwettbewerb\/"]}]},{"@type":"ImageObject","inLanguage":"sl-SI","@id":"https:\/\/stiftadmont.at\/blog\/wissen-macht-raum-poetry-slam-und-schreibwettbewerb\/#primaryimage","url":"https:\/\/stiftadmont.at\/wp-content\/uploads\/Bibliothek-details-8_Christoph-Draxl-scaled.jpg","contentUrl":"https:\/\/stiftadmont.at\/wp-content\/uploads\/Bibliothek-details-8_Christoph-Draxl-scaled.jpg","width":2560,"height":1707,"caption":"Bibliothek details Christoph Draxl"},{"@type":"BreadcrumbList","@id":"https:\/\/stiftadmont.at\/blog\/wissen-macht-raum-poetry-slam-und-schreibwettbewerb\/#breadcrumb","itemListElement":[{"@type":"ListItem","position":1,"name":"Start","item":"https:\/\/stiftadmont.at\/"},{"@type":"ListItem","position":2,"name":"Poetry Slam und Schreibwettbewerb"}]},{"@type":"WebSite","@id":"https:\/\/stiftadmont.at\/#website","url":"https:\/\/stiftadmont.at\/","name":"Opatija Admont","description":"Benediktinski samostan in turisti\u010dna znamenitost v Ges\u00e4use","potentialAction":[{"@type":"SearchAction","target":{"@type":"EntryPoint","urlTemplate":"https:\/\/stiftadmont.at\/?s={search_term_string}"},"query-input":{"@type":"PropertyValueSpecification","valueRequired":true,"valueName":"search_term_string"}}],"inLanguage":"sl-SI"},{"@type":"Person","@id":"https:\/\/stiftadmont.at\/#\/schema\/person\/30535548b241d5f33a2e8b839db11869","name":"Mario Brandm\u00fcller"}]}},"_links":{"self":[{"href":"https:\/\/stiftadmont.at\/sl\/wp-json\/wp\/v2\/posts\/42856","targetHints":{"allow":["GET"]}}],"collection":[{"href":"https:\/\/stiftadmont.at\/sl\/wp-json\/wp\/v2\/posts"}],"about":[{"href":"https:\/\/stiftadmont.at\/sl\/wp-json\/wp\/v2\/types\/post"}],"author":[{"embeddable":true,"href":"https:\/\/stiftadmont.at\/sl\/wp-json\/wp\/v2\/users\/7"}],"replies":[{"embeddable":true,"href":"https:\/\/stiftadmont.at\/sl\/wp-json\/wp\/v2\/comments?post=42856"}],"version-history":[{"count":6,"href":"https:\/\/stiftadmont.at\/sl\/wp-json\/wp\/v2\/posts\/42856\/revisions"}],"predecessor-version":[{"id":42867,"href":"https:\/\/stiftadmont.at\/sl\/wp-json\/wp\/v2\/posts\/42856\/revisions\/42867"}],"wp:featuredmedia":[{"embeddable":true,"href":"https:\/\/stiftadmont.at\/sl\/wp-json\/wp\/v2\/media\/42041"}],"wp:attachment":[{"href":"https:\/\/stiftadmont.at\/sl\/wp-json\/wp\/v2\/media?parent=42856"}],"wp:term":[{"taxonomy":"category","embeddable":true,"href":"https:\/\/stiftadmont.at\/sl\/wp-json\/wp\/v2\/categories?post=42856"}],"curies":[{"name":"wp","href":"https:\/\/api.w.org\/{rel}","templated":true}]}}