{"id":4289,"date":"2021-07-25T13:57:32","date_gmt":"2021-07-25T11:57:32","guid":{"rendered":"https:\/\/stiftadmont.at\/?p=4289"},"modified":"2023-04-27T08:52:57","modified_gmt":"2023-04-27T06:52:57","slug":"samostanska-diploma","status":"publish","type":"post","link":"https:\/\/stiftadmont.at\/sl\/blog\/klosterprimiz\/","title":{"rendered":"Prva ma\u0161a v samostanu o\u010deta Vincencija"},"content":{"rendered":"<section id='lightpress__section--block_60fff35b0efdc' class='lightpress__section--default-section-space lightpress__section lightpress__section--content'><div class=\"content__inner\"\n         x-init=\"initContentBlockAnim($el)\">\n        \n    <div class=\"content__grid content__grid\">\n                                            <div class=\"content__box content__box--one-hundred\"\n                 style=\"\">\n                                \n                \n                                            <div class=\"prose\"><h2 class=\"heading-xxl line line--gold\">Mag. P. Vinzenz Schager OSB<\/h2>\n<p class=\"paragraph-m\">Heute feierte unser Neupriester P. Vinzenz seine Klosterprimiz in unserer Stiftskirche. Als Festprediger ging Rektor P. Paulus aus dem Kolleg St. Benedikt in Salzburg auf die Aufgabe des Priesters im Heute ein. P. Vinzenz wird ab 1. September im Seelsorgeraum St. Michael als Kaplan t\u00e4tig sein.<\/p>\n<\/div>\n                    \n                            <\/div>\n        \n            <\/div>\n<\/div>\n\n<\/section>\n\n<section id='lightpress__section--block_60fff3990efdd' class='lightpress__section--default-section-space lightpress__section lightpress__section--image-slider'>\n<div class=\"image-slider\"\n     x-data=\"{ gallery: null, shown: false }\"\n     x-init=\"gallery = initSliderGallery([{&quot;href&quot;:&quot;https:\\\/\\\/stiftadmont.at\\\/wp-content\\\/uploads\\\/12a2d889-397f-4e22-9e33-43c2b5f9f195.jpg&quot;,&quot;type&quot;:&quot;image&quot;},{&quot;href&quot;:&quot;https:\\\/\\\/stiftadmont.at\\\/wp-content\\\/uploads\\\/0ef6f377-1002-4dad-9800-ca4796076dcd.jpg&quot;,&quot;type&quot;:&quot;image&quot;},{&quot;href&quot;:&quot;https:\\\/\\\/stiftadmont.at\\\/wp-content\\\/uploads\\\/406d3b35-b7ef-4639-a39e-df7e7e57bda8.jpg&quot;,&quot;type&quot;:&quot;image&quot;}]); initImageSliderBlockAnim($el);\">\n    <div class=\"image-slider__inner\">\n\n        <div class=\"swiper-container\" x-init=\"initImageSliderBlock($el, $refs.btnPrev, $refs.btnNext)\">\n            <div class=\"swiper-wrapper\">\n                                    <div class=\"swiper-slide\">\n                        <div class=\"image-slider__media\">\n                            <img decoding=\"async\" class=\"image-slider__image\" src=\"https:\/\/stiftadmont.at\/wp-content\/uploads\/12a2d889-397f-4e22-9e33-43c2b5f9f195-768x1024.jpg\" alt=\"Klosterprimiz P. Vinzenz 2021\" \/>\n                        <\/div>\n                    <\/div>\n                                    <div class=\"swiper-slide\">\n                        <div class=\"image-slider__media\">\n                            <img decoding=\"async\" class=\"image-slider__image\"\n                                 src=\"https:\/\/stiftadmont.at\/wp-content\/uploads\/0ef6f377-1002-4dad-9800-ca4796076dcd-768x576.jpg\"\n                                 alt=\"Klosterprimiz P. Vinzenz 2021\">\n                        <\/div>\n                    <\/div>\n                                    <div class=\"swiper-slide\">\n                        <div class=\"image-slider__media\">\n                            <img decoding=\"async\" class=\"image-slider__image\" src=\"https:\/\/stiftadmont.at\/wp-content\/uploads\/406d3b35-b7ef-4639-a39e-df7e7e57bda8-768x1024.jpg\" alt=\"Klosterprimiz P. Vinzenz 2021\" \/>\n                        <\/div>\n                    <\/div>\n                            <\/div>\n\n            <div class=\"swiper-nav-wrapper\">\n                <button class=\"swiper-button-prev slider-button--prev\" x-ref=\"btnPrev\"\n                        aria-label=\"Vorige Bilder anzeigen\">\n                    <img decoding=\"async\" src=\"\/wp-content\/themes\/stift-admont\/src\/assets\/img\/arrow-left-big-new.svg\" alt=\"Pfeil nach Links\">\n                <\/button>\n\n\n                <a class=\"image-slider__gallery\" @click=\"openGallery(gallery)\"><i class=\"fa-thin fa-plus\"><\/i><\/a>\n                <button class=\"swiper-button-next slider-button--next\"\n                        x-ref=\"btnNext\"\n                        aria-label=\"N\u00e4chste Bilder anzeigen\">\n                    <img decoding=\"async\" src=\"\/wp-content\/themes\/stift-admont\/src\/assets\/img\/arrow-right-big-new.svg\" alt=\"Pfeil nach Rechts\">\n                <\/button>\n            <\/div>\n        <\/div>\n    <\/div>\n\n\n<\/div><\/section>","protected":false},"excerpt":{"rendered":"<p>25. julija 2021 je na\u0161 novi duhovnik pater Vincent v na\u0161i kolegijski cerkvi obhajal svojo prvo samostansko ma\u0161o.<\/p>","protected":false},"author":7,"featured_media":4291,"comment_status":"closed","ping_status":"closed","sticky":false,"template":"","format":"standard","meta":{"_acf_changed":false,"footnotes":""},"categories":[22],"class_list":["post-4289","post","type-post","status-publish","format-standard","has-post-thumbnail","hentry","category-kloster-aktuell"],"acf":[],"yoast_head":"<!-- This site is optimized with the Yoast SEO Premium plugin v26.0 (Yoast SEO v26.8) - https:\/\/yoast.com\/product\/yoast-seo-premium-wordpress\/ -->\n<title>Klosterprimiz P. Vinzenz - Stift Admont<\/title>\n<meta name=\"description\" content=\"Lesen Sie aktuelle Informationen zum Thema Klosterprimiz P. Vinzenz und vieles mehr aus dem Konvent und der Pfarre Admont.\" \/>\n<meta name=\"robots\" content=\"index, follow, max-snippet:-1, max-image-preview:large, max-video-preview:-1\" \/>\n<link rel=\"canonical\" href=\"https:\/\/stiftadmont.at\/sl\/blog\/samostanska-diploma\/\" \/>\n<meta property=\"og:locale\" content=\"sl_SI\" \/>\n<meta property=\"og:type\" content=\"article\" \/>\n<meta property=\"og:title\" content=\"Klosterprimiz P. Vinzenz\" \/>\n<meta property=\"og:description\" content=\"Lesen Sie aktuelle Informationen zum Thema Klosterprimiz P. Vinzenz und vieles mehr aus dem Konvent und der Pfarre Admont.\" \/>\n<meta property=\"og:url\" content=\"https:\/\/stiftadmont.at\/sl\/blog\/samostanska-diploma\/\" \/>\n<meta property=\"og:site_name\" content=\"Stift Admont\" \/>\n<meta property=\"article:published_time\" content=\"2021-07-25T11:57:32+00:00\" \/>\n<meta property=\"article:modified_time\" content=\"2023-04-27T06:52:57+00:00\" \/>\n<meta property=\"og:image\" content=\"https:\/\/stiftadmont.at\/wp-content\/uploads\/0ef6f377-1002-4dad-9800-ca4796076dcd.jpg\" \/>\n\t<meta property=\"og:image:width\" content=\"1600\" \/>\n\t<meta property=\"og:image:height\" content=\"1200\" \/>\n\t<meta property=\"og:image:type\" content=\"image\/jpeg\" \/>\n<meta name=\"author\" content=\"Mario Brandm\u00fcller\" \/>\n<meta name=\"twitter:card\" content=\"summary_large_image\" \/>\n<meta name=\"twitter:label1\" content=\"Written by\" \/>\n\t<meta name=\"twitter:data1\" content=\"Mario Brandm\u00fcller\" \/>\n<script type=\"application\/ld+json\" class=\"yoast-schema-graph\">{\"@context\":\"https:\/\/schema.org\",\"@graph\":[{\"@type\":\"Article\",\"@id\":\"https:\/\/stiftadmont.at\/blog\/klosterprimiz\/#article\",\"isPartOf\":{\"@id\":\"https:\/\/stiftadmont.at\/blog\/klosterprimiz\/\"},\"author\":{\"name\":\"Mario Brandm\u00fcller\",\"@id\":\"https:\/\/stiftadmont.at\/#\/schema\/person\/30535548b241d5f33a2e8b839db11869\"},\"headline\":\"Klosterprimiz P. Vinzenz\",\"datePublished\":\"2021-07-25T11:57:32+00:00\",\"dateModified\":\"2023-04-27T06:52:57+00:00\",\"mainEntityOfPage\":{\"@id\":\"https:\/\/stiftadmont.at\/blog\/klosterprimiz\/\"},\"wordCount\":3,\"image\":{\"@id\":\"https:\/\/stiftadmont.at\/blog\/klosterprimiz\/#primaryimage\"},\"thumbnailUrl\":\"https:\/\/stiftadmont.at\/wp-content\/uploads\/0ef6f377-1002-4dad-9800-ca4796076dcd.jpg\",\"articleSection\":[\"Kloster aktuell\"],\"inLanguage\":\"sl-SI\"},{\"@type\":\"WebPage\",\"@id\":\"https:\/\/stiftadmont.at\/blog\/klosterprimiz\/\",\"url\":\"https:\/\/stiftadmont.at\/blog\/klosterprimiz\/\",\"name\":\"Klosterprimiz P. Vinzenz - Stift Admont\",\"isPartOf\":{\"@id\":\"https:\/\/stiftadmont.at\/#website\"},\"primaryImageOfPage\":{\"@id\":\"https:\/\/stiftadmont.at\/blog\/klosterprimiz\/#primaryimage\"},\"image\":{\"@id\":\"https:\/\/stiftadmont.at\/blog\/klosterprimiz\/#primaryimage\"},\"thumbnailUrl\":\"https:\/\/stiftadmont.at\/wp-content\/uploads\/0ef6f377-1002-4dad-9800-ca4796076dcd.jpg\",\"datePublished\":\"2021-07-25T11:57:32+00:00\",\"dateModified\":\"2023-04-27T06:52:57+00:00\",\"author\":{\"@id\":\"https:\/\/stiftadmont.at\/#\/schema\/person\/30535548b241d5f33a2e8b839db11869\"},\"description\":\"Lesen Sie aktuelle Informationen zum Thema Klosterprimiz P. Vinzenz und vieles mehr aus dem Konvent und der Pfarre Admont.\",\"breadcrumb\":{\"@id\":\"https:\/\/stiftadmont.at\/blog\/klosterprimiz\/#breadcrumb\"},\"inLanguage\":\"sl-SI\",\"potentialAction\":[{\"@type\":\"ReadAction\",\"target\":[\"https:\/\/stiftadmont.at\/blog\/klosterprimiz\/\"]}]},{\"@type\":\"ImageObject\",\"inLanguage\":\"sl-SI\",\"@id\":\"https:\/\/stiftadmont.at\/blog\/klosterprimiz\/#primaryimage\",\"url\":\"https:\/\/stiftadmont.at\/wp-content\/uploads\/0ef6f377-1002-4dad-9800-ca4796076dcd.jpg\",\"contentUrl\":\"https:\/\/stiftadmont.at\/wp-content\/uploads\/0ef6f377-1002-4dad-9800-ca4796076dcd.jpg\",\"width\":1600,\"height\":1200,\"caption\":\"Klosterprimiz P. Vinzenz 2021\"},{\"@type\":\"BreadcrumbList\",\"@id\":\"https:\/\/stiftadmont.at\/blog\/klosterprimiz\/#breadcrumb\",\"itemListElement\":[{\"@type\":\"ListItem\",\"position\":1,\"name\":\"Start\",\"item\":\"https:\/\/stiftadmont.at\/\"},{\"@type\":\"ListItem\",\"position\":2,\"name\":\"Klosterprimiz P. Vinzenz\"}]},{\"@type\":\"WebSite\",\"@id\":\"https:\/\/stiftadmont.at\/#website\",\"url\":\"https:\/\/stiftadmont.at\/\",\"name\":\"Stift Admont\",\"description\":\"Benediktinerkloster und Sehensw\u00fcrdigkeit im Ges\u00e4use\",\"potentialAction\":[{\"@type\":\"SearchAction\",\"target\":{\"@type\":\"EntryPoint\",\"urlTemplate\":\"https:\/\/stiftadmont.at\/?s={search_term_string}\"},\"query-input\":{\"@type\":\"PropertyValueSpecification\",\"valueRequired\":true,\"valueName\":\"search_term_string\"}}],\"inLanguage\":\"sl-SI\"},{\"@type\":\"Person\",\"@id\":\"https:\/\/stiftadmont.at\/#\/schema\/person\/30535548b241d5f33a2e8b839db11869\",\"name\":\"Mario Brandm\u00fcller\"}]}<\/script>\n<!-- \/ Yoast SEO Premium plugin. -->","yoast_head_json":{"title":"Prvo obhajilo v samostanu o\u010deta Vincenza - opatija Admont","description":"Preberite najnovej\u0161e informacije na temo samostanskega primata o\u010deta Vincencija in \u0161e veliko ve\u010d iz samostana in \u017eupnije Admont.","robots":{"index":"index","follow":"follow","max-snippet":"max-snippet:-1","max-image-preview":"max-image-preview:large","max-video-preview":"max-video-preview:-1"},"canonical":"https:\/\/stiftadmont.at\/sl\/blog\/samostanska-diploma\/","og_locale":"sl_SI","og_type":"article","og_title":"Klosterprimiz P. Vinzenz","og_description":"Lesen Sie aktuelle Informationen zum Thema Klosterprimiz P. Vinzenz und vieles mehr aus dem Konvent und der Pfarre Admont.","og_url":"https:\/\/stiftadmont.at\/sl\/blog\/samostanska-diploma\/","og_site_name":"Stift Admont","article_published_time":"2021-07-25T11:57:32+00:00","article_modified_time":"2023-04-27T06:52:57+00:00","og_image":[{"width":1600,"height":1200,"url":"https:\/\/stiftadmont.at\/wp-content\/uploads\/0ef6f377-1002-4dad-9800-ca4796076dcd.jpg","type":"image\/jpeg"}],"author":"Mario Brandm\u00fcller","twitter_card":"summary_large_image","twitter_misc":{"Written by":"Mario Brandm\u00fcller"},"schema":{"@context":"https:\/\/schema.org","@graph":[{"@type":"Article","@id":"https:\/\/stiftadmont.at\/blog\/klosterprimiz\/#article","isPartOf":{"@id":"https:\/\/stiftadmont.at\/blog\/klosterprimiz\/"},"author":{"name":"Mario Brandm\u00fcller","@id":"https:\/\/stiftadmont.at\/#\/schema\/person\/30535548b241d5f33a2e8b839db11869"},"headline":"Klosterprimiz P. Vinzenz","datePublished":"2021-07-25T11:57:32+00:00","dateModified":"2023-04-27T06:52:57+00:00","mainEntityOfPage":{"@id":"https:\/\/stiftadmont.at\/blog\/klosterprimiz\/"},"wordCount":3,"image":{"@id":"https:\/\/stiftadmont.at\/blog\/klosterprimiz\/#primaryimage"},"thumbnailUrl":"https:\/\/stiftadmont.at\/wp-content\/uploads\/0ef6f377-1002-4dad-9800-ca4796076dcd.jpg","articleSection":["Kloster aktuell"],"inLanguage":"sl-SI"},{"@type":"WebPage","@id":"https:\/\/stiftadmont.at\/blog\/klosterprimiz\/","url":"https:\/\/stiftadmont.at\/blog\/klosterprimiz\/","name":"Prvo obhajilo v samostanu o\u010deta Vincenza - opatija Admont","isPartOf":{"@id":"https:\/\/stiftadmont.at\/#website"},"primaryImageOfPage":{"@id":"https:\/\/stiftadmont.at\/blog\/klosterprimiz\/#primaryimage"},"image":{"@id":"https:\/\/stiftadmont.at\/blog\/klosterprimiz\/#primaryimage"},"thumbnailUrl":"https:\/\/stiftadmont.at\/wp-content\/uploads\/0ef6f377-1002-4dad-9800-ca4796076dcd.jpg","datePublished":"2021-07-25T11:57:32+00:00","dateModified":"2023-04-27T06:52:57+00:00","author":{"@id":"https:\/\/stiftadmont.at\/#\/schema\/person\/30535548b241d5f33a2e8b839db11869"},"description":"Preberite najnovej\u0161e informacije na temo samostanskega primata o\u010deta Vincencija in \u0161e veliko ve\u010d iz samostana in \u017eupnije Admont.","breadcrumb":{"@id":"https:\/\/stiftadmont.at\/blog\/klosterprimiz\/#breadcrumb"},"inLanguage":"sl-SI","potentialAction":[{"@type":"ReadAction","target":["https:\/\/stiftadmont.at\/blog\/klosterprimiz\/"]}]},{"@type":"ImageObject","inLanguage":"sl-SI","@id":"https:\/\/stiftadmont.at\/blog\/klosterprimiz\/#primaryimage","url":"https:\/\/stiftadmont.at\/wp-content\/uploads\/0ef6f377-1002-4dad-9800-ca4796076dcd.jpg","contentUrl":"https:\/\/stiftadmont.at\/wp-content\/uploads\/0ef6f377-1002-4dad-9800-ca4796076dcd.jpg","width":1600,"height":1200,"caption":"Klosterprimiz P. Vinzenz 2021"},{"@type":"BreadcrumbList","@id":"https:\/\/stiftadmont.at\/blog\/klosterprimiz\/#breadcrumb","itemListElement":[{"@type":"ListItem","position":1,"name":"Start","item":"https:\/\/stiftadmont.at\/"},{"@type":"ListItem","position":2,"name":"Klosterprimiz P. Vinzenz"}]},{"@type":"WebSite","@id":"https:\/\/stiftadmont.at\/#website","url":"https:\/\/stiftadmont.at\/","name":"Opatija Admont","description":"Benediktinski samostan in turisti\u010dna znamenitost v Ges\u00e4use","potentialAction":[{"@type":"SearchAction","target":{"@type":"EntryPoint","urlTemplate":"https:\/\/stiftadmont.at\/?s={search_term_string}"},"query-input":{"@type":"PropertyValueSpecification","valueRequired":true,"valueName":"search_term_string"}}],"inLanguage":"sl-SI"},{"@type":"Person","@id":"https:\/\/stiftadmont.at\/#\/schema\/person\/30535548b241d5f33a2e8b839db11869","name":"Mario Brandm\u00fcller"}]}},"_links":{"self":[{"href":"https:\/\/stiftadmont.at\/sl\/wp-json\/wp\/v2\/posts\/4289","targetHints":{"allow":["GET"]}}],"collection":[{"href":"https:\/\/stiftadmont.at\/sl\/wp-json\/wp\/v2\/posts"}],"about":[{"href":"https:\/\/stiftadmont.at\/sl\/wp-json\/wp\/v2\/types\/post"}],"author":[{"embeddable":true,"href":"https:\/\/stiftadmont.at\/sl\/wp-json\/wp\/v2\/users\/7"}],"replies":[{"embeddable":true,"href":"https:\/\/stiftadmont.at\/sl\/wp-json\/wp\/v2\/comments?post=4289"}],"version-history":[{"count":4,"href":"https:\/\/stiftadmont.at\/sl\/wp-json\/wp\/v2\/posts\/4289\/revisions"}],"predecessor-version":[{"id":17858,"href":"https:\/\/stiftadmont.at\/sl\/wp-json\/wp\/v2\/posts\/4289\/revisions\/17858"}],"wp:featuredmedia":[{"embeddable":true,"href":"https:\/\/stiftadmont.at\/sl\/wp-json\/wp\/v2\/media\/4291"}],"wp:attachment":[{"href":"https:\/\/stiftadmont.at\/sl\/wp-json\/wp\/v2\/media?parent=4289"}],"wp:term":[{"taxonomy":"category","embeddable":true,"href":"https:\/\/stiftadmont.at\/sl\/wp-json\/wp\/v2\/categories?post=4289"}],"curies":[{"name":"wp","href":"https:\/\/api.w.org\/{rel}","templated":true}]}}