{"id":4368,"date":"2021-07-27T14:32:00","date_gmt":"2021-07-27T12:32:00","guid":{"rendered":"https:\/\/stiftadmont.at\/?p=4368"},"modified":"2023-04-27T08:53:15","modified_gmt":"2023-04-27T06:53:15","slug":"hrupna-jesen","status":"publish","type":"post","link":"https:\/\/stiftadmont.at\/sl\/blog\/lautenherbst\/","title":{"rendered":"Jesen z lutnjo v opatiji Admont"},"content":{"rendered":"<section id='lightpress__section--block_60fffc62833ef' class='lightpress__section--default-section-space lightpress__section lightpress__section--content'><div class=\"content__inner\"\n         x-init=\"initContentBlockAnim($el)\">\n        \n    <div class=\"content__grid content__grid\">\n                                            <div class=\"content__box content__box--one-hundred\"\n                 style=\"\">\n                                \n                \n                                            <div class=\"prose\"><h2 class=\"heading-xxl line line--gold\">7. admonter Lautenherbst<\/h2>\n<p class=\"paragraph-m\">Benediktinska opatija Admont \u017ee sedmi\u010d gosti festival lutnje in pesmi. Letos bo festival raz\u0161irjen in bo vklju\u010deval \u0161e posebej kakovostne koncerte, na katere vas vljudno vabimo:<\/p>\n<h4 class=\"heading-l\">Sreda, 1. 9. 2021, 19:00 h Opatijska cerkev Admont<\/h4>\n<p class=\"paragraph-m\">\"Barok se sre\u010da z ljudskim\" otvoritveni koncert z \"I Zefirelli\" Koncert superlativov mladega \u0161est\u010dlanskega ansambla iz Hamburga\/Bremna. Predstavlja inovativne koncertne ideje in sve\u017e veter v stari glasbi. Ustanovljen je bil leta 2011 in je \u017ee prejel \u0161tevilne nagrade na mednarodnih tekmovanjih v komorni glasbi. Leta 2013 je bil \"I Zefirelli\" imenovan za dvorni orkester Rheinsberga. \u017divahno, \u017eivahno, edinstveno!<\/p>\n<p class=\"paragraph-m\">Vstopnina: blagajna 35,-Euro, \/15,-Euro za udele\u017eence te\u010daja<\/p>\n<p><a class=\"admont-button admont-button--secondary\" href=\"https:\/\/web5.deskline.net\/GESAUSE\/29b5c78a-0c51-4865-8f79-e2e7dcde3e37\/de\/erlebnisse\/AT1\/6fab4cdf-7f12-47f6-ad67-17bc6996c3a2\/admonter-lautenherbst--baroque-meets-folk-\" target=\"_blank\" rel=\"noopener\">Rezervacija vozovnic<\/a> <a class=\"admont-button admont-button--secondary\" href=\"https:\/\/www.youtube.com\/watch?v=EutF8zGP9f0\" target=\"_blank\" rel=\"noopener\">Glasbena degustacija<\/a><\/p>\n<h4 class=\"heading-l\">petek 3. 9. 2021, 19:00 h Opatijska cerkev Admont<\/h4>\n<p class=\"paragraph-m\">Lamenti in lutnja Koncert predavateljev Evangeline Mascardi (lutnja in teorba), Bettine Pahn (sopran), Cornelie Demmer (baro\u010dna lutnja) in Bernharda Ehrenfellnerja (spremljevalec), ki bodo poslu\u0161alce popeljali na potovanje v \u010dudovito plemenite zvoke stare glasbe iz svojih solisti\u010dnih repertoarjev.<\/p>\n<p class=\"paragraph-m\">Vstopnina: blagajna 25,- EUR \/ 10,- EUR za udele\u017eence te\u010daja<\/p>\n<p><a class=\"admont-button admont-button--secondary\" href=\"https:\/\/web5.deskline.net\/GESAUSE\/29b5c78a-0c51-4865-8f79-e2e7dcde3e37\/de\/erlebnisse\/AT1\/fbdbaec9-b156-4dc3-bcf2-80c9e46e0199\/konzert--lamenti-und-lautenmusik-\" target=\"_blank\" rel=\"noopener\"> Rezervacija vozovnic<\/a><\/p>\n<h4 class=\"heading-l\">nedelja 5. 9. 2021, 11:00 Mala plesna dvorana opatije Admont<\/h4>\n<p class=\"paragraph-m\">Zaklju\u010dna matineja udele\u017eencev Spet se lahko veselite razburljivega koncerta. Bernhard Ehrenfellner popravlja umetne pesmi, nekatere pevce spremljajo lutnjisti in izvedejo, kar so obdelali. Pri tem lahko za\u010dutite veselje, zabavo in veliko treme!<\/p>\n<p class=\"paragraph-m\">Vstopnina: prostovoljni prispevki<\/p>\n<h4 class=\"heading-l\">Umetniki<\/h4>\n<p class=\"paragraph-m\">Ansambel I Zefirelli pomeni inovativne koncertne ideje in sve\u017e veter v stari glasbi. Ansambel I Zefirelli je bil leta 2011 povabljen na glasbeni festival Potsdam-Sanssouci. Istega leta so mladi glasbeniki osvojili posebno nagrado na tekmovanju komorne glasbe enviaM, nakar je bil ansambel povabljen na festival MDR Musiksommer 2012 in je lahko koncertiral z glasbeniki iz Simfoni\u010dnega orkestra MDR. I Zefirelli je bil za leto 2013 imenovan v Dvorni orkester Rheinsberg. Po intenzivnih fazah dela je ansambel izvedel tri koncerte v dvornem gledali\u0161\u010du Rheinsberg. \u0160est mladih glasbenikov je s koncertnim programom Gospod H\u00e4ndel v gostilni leta 2017 na internem univerzitetnem tekmovanju Koncert prihodnosti prejelo \u0161tipendijo Kariernega centra Univerze za glasbo in upodabljajo\u010do umetnost v Hamburgu. I Zefirelli je na mednarodnem tekmovanju H.I.F. Biber leta 2019 prejel posebno nagrado televizije WDR 3.<\/p>\n<p class=\"paragraph-m\">Luise Catenhusen | Glasbila <br \/>Mar\u00eda Carrasco | Baro\u010dna violina <br \/>Jakob Kuchenbuch | Baro\u010dni violon\u010delo <br \/>Tobias Tietze | lutnja in baro\u010dna kitara <br \/>Jeroen Finke | tolkala in bariton <br \/>Tilmann Albrecht | \u010cembalo in tolkala<\/p>\n<\/div>\n                    \n                            <\/div>\n        \n            <\/div>\n<\/div>\n\n<\/section>\n\n<section id='lightpress__section--block_610a80bf41e94' class='lightpress__section--default-section-space lightpress__section lightpress__section--content'><div class=\"content__inner\"\n         x-init=\"initContentBlockAnim($el)\">\n        \n    <div class=\"content__grid content__grid\">\n                                            <div class=\"content__box content__box--one-hundred\"\n                 style=\"margin-top: -5em;\">\n                                \n                                    \n                                            <a href=\"https:\/\/www.youtube.com\/watch?v=EutF8zGP9f0&#038;feature=emb_title\" class=\"content__video content__media\"\n                           x-data\n x-init=\"initContentLightBox('#lightpress__section--block_610a80bf41e94 .content__video')\">\n                                                                                                                <picture class=\"content__image\">\n                                <source srcset=\"https:\/\/stiftadmont.at\/wp-content\/uploads\/Lautenherbst-2019_\u00a9Thomas-Sattler-38-1024x683.webp\" type=\"image\/webp\">\n                                <source srcset=\"https:\/\/stiftadmont.at\/wp-content\/uploads\/Lautenherbst-2019_\u00a9Thomas-Sattler-38-1024x683.jpg\" type=\"image\/jpeg\">\n                                <img decoding=\"async\" class=\"content__image\" loading=\"lazy\" src=\"https:\/\/stiftadmont.at\/wp-content\/uploads\/Lautenherbst-2019_\u00a9Thomas-Sattler-38-1024x683.jpg\"\n                                     alt=\"Lutnja jesen 2019 \u00a9Thomas Sattler 38 skaliranih\">\n                            <\/picture>\n\n                            <span class=\"overlay-dark\"><\/span>\n                            <span class=\"content-overlay\"><\/span>\n                            <div class=\"content__plaque\">\n                                <div class=\"content__plaque-inner\">\n                                    <span><i class=\"fas fa-play content__icon\"><\/i><\/span>\n                                    <p class=\"paragraph-m\">Igraj<\/p>\n                                <\/div>\n                            <\/div>\n                        <\/a>\n                    \n                            <\/div>\n        \n            <\/div>\n<\/div>\n\n<\/section>\n\n<section id='lightpress__section--block_610a801c41e8f' class='lightpress__section--default-section-space lightpress__section lightpress__section--content'><div class=\"content__inner\"\n         x-init=\"initContentBlockAnim($el)\">\n        \n    <div class=\"content__grid content__grid--fifty-fifty\">\n                                            <div class=\"content__box content__box\"\n                 style=\"\">\n                                \n                \n                                            <div class=\"prose\"><h4 class=\"heading-l line line--gold\">Evangelina Mascardi<\/h4>\n<p class=\"paragraph-m\">se je rodil v Buenos Airesu. \u0160tudirala je kitaro na \"Escuela Nacional de Musica J.P. Espanola\", nato pa se je leta 1997 pridru\u017eila razredu lutnje Hopkinsona Smitha na Scola Cantorum Basiliensis v \u0160vici. Tam je leta 2001 pridobila diplomo solista. Leta 2004 je na \"Conservatorio di Musica Benedetto Marcello di Venezia\" prejela diplomo za lutnjo. Kot solistka je bila povabljena na festivale po vsej Evropi. Ve\u010d zgo\u0161\u010denk je posvetila delom Bacha, Weissa in Castaldija, Saint-Luca itd. Z ansambli \"Zefiro\", \"Monteverdijev zbor in orkester\" in \"Il Giardino Armonico\" je iskana kot igralka continuo in je z njimi posnela ve\u010d kot 30 zgo\u0161\u010denk. Nastopila je v \u0161tevilnih priznanih opernih produkcijah v Frankfurtu, Baslu, Buenos Airesu, New Yorku, Carnegie Hallu, Parizu, Tokiu in Teatru La Fenice v Benetkah. Evangelina Mascardi pou\u010duje lutnjo na ISSM \"Conservatorio A. Vivaldi\" v Alessandriji\/Italija.<\/p>\n<h4 class=\"heading-l line line--red\">Bettina Pahn<\/h4>\n<p class=\"paragraph-m\">je \u0161tudiral violon\u010delo na Visoki \u0161oli za glasbo v Berlinu. Na Univerzi za glasbo in gledali\u0161\u010de v Frankfurtu se je u\u010dil petja za liriko, oratorij in glasbeno vzgojo. Dolgoletna mednarodna koncertna dejavnost, \u0161tevilne produkcije zgo\u0161\u010denk pod vodstvom maestra Tona Koopmana. Za jesen 2021 povabilo na vrsto predavanj in koncertov v okviru platforme za staro glasbo na kongresu AEC v T\u00fcbingenu. Te\u010daji baro\u010dnega petja v Bertinoru v Italiji in Kuninu na \u010ce\u0161kem. Te\u010daji baro\u010dnega petja na jeruzalemski Akademiji za glasbo. Bettina Pahn trenutno vodi katedro za staro glasbeno petje na Univerzi za umetnost v Bremnu.<\/p>\n<\/div>\n                    \n                            <\/div>\n        \n                                                    <div class=\"content__box content__box--2\"\n                     >\n                                        \n                    \n                                                    <div class=\"prose\"><h4 class=\"heading-l line line--red\">Cornelia Demmer<\/h4>\n<p class=\"paragraph-m\">Cornelia Demmer se je rodila na Dunaju. Uspe\u0161no je kon\u010dala \u0161tudij muzikologije na univerzah na Dunaju in v Baslu ter zgodovinsko izvajalsko prakso, smer lutnja na Visoki \u0161oli za glasbo in gledali\u0161\u010de v M\u00fcnchnu pri Evangelini Mascardi. V poletnem semestru leta 2021 bo zaklju\u010dila magistrski \u0161tudij izvedbe (lutnja) na Scola Cantorum Basiliensis pri Petru Crotonu in Julianu Behru. Ustanovila je ansambel Casaluna Lute Consort (kvartet lutenj iz 17. stoletja) in ansambel Radolt (specializiran za komorno glasbo z obbligatno lutnjo). Poleg mednarodnega koncertnega udejstvovanja kot solistka in igralka continua jo lahko sli\u0161imo tudi na zgo\u0161\u010denkah za zalo\u017ebi Naxos in Coviello Classics. Od leta 2013 je podpredsednica zdru\u017eenja \u00d6LG in si prizadeva za ozave\u0161\u010danje javnosti o lutenjskih instrumentih. Od jeseni 2021 bo nadaljevala \u0161tudij z magistrskim \u0161tudijem pedagogike na \u0161oli Scola Basiliensis.<\/p>\n<h4 class=\"heading-l line line--gold\">Bernhard Ehrenfellner<\/h4>\n<p class=\"paragraph-m\">se je rodil v Salzburgu in \u0161tudiral klavir, petje, dirigiranje in glasbeno vzgojo na Dunaju. Veliko sodeluje kot pevec, spremljevalec pesmi in komorni glasbenik. Je u\u010ditelj glasbe in in\u0161trumentov na gimnaziji Stiftsgymnasium Admont ter vodi vokalne zasedbe, zasedbe za ljudsko glasbo in jazz.<\/p>\n<\/div>\n                        \n                                    <\/div>\n            \n            <\/div>\n<\/div>\n\n<\/section>\n\n<section id='lightpress__section--block_610a808641e90' class='lightpress__section--default-section-space lightpress__section lightpress__section--content'><div class=\"content__inner\"\n         x-init=\"initContentBlockAnim($el)\">\n        \n    <div class=\"content__grid content__grid\">\n                                            <div class=\"content__box content__box--one-hundred\"\n                 style=\"\">\n                                \n                \n                                            <div class=\"prose\"><h3 class=\"heading-xl line line--gold\">Informacije<\/h3>\n<p class=\"paragraph-m\">Dagmar Fischer-Riedel<\/p>\n<p><a class=\"email\" href=\"mailto:dagmus@gmx.at\"><span class=\"icon-outer\"><span class=\"email-icon\"><\/span><\/span>dagmus@gmx.at<\/a> <a class=\"phone\" href=\"tel:0664-1972598\"><span class=\"icon-outer\"><span class=\"phone-icon\"><\/span><\/span>0664-1972598<\/a><\/p>\n<p>\u00a0<\/p>\n<p class=\"paragraph-m\">Dr. Karin Schamberger\u00a0<\/p>\n<p><a class=\"email\" href=\"mailto:karin.schamberger@stiftadmont.at\"><span class=\"icon-outer\"><span class=\"email-icon\"><\/span><\/span>karin.schamberger@stiftadmont.at<\/a><\/p>\n<p>\u00a0<\/p>\n<div class=\"info info--warn\">\n<p>Vsi dogodki potekajo v skladu z veljavnimi pravili corona.<\/p>\n<\/div>\n<p>\u00a0<\/p>\n<h3 class=\"heading-xl line line--red\">PRENESITE<\/h3>\n<p class=\"paragraph-m\"><a href=\"\/wp-content\/uploads\/Lautenherbst_2021.pdf\" target=\"_blank\" rel=\"noopener\">Lute jesen 2021<\/a><\/p>\n<\/div>\n                    \n                            <\/div>\n        \n            <\/div>\n<\/div>\n\n<\/section>","protected":false},"excerpt":{"rendered":"<p>7. admonter Lautenherbst od 01. do 05. septembra 2021<\/p>","protected":false},"author":7,"featured_media":4371,"comment_status":"closed","ping_status":"closed","sticky":false,"template":"","format":"standard","meta":{"_acf_changed":false,"footnotes":""},"categories":[23],"class_list":["post-4368","post","type-post","status-publish","format-standard","has-post-thumbnail","hentry","category-einrichtungen-aktuell"],"acf":[],"yoast_head":"<!-- This site is optimized with the Yoast SEO Premium plugin v26.0 (Yoast SEO v26.8) - https:\/\/yoast.com\/product\/yoast-seo-premium-wordpress\/ -->\n<title>Lautenherbst im Stift Admont - Stift Admont<\/title>\n<meta name=\"description\" content=\"Lesen Sie aktuelle Informationen zum Thema Lautenherbst im Stift Admont und vieles mehr aus dem Konvent und der Pfarre Admont.\" \/>\n<meta name=\"robots\" content=\"index, follow, max-snippet:-1, max-image-preview:large, max-video-preview:-1\" \/>\n<link rel=\"canonical\" href=\"https:\/\/stiftadmont.at\/sl\/blog\/hrupna-jesen\/\" \/>\n<meta property=\"og:locale\" content=\"sl_SI\" \/>\n<meta property=\"og:type\" content=\"article\" \/>\n<meta property=\"og:title\" content=\"Lautenherbst im Stift Admont\" \/>\n<meta property=\"og:description\" content=\"Lesen Sie aktuelle Informationen zum Thema Lautenherbst im Stift Admont und vieles mehr aus dem Konvent und der Pfarre Admont.\" \/>\n<meta property=\"og:url\" content=\"https:\/\/stiftadmont.at\/sl\/blog\/hrupna-jesen\/\" \/>\n<meta property=\"og:site_name\" content=\"Stift Admont\" \/>\n<meta property=\"article:published_time\" content=\"2021-07-27T12:32:00+00:00\" \/>\n<meta property=\"article:modified_time\" content=\"2023-04-27T06:53:15+00:00\" \/>\n<meta property=\"og:image\" content=\"https:\/\/stiftadmont.at\/wp-content\/uploads\/3.jpg\" \/>\n\t<meta property=\"og:image:width\" content=\"1130\" \/>\n\t<meta property=\"og:image:height\" content=\"754\" \/>\n\t<meta property=\"og:image:type\" content=\"image\/jpeg\" \/>\n<meta name=\"author\" content=\"Mario Brandm\u00fcller\" \/>\n<meta name=\"twitter:card\" content=\"summary_large_image\" \/>\n<meta name=\"twitter:label1\" content=\"Written by\" \/>\n\t<meta name=\"twitter:data1\" content=\"Mario Brandm\u00fcller\" \/>\n<script type=\"application\/ld+json\" class=\"yoast-schema-graph\">{\"@context\":\"https:\/\/schema.org\",\"@graph\":[{\"@type\":\"Article\",\"@id\":\"https:\/\/stiftadmont.at\/blog\/lautenherbst\/#article\",\"isPartOf\":{\"@id\":\"https:\/\/stiftadmont.at\/blog\/lautenherbst\/\"},\"author\":{\"name\":\"Mario Brandm\u00fcller\",\"@id\":\"https:\/\/stiftadmont.at\/#\/schema\/person\/30535548b241d5f33a2e8b839db11869\"},\"headline\":\"Lautenherbst im Stift Admont\",\"datePublished\":\"2021-07-27T12:32:00+00:00\",\"dateModified\":\"2023-04-27T06:53:15+00:00\",\"mainEntityOfPage\":{\"@id\":\"https:\/\/stiftadmont.at\/blog\/lautenherbst\/\"},\"wordCount\":4,\"image\":{\"@id\":\"https:\/\/stiftadmont.at\/blog\/lautenherbst\/#primaryimage\"},\"thumbnailUrl\":\"https:\/\/stiftadmont.at\/wp-content\/uploads\/3.jpg\",\"articleSection\":[\"Einrichtungen aktuell\"],\"inLanguage\":\"sl-SI\"},{\"@type\":\"WebPage\",\"@id\":\"https:\/\/stiftadmont.at\/blog\/lautenherbst\/\",\"url\":\"https:\/\/stiftadmont.at\/blog\/lautenherbst\/\",\"name\":\"Lautenherbst im Stift Admont - Stift Admont\",\"isPartOf\":{\"@id\":\"https:\/\/stiftadmont.at\/#website\"},\"primaryImageOfPage\":{\"@id\":\"https:\/\/stiftadmont.at\/blog\/lautenherbst\/#primaryimage\"},\"image\":{\"@id\":\"https:\/\/stiftadmont.at\/blog\/lautenherbst\/#primaryimage\"},\"thumbnailUrl\":\"https:\/\/stiftadmont.at\/wp-content\/uploads\/3.jpg\",\"datePublished\":\"2021-07-27T12:32:00+00:00\",\"dateModified\":\"2023-04-27T06:53:15+00:00\",\"author\":{\"@id\":\"https:\/\/stiftadmont.at\/#\/schema\/person\/30535548b241d5f33a2e8b839db11869\"},\"description\":\"Lesen Sie aktuelle Informationen zum Thema Lautenherbst im Stift Admont und vieles mehr aus dem Konvent und der Pfarre Admont.\",\"breadcrumb\":{\"@id\":\"https:\/\/stiftadmont.at\/blog\/lautenherbst\/#breadcrumb\"},\"inLanguage\":\"sl-SI\",\"potentialAction\":[{\"@type\":\"ReadAction\",\"target\":[\"https:\/\/stiftadmont.at\/blog\/lautenherbst\/\"]}]},{\"@type\":\"ImageObject\",\"inLanguage\":\"sl-SI\",\"@id\":\"https:\/\/stiftadmont.at\/blog\/lautenherbst\/#primaryimage\",\"url\":\"https:\/\/stiftadmont.at\/wp-content\/uploads\/3.jpg\",\"contentUrl\":\"https:\/\/stiftadmont.at\/wp-content\/uploads\/3.jpg\",\"width\":1130,\"height\":754,\"caption\":\"Lautenherbst im Stift Admont 2021\"},{\"@type\":\"BreadcrumbList\",\"@id\":\"https:\/\/stiftadmont.at\/blog\/lautenherbst\/#breadcrumb\",\"itemListElement\":[{\"@type\":\"ListItem\",\"position\":1,\"name\":\"Start\",\"item\":\"https:\/\/stiftadmont.at\/\"},{\"@type\":\"ListItem\",\"position\":2,\"name\":\"Lautenherbst im Stift Admont\"}]},{\"@type\":\"WebSite\",\"@id\":\"https:\/\/stiftadmont.at\/#website\",\"url\":\"https:\/\/stiftadmont.at\/\",\"name\":\"Stift Admont\",\"description\":\"Benediktinerkloster und Sehensw\u00fcrdigkeit im Ges\u00e4use\",\"potentialAction\":[{\"@type\":\"SearchAction\",\"target\":{\"@type\":\"EntryPoint\",\"urlTemplate\":\"https:\/\/stiftadmont.at\/?s={search_term_string}\"},\"query-input\":{\"@type\":\"PropertyValueSpecification\",\"valueRequired\":true,\"valueName\":\"search_term_string\"}}],\"inLanguage\":\"sl-SI\"},{\"@type\":\"Person\",\"@id\":\"https:\/\/stiftadmont.at\/#\/schema\/person\/30535548b241d5f33a2e8b839db11869\",\"name\":\"Mario Brandm\u00fcller\"}]}<\/script>\n<!-- \/ Yoast SEO Premium plugin. -->","yoast_head_json":{"title":"Jesen lutenj v opatiji Admont - Admont Abbey","description":"Preberite najnovej\u0161e informacije o jeseni lutenj v opatiji Admont in \u0161e veliko ve\u010d iz samostana in \u017eupnije Admont.","robots":{"index":"index","follow":"follow","max-snippet":"max-snippet:-1","max-image-preview":"max-image-preview:large","max-video-preview":"max-video-preview:-1"},"canonical":"https:\/\/stiftadmont.at\/sl\/blog\/hrupna-jesen\/","og_locale":"sl_SI","og_type":"article","og_title":"Lautenherbst im Stift Admont","og_description":"Lesen Sie aktuelle Informationen zum Thema Lautenherbst im Stift Admont und vieles mehr aus dem Konvent und der Pfarre Admont.","og_url":"https:\/\/stiftadmont.at\/sl\/blog\/hrupna-jesen\/","og_site_name":"Stift Admont","article_published_time":"2021-07-27T12:32:00+00:00","article_modified_time":"2023-04-27T06:53:15+00:00","og_image":[{"width":1130,"height":754,"url":"https:\/\/stiftadmont.at\/wp-content\/uploads\/3.jpg","type":"image\/jpeg"}],"author":"Mario Brandm\u00fcller","twitter_card":"summary_large_image","twitter_misc":{"Written by":"Mario Brandm\u00fcller"},"schema":{"@context":"https:\/\/schema.org","@graph":[{"@type":"Article","@id":"https:\/\/stiftadmont.at\/blog\/lautenherbst\/#article","isPartOf":{"@id":"https:\/\/stiftadmont.at\/blog\/lautenherbst\/"},"author":{"name":"Mario Brandm\u00fcller","@id":"https:\/\/stiftadmont.at\/#\/schema\/person\/30535548b241d5f33a2e8b839db11869"},"headline":"Lautenherbst im Stift Admont","datePublished":"2021-07-27T12:32:00+00:00","dateModified":"2023-04-27T06:53:15+00:00","mainEntityOfPage":{"@id":"https:\/\/stiftadmont.at\/blog\/lautenherbst\/"},"wordCount":4,"image":{"@id":"https:\/\/stiftadmont.at\/blog\/lautenherbst\/#primaryimage"},"thumbnailUrl":"https:\/\/stiftadmont.at\/wp-content\/uploads\/3.jpg","articleSection":["Einrichtungen aktuell"],"inLanguage":"sl-SI"},{"@type":"WebPage","@id":"https:\/\/stiftadmont.at\/blog\/lautenherbst\/","url":"https:\/\/stiftadmont.at\/blog\/lautenherbst\/","name":"Jesen lutenj v opatiji Admont - Admont Abbey","isPartOf":{"@id":"https:\/\/stiftadmont.at\/#website"},"primaryImageOfPage":{"@id":"https:\/\/stiftadmont.at\/blog\/lautenherbst\/#primaryimage"},"image":{"@id":"https:\/\/stiftadmont.at\/blog\/lautenherbst\/#primaryimage"},"thumbnailUrl":"https:\/\/stiftadmont.at\/wp-content\/uploads\/3.jpg","datePublished":"2021-07-27T12:32:00+00:00","dateModified":"2023-04-27T06:53:15+00:00","author":{"@id":"https:\/\/stiftadmont.at\/#\/schema\/person\/30535548b241d5f33a2e8b839db11869"},"description":"Preberite najnovej\u0161e informacije o jeseni lutenj v opatiji Admont in \u0161e veliko ve\u010d iz samostana in \u017eupnije Admont.","breadcrumb":{"@id":"https:\/\/stiftadmont.at\/blog\/lautenherbst\/#breadcrumb"},"inLanguage":"sl-SI","potentialAction":[{"@type":"ReadAction","target":["https:\/\/stiftadmont.at\/blog\/lautenherbst\/"]}]},{"@type":"ImageObject","inLanguage":"sl-SI","@id":"https:\/\/stiftadmont.at\/blog\/lautenherbst\/#primaryimage","url":"https:\/\/stiftadmont.at\/wp-content\/uploads\/3.jpg","contentUrl":"https:\/\/stiftadmont.at\/wp-content\/uploads\/3.jpg","width":1130,"height":754,"caption":"Lautenherbst im Stift Admont 2021"},{"@type":"BreadcrumbList","@id":"https:\/\/stiftadmont.at\/blog\/lautenherbst\/#breadcrumb","itemListElement":[{"@type":"ListItem","position":1,"name":"Start","item":"https:\/\/stiftadmont.at\/"},{"@type":"ListItem","position":2,"name":"Lautenherbst im Stift Admont"}]},{"@type":"WebSite","@id":"https:\/\/stiftadmont.at\/#website","url":"https:\/\/stiftadmont.at\/","name":"Opatija Admont","description":"Benediktinski samostan in turisti\u010dna znamenitost v Ges\u00e4use","potentialAction":[{"@type":"SearchAction","target":{"@type":"EntryPoint","urlTemplate":"https:\/\/stiftadmont.at\/?s={search_term_string}"},"query-input":{"@type":"PropertyValueSpecification","valueRequired":true,"valueName":"search_term_string"}}],"inLanguage":"sl-SI"},{"@type":"Person","@id":"https:\/\/stiftadmont.at\/#\/schema\/person\/30535548b241d5f33a2e8b839db11869","name":"Mario Brandm\u00fcller"}]}},"_links":{"self":[{"href":"https:\/\/stiftadmont.at\/sl\/wp-json\/wp\/v2\/posts\/4368","targetHints":{"allow":["GET"]}}],"collection":[{"href":"https:\/\/stiftadmont.at\/sl\/wp-json\/wp\/v2\/posts"}],"about":[{"href":"https:\/\/stiftadmont.at\/sl\/wp-json\/wp\/v2\/types\/post"}],"author":[{"embeddable":true,"href":"https:\/\/stiftadmont.at\/sl\/wp-json\/wp\/v2\/users\/7"}],"replies":[{"embeddable":true,"href":"https:\/\/stiftadmont.at\/sl\/wp-json\/wp\/v2\/comments?post=4368"}],"version-history":[{"count":40,"href":"https:\/\/stiftadmont.at\/sl\/wp-json\/wp\/v2\/posts\/4368\/revisions"}],"predecessor-version":[{"id":17859,"href":"https:\/\/stiftadmont.at\/sl\/wp-json\/wp\/v2\/posts\/4368\/revisions\/17859"}],"wp:featuredmedia":[{"embeddable":true,"href":"https:\/\/stiftadmont.at\/sl\/wp-json\/wp\/v2\/media\/4371"}],"wp:attachment":[{"href":"https:\/\/stiftadmont.at\/sl\/wp-json\/wp\/v2\/media?parent=4368"}],"wp:term":[{"taxonomy":"category","embeddable":true,"href":"https:\/\/stiftadmont.at\/sl\/wp-json\/wp\/v2\/categories?post=4368"}],"curies":[{"name":"wp","href":"https:\/\/api.w.org\/{rel}","templated":true}]}}