{"id":6829,"date":"2021-08-06T17:16:05","date_gmt":"2021-08-06T15:16:05","guid":{"rendered":"https:\/\/stiftadmont.at\/?p=6829"},"modified":"2023-04-27T08:53:43","modified_gmt":"2023-04-27T06:53:43","slug":"profesor-rupert-schwarz","status":"publish","type":"post","link":"https:\/\/stiftadmont.at\/sl\/blog\/profess-rupert-schwarz\/","title":{"rendered":"Poklic p. Ruperta Schwarza OSB"},"content":{"rendered":"<section id='lightpress__section--block_6155d472fbc07' class='lightpress__section--default-section-space lightpress__section lightpress__section--content'><div class=\"content__inner\"\n         x-init=\"initContentBlockAnim($el)\">\n        \n    <div class=\"content__grid content__grid\">\n                                            <div class=\"content__box content__box--one-hundred\"\n                 style=\"\">\n                                \n                \n                                            <div class=\"prose\"><h2 class=\"heading-xxl line line--gold\">fr Rupert Schwarz OSB<\/h2>\n<p class=\"paragraph-m\">Rupert Schwarz OSB se je rodil leta 1982 v Salzburgu in bil kr\u0161\u010den kot Martin. Na\u0161 sobrat je poleg razli\u010dnih drugih izobra\u017eevalnih programov \u0161tudiral cerkveno glasbo na Mozarteumu v Salzburgu in na konservatoriju v Linzu ter se nato zaposlil kot cerkveni glasbenik v baziliki Maria Taferl v Spodnji Avstriji. Martin Schwarz je jeseni 2017 sledil Bo\u017ejemu klicu in 2. oktobra za\u010del noviciat v na\u0161i skupnosti. Po za\u010dasni profesiji 22. septembra 2018 je za\u010del \u0161tudij katoli\u0161ke teologije na Visoki \u0161oli Benedikta XVI. v Heiligenkreuzu, ki trenutno zahteva njegovo pozornost. \"Ko sem se pred \u0161tirimi leti kot Martin Schwarz pridru\u017eil opatiji Admont in dobil redovno ime Frater Rupert, sem \u017ee nekaj \u010dasa poznal samostan in tr\u017eno mesto Admont. Zdaj je to poznanstvo preraslo v poznanstvo in zelo sem vesel, da sem tukaj,\" je dejal pater Rupert pred slovesnim poklicem. S slovesnim poklicem se je o\u010de Rupert za vse \u017eivljenje zavezal na\u0161i skupnosti. Jeseni se bo vrnil v Heiligenkreuz in nadaljeval \u0161tudij. Po uspe\u0161nem zaklju\u010dku \u0161tudija bo o. Rupert posve\u010den v duhovnika in bo med drugim deloval kot pastor v \u017eupnijah na\u0161e hi\u0161e.<\/p>\n<p class=\"paragraph-m\">Slovesni (ve\u010dni) poklic p. Ruperta Schwarza OSB <br \/>29. avgust 2021 <br \/>14:00 Cerkev v opatiji Admont<\/p>\n<p class=\"paragraph-m\">Udele\u017eba na praznovanju je mogo\u010da le z veljavnim potrdilom 3G!<\/p>\n<\/div>\n                    \n                            <\/div>\n        \n            <\/div>\n<\/div>\n\n<\/section>","protected":false},"excerpt":{"rendered":"<p>Slovesni (ve\u010dni) poklic p. Ruperta Schwarza OSB 29. avgusta 2021<\/p>","protected":false},"author":7,"featured_media":6830,"comment_status":"closed","ping_status":"closed","sticky":false,"template":"","format":"standard","meta":{"_acf_changed":false,"footnotes":""},"categories":[22],"class_list":["post-6829","post","type-post","status-publish","format-standard","has-post-thumbnail","hentry","category-kloster-aktuell"],"acf":[],"yoast_head":"<!-- This site is optimized with the Yoast SEO Premium plugin v26.0 (Yoast SEO v26.8) - https:\/\/yoast.com\/product\/yoast-seo-premium-wordpress\/ -->\n<title>Profess von fr. Rupert Schwarz OSB - Stift Admont<\/title>\n<meta name=\"description\" content=\"Lesen Sie aktuelle Informationen zum Thema Profess von fr. Rupert Schwarz OSB und vieles mehr aus dem Konvent und der Pfarre Admont.\" \/>\n<meta name=\"robots\" content=\"index, follow, max-snippet:-1, max-image-preview:large, max-video-preview:-1\" \/>\n<link rel=\"canonical\" href=\"https:\/\/stiftadmont.at\/sl\/blog\/profesor-rupert-schwarz\/\" \/>\n<meta property=\"og:locale\" content=\"sl_SI\" \/>\n<meta property=\"og:type\" content=\"article\" \/>\n<meta property=\"og:title\" content=\"Profess von fr. Rupert Schwarz OSB\" \/>\n<meta property=\"og:description\" content=\"Lesen Sie aktuelle Informationen zum Thema Profess von fr. Rupert Schwarz OSB und vieles mehr aus dem Konvent und der Pfarre Admont.\" \/>\n<meta property=\"og:url\" content=\"https:\/\/stiftadmont.at\/sl\/blog\/profesor-rupert-schwarz\/\" \/>\n<meta property=\"og:site_name\" content=\"Stift Admont\" \/>\n<meta property=\"article:published_time\" content=\"2021-08-06T15:16:05+00:00\" \/>\n<meta property=\"article:modified_time\" content=\"2023-04-27T06:53:43+00:00\" \/>\n<meta property=\"og:image\" content=\"https:\/\/stiftadmont.at\/wp-content\/uploads\/foto_header.jpg\" \/>\n\t<meta property=\"og:image:width\" content=\"857\" \/>\n\t<meta property=\"og:image:height\" content=\"650\" \/>\n\t<meta property=\"og:image:type\" content=\"image\/jpeg\" \/>\n<meta name=\"author\" content=\"Mario Brandm\u00fcller\" \/>\n<meta name=\"twitter:card\" content=\"summary_large_image\" \/>\n<meta name=\"twitter:label1\" content=\"Written by\" \/>\n\t<meta name=\"twitter:data1\" content=\"Mario Brandm\u00fcller\" \/>\n<script type=\"application\/ld+json\" class=\"yoast-schema-graph\">{\"@context\":\"https:\/\/schema.org\",\"@graph\":[{\"@type\":\"Article\",\"@id\":\"https:\/\/stiftadmont.at\/blog\/profess-rupert-schwarz\/#article\",\"isPartOf\":{\"@id\":\"https:\/\/stiftadmont.at\/blog\/profess-rupert-schwarz\/\"},\"author\":{\"name\":\"Mario Brandm\u00fcller\",\"@id\":\"https:\/\/stiftadmont.at\/#\/schema\/person\/30535548b241d5f33a2e8b839db11869\"},\"headline\":\"Profess von fr. Rupert Schwarz OSB\",\"datePublished\":\"2021-08-06T15:16:05+00:00\",\"dateModified\":\"2023-04-27T06:53:43+00:00\",\"mainEntityOfPage\":{\"@id\":\"https:\/\/stiftadmont.at\/blog\/profess-rupert-schwarz\/\"},\"wordCount\":6,\"image\":{\"@id\":\"https:\/\/stiftadmont.at\/blog\/profess-rupert-schwarz\/#primaryimage\"},\"thumbnailUrl\":\"https:\/\/stiftadmont.at\/wp-content\/uploads\/foto_header.jpg\",\"articleSection\":[\"Kloster aktuell\"],\"inLanguage\":\"sl-SI\"},{\"@type\":\"WebPage\",\"@id\":\"https:\/\/stiftadmont.at\/blog\/profess-rupert-schwarz\/\",\"url\":\"https:\/\/stiftadmont.at\/blog\/profess-rupert-schwarz\/\",\"name\":\"Profess von fr. Rupert Schwarz OSB - Stift Admont\",\"isPartOf\":{\"@id\":\"https:\/\/stiftadmont.at\/#website\"},\"primaryImageOfPage\":{\"@id\":\"https:\/\/stiftadmont.at\/blog\/profess-rupert-schwarz\/#primaryimage\"},\"image\":{\"@id\":\"https:\/\/stiftadmont.at\/blog\/profess-rupert-schwarz\/#primaryimage\"},\"thumbnailUrl\":\"https:\/\/stiftadmont.at\/wp-content\/uploads\/foto_header.jpg\",\"datePublished\":\"2021-08-06T15:16:05+00:00\",\"dateModified\":\"2023-04-27T06:53:43+00:00\",\"author\":{\"@id\":\"https:\/\/stiftadmont.at\/#\/schema\/person\/30535548b241d5f33a2e8b839db11869\"},\"description\":\"Lesen Sie aktuelle Informationen zum Thema Profess von fr. Rupert Schwarz OSB und vieles mehr aus dem Konvent und der Pfarre Admont.\",\"breadcrumb\":{\"@id\":\"https:\/\/stiftadmont.at\/blog\/profess-rupert-schwarz\/#breadcrumb\"},\"inLanguage\":\"sl-SI\",\"potentialAction\":[{\"@type\":\"ReadAction\",\"target\":[\"https:\/\/stiftadmont.at\/blog\/profess-rupert-schwarz\/\"]}]},{\"@type\":\"ImageObject\",\"inLanguage\":\"sl-SI\",\"@id\":\"https:\/\/stiftadmont.at\/blog\/profess-rupert-schwarz\/#primaryimage\",\"url\":\"https:\/\/stiftadmont.at\/wp-content\/uploads\/foto_header.jpg\",\"contentUrl\":\"https:\/\/stiftadmont.at\/wp-content\/uploads\/foto_header.jpg\",\"width\":857,\"height\":650,\"caption\":\"foto header\"},{\"@type\":\"BreadcrumbList\",\"@id\":\"https:\/\/stiftadmont.at\/blog\/profess-rupert-schwarz\/#breadcrumb\",\"itemListElement\":[{\"@type\":\"ListItem\",\"position\":1,\"name\":\"Start\",\"item\":\"https:\/\/stiftadmont.at\/\"},{\"@type\":\"ListItem\",\"position\":2,\"name\":\"Profess von fr. Rupert Schwarz OSB\"}]},{\"@type\":\"WebSite\",\"@id\":\"https:\/\/stiftadmont.at\/#website\",\"url\":\"https:\/\/stiftadmont.at\/\",\"name\":\"Stift Admont\",\"description\":\"Benediktinerkloster und Sehensw\u00fcrdigkeit im Ges\u00e4use\",\"potentialAction\":[{\"@type\":\"SearchAction\",\"target\":{\"@type\":\"EntryPoint\",\"urlTemplate\":\"https:\/\/stiftadmont.at\/?s={search_term_string}\"},\"query-input\":{\"@type\":\"PropertyValueSpecification\",\"valueRequired\":true,\"valueName\":\"search_term_string\"}}],\"inLanguage\":\"sl-SI\"},{\"@type\":\"Person\",\"@id\":\"https:\/\/stiftadmont.at\/#\/schema\/person\/30535548b241d5f33a2e8b839db11869\",\"name\":\"Mario Brandm\u00fcller\"}]}<\/script>\n<!-- \/ Yoast SEO Premium plugin. -->","yoast_head_json":{"title":"Poklic p. Ruperta Schwarza OSB - opatija Admont","description":"Preberite najnovej\u0161e informacije o poklicu p. Ruperta Schwarza OSB in \u0161e veliko ve\u010d iz samostana in \u017eupnije Admont.","robots":{"index":"index","follow":"follow","max-snippet":"max-snippet:-1","max-image-preview":"max-image-preview:large","max-video-preview":"max-video-preview:-1"},"canonical":"https:\/\/stiftadmont.at\/sl\/blog\/profesor-rupert-schwarz\/","og_locale":"sl_SI","og_type":"article","og_title":"Profess von fr. Rupert Schwarz OSB","og_description":"Lesen Sie aktuelle Informationen zum Thema Profess von fr. Rupert Schwarz OSB und vieles mehr aus dem Konvent und der Pfarre Admont.","og_url":"https:\/\/stiftadmont.at\/sl\/blog\/profesor-rupert-schwarz\/","og_site_name":"Stift Admont","article_published_time":"2021-08-06T15:16:05+00:00","article_modified_time":"2023-04-27T06:53:43+00:00","og_image":[{"width":857,"height":650,"url":"https:\/\/stiftadmont.at\/wp-content\/uploads\/foto_header.jpg","type":"image\/jpeg"}],"author":"Mario Brandm\u00fcller","twitter_card":"summary_large_image","twitter_misc":{"Written by":"Mario Brandm\u00fcller"},"schema":{"@context":"https:\/\/schema.org","@graph":[{"@type":"Article","@id":"https:\/\/stiftadmont.at\/blog\/profess-rupert-schwarz\/#article","isPartOf":{"@id":"https:\/\/stiftadmont.at\/blog\/profess-rupert-schwarz\/"},"author":{"name":"Mario Brandm\u00fcller","@id":"https:\/\/stiftadmont.at\/#\/schema\/person\/30535548b241d5f33a2e8b839db11869"},"headline":"Profess von fr. Rupert Schwarz OSB","datePublished":"2021-08-06T15:16:05+00:00","dateModified":"2023-04-27T06:53:43+00:00","mainEntityOfPage":{"@id":"https:\/\/stiftadmont.at\/blog\/profess-rupert-schwarz\/"},"wordCount":6,"image":{"@id":"https:\/\/stiftadmont.at\/blog\/profess-rupert-schwarz\/#primaryimage"},"thumbnailUrl":"https:\/\/stiftadmont.at\/wp-content\/uploads\/foto_header.jpg","articleSection":["Kloster aktuell"],"inLanguage":"sl-SI"},{"@type":"WebPage","@id":"https:\/\/stiftadmont.at\/blog\/profess-rupert-schwarz\/","url":"https:\/\/stiftadmont.at\/blog\/profess-rupert-schwarz\/","name":"Poklic p. Ruperta Schwarza OSB - opatija Admont","isPartOf":{"@id":"https:\/\/stiftadmont.at\/#website"},"primaryImageOfPage":{"@id":"https:\/\/stiftadmont.at\/blog\/profess-rupert-schwarz\/#primaryimage"},"image":{"@id":"https:\/\/stiftadmont.at\/blog\/profess-rupert-schwarz\/#primaryimage"},"thumbnailUrl":"https:\/\/stiftadmont.at\/wp-content\/uploads\/foto_header.jpg","datePublished":"2021-08-06T15:16:05+00:00","dateModified":"2023-04-27T06:53:43+00:00","author":{"@id":"https:\/\/stiftadmont.at\/#\/schema\/person\/30535548b241d5f33a2e8b839db11869"},"description":"Preberite najnovej\u0161e informacije o poklicu p. Ruperta Schwarza OSB in \u0161e veliko ve\u010d iz samostana in \u017eupnije Admont.","breadcrumb":{"@id":"https:\/\/stiftadmont.at\/blog\/profess-rupert-schwarz\/#breadcrumb"},"inLanguage":"sl-SI","potentialAction":[{"@type":"ReadAction","target":["https:\/\/stiftadmont.at\/blog\/profess-rupert-schwarz\/"]}]},{"@type":"ImageObject","inLanguage":"sl-SI","@id":"https:\/\/stiftadmont.at\/blog\/profess-rupert-schwarz\/#primaryimage","url":"https:\/\/stiftadmont.at\/wp-content\/uploads\/foto_header.jpg","contentUrl":"https:\/\/stiftadmont.at\/wp-content\/uploads\/foto_header.jpg","width":857,"height":650,"caption":"foto header"},{"@type":"BreadcrumbList","@id":"https:\/\/stiftadmont.at\/blog\/profess-rupert-schwarz\/#breadcrumb","itemListElement":[{"@type":"ListItem","position":1,"name":"Start","item":"https:\/\/stiftadmont.at\/"},{"@type":"ListItem","position":2,"name":"Profess von fr. Rupert Schwarz OSB"}]},{"@type":"WebSite","@id":"https:\/\/stiftadmont.at\/#website","url":"https:\/\/stiftadmont.at\/","name":"Opatija Admont","description":"Benediktinski samostan in turisti\u010dna znamenitost v Ges\u00e4use","potentialAction":[{"@type":"SearchAction","target":{"@type":"EntryPoint","urlTemplate":"https:\/\/stiftadmont.at\/?s={search_term_string}"},"query-input":{"@type":"PropertyValueSpecification","valueRequired":true,"valueName":"search_term_string"}}],"inLanguage":"sl-SI"},{"@type":"Person","@id":"https:\/\/stiftadmont.at\/#\/schema\/person\/30535548b241d5f33a2e8b839db11869","name":"Mario Brandm\u00fcller"}]}},"_links":{"self":[{"href":"https:\/\/stiftadmont.at\/sl\/wp-json\/wp\/v2\/posts\/6829","targetHints":{"allow":["GET"]}}],"collection":[{"href":"https:\/\/stiftadmont.at\/sl\/wp-json\/wp\/v2\/posts"}],"about":[{"href":"https:\/\/stiftadmont.at\/sl\/wp-json\/wp\/v2\/types\/post"}],"author":[{"embeddable":true,"href":"https:\/\/stiftadmont.at\/sl\/wp-json\/wp\/v2\/users\/7"}],"replies":[{"embeddable":true,"href":"https:\/\/stiftadmont.at\/sl\/wp-json\/wp\/v2\/comments?post=6829"}],"version-history":[{"count":13,"href":"https:\/\/stiftadmont.at\/sl\/wp-json\/wp\/v2\/posts\/6829\/revisions"}],"predecessor-version":[{"id":17860,"href":"https:\/\/stiftadmont.at\/sl\/wp-json\/wp\/v2\/posts\/6829\/revisions\/17860"}],"wp:featuredmedia":[{"embeddable":true,"href":"https:\/\/stiftadmont.at\/sl\/wp-json\/wp\/v2\/media\/6830"}],"wp:attachment":[{"href":"https:\/\/stiftadmont.at\/sl\/wp-json\/wp\/v2\/media?parent=6829"}],"wp:term":[{"taxonomy":"category","embeddable":true,"href":"https:\/\/stiftadmont.at\/sl\/wp-json\/wp\/v2\/categories?post=6829"}],"curies":[{"name":"wp","href":"https:\/\/api.w.org\/{rel}","templated":true}]}}