{"id":7061,"date":"2021-12-09T07:07:27","date_gmt":"2021-12-09T05:07:27","guid":{"rendered":"https:\/\/stiftadmont.at\/?p=7061"},"modified":"2023-04-27T08:54:58","modified_gmt":"2023-04-27T06:54:58","slug":"vihar-osvoji-zupnisce","status":"publish","type":"post","link":"https:\/\/stiftadmont.at\/sl\/blog\/ein-wirbelwind-erobert-das-pfarrhaus\/","title":{"rendered":"Vihar osvoji \u017eupni\u0161\u010de"},"content":{"rendered":"<section id='lightpress__section--block_61b18f6d4e0e8' class='lightpress__section lightpress__section--image lightpress__section-- lightpress__section--'>                        <img decoding=\"async\" src=\"https:\/\/stiftadmont.at\/wp-content\/uploads\/PaterEgon_\u00a9ThomasSattler-13-scaled.jpg\" alt=\"Benediktinska opatija Admont - o\u010de Egon \u00a9 Thomas Sattler\" \/>\n<\/section>\n\n<section id='lightpress__section--block_61b18e22e5efe' class='lightpress__section--default-section-space lightpress__section lightpress__section--content'><div class=\"content__inner\"\n         x-init=\"initContentBlockAnim($el)\">\n        \n    <div class=\"content__grid content__grid\">\n                                            <div class=\"content__box content__box--one-hundred\"\n                 style=\"\">\n                                \n                \n                                            <div class=\"prose\"><h2 class=\"heading-xxl line line--gold\">Vihar osvoji \u017eupni\u0161\u010de<\/h2>\n<p><strong>Odkar je \u017eupnik Egon Homann postal \u017eupnik v \u017eupnijski skupnosti Liesingtal, Mautern nima enega, ampak dva nova prebivalca.<\/strong><\/p>\n<p class=\"paragraph-m paragraph-s\">O\u010de Egon se po prstih sprehodi mimo Finnove ko\u0161are. Kljub temu da si zelo prizadeva, da bi spalnico zapustil brez zvoka, se \u010drni labradorec zbudi. Na hitro pogleda svojega gospodarja in ker ne vidi ni\u010d nenavadnega, spusti svojo \u0161e vedno te\u017eko glavo nazaj na sprednje ta\u010dke. Ve, da bo lahko, ko bo o\u010de Egon ob petih od\u0161el k jutranjim molitvam, dremal \u0161e celo uro. Duhovnik u\u017eiva v miru in ti\u0161ini \u0161e mladega dne, saj je Finn, ko se dobro naspi, lahko pravi viharnik. Zlasti njegovi pozdravi so izredno burni. \"Vedno ga moram malo upo\u010dasniti,\" pravi o\u010de Egon v smehu.<\/p>\n<p class=\"paragraph-m paragraph-s\">Vendar se zdi, da \u017eupnijske skupnosti Mautern razposajenost \u0161tirino\u017enega prijatelja ne moti. Prav nasprotno. \"Ko grem s Finnom na sprehod, me ljudje najprej vpra\u0161ajo, kako se pes po\u010duti. \u0160ele potem vpra\u0161ajo, kako se imam jaz,\" z nasmehom pove o\u010de Egon. Vsi, ki dvojice ne sre\u010dajo na vsakodnevnem sprehodu, lahko o Finnovem \u017eivljenju samostanskega psa spremljajo dogajanje na Facebooku. Ob pregledu njegovega spletnega profila izstopajo fotografije \u0161tevilnih daril, ki jih \u0161tirino\u017eni prijatelj redno prejema. Mala in velika darila segajo od pal\u010dk za prigrizek do klobasic in slanine. Ni\u010d \u010dudnega, da Finn postopoma postaja zvezdnik. Rad je v sredi\u0161\u010du pozornosti in ima majhen, izbrani klub obo\u017eevalcev ne le v Mauternu, ampak tudi v Gradcu.<\/p>\n<p><strong>\u0160tirino\u017eni prijatelj s \u0161armom<\/strong><\/p>\n<p class=\"paragraph-m paragraph-s\">Poleg vloge \u017eupnika je o\u010de Egon tudi svetovalec. Admontski benediktinski samostan je pred leti v glavnem mestu province ustanovil dve podru\u017enici za oskrbo \u0161tudentov. Ena od njih je \"Hi\u0161a sre\u010danja\". Duet je na kraju samem prisoten ve\u010dkrat na teden. Kljub temu Finnu ni treba zamuditi sprehodov. Hilmteich je ena od njegovih najljub\u0161ih destinacij. \u0160tirino\u017eni prijatelj pa u\u017eiva tudi pri delu v Gradcu. Finn si je za svoje najljub\u0161e mesto v skupnem prostoru objekta izbral oblazinjen fotelj v turkizni barvi. Verjetno zato, ker ima od tam najbolj\u0161i pogled na steklena vhodna vrata in dogajanje na ulici. Ni\u010d ne uide njegovi pozornosti. Z budnimi o\u010dmi opazi vsak premik na plo\u010dniku, ki poteka ob hi\u0161i. \u010ce v hi\u0161o Haus der Begegnung vstopi znan obraz, ga takoj opazi. Zaradi te dru\u017eabnosti je dobil celo svoje podro\u010dje odgovornosti: Pozdravljanje. Ko to opravi v svoje zadovoljstvo, sko\u010di nazaj na svoj oblazinjeni prestol. \"Med pogovori se ne vme\u0161ava. Od \u010dasa do \u010dasa le vstane, da ga pobo\u017eamo,\" pravi o\u010de Egon. Vendar je Finn pri tem zelo izbir\u010den. V dveh letih \u017eivljenja se je nau\u010dil razlagati geste ljudi. \"\u010ce nekdo z velikim psom ravna spo\u0161tljivo, se takoj umakne. Finn za\u010duti, kdaj je fizi\u010dni stik za\u017eelen in kdaj ne. Glede na to dobi svoj objem ali pa ga ne dobi,\" pravi njegov lastnik. Ni veliko ljudi, ki bi se lahko uprli njegovemu \u0161armu. Labradorec ima ve\u010dino ljudi v \u017eepu \u017ee ob prvem sre\u010danju. Njegova miroljubna narava je glavni razlog za njegovo priljubljenost. Glasno lajanje mu ni preve\u010d mar. Da bi pritegnil pozornost nase, ima raje umirjen videz. \"Tudi ko je od veselja \u010disto iz sebe, ne laja, ampak ska\u010de in se sprehaja naokoli. Zavzame celo sobo,\" v smehu pove o\u010de Egon in pojasni, \u010desa se Finn najbolj veseli. Pribolj\u0161ek? Nova igra\u010da? \"Ne, najbolj sre\u010den je, ko pridem domov. In to je res lep ob\u010dutek.\"<\/p>\n<\/div>\n                    \n                            <\/div>\n        \n            <\/div>\n<\/div>\n\n<\/section>","protected":false},"excerpt":{"rendered":"","protected":false},"author":7,"featured_media":7062,"comment_status":"closed","ping_status":"closed","sticky":false,"template":"","format":"standard","meta":{"_acf_changed":false,"footnotes":""},"categories":[22],"class_list":["post-7061","post","type-post","status-publish","format-standard","has-post-thumbnail","hentry","category-kloster-aktuell"],"acf":[],"yoast_head":"<!-- This site is optimized with the Yoast SEO Premium plugin v26.0 (Yoast SEO v26.8) - https:\/\/yoast.com\/product\/yoast-seo-premium-wordpress\/ -->\n<title>Ein Wirbelwind erobert das Pfarrhaus - Stift Admont<\/title>\n<meta name=\"description\" content=\"Lesen Sie aktuelle Informationen zum Thema Ein Wirbelwind erobert das Pfarrhaus und vieles mehr aus dem Konvent und der Pfarre Admont.\" \/>\n<meta name=\"robots\" content=\"index, follow, max-snippet:-1, max-image-preview:large, max-video-preview:-1\" \/>\n<link rel=\"canonical\" href=\"https:\/\/stiftadmont.at\/sl\/blog\/vihar-osvoji-zupnisce\/\" \/>\n<meta property=\"og:locale\" content=\"sl_SI\" \/>\n<meta property=\"og:type\" content=\"article\" \/>\n<meta property=\"og:title\" content=\"Ein Wirbelwind erobert das Pfarrhaus\" \/>\n<meta property=\"og:description\" content=\"Lesen Sie aktuelle Informationen zum Thema Ein Wirbelwind erobert das Pfarrhaus und vieles mehr aus dem Konvent und der Pfarre Admont.\" \/>\n<meta property=\"og:url\" content=\"https:\/\/stiftadmont.at\/sl\/blog\/vihar-osvoji-zupnisce\/\" \/>\n<meta property=\"og:site_name\" content=\"Stift Admont\" \/>\n<meta property=\"article:published_time\" content=\"2021-12-09T05:07:27+00:00\" \/>\n<meta property=\"article:modified_time\" content=\"2023-04-27T06:54:58+00:00\" \/>\n<meta property=\"og:image\" content=\"https:\/\/stiftadmont.at\/wp-content\/uploads\/PaterEgon_\u00a9ThomasSattler-13-scaled.jpg\" \/>\n\t<meta property=\"og:image:width\" content=\"2560\" \/>\n\t<meta property=\"og:image:height\" content=\"1706\" \/>\n\t<meta property=\"og:image:type\" content=\"image\/jpeg\" \/>\n<meta name=\"author\" content=\"Mario Brandm\u00fcller\" \/>\n<meta name=\"twitter:card\" content=\"summary_large_image\" \/>\n<meta name=\"twitter:label1\" content=\"Written by\" \/>\n\t<meta name=\"twitter:data1\" content=\"Mario Brandm\u00fcller\" \/>\n<script type=\"application\/ld+json\" class=\"yoast-schema-graph\">{\"@context\":\"https:\/\/schema.org\",\"@graph\":[{\"@type\":\"Article\",\"@id\":\"https:\/\/stiftadmont.at\/blog\/ein-wirbelwind-erobert-das-pfarrhaus\/#article\",\"isPartOf\":{\"@id\":\"https:\/\/stiftadmont.at\/blog\/ein-wirbelwind-erobert-das-pfarrhaus\/\"},\"author\":{\"name\":\"Mario Brandm\u00fcller\",\"@id\":\"https:\/\/stiftadmont.at\/#\/schema\/person\/30535548b241d5f33a2e8b839db11869\"},\"headline\":\"Ein Wirbelwind erobert das Pfarrhaus\",\"datePublished\":\"2021-12-09T05:07:27+00:00\",\"dateModified\":\"2023-04-27T06:54:58+00:00\",\"mainEntityOfPage\":{\"@id\":\"https:\/\/stiftadmont.at\/blog\/ein-wirbelwind-erobert-das-pfarrhaus\/\"},\"wordCount\":5,\"image\":{\"@id\":\"https:\/\/stiftadmont.at\/blog\/ein-wirbelwind-erobert-das-pfarrhaus\/#primaryimage\"},\"thumbnailUrl\":\"https:\/\/stiftadmont.at\/wp-content\/uploads\/PaterEgon_\u00a9ThomasSattler-13-scaled.jpg\",\"articleSection\":[\"Kloster aktuell\"],\"inLanguage\":\"sl-SI\"},{\"@type\":\"WebPage\",\"@id\":\"https:\/\/stiftadmont.at\/blog\/ein-wirbelwind-erobert-das-pfarrhaus\/\",\"url\":\"https:\/\/stiftadmont.at\/blog\/ein-wirbelwind-erobert-das-pfarrhaus\/\",\"name\":\"Ein Wirbelwind erobert das Pfarrhaus - Stift Admont\",\"isPartOf\":{\"@id\":\"https:\/\/stiftadmont.at\/#website\"},\"primaryImageOfPage\":{\"@id\":\"https:\/\/stiftadmont.at\/blog\/ein-wirbelwind-erobert-das-pfarrhaus\/#primaryimage\"},\"image\":{\"@id\":\"https:\/\/stiftadmont.at\/blog\/ein-wirbelwind-erobert-das-pfarrhaus\/#primaryimage\"},\"thumbnailUrl\":\"https:\/\/stiftadmont.at\/wp-content\/uploads\/PaterEgon_\u00a9ThomasSattler-13-scaled.jpg\",\"datePublished\":\"2021-12-09T05:07:27+00:00\",\"dateModified\":\"2023-04-27T06:54:58+00:00\",\"author\":{\"@id\":\"https:\/\/stiftadmont.at\/#\/schema\/person\/30535548b241d5f33a2e8b839db11869\"},\"description\":\"Lesen Sie aktuelle Informationen zum Thema Ein Wirbelwind erobert das Pfarrhaus und vieles mehr aus dem Konvent und der Pfarre Admont.\",\"breadcrumb\":{\"@id\":\"https:\/\/stiftadmont.at\/blog\/ein-wirbelwind-erobert-das-pfarrhaus\/#breadcrumb\"},\"inLanguage\":\"sl-SI\",\"potentialAction\":[{\"@type\":\"ReadAction\",\"target\":[\"https:\/\/stiftadmont.at\/blog\/ein-wirbelwind-erobert-das-pfarrhaus\/\"]}]},{\"@type\":\"ImageObject\",\"inLanguage\":\"sl-SI\",\"@id\":\"https:\/\/stiftadmont.at\/blog\/ein-wirbelwind-erobert-das-pfarrhaus\/#primaryimage\",\"url\":\"https:\/\/stiftadmont.at\/wp-content\/uploads\/PaterEgon_\u00a9ThomasSattler-13-scaled.jpg\",\"contentUrl\":\"https:\/\/stiftadmont.at\/wp-content\/uploads\/PaterEgon_\u00a9ThomasSattler-13-scaled.jpg\",\"width\":2560,\"height\":1706,\"caption\":\"Benediktinerstift Admont - Pater Egon \u00a9 Thomas Sattler\"},{\"@type\":\"BreadcrumbList\",\"@id\":\"https:\/\/stiftadmont.at\/blog\/ein-wirbelwind-erobert-das-pfarrhaus\/#breadcrumb\",\"itemListElement\":[{\"@type\":\"ListItem\",\"position\":1,\"name\":\"Start\",\"item\":\"https:\/\/stiftadmont.at\/\"},{\"@type\":\"ListItem\",\"position\":2,\"name\":\"Ein Wirbelwind erobert das Pfarrhaus\"}]},{\"@type\":\"WebSite\",\"@id\":\"https:\/\/stiftadmont.at\/#website\",\"url\":\"https:\/\/stiftadmont.at\/\",\"name\":\"Stift Admont\",\"description\":\"Benediktinerkloster und Sehensw\u00fcrdigkeit im Ges\u00e4use\",\"potentialAction\":[{\"@type\":\"SearchAction\",\"target\":{\"@type\":\"EntryPoint\",\"urlTemplate\":\"https:\/\/stiftadmont.at\/?s={search_term_string}\"},\"query-input\":{\"@type\":\"PropertyValueSpecification\",\"valueRequired\":true,\"valueName\":\"search_term_string\"}}],\"inLanguage\":\"sl-SI\"},{\"@type\":\"Person\",\"@id\":\"https:\/\/stiftadmont.at\/#\/schema\/person\/30535548b241d5f33a2e8b839db11869\",\"name\":\"Mario Brandm\u00fcller\"}]}<\/script>\n<!-- \/ Yoast SEO Premium plugin. -->","yoast_head_json":{"title":"Vihar osvoji faro - Admont Abbey","description":"Preberite najnovej\u0161e informacije o Vihar osvoji faro in \u0161e veliko ve\u010d iz samostana in \u017eupnije Admont.","robots":{"index":"index","follow":"follow","max-snippet":"max-snippet:-1","max-image-preview":"max-image-preview:large","max-video-preview":"max-video-preview:-1"},"canonical":"https:\/\/stiftadmont.at\/sl\/blog\/vihar-osvoji-zupnisce\/","og_locale":"sl_SI","og_type":"article","og_title":"Ein Wirbelwind erobert das Pfarrhaus","og_description":"Lesen Sie aktuelle Informationen zum Thema Ein Wirbelwind erobert das Pfarrhaus und vieles mehr aus dem Konvent und der Pfarre Admont.","og_url":"https:\/\/stiftadmont.at\/sl\/blog\/vihar-osvoji-zupnisce\/","og_site_name":"Stift Admont","article_published_time":"2021-12-09T05:07:27+00:00","article_modified_time":"2023-04-27T06:54:58+00:00","og_image":[{"width":2560,"height":1706,"url":"https:\/\/stiftadmont.at\/wp-content\/uploads\/PaterEgon_\u00a9ThomasSattler-13-scaled.jpg","type":"image\/jpeg"}],"author":"Mario Brandm\u00fcller","twitter_card":"summary_large_image","twitter_misc":{"Written by":"Mario Brandm\u00fcller"},"schema":{"@context":"https:\/\/schema.org","@graph":[{"@type":"Article","@id":"https:\/\/stiftadmont.at\/blog\/ein-wirbelwind-erobert-das-pfarrhaus\/#article","isPartOf":{"@id":"https:\/\/stiftadmont.at\/blog\/ein-wirbelwind-erobert-das-pfarrhaus\/"},"author":{"name":"Mario Brandm\u00fcller","@id":"https:\/\/stiftadmont.at\/#\/schema\/person\/30535548b241d5f33a2e8b839db11869"},"headline":"Ein Wirbelwind erobert das Pfarrhaus","datePublished":"2021-12-09T05:07:27+00:00","dateModified":"2023-04-27T06:54:58+00:00","mainEntityOfPage":{"@id":"https:\/\/stiftadmont.at\/blog\/ein-wirbelwind-erobert-das-pfarrhaus\/"},"wordCount":5,"image":{"@id":"https:\/\/stiftadmont.at\/blog\/ein-wirbelwind-erobert-das-pfarrhaus\/#primaryimage"},"thumbnailUrl":"https:\/\/stiftadmont.at\/wp-content\/uploads\/PaterEgon_\u00a9ThomasSattler-13-scaled.jpg","articleSection":["Kloster aktuell"],"inLanguage":"sl-SI"},{"@type":"WebPage","@id":"https:\/\/stiftadmont.at\/blog\/ein-wirbelwind-erobert-das-pfarrhaus\/","url":"https:\/\/stiftadmont.at\/blog\/ein-wirbelwind-erobert-das-pfarrhaus\/","name":"Vihar osvoji faro - Admont Abbey","isPartOf":{"@id":"https:\/\/stiftadmont.at\/#website"},"primaryImageOfPage":{"@id":"https:\/\/stiftadmont.at\/blog\/ein-wirbelwind-erobert-das-pfarrhaus\/#primaryimage"},"image":{"@id":"https:\/\/stiftadmont.at\/blog\/ein-wirbelwind-erobert-das-pfarrhaus\/#primaryimage"},"thumbnailUrl":"https:\/\/stiftadmont.at\/wp-content\/uploads\/PaterEgon_\u00a9ThomasSattler-13-scaled.jpg","datePublished":"2021-12-09T05:07:27+00:00","dateModified":"2023-04-27T06:54:58+00:00","author":{"@id":"https:\/\/stiftadmont.at\/#\/schema\/person\/30535548b241d5f33a2e8b839db11869"},"description":"Preberite najnovej\u0161e informacije o Vihar osvoji faro in \u0161e veliko ve\u010d iz samostana in \u017eupnije Admont.","breadcrumb":{"@id":"https:\/\/stiftadmont.at\/blog\/ein-wirbelwind-erobert-das-pfarrhaus\/#breadcrumb"},"inLanguage":"sl-SI","potentialAction":[{"@type":"ReadAction","target":["https:\/\/stiftadmont.at\/blog\/ein-wirbelwind-erobert-das-pfarrhaus\/"]}]},{"@type":"ImageObject","inLanguage":"sl-SI","@id":"https:\/\/stiftadmont.at\/blog\/ein-wirbelwind-erobert-das-pfarrhaus\/#primaryimage","url":"https:\/\/stiftadmont.at\/wp-content\/uploads\/PaterEgon_\u00a9ThomasSattler-13-scaled.jpg","contentUrl":"https:\/\/stiftadmont.at\/wp-content\/uploads\/PaterEgon_\u00a9ThomasSattler-13-scaled.jpg","width":2560,"height":1706,"caption":"Benediktinerstift Admont - Pater Egon \u00a9 Thomas Sattler"},{"@type":"BreadcrumbList","@id":"https:\/\/stiftadmont.at\/blog\/ein-wirbelwind-erobert-das-pfarrhaus\/#breadcrumb","itemListElement":[{"@type":"ListItem","position":1,"name":"Start","item":"https:\/\/stiftadmont.at\/"},{"@type":"ListItem","position":2,"name":"Ein Wirbelwind erobert das Pfarrhaus"}]},{"@type":"WebSite","@id":"https:\/\/stiftadmont.at\/#website","url":"https:\/\/stiftadmont.at\/","name":"Opatija Admont","description":"Benediktinski samostan in turisti\u010dna znamenitost v Ges\u00e4use","potentialAction":[{"@type":"SearchAction","target":{"@type":"EntryPoint","urlTemplate":"https:\/\/stiftadmont.at\/?s={search_term_string}"},"query-input":{"@type":"PropertyValueSpecification","valueRequired":true,"valueName":"search_term_string"}}],"inLanguage":"sl-SI"},{"@type":"Person","@id":"https:\/\/stiftadmont.at\/#\/schema\/person\/30535548b241d5f33a2e8b839db11869","name":"Mario Brandm\u00fcller"}]}},"_links":{"self":[{"href":"https:\/\/stiftadmont.at\/sl\/wp-json\/wp\/v2\/posts\/7061","targetHints":{"allow":["GET"]}}],"collection":[{"href":"https:\/\/stiftadmont.at\/sl\/wp-json\/wp\/v2\/posts"}],"about":[{"href":"https:\/\/stiftadmont.at\/sl\/wp-json\/wp\/v2\/types\/post"}],"author":[{"embeddable":true,"href":"https:\/\/stiftadmont.at\/sl\/wp-json\/wp\/v2\/users\/7"}],"replies":[{"embeddable":true,"href":"https:\/\/stiftadmont.at\/sl\/wp-json\/wp\/v2\/comments?post=7061"}],"version-history":[{"count":20,"href":"https:\/\/stiftadmont.at\/sl\/wp-json\/wp\/v2\/posts\/7061\/revisions"}],"predecessor-version":[{"id":17865,"href":"https:\/\/stiftadmont.at\/sl\/wp-json\/wp\/v2\/posts\/7061\/revisions\/17865"}],"wp:featuredmedia":[{"embeddable":true,"href":"https:\/\/stiftadmont.at\/sl\/wp-json\/wp\/v2\/media\/7062"}],"wp:attachment":[{"href":"https:\/\/stiftadmont.at\/sl\/wp-json\/wp\/v2\/media?parent=7061"}],"wp:term":[{"taxonomy":"category","embeddable":true,"href":"https:\/\/stiftadmont.at\/sl\/wp-json\/wp\/v2\/categories?post=7061"}],"curies":[{"name":"wp","href":"https:\/\/api.w.org\/{rel}","templated":true}]}}