{"id":9994,"date":"2021-12-09T12:00:00","date_gmt":"2021-12-09T10:00:00","guid":{"rendered":"https:\/\/stiftadmont.at\/?p=9994"},"modified":"2023-09-30T16:41:51","modified_gmt":"2023-09-30T14:41:51","slug":"kaiserau-vzleti","status":"publish","type":"post","link":"https:\/\/stiftadmont.at\/sl\/blog\/kaiserau-startet-los\/","title":{"rendered":"Kaiserau vzleta"},"content":{"rendered":"<section id='lightpress__section--block_19fa33edc18e8a06e3fd1b2174488b62' class='lightpress__section--default-section-space lightpress__section lightpress__section--content'><div class=\"content__inner\"\n         x-init=\"initContentBlockAnim($el)\">\n        \n    <div class=\"content__grid content__grid\">\n                                            <div class=\"content__box content__box--one-hundred\"\n                 style=\"\">\n                                \n                \n                                            <div class=\"prose\"><h2 class=\"heading-xxl line line--gold\">Kaiserau vzleta<\/h2>\n<p><strong>\u010cetrtek, 9. december 2021 <\/strong><\/p>\n<p>Smu\u010danje na Kaiserau se za\u010dne prihodnjo soboto, 11. decembra 2021. Sezonske vozovnice so na voljo tudi v predprodaji.<\/p>\n<p>Zaradi velike koli\u010dine sve\u017eega snega je to mogo\u010de: Kaiserau odpira prej, kot je bilo na\u010drtovano. Priljubljeno dru\u017einsko smu\u010di\u0161\u010de bo leto\u0161njo zimsko sezono za\u010delo \u017ee prihodnjo soboto. Najprej s Kinderlandom in vle\u010dnico Schlosslift. Od 18. decembra bodo vse \u017ei\u010dnice obratovale vsak dan od 9.00 do 16.00. \u010ceprav vse ka\u017ee na zasne\u017eeno zimo, direktor smu\u010di\u0161\u010da Kaiserau Mario Brandm\u00fcller poudarja, da se smu\u010di\u0161\u010de ne zana\u0161a izklju\u010dno na naravni sneg: \"Letos smo veliko denarja vlo\u017eili v sistem zasne\u017eevanja in upamo na \u0161tevilne goste kljub veljavnim predpisom o koronavirusu.\" Tako kot na vseh drugih smu\u010di\u0161\u010dih tudi v Kaiserauu velja obvezno pravilo 2G.<\/p>\n<p>Za hitrej\u0161o in u\u010dinkovitej\u0161o prodajo vstopnic je bila lani name\u0161\u010dena druga blagajna. \"Letos lahko pri nakupu vstopnic prihranimo kar najve\u010d \u010dasa in se izognemo nepotrebnim stikom zaradi dolgih \u010dakalnih vrst,\" pravi Brandm\u00fcller. Poleg tega je bilo v izbolj\u0161anje infrastrukture vlo\u017eenih 400.000 evrov. Dobro kakovost smu\u010di\u0161\u010da potrjuje tudi avstrijski znak kakovosti smu\u010di\u0161\u010d, ki ga je Kaiserau prejel lani. \u017dirija je soglasno izrekla: odli\u010dno.<\/p>\n<p>Poleg dobre kakovosti smu\u010di\u0161\u010d je Kaiserau tudi dru\u017einam prijazen. \"Smu\u010danje mora ostati cenovno dostopno,\" poudarja Brandm\u00fcller, ki se zavzema za zmerne cene. Kljub zgodnjemu za\u010detku leto\u0161nje zimske sezone je prodaja sezonskih vozovnic v predprodaji \u017ee v polnem teku. <strong>do 23. decembra<\/strong>. Informacije in naro\u010dilo pod: 0664 \/ 60 353 550<\/p>\n<\/div>\n                    \n                            <\/div>\n        \n            <\/div>\n<\/div>\n\n<\/section>","protected":false},"excerpt":{"rendered":"<p>Smu\u010di\u0161\u010de Kaiserau za\u010denja zimsko sezono 2021\/22 in odpira \u017ei\u010dnice 11. decembra 2021<\/p>","protected":false},"author":7,"featured_media":9995,"comment_status":"closed","ping_status":"closed","sticky":false,"template":"","format":"standard","meta":{"_acf_changed":false,"footnotes":""},"categories":[23,65],"class_list":["post-9994","post","type-post","status-publish","format-standard","has-post-thumbnail","hentry","category-einrichtungen-aktuell","category-kaiserau-aktuell"],"acf":[],"yoast_head":"<!-- This site is optimized with the Yoast SEO Premium plugin v26.0 (Yoast SEO v26.8) - https:\/\/yoast.com\/product\/yoast-seo-premium-wordpress\/ -->\n<title>Kaiserau startet los - Stift Admont<\/title>\n<meta name=\"description\" content=\"Lesen Sie aktuelle Informationen zum Thema Kaiserau startet los und vieles mehr aus dem Konvent und der Pfarre Admont.\" \/>\n<meta name=\"robots\" content=\"index, follow, max-snippet:-1, max-image-preview:large, max-video-preview:-1\" \/>\n<link rel=\"canonical\" href=\"https:\/\/stiftadmont.at\/sl\/blog\/kaiserau-vzleti\/\" \/>\n<meta property=\"og:locale\" content=\"sl_SI\" \/>\n<meta property=\"og:type\" content=\"article\" \/>\n<meta property=\"og:title\" content=\"Kaiserau startet los\" \/>\n<meta property=\"og:description\" content=\"Lesen Sie aktuelle Informationen zum Thema Kaiserau startet los und vieles mehr aus dem Konvent und der Pfarre Admont.\" \/>\n<meta property=\"og:url\" content=\"https:\/\/stiftadmont.at\/sl\/blog\/kaiserau-vzleti\/\" \/>\n<meta property=\"og:site_name\" content=\"Stift Admont\" \/>\n<meta property=\"article:published_time\" content=\"2021-12-09T10:00:00+00:00\" \/>\n<meta property=\"article:modified_time\" content=\"2023-09-30T14:41:51+00:00\" \/>\n<meta property=\"og:image\" content=\"https:\/\/stiftadmont.at\/wp-content\/uploads\/Kaiserau\u00a9StefanLeitner_011-1024x683.jpg\" \/>\n\t<meta property=\"og:image:width\" content=\"1024\" \/>\n\t<meta property=\"og:image:height\" content=\"683\" \/>\n\t<meta property=\"og:image:type\" content=\"image\/jpeg\" \/>\n<meta name=\"author\" content=\"Mario Brandm\u00fcller\" \/>\n<meta name=\"twitter:card\" content=\"summary_large_image\" \/>\n<meta name=\"twitter:label1\" content=\"Written by\" \/>\n\t<meta name=\"twitter:data1\" content=\"Mario Brandm\u00fcller\" \/>\n<script type=\"application\/ld+json\" class=\"yoast-schema-graph\">{\"@context\":\"https:\/\/schema.org\",\"@graph\":[{\"@type\":\"Article\",\"@id\":\"https:\/\/stiftadmont.at\/blog\/kaiserau-startet-los\/#article\",\"isPartOf\":{\"@id\":\"https:\/\/stiftadmont.at\/blog\/kaiserau-startet-los\/\"},\"author\":{\"name\":\"Mario Brandm\u00fcller\",\"@id\":\"https:\/\/stiftadmont.at\/#\/schema\/person\/30535548b241d5f33a2e8b839db11869\"},\"headline\":\"Kaiserau startet los\",\"datePublished\":\"2021-12-09T10:00:00+00:00\",\"dateModified\":\"2023-09-30T14:41:51+00:00\",\"mainEntityOfPage\":{\"@id\":\"https:\/\/stiftadmont.at\/blog\/kaiserau-startet-los\/\"},\"wordCount\":3,\"image\":{\"@id\":\"https:\/\/stiftadmont.at\/blog\/kaiserau-startet-los\/#primaryimage\"},\"thumbnailUrl\":\"https:\/\/stiftadmont.at\/wp-content\/uploads\/Kaiserau\u00a9StefanLeitner_011.jpg\",\"articleSection\":[\"Einrichtungen aktuell\",\"Kaiserau\"],\"inLanguage\":\"sl-SI\"},{\"@type\":\"WebPage\",\"@id\":\"https:\/\/stiftadmont.at\/blog\/kaiserau-startet-los\/\",\"url\":\"https:\/\/stiftadmont.at\/blog\/kaiserau-startet-los\/\",\"name\":\"Kaiserau startet los - Stift Admont\",\"isPartOf\":{\"@id\":\"https:\/\/stiftadmont.at\/#website\"},\"primaryImageOfPage\":{\"@id\":\"https:\/\/stiftadmont.at\/blog\/kaiserau-startet-los\/#primaryimage\"},\"image\":{\"@id\":\"https:\/\/stiftadmont.at\/blog\/kaiserau-startet-los\/#primaryimage\"},\"thumbnailUrl\":\"https:\/\/stiftadmont.at\/wp-content\/uploads\/Kaiserau\u00a9StefanLeitner_011.jpg\",\"datePublished\":\"2021-12-09T10:00:00+00:00\",\"dateModified\":\"2023-09-30T14:41:51+00:00\",\"author\":{\"@id\":\"https:\/\/stiftadmont.at\/#\/schema\/person\/30535548b241d5f33a2e8b839db11869\"},\"description\":\"Lesen Sie aktuelle Informationen zum Thema Kaiserau startet los und vieles mehr aus dem Konvent und der Pfarre Admont.\",\"breadcrumb\":{\"@id\":\"https:\/\/stiftadmont.at\/blog\/kaiserau-startet-los\/#breadcrumb\"},\"inLanguage\":\"sl-SI\",\"potentialAction\":[{\"@type\":\"ReadAction\",\"target\":[\"https:\/\/stiftadmont.at\/blog\/kaiserau-startet-los\/\"]}]},{\"@type\":\"ImageObject\",\"inLanguage\":\"sl-SI\",\"@id\":\"https:\/\/stiftadmont.at\/blog\/kaiserau-startet-los\/#primaryimage\",\"url\":\"https:\/\/stiftadmont.at\/wp-content\/uploads\/Kaiserau\u00a9StefanLeitner_011.jpg\",\"contentUrl\":\"https:\/\/stiftadmont.at\/wp-content\/uploads\/Kaiserau\u00a9StefanLeitner_011.jpg\",\"width\":2500,\"height\":1667,\"caption\":\"Skigebiet Kaiserau \u00a9 Stefan Leitner\"},{\"@type\":\"BreadcrumbList\",\"@id\":\"https:\/\/stiftadmont.at\/blog\/kaiserau-startet-los\/#breadcrumb\",\"itemListElement\":[{\"@type\":\"ListItem\",\"position\":1,\"name\":\"Start\",\"item\":\"https:\/\/stiftadmont.at\/\"},{\"@type\":\"ListItem\",\"position\":2,\"name\":\"Kaiserau startet los\"}]},{\"@type\":\"WebSite\",\"@id\":\"https:\/\/stiftadmont.at\/#website\",\"url\":\"https:\/\/stiftadmont.at\/\",\"name\":\"Stift Admont\",\"description\":\"Benediktinerkloster und Sehensw\u00fcrdigkeit im Ges\u00e4use\",\"potentialAction\":[{\"@type\":\"SearchAction\",\"target\":{\"@type\":\"EntryPoint\",\"urlTemplate\":\"https:\/\/stiftadmont.at\/?s={search_term_string}\"},\"query-input\":{\"@type\":\"PropertyValueSpecification\",\"valueRequired\":true,\"valueName\":\"search_term_string\"}}],\"inLanguage\":\"sl-SI\"},{\"@type\":\"Person\",\"@id\":\"https:\/\/stiftadmont.at\/#\/schema\/person\/30535548b241d5f33a2e8b839db11869\",\"name\":\"Mario Brandm\u00fcller\"}]}<\/script>\n<!-- \/ Yoast SEO Premium plugin. -->","yoast_head_json":{"title":"Kaiserau vzleti - Opatija Admont","description":"Preberite najnovej\u0161e informacije o za\u010detkih Kaiserau in \u0161e veliko ve\u010d iz samostana in \u017eupnije Admont.","robots":{"index":"index","follow":"follow","max-snippet":"max-snippet:-1","max-image-preview":"max-image-preview:large","max-video-preview":"max-video-preview:-1"},"canonical":"https:\/\/stiftadmont.at\/sl\/blog\/kaiserau-vzleti\/","og_locale":"sl_SI","og_type":"article","og_title":"Kaiserau startet los","og_description":"Lesen Sie aktuelle Informationen zum Thema Kaiserau startet los und vieles mehr aus dem Konvent und der Pfarre Admont.","og_url":"https:\/\/stiftadmont.at\/sl\/blog\/kaiserau-vzleti\/","og_site_name":"Stift Admont","article_published_time":"2021-12-09T10:00:00+00:00","article_modified_time":"2023-09-30T14:41:51+00:00","og_image":[{"width":1024,"height":683,"url":"https:\/\/stiftadmont.at\/wp-content\/uploads\/Kaiserau\u00a9StefanLeitner_011-1024x683.jpg","type":"image\/jpeg"}],"author":"Mario Brandm\u00fcller","twitter_card":"summary_large_image","twitter_misc":{"Written by":"Mario Brandm\u00fcller"},"schema":{"@context":"https:\/\/schema.org","@graph":[{"@type":"Article","@id":"https:\/\/stiftadmont.at\/blog\/kaiserau-startet-los\/#article","isPartOf":{"@id":"https:\/\/stiftadmont.at\/blog\/kaiserau-startet-los\/"},"author":{"name":"Mario Brandm\u00fcller","@id":"https:\/\/stiftadmont.at\/#\/schema\/person\/30535548b241d5f33a2e8b839db11869"},"headline":"Kaiserau startet los","datePublished":"2021-12-09T10:00:00+00:00","dateModified":"2023-09-30T14:41:51+00:00","mainEntityOfPage":{"@id":"https:\/\/stiftadmont.at\/blog\/kaiserau-startet-los\/"},"wordCount":3,"image":{"@id":"https:\/\/stiftadmont.at\/blog\/kaiserau-startet-los\/#primaryimage"},"thumbnailUrl":"https:\/\/stiftadmont.at\/wp-content\/uploads\/Kaiserau\u00a9StefanLeitner_011.jpg","articleSection":["Einrichtungen aktuell","Kaiserau"],"inLanguage":"sl-SI"},{"@type":"WebPage","@id":"https:\/\/stiftadmont.at\/blog\/kaiserau-startet-los\/","url":"https:\/\/stiftadmont.at\/blog\/kaiserau-startet-los\/","name":"Kaiserau vzleti - Opatija Admont","isPartOf":{"@id":"https:\/\/stiftadmont.at\/#website"},"primaryImageOfPage":{"@id":"https:\/\/stiftadmont.at\/blog\/kaiserau-startet-los\/#primaryimage"},"image":{"@id":"https:\/\/stiftadmont.at\/blog\/kaiserau-startet-los\/#primaryimage"},"thumbnailUrl":"https:\/\/stiftadmont.at\/wp-content\/uploads\/Kaiserau\u00a9StefanLeitner_011.jpg","datePublished":"2021-12-09T10:00:00+00:00","dateModified":"2023-09-30T14:41:51+00:00","author":{"@id":"https:\/\/stiftadmont.at\/#\/schema\/person\/30535548b241d5f33a2e8b839db11869"},"description":"Preberite najnovej\u0161e informacije o za\u010detkih Kaiserau in \u0161e veliko ve\u010d iz samostana in \u017eupnije Admont.","breadcrumb":{"@id":"https:\/\/stiftadmont.at\/blog\/kaiserau-startet-los\/#breadcrumb"},"inLanguage":"sl-SI","potentialAction":[{"@type":"ReadAction","target":["https:\/\/stiftadmont.at\/blog\/kaiserau-startet-los\/"]}]},{"@type":"ImageObject","inLanguage":"sl-SI","@id":"https:\/\/stiftadmont.at\/blog\/kaiserau-startet-los\/#primaryimage","url":"https:\/\/stiftadmont.at\/wp-content\/uploads\/Kaiserau\u00a9StefanLeitner_011.jpg","contentUrl":"https:\/\/stiftadmont.at\/wp-content\/uploads\/Kaiserau\u00a9StefanLeitner_011.jpg","width":2500,"height":1667,"caption":"Skigebiet Kaiserau \u00a9 Stefan Leitner"},{"@type":"BreadcrumbList","@id":"https:\/\/stiftadmont.at\/blog\/kaiserau-startet-los\/#breadcrumb","itemListElement":[{"@type":"ListItem","position":1,"name":"Start","item":"https:\/\/stiftadmont.at\/"},{"@type":"ListItem","position":2,"name":"Kaiserau startet los"}]},{"@type":"WebSite","@id":"https:\/\/stiftadmont.at\/#website","url":"https:\/\/stiftadmont.at\/","name":"Opatija Admont","description":"Benediktinski samostan in turisti\u010dna znamenitost v Ges\u00e4use","potentialAction":[{"@type":"SearchAction","target":{"@type":"EntryPoint","urlTemplate":"https:\/\/stiftadmont.at\/?s={search_term_string}"},"query-input":{"@type":"PropertyValueSpecification","valueRequired":true,"valueName":"search_term_string"}}],"inLanguage":"sl-SI"},{"@type":"Person","@id":"https:\/\/stiftadmont.at\/#\/schema\/person\/30535548b241d5f33a2e8b839db11869","name":"Mario Brandm\u00fcller"}]}},"_links":{"self":[{"href":"https:\/\/stiftadmont.at\/sl\/wp-json\/wp\/v2\/posts\/9994","targetHints":{"allow":["GET"]}}],"collection":[{"href":"https:\/\/stiftadmont.at\/sl\/wp-json\/wp\/v2\/posts"}],"about":[{"href":"https:\/\/stiftadmont.at\/sl\/wp-json\/wp\/v2\/types\/post"}],"author":[{"embeddable":true,"href":"https:\/\/stiftadmont.at\/sl\/wp-json\/wp\/v2\/users\/7"}],"replies":[{"embeddable":true,"href":"https:\/\/stiftadmont.at\/sl\/wp-json\/wp\/v2\/comments?post=9994"}],"version-history":[{"count":13,"href":"https:\/\/stiftadmont.at\/sl\/wp-json\/wp\/v2\/posts\/9994\/revisions"}],"predecessor-version":[{"id":21571,"href":"https:\/\/stiftadmont.at\/sl\/wp-json\/wp\/v2\/posts\/9994\/revisions\/21571"}],"wp:featuredmedia":[{"embeddable":true,"href":"https:\/\/stiftadmont.at\/sl\/wp-json\/wp\/v2\/media\/9995"}],"wp:attachment":[{"href":"https:\/\/stiftadmont.at\/sl\/wp-json\/wp\/v2\/media?parent=9994"}],"wp:term":[{"taxonomy":"category","embeddable":true,"href":"https:\/\/stiftadmont.at\/sl\/wp-json\/wp\/v2\/categories?post=9994"}],"curies":[{"name":"wp","href":"https:\/\/api.w.org\/{rel}","templated":true}]}}