{"id":11322,"date":"2019-11-04T12:00:00","date_gmt":"2019-11-04T10:00:00","guid":{"rendered":"https:\/\/stiftadmont.at\/?p=11322"},"modified":"2022-05-28T22:58:27","modified_gmt":"2022-05-28T20:58:27","slug":"%e4%bf%ae%e9%81%93%e9%99%a2%e6%96%87%e6%b3%95%e5%ad%a6%e6%a0%a1%e5%bc%80%e5%ad%a6","status":"publish","type":"post","link":"https:\/\/stiftadmont.at\/zh\/blog\/das-stiftsgymnasium-oeffnet-seine-tueren\/","title":{"rendered":"Stiftsgymnasium \u4f53\u80b2\u9986\u5f00\u95e8\u8fce\u5ba2"},"content":{"rendered":"<section id='lightpress__section--block_62928c3fa1b7f' class='lightpress__section--default-section-space lightpress__section lightpress__section--content'><div class=\"content__inner\"\n         x-init=\"initContentBlockAnim($el)\">\n        \n    <div class=\"content__grid content__grid\">\n                                            <div class=\"content__box content__box--one-hundred\"\n                 style=\"\">\n                                \n                \n                                            <div class=\"prose\"><h2 class=\"heading-xxl line line--gold\">Das Stiftsgymnasium \u00f6ffnet seine T\u00fcren<\/h2>\n<p><strong>Montag, 4. November 2019\u00a0<\/strong><\/p>\n<p>Vorort kann man sich nicht nur \u00fcber die Schule und ihr Bildungsangebot informieren, sondern auch das neu renovierte Schulgeb\u00e4ude bewundern.<\/p>\n<p>Im gro\u00dfen Festsaal der Schule finden jeweils um 13 Uhr und um 15 Uhr Informationsveranstaltungen statt. Danach werden die Volkssch\u00fclerInnen von Sch\u00fclerInnen des Gymnasiums durch das Schulgeb\u00e4ude gef\u00fchrt. Die einzelnen Unterrichtsf\u00e4cher werden im Stationenbetrieb vorgestellt und die Kinder k\u00f6nnen in Unterrichtf\u00e4chern wie Englisch, Chemie, Physik, Franz\u00f6sisch, Bewegung und Sport etc. hineinschnuppern.<\/p>\n<\/div>\n                    \n                            <\/div>\n        \n            <\/div>\n<\/div>\n\n<\/section>\n\n<section id='lightpress__section--block_62928ca7a1b80' class='lightpress__section--default-section-space lightpress__section lightpress__section--image-slider'>\n<div class=\"image-slider\"\n     x-data=\"{ gallery: null, shown: false }\"\n     x-init=\"gallery = initSliderGallery([{&quot;href&quot;:&quot;https:\\\/\\\/stiftadmont.at\\\/wp-content\\\/uploads\\\/Stiftsgymnasium_c_StefanLeitner-StiftAdmont_012-e1634722282146-1920x1440.jpg&quot;,&quot;type&quot;:&quot;image&quot;},{&quot;href&quot;:&quot;https:\\\/\\\/stiftadmont.at\\\/wp-content\\\/uploads\\\/Stiftsgymnasium_c_StefanLeitner-StiftAdmont_018-e1634722245928-1920x1440.jpg&quot;,&quot;type&quot;:&quot;image&quot;},{&quot;href&quot;:&quot;https:\\\/\\\/stiftadmont.at\\\/wp-content\\\/uploads\\\/Stiftsgymnasium_c_StefanLeitner-StiftAdmont_019-e1634722228780-1920x1440.jpg&quot;,&quot;type&quot;:&quot;image&quot;},{&quot;href&quot;:&quot;https:\\\/\\\/stiftadmont.at\\\/wp-content\\\/uploads\\\/Stifstsgymnasium-Admont-2.jpg&quot;,&quot;type&quot;:&quot;image&quot;},{&quot;href&quot;:&quot;https:\\\/\\\/stiftadmont.at\\\/wp-content\\\/uploads\\\/Stiftsgymnasium_c_StefanLeitner-StiftAdmont_007-e1634722403605-1920x1440.jpg&quot;,&quot;type&quot;:&quot;image&quot;}]); initImageSliderBlockAnim($el);\">\n    <div class=\"image-slider__inner\">\n\n        <div class=\"swiper-container\" x-init=\"initImageSliderBlock($el, $refs.btnPrev, $refs.btnNext)\">\n            <div class=\"swiper-wrapper\">\n                                    <div class=\"swiper-slide\">\n                        <div class=\"image-slider__media\">\n                            <img decoding=\"async\" class=\"image-slider__image\"\n                                 src=\"https:\/\/stiftadmont.at\/wp-content\/uploads\/Stiftsgymnasium_c_StefanLeitner-StiftAdmont_012-e1634722282146-768x576.jpg\"\n                                 alt=\"Stiftsgymnasium Admont - Kinder am Lernen \u00a9 Stefan Leitner\">\n                        <\/div>\n                    <\/div>\n                                    <div class=\"swiper-slide\">\n                        <div class=\"image-slider__media\">\n                            <img decoding=\"async\" class=\"image-slider__image\"\n                                 src=\"https:\/\/stiftadmont.at\/wp-content\/uploads\/Stiftsgymnasium_c_StefanLeitner-StiftAdmont_018-e1634722245928-768x576.jpg\"\n                                 alt=\"Stiftsgymnasium Admont - Sch\u00fcler am gemeinsam Lernen\u00a9 Stefan Leitner\">\n                        <\/div>\n                    <\/div>\n                                    <div class=\"swiper-slide\">\n                        <div class=\"image-slider__media\">\n                            <img decoding=\"async\" class=\"image-slider__image\"\n                                 src=\"https:\/\/stiftadmont.at\/wp-content\/uploads\/Stiftsgymnasium_c_StefanLeitner-StiftAdmont_019-e1634722228780-768x576.jpg\"\n                                 alt=\"Stiftsgymnasium Admont - Sch\u00fcler am Musizieren\u00a9 Stefan Leitner\">\n                        <\/div>\n                    <\/div>\n                                    <div class=\"swiper-slide\">\n                        <div class=\"image-slider__media\">\n                            <img decoding=\"async\" class=\"image-slider__image\"\n                                 src=\"https:\/\/stiftadmont.at\/wp-content\/uploads\/Stifstsgymnasium-Admont-2-768x512.jpg\"\n                                 alt=\"Stiftsymnasium Admont \u00a9 Stefan Leitner\">\n                        <\/div>\n                    <\/div>\n                                    <div class=\"swiper-slide\">\n                        <div class=\"image-slider__media\">\n                            <img decoding=\"async\" class=\"image-slider__image\"\n                                 src=\"https:\/\/stiftadmont.at\/wp-content\/uploads\/Stiftsgymnasium_c_StefanLeitner-StiftAdmont_007-e1634722403605-768x576.jpg\"\n                                 alt=\"Stiftsymnasium Admont \u00a9 Stefan Leitner\">\n                        <\/div>\n                    <\/div>\n                            <\/div>\n\n            <div class=\"swiper-nav-wrapper\">\n                <button class=\"swiper-button-prev slider-button--prev\" x-ref=\"btnPrev\"\n                        aria-label=\"Vorige Bilder anzeigen\">\n                    <img decoding=\"async\" src=\"\/wp-content\/themes\/stift-admont\/src\/assets\/img\/arrow-left-big-new.svg\" alt=\"Pfeil nach Links\">\n                <\/button>\n\n\n                <a class=\"image-slider__gallery\" @click=\"openGallery(gallery)\"><i class=\"fa-thin fa-plus\"><\/i><\/a>\n                <button class=\"swiper-button-next slider-button--next\"\n                        x-ref=\"btnNext\"\n                        aria-label=\"N\u00e4chste Bilder anzeigen\">\n                    <img decoding=\"async\" src=\"\/wp-content\/themes\/stift-admont\/src\/assets\/img\/arrow-right-big-new.svg\" alt=\"Pfeil nach Rechts\">\n                <\/button>\n            <\/div>\n        <\/div>\n    <\/div>\n\n\n<\/div><\/section>","protected":false},"excerpt":{"rendered":"<p>\u963f\u5fb7\u8499\u7279\u4fee\u9053\u9662\u6587\u6cd5\u5b66\u6821\u8bda\u9080\u6240\u6709\u611f\u5174\u8da3\u7684\u4eba\u58eb\u53c2\u52a0\u4eca\u5e74\u7684 \"\u5f00\u653e\u65e5 \"\u6d3b\u52a8\uff0c\u65f6\u95f4\u662f 11 \u6708 29 \u65e5\u661f\u671f\u4e94\u4e0b\u5348 1 \u70b9\u81f3 5 \u70b9\u3002<\/p>","protected":false},"author":7,"featured_media":8137,"comment_status":"closed","ping_status":"closed","sticky":false,"template":"","format":"standard","meta":{"_acf_changed":false,"footnotes":""},"categories":[23],"class_list":["post-11322","post","type-post","status-publish","format-standard","has-post-thumbnail","hentry","category-einrichtungen-aktuell"],"acf":[],"yoast_head":"<!-- This site is optimized with the Yoast SEO Premium plugin v26.0 (Yoast SEO v26.8) - https:\/\/yoast.com\/product\/yoast-seo-premium-wordpress\/ -->\n<title>Das Stiftsgymnasium \u00f6ffnet seine T\u00fcren - Stift Admont<\/title>\n<meta name=\"description\" content=\"Lesen Sie aktuelle Informationen zum Thema Das Stiftsgymnasium \u00f6ffnet seine T\u00fcren und vieles mehr aus dem Konvent und der Pfarre Admont.\" \/>\n<meta name=\"robots\" content=\"index, follow, max-snippet:-1, max-image-preview:large, max-video-preview:-1\" \/>\n<link rel=\"canonical\" href=\"https:\/\/stiftadmont.at\/zh\/\u535a\u5ba2\/\u4fee\u9053\u9662\u6587\u6cd5\u5b66\u6821\u5f00\u5b66\/\" \/>\n<meta property=\"og:locale\" content=\"zh_CN\" \/>\n<meta property=\"og:type\" content=\"article\" \/>\n<meta property=\"og:title\" content=\"Das Stiftsgymnasium \u00f6ffnet seine T\u00fcren\" \/>\n<meta property=\"og:description\" content=\"Lesen Sie aktuelle Informationen zum Thema Das Stiftsgymnasium \u00f6ffnet seine T\u00fcren und vieles mehr aus dem Konvent und der Pfarre Admont.\" \/>\n<meta property=\"og:url\" content=\"https:\/\/stiftadmont.at\/zh\/\u535a\u5ba2\/\u4fee\u9053\u9662\u6587\u6cd5\u5b66\u6821\u5f00\u5b66\/\" \/>\n<meta property=\"og:site_name\" content=\"Stift Admont\" \/>\n<meta property=\"article:published_time\" content=\"2019-11-04T10:00:00+00:00\" \/>\n<meta property=\"article:modified_time\" content=\"2022-05-28T20:58:27+00:00\" \/>\n<meta property=\"og:image\" content=\"https:\/\/stiftadmont.at\/wp-content\/uploads\/aussenaufnahme-Gymnasium_@Thomas-Sattler-e1648799120729.jpg\" \/>\n\t<meta property=\"og:image:width\" content=\"2048\" \/>\n\t<meta property=\"og:image:height\" content=\"1365\" \/>\n\t<meta property=\"og:image:type\" content=\"image\/jpeg\" \/>\n<meta name=\"author\" content=\"Mario Brandm\u00fcller\" \/>\n<meta name=\"twitter:card\" content=\"summary_large_image\" \/>\n<meta name=\"twitter:label1\" content=\"\u4f5c\u8005\" \/>\n\t<meta name=\"twitter:data1\" content=\"Mario Brandm\u00fcller\" \/>\n<script type=\"application\/ld+json\" class=\"yoast-schema-graph\">{\"@context\":\"https:\/\/schema.org\",\"@graph\":[{\"@type\":\"Article\",\"@id\":\"https:\/\/stiftadmont.at\/blog\/das-stiftsgymnasium-oeffnet-seine-tueren\/#article\",\"isPartOf\":{\"@id\":\"https:\/\/stiftadmont.at\/blog\/das-stiftsgymnasium-oeffnet-seine-tueren\/\"},\"author\":{\"name\":\"Mario Brandm\u00fcller\",\"@id\":\"https:\/\/stiftadmont.at\/#\/schema\/person\/30535548b241d5f33a2e8b839db11869\"},\"headline\":\"Das Stiftsgymnasium \u00f6ffnet seine T\u00fcren\",\"datePublished\":\"2019-11-04T10:00:00+00:00\",\"dateModified\":\"2022-05-28T20:58:27+00:00\",\"mainEntityOfPage\":{\"@id\":\"https:\/\/stiftadmont.at\/blog\/das-stiftsgymnasium-oeffnet-seine-tueren\/\"},\"wordCount\":6,\"image\":{\"@id\":\"https:\/\/stiftadmont.at\/blog\/das-stiftsgymnasium-oeffnet-seine-tueren\/#primaryimage\"},\"thumbnailUrl\":\"https:\/\/stiftadmont.at\/wp-content\/uploads\/aussenaufnahme-Gymnasium_@Thomas-Sattler-e1648799120729.jpg\",\"articleSection\":[\"Einrichtungen aktuell\"],\"inLanguage\":\"zh-Hans\"},{\"@type\":\"WebPage\",\"@id\":\"https:\/\/stiftadmont.at\/blog\/das-stiftsgymnasium-oeffnet-seine-tueren\/\",\"url\":\"https:\/\/stiftadmont.at\/blog\/das-stiftsgymnasium-oeffnet-seine-tueren\/\",\"name\":\"Das Stiftsgymnasium \u00f6ffnet seine T\u00fcren - Stift Admont\",\"isPartOf\":{\"@id\":\"https:\/\/stiftadmont.at\/#website\"},\"primaryImageOfPage\":{\"@id\":\"https:\/\/stiftadmont.at\/blog\/das-stiftsgymnasium-oeffnet-seine-tueren\/#primaryimage\"},\"image\":{\"@id\":\"https:\/\/stiftadmont.at\/blog\/das-stiftsgymnasium-oeffnet-seine-tueren\/#primaryimage\"},\"thumbnailUrl\":\"https:\/\/stiftadmont.at\/wp-content\/uploads\/aussenaufnahme-Gymnasium_@Thomas-Sattler-e1648799120729.jpg\",\"datePublished\":\"2019-11-04T10:00:00+00:00\",\"dateModified\":\"2022-05-28T20:58:27+00:00\",\"author\":{\"@id\":\"https:\/\/stiftadmont.at\/#\/schema\/person\/30535548b241d5f33a2e8b839db11869\"},\"description\":\"Lesen Sie aktuelle Informationen zum Thema Das Stiftsgymnasium \u00f6ffnet seine T\u00fcren und vieles mehr aus dem Konvent und der Pfarre Admont.\",\"breadcrumb\":{\"@id\":\"https:\/\/stiftadmont.at\/blog\/das-stiftsgymnasium-oeffnet-seine-tueren\/#breadcrumb\"},\"inLanguage\":\"zh-Hans\",\"potentialAction\":[{\"@type\":\"ReadAction\",\"target\":[\"https:\/\/stiftadmont.at\/blog\/das-stiftsgymnasium-oeffnet-seine-tueren\/\"]}]},{\"@type\":\"ImageObject\",\"inLanguage\":\"zh-Hans\",\"@id\":\"https:\/\/stiftadmont.at\/blog\/das-stiftsgymnasium-oeffnet-seine-tueren\/#primaryimage\",\"url\":\"https:\/\/stiftadmont.at\/wp-content\/uploads\/aussenaufnahme-Gymnasium_@Thomas-Sattler-e1648799120729.jpg\",\"contentUrl\":\"https:\/\/stiftadmont.at\/wp-content\/uploads\/aussenaufnahme-Gymnasium_@Thomas-Sattler-e1648799120729.jpg\",\"width\":2048,\"height\":1365,\"caption\":\"Stiftsymnasium Admont - Au\u00dfenaufnahme \u00a9 Thomas Sattler\"},{\"@type\":\"BreadcrumbList\",\"@id\":\"https:\/\/stiftadmont.at\/blog\/das-stiftsgymnasium-oeffnet-seine-tueren\/#breadcrumb\",\"itemListElement\":[{\"@type\":\"ListItem\",\"position\":1,\"name\":\"Start\",\"item\":\"https:\/\/stiftadmont.at\/\"},{\"@type\":\"ListItem\",\"position\":2,\"name\":\"Das Stiftsgymnasium \u00f6ffnet seine T\u00fcren\"}]},{\"@type\":\"WebSite\",\"@id\":\"https:\/\/stiftadmont.at\/#website\",\"url\":\"https:\/\/stiftadmont.at\/\",\"name\":\"Stift Admont\",\"description\":\"Benediktinerkloster und Sehensw\u00fcrdigkeit im Ges\u00e4use\",\"potentialAction\":[{\"@type\":\"SearchAction\",\"target\":{\"@type\":\"EntryPoint\",\"urlTemplate\":\"https:\/\/stiftadmont.at\/?s={search_term_string}\"},\"query-input\":{\"@type\":\"PropertyValueSpecification\",\"valueRequired\":true,\"valueName\":\"search_term_string\"}}],\"inLanguage\":\"zh-Hans\"},{\"@type\":\"Person\",\"@id\":\"https:\/\/stiftadmont.at\/#\/schema\/person\/30535548b241d5f33a2e8b839db11869\",\"name\":\"Mario Brandm\u00fcller\"}]}<\/script>\n<!-- \/ Yoast SEO Premium plugin. -->","yoast_head_json":{"title":"\u963f\u5fb7\u8499\u7279\u4fee\u9053\u9662\u6587\u6cd5\u5b66\u6821\u5f00\u5b66\u5178\u793c","description":"\u9605\u8bfb\u6709\u5173\u4fee\u9053\u9662\u6587\u6cd5\u5b66\u6821\u5f00\u5b66\u7684\u6700\u65b0\u4fe1\u606f\uff0c\u4ee5\u53ca\u4fee\u9053\u9662\u548c\u963f\u5fb7\u8499\u6559\u533a\u7684\u66f4\u591a\u4fe1\u606f\u3002","robots":{"index":"index","follow":"follow","max-snippet":"max-snippet:-1","max-image-preview":"max-image-preview:large","max-video-preview":"max-video-preview:-1"},"canonical":"https:\/\/stiftadmont.at\/zh\/\u535a\u5ba2\/\u4fee\u9053\u9662\u6587\u6cd5\u5b66\u6821\u5f00\u5b66\/","og_locale":"zh_CN","og_type":"article","og_title":"Das Stiftsgymnasium \u00f6ffnet seine T\u00fcren","og_description":"Lesen Sie aktuelle Informationen zum Thema Das Stiftsgymnasium \u00f6ffnet seine T\u00fcren und vieles mehr aus dem Konvent und der Pfarre Admont.","og_url":"https:\/\/stiftadmont.at\/zh\/\u535a\u5ba2\/\u4fee\u9053\u9662\u6587\u6cd5\u5b66\u6821\u5f00\u5b66\/","og_site_name":"Stift Admont","article_published_time":"2019-11-04T10:00:00+00:00","article_modified_time":"2022-05-28T20:58:27+00:00","og_image":[{"width":2048,"height":1365,"url":"https:\/\/stiftadmont.at\/wp-content\/uploads\/aussenaufnahme-Gymnasium_@Thomas-Sattler-e1648799120729.jpg","type":"image\/jpeg"}],"author":"Mario Brandm\u00fcller","twitter_card":"summary_large_image","twitter_misc":{"\u4f5c\u8005":"Mario Brandm\u00fcller"},"schema":{"@context":"https:\/\/schema.org","@graph":[{"@type":"Article","@id":"https:\/\/stiftadmont.at\/blog\/das-stiftsgymnasium-oeffnet-seine-tueren\/#article","isPartOf":{"@id":"https:\/\/stiftadmont.at\/blog\/das-stiftsgymnasium-oeffnet-seine-tueren\/"},"author":{"name":"Mario Brandm\u00fcller","@id":"https:\/\/stiftadmont.at\/#\/schema\/person\/30535548b241d5f33a2e8b839db11869"},"headline":"Das Stiftsgymnasium \u00f6ffnet seine T\u00fcren","datePublished":"2019-11-04T10:00:00+00:00","dateModified":"2022-05-28T20:58:27+00:00","mainEntityOfPage":{"@id":"https:\/\/stiftadmont.at\/blog\/das-stiftsgymnasium-oeffnet-seine-tueren\/"},"wordCount":6,"image":{"@id":"https:\/\/stiftadmont.at\/blog\/das-stiftsgymnasium-oeffnet-seine-tueren\/#primaryimage"},"thumbnailUrl":"https:\/\/stiftadmont.at\/wp-content\/uploads\/aussenaufnahme-Gymnasium_@Thomas-Sattler-e1648799120729.jpg","articleSection":["Einrichtungen aktuell"],"inLanguage":"zh-Hans"},{"@type":"WebPage","@id":"https:\/\/stiftadmont.at\/blog\/das-stiftsgymnasium-oeffnet-seine-tueren\/","url":"https:\/\/stiftadmont.at\/blog\/das-stiftsgymnasium-oeffnet-seine-tueren\/","name":"\u963f\u5fb7\u8499\u7279\u4fee\u9053\u9662\u6587\u6cd5\u5b66\u6821\u5f00\u5b66\u5178\u793c","isPartOf":{"@id":"https:\/\/stiftadmont.at\/#website"},"primaryImageOfPage":{"@id":"https:\/\/stiftadmont.at\/blog\/das-stiftsgymnasium-oeffnet-seine-tueren\/#primaryimage"},"image":{"@id":"https:\/\/stiftadmont.at\/blog\/das-stiftsgymnasium-oeffnet-seine-tueren\/#primaryimage"},"thumbnailUrl":"https:\/\/stiftadmont.at\/wp-content\/uploads\/aussenaufnahme-Gymnasium_@Thomas-Sattler-e1648799120729.jpg","datePublished":"2019-11-04T10:00:00+00:00","dateModified":"2022-05-28T20:58:27+00:00","author":{"@id":"https:\/\/stiftadmont.at\/#\/schema\/person\/30535548b241d5f33a2e8b839db11869"},"description":"\u9605\u8bfb\u6709\u5173\u4fee\u9053\u9662\u6587\u6cd5\u5b66\u6821\u5f00\u5b66\u7684\u6700\u65b0\u4fe1\u606f\uff0c\u4ee5\u53ca\u4fee\u9053\u9662\u548c\u963f\u5fb7\u8499\u6559\u533a\u7684\u66f4\u591a\u4fe1\u606f\u3002","breadcrumb":{"@id":"https:\/\/stiftadmont.at\/blog\/das-stiftsgymnasium-oeffnet-seine-tueren\/#breadcrumb"},"inLanguage":"zh-Hans","potentialAction":[{"@type":"ReadAction","target":["https:\/\/stiftadmont.at\/blog\/das-stiftsgymnasium-oeffnet-seine-tueren\/"]}]},{"@type":"ImageObject","inLanguage":"zh-Hans","@id":"https:\/\/stiftadmont.at\/blog\/das-stiftsgymnasium-oeffnet-seine-tueren\/#primaryimage","url":"https:\/\/stiftadmont.at\/wp-content\/uploads\/aussenaufnahme-Gymnasium_@Thomas-Sattler-e1648799120729.jpg","contentUrl":"https:\/\/stiftadmont.at\/wp-content\/uploads\/aussenaufnahme-Gymnasium_@Thomas-Sattler-e1648799120729.jpg","width":2048,"height":1365,"caption":"Stiftsymnasium Admont - Au\u00dfenaufnahme \u00a9 Thomas Sattler"},{"@type":"BreadcrumbList","@id":"https:\/\/stiftadmont.at\/blog\/das-stiftsgymnasium-oeffnet-seine-tueren\/#breadcrumb","itemListElement":[{"@type":"ListItem","position":1,"name":"Start","item":"https:\/\/stiftadmont.at\/"},{"@type":"ListItem","position":2,"name":"Das Stiftsgymnasium \u00f6ffnet seine T\u00fcren"}]},{"@type":"WebSite","@id":"https:\/\/stiftadmont.at\/#website","url":"https:\/\/stiftadmont.at\/","name":"\u963f\u5fb7\u8499\u7279\u4fee\u9053\u9662","description":"\u683c\u8428\u5c14\u5730\u533a\u7684\u672c\u7b03\u4f1a\u4fee\u9053\u9662\u548c\u65c5\u6e38\u666f\u70b9","potentialAction":[{"@type":"SearchAction","target":{"@type":"EntryPoint","urlTemplate":"https:\/\/stiftadmont.at\/?s={search_term_string}"},"query-input":{"@type":"PropertyValueSpecification","valueRequired":true,"valueName":"search_term_string"}}],"inLanguage":"zh-Hans"},{"@type":"Person","@id":"https:\/\/stiftadmont.at\/#\/schema\/person\/30535548b241d5f33a2e8b839db11869","name":"\u9a6c\u91cc\u5965-\u5e03\u5170\u5fb7\u7c73\u52d2"}]}},"_links":{"self":[{"href":"https:\/\/stiftadmont.at\/zh\/wp-json\/wp\/v2\/posts\/11322","targetHints":{"allow":["GET"]}}],"collection":[{"href":"https:\/\/stiftadmont.at\/zh\/wp-json\/wp\/v2\/posts"}],"about":[{"href":"https:\/\/stiftadmont.at\/zh\/wp-json\/wp\/v2\/types\/post"}],"author":[{"embeddable":true,"href":"https:\/\/stiftadmont.at\/zh\/wp-json\/wp\/v2\/users\/7"}],"replies":[{"embeddable":true,"href":"https:\/\/stiftadmont.at\/zh\/wp-json\/wp\/v2\/comments?post=11322"}],"version-history":[{"count":8,"href":"https:\/\/stiftadmont.at\/zh\/wp-json\/wp\/v2\/posts\/11322\/revisions"}],"predecessor-version":[{"id":11333,"href":"https:\/\/stiftadmont.at\/zh\/wp-json\/wp\/v2\/posts\/11322\/revisions\/11333"}],"wp:featuredmedia":[{"embeddable":true,"href":"https:\/\/stiftadmont.at\/zh\/wp-json\/wp\/v2\/media\/8137"}],"wp:attachment":[{"href":"https:\/\/stiftadmont.at\/zh\/wp-json\/wp\/v2\/media?parent=11322"}],"wp:term":[{"taxonomy":"category","embeddable":true,"href":"https:\/\/stiftadmont.at\/zh\/wp-json\/wp\/v2\/categories?post=11322"}],"curies":[{"name":"wp","href":"https:\/\/api.w.org\/{rel}","templated":true}]}}