{"id":18985,"date":"2023-08-01T14:00:08","date_gmt":"2023-08-01T12:00:08","guid":{"rendered":"https:\/\/stiftadmont.at\/?p=18985"},"modified":"2023-08-02T09:04:32","modified_gmt":"2023-08-02T07:04:32","slug":"2023-%e5%b9%b4%e6%96%b0%e9%97%bb%e6%91%84%e5%bd%b1%e5%a5%96-admont-%e5%9f%ba%e9%87%91%e4%bc%9a%e4%b8%89%e6%ac%a1%e8%8e%b7%e5%be%97%e6%8f%90%e5%90%8d","status":"publish","type":"post","link":"https:\/\/stiftadmont.at\/zh\/blog\/pr-bild-award-2023-stift-admont-dreifach-nominiert\/","title":{"rendered":"2023 \u5e74\u516c\u5173\u5f62\u8c61\u5956\uff1a\u963f\u5fb7\u8499\u7279\u4fee\u9053\u9662\u4e09\u6b21\u83b7\u5f97\u63d0\u540d"},"content":{"rendered":"<section id='lightpress__section--block_5d2b8d1529f5ade974f05106808336b7' class='lightpress__section--default-section-space lightpress__section lightpress__section--content'><div class=\"content__inner\"\n         x-init=\"initContentBlockAnim($el)\">\n        \n    <div class=\"content__grid content__grid\">\n                                            <div class=\"content__box content__box--one-hundred\"\n                 style=\"\">\n                                \n                \n                                            <div class=\"prose\"><p>\u00a0<\/p>\n<h1 class=\"line line--gold\">Das Benediktinerstift Admont ist im Rennen um das beste PR-Bild im deutschsprachigen Raum. Das Online-Voting hat bereits begonnen.<\/h1>\n<p>\u00a0<\/p>\n<p class=\"paragraph-m\"><strong>Dienstag, 01. August 2023<\/strong><\/p>\n<p class=\"paragraph-m text-left\">Rund 180 Unternehmen, Organisationen und PR-Agenturen aus \u00d6sterreich, Deutschland und der Schweiz haben sich f\u00fcr den PR-Bild Award 2023 beworben. Verliehen wird der begehrte Branchenpreis von der Austria Presse Agentur APA gemeinsam mit news aktuell und das bereits zum 18. Mal. Um die 550 Bilder wurden eingereicht und von einer 20-k\u00f6pfigen Jury aus PR- und Medienprofis gepr\u00fcft. \u201eWir suchen wieder erstklassige, pointierte, verbl\u00fcffende, humorvolle, ber\u00fchrende und ausdrucksstarke Bilder. Fotos, die bewegen und in Erinnerung bleiben\u201c, sagt Julia Wippersberg, Jurymitglied und Gesch\u00e4ftsf\u00fchrerin von APA-OTS Originaltext-Service. Diesen hohen Anforderungen wurden 70 der 550 eingereichten Fotos gerecht, die nun auf einer Shortlist pr\u00e4sentiert wurden. Mit dabei: Das Benediktinerstift Admont, das gleich in drei von insgesamt sieben Kategorien f\u00fcr das beste PR-Bild 2023 nominiert wurde. \u201eF\u00fcr uns ist diese Nominierung eine Best\u00e4tigung f\u00fcr unsere konsequente Arbeit, durch die das Stift Admont mittlerweile eine weltweite Bekanntheit erlangt hat. Und das kann nat\u00fcrlich nur durch aussagekr\u00e4ftige und bewegende Bilder gelingen\u201c, sagt der Leiter f\u00fcr Kultur, Tourismus und PR Stift Admont, Mario Brandm\u00fcller.<\/p>\n<p class=\"paragraph-m text-left\">In der Kategorie \u201ePortrait\u201c ist das Benediktinerkloster sogar die einzige \u00f6sterreichische Organisation, die f\u00fcr das beste PR-Bild nominiert wurde. Gelungen ist dies mit einem Portrait von Pater Vinzenz Schager, der auf seinem Laptop im Archiv arbeitet. Der Streifzug von Pater Michael Robitschko und Pater Egon Homann durch das benediktinische Weingut in Slowenien konnte die Jury f\u00fcr eine Nominierung in der Kategorie \u201eStories &amp; Campaigns\u201c \u00fcberzeugen. Und die Panoramaaufnahme der weltweit gr\u00f6\u00dften Klosterbibliothek katapultierte das Stift Admont unter die 10 besten Einreichungen in der Kategorie \u201eTourismus\u201c.<\/p>\n<p class=\"paragraph-m text-left\">Ob sich eines oder alle drei Bilder schon in K\u00fcrze mit dem PR-Bild Award 2023 schm\u00fccken k\u00f6nnen, entscheidet das Ergebnis der Online-Abstimmung. Voten k\u00f6nnen sowohl Interessierte als auch Fachleute und das bis einschlie\u00dflich Ende September unter:<\/p>\n<p>\u00a0<\/p>\n<p class=\"paragraph-m\"><a href=\"https:\/\/www.pr-bild-award.de\/\">https:\/\/www.pr-bild-award.de\/<\/a><\/p>\n<p class=\"paragraph-m\"><span style=\"color: var(--color-grey); font-size: clamp(1rem, 1vw, 1.25rem);\"><\/span><a style=\"font-size: clamp(1rem, 1vw, 1.25rem);\" href=\"https:\/\/pr-bild-award.submit.to\/browse\/categories\/6476\/entries\/125472\">pr-bild-award (submit.to)<\/a><\/p>\n<p class=\"MsoNormal paragraph-m\"><a href=\"https:\/\/pr-bild-award.submit.to\/browse\/categories\/6477\/entries\/125571\">pr-bild-award (submit.to)<\/a><\/p>\n<p class=\"MsoNormal paragraph-m\"><a href=\"https:\/\/pr-bild-award.submit.to\/browse\/categories\/6474\/entries\/125382\">pr-bild-award (submit.to)<\/a><\/p>\n<\/div>\n                    \n                            <\/div>\n        \n            <\/div>\n<\/div>\n\n<\/section>\n\n<section id='lightpress__section--block_869778104ae60407f92f11c28cbcf7a0' class='lightpress__section--default-section-space lightpress__section lightpress__section--image-slider'>\n<div class=\"image-slider\"\n     x-data=\"{ gallery: null, shown: false }\"\n     x-init=\"gallery = initSliderGallery([{&quot;href&quot;:&quot;https:\\\/\\\/stiftadmont.at\\\/wp-content\\\/uploads\\\/Stift_Admont_\\u00a9StefanLeitner_011.jpg&quot;,&quot;type&quot;:&quot;image&quot;},{&quot;href&quot;:&quot;https:\\\/\\\/stiftadmont.at\\\/wp-content\\\/uploads\\\/Bibliothek_c_StefanLeitner-StiftAdmont_01.jpg&quot;,&quot;type&quot;:&quot;image&quot;},{&quot;href&quot;:&quot;https:\\\/\\\/stiftadmont.at\\\/wp-content\\\/uploads\\\/Foto-DP-1920x1281.jpg&quot;,&quot;type&quot;:&quot;image&quot;}]); initImageSliderBlockAnim($el);\">\n    <div class=\"image-slider__inner\">\n\n        <div class=\"swiper-container\" x-init=\"initImageSliderBlock($el, $refs.btnPrev, $refs.btnNext)\">\n            <div class=\"swiper-wrapper\">\n                                    <div class=\"swiper-slide\">\n                        <div class=\"image-slider__media\">\n                            <img decoding=\"async\" class=\"image-slider__image\"\n                                 src=\"https:\/\/stiftadmont.at\/wp-content\/uploads\/Stift_Admont_\u00a9StefanLeitner_011-768x576.jpg\"\n                                 alt=\"Stift Admont - Stiftsarchiv Pater Vinzenz \u00a9 Stefan Leitner\">\n                        <\/div>\n                    <\/div>\n                                    <div class=\"swiper-slide\">\n                        <div class=\"image-slider__media\">\n                            <img decoding=\"async\" class=\"image-slider__image\"\n                                 src=\"https:\/\/stiftadmont.at\/wp-content\/uploads\/Bibliothek_c_StefanLeitner-StiftAdmont_01-768x547.jpg\"\n                                 alt=\"Stift Admont - Klosterbibliothek \u00a9 Stefan Leitner\">\n                        <\/div>\n                    <\/div>\n                                    <div class=\"swiper-slide\">\n                        <div class=\"image-slider__media\">\n                            <img decoding=\"async\" class=\"image-slider__image\"\n                                 src=\"https:\/\/stiftadmont.at\/wp-content\/uploads\/Foto-DP-768x512.jpg\"\n                                 alt=\"Foto DP\">\n                        <\/div>\n                    <\/div>\n                            <\/div>\n\n            <div class=\"swiper-nav-wrapper\">\n                <button class=\"swiper-button-prev slider-button--prev\" x-ref=\"btnPrev\"\n                        aria-label=\"Vorige Bilder anzeigen\">\n                    <img decoding=\"async\" src=\"\/wp-content\/themes\/stift-admont\/src\/assets\/img\/arrow-left-big-new.svg\" alt=\"Pfeil nach Links\">\n                <\/button>\n\n\n                <a class=\"image-slider__gallery\" @click=\"openGallery(gallery)\"><i class=\"fa-thin fa-plus\"><\/i><\/a>\n                <button class=\"swiper-button-next slider-button--next\"\n                        x-ref=\"btnNext\"\n                        aria-label=\"N\u00e4chste Bilder anzeigen\">\n                    <img decoding=\"async\" src=\"\/wp-content\/themes\/stift-admont\/src\/assets\/img\/arrow-right-big-new.svg\" alt=\"Pfeil nach Rechts\">\n                <\/button>\n            <\/div>\n        <\/div>\n    <\/div>\n\n\n<\/div><\/section>","protected":false},"excerpt":{"rendered":"<p>\u963f\u5fb7\u8499\u7279\u672c\u7b03\u4f1a\u4fee\u9053\u9662\u5165\u9009\u5fb7\u8bed\u533a\u6700\u4f73\u516c\u5173\u5f62\u8c61\u5956\u3002\u7f51\u4e0a\u6295\u7968\u5df2\u7ecf\u5f00\u59cb\u3002<\/p>","protected":false},"author":19,"featured_media":13160,"comment_status":"closed","ping_status":"closed","sticky":false,"template":"","format":"standard","meta":{"_acf_changed":false,"footnotes":""},"categories":[23],"class_list":["post-18985","post","type-post","status-publish","format-standard","has-post-thumbnail","hentry","category-einrichtungen-aktuell"],"acf":[],"yoast_head":"<!-- This site is optimized with the Yoast SEO Premium plugin v26.0 (Yoast SEO v26.8) - https:\/\/yoast.com\/product\/yoast-seo-premium-wordpress\/ -->\n<title>PR-Bild Award 2023: Stift Admont dreifach nominiert - Stift Admont<\/title>\n<meta name=\"description\" content=\"Lesen Sie aktuelle Informationen zum Thema PR-Bild Award 2023: Stift Admont dreifach nominiert und vieles mehr aus dem Konvent und der Pfarre Admont.\" \/>\n<meta name=\"robots\" content=\"index, follow, max-snippet:-1, max-image-preview:large, max-video-preview:-1\" \/>\n<link rel=\"canonical\" href=\"https:\/\/stiftadmont.at\/zh\/\u535a\u5ba2\/2023-\u5e74\u65b0\u95fb\u6444\u5f71\u5956-admont-\u57fa\u91d1\u4f1a\u4e09\u6b21\u83b7\u5f97\u63d0\u540d\/\" \/>\n<meta property=\"og:locale\" content=\"zh_CN\" \/>\n<meta property=\"og:type\" content=\"article\" \/>\n<meta property=\"og:title\" content=\"PR-Bild Award 2023: Stift Admont dreifach nominiert\" \/>\n<meta property=\"og:description\" content=\"Lesen Sie aktuelle Informationen zum Thema PR-Bild Award 2023: Stift Admont dreifach nominiert und vieles mehr aus dem Konvent und der Pfarre Admont.\" \/>\n<meta property=\"og:url\" content=\"https:\/\/stiftadmont.at\/zh\/\u535a\u5ba2\/2023-\u5e74\u65b0\u95fb\u6444\u5f71\u5956-admont-\u57fa\u91d1\u4f1a\u4e09\u6b21\u83b7\u5f97\u63d0\u540d\/\" \/>\n<meta property=\"og:site_name\" content=\"Stift Admont\" \/>\n<meta property=\"article:published_time\" content=\"2023-08-01T12:00:08+00:00\" \/>\n<meta property=\"article:modified_time\" content=\"2023-08-02T07:04:32+00:00\" \/>\n<meta property=\"og:image\" content=\"https:\/\/stiftadmont.at\/wp-content\/uploads\/Bibliothek_c_StefanLeitner-StiftAdmont_01.jpg\" \/>\n\t<meta property=\"og:image:width\" content=\"1500\" \/>\n\t<meta property=\"og:image:height\" content=\"1069\" \/>\n\t<meta property=\"og:image:type\" content=\"image\/jpeg\" \/>\n<meta name=\"author\" content=\"Sarah Lux\" \/>\n<meta name=\"twitter:card\" content=\"summary_large_image\" \/>\n<meta name=\"twitter:label1\" content=\"\u4f5c\u8005\" \/>\n\t<meta name=\"twitter:data1\" content=\"Sarah Lux\" \/>\n<script type=\"application\/ld+json\" class=\"yoast-schema-graph\">{\"@context\":\"https:\/\/schema.org\",\"@graph\":[{\"@type\":\"Article\",\"@id\":\"https:\/\/stiftadmont.at\/blog\/pr-bild-award-2023-stift-admont-dreifach-nominiert\/#article\",\"isPartOf\":{\"@id\":\"https:\/\/stiftadmont.at\/blog\/pr-bild-award-2023-stift-admont-dreifach-nominiert\/\"},\"author\":{\"name\":\"Sarah Lux\",\"@id\":\"https:\/\/stiftadmont.at\/#\/schema\/person\/618a2a3e6fea3fe795243c567372dbf3\"},\"headline\":\"PR-Bild Award 2023: Stift Admont dreifach nominiert\",\"datePublished\":\"2023-08-01T12:00:08+00:00\",\"dateModified\":\"2023-08-02T07:04:32+00:00\",\"mainEntityOfPage\":{\"@id\":\"https:\/\/stiftadmont.at\/blog\/pr-bild-award-2023-stift-admont-dreifach-nominiert\/\"},\"wordCount\":6,\"image\":{\"@id\":\"https:\/\/stiftadmont.at\/blog\/pr-bild-award-2023-stift-admont-dreifach-nominiert\/#primaryimage\"},\"thumbnailUrl\":\"https:\/\/stiftadmont.at\/wp-content\/uploads\/Bibliothek_c_StefanLeitner-StiftAdmont_01.jpg\",\"articleSection\":[\"Einrichtungen aktuell\"],\"inLanguage\":\"zh-Hans\"},{\"@type\":\"WebPage\",\"@id\":\"https:\/\/stiftadmont.at\/blog\/pr-bild-award-2023-stift-admont-dreifach-nominiert\/\",\"url\":\"https:\/\/stiftadmont.at\/blog\/pr-bild-award-2023-stift-admont-dreifach-nominiert\/\",\"name\":\"PR-Bild Award 2023: Stift Admont dreifach nominiert - Stift Admont\",\"isPartOf\":{\"@id\":\"https:\/\/stiftadmont.at\/#website\"},\"primaryImageOfPage\":{\"@id\":\"https:\/\/stiftadmont.at\/blog\/pr-bild-award-2023-stift-admont-dreifach-nominiert\/#primaryimage\"},\"image\":{\"@id\":\"https:\/\/stiftadmont.at\/blog\/pr-bild-award-2023-stift-admont-dreifach-nominiert\/#primaryimage\"},\"thumbnailUrl\":\"https:\/\/stiftadmont.at\/wp-content\/uploads\/Bibliothek_c_StefanLeitner-StiftAdmont_01.jpg\",\"datePublished\":\"2023-08-01T12:00:08+00:00\",\"dateModified\":\"2023-08-02T07:04:32+00:00\",\"author\":{\"@id\":\"https:\/\/stiftadmont.at\/#\/schema\/person\/618a2a3e6fea3fe795243c567372dbf3\"},\"description\":\"Lesen Sie aktuelle Informationen zum Thema PR-Bild Award 2023: Stift Admont dreifach nominiert und vieles mehr aus dem Konvent und der Pfarre Admont.\",\"breadcrumb\":{\"@id\":\"https:\/\/stiftadmont.at\/blog\/pr-bild-award-2023-stift-admont-dreifach-nominiert\/#breadcrumb\"},\"inLanguage\":\"zh-Hans\",\"potentialAction\":[{\"@type\":\"ReadAction\",\"target\":[\"https:\/\/stiftadmont.at\/blog\/pr-bild-award-2023-stift-admont-dreifach-nominiert\/\"]}]},{\"@type\":\"ImageObject\",\"inLanguage\":\"zh-Hans\",\"@id\":\"https:\/\/stiftadmont.at\/blog\/pr-bild-award-2023-stift-admont-dreifach-nominiert\/#primaryimage\",\"url\":\"https:\/\/stiftadmont.at\/wp-content\/uploads\/Bibliothek_c_StefanLeitner-StiftAdmont_01.jpg\",\"contentUrl\":\"https:\/\/stiftadmont.at\/wp-content\/uploads\/Bibliothek_c_StefanLeitner-StiftAdmont_01.jpg\",\"width\":1500,\"height\":1069,\"caption\":\"Stift Admont - Klosterbibliothek \u00a9 Stefan Leitner\"},{\"@type\":\"BreadcrumbList\",\"@id\":\"https:\/\/stiftadmont.at\/blog\/pr-bild-award-2023-stift-admont-dreifach-nominiert\/#breadcrumb\",\"itemListElement\":[{\"@type\":\"ListItem\",\"position\":1,\"name\":\"Start\",\"item\":\"https:\/\/stiftadmont.at\/\"},{\"@type\":\"ListItem\",\"position\":2,\"name\":\"PR-Bild Award 2023: Stift Admont dreifach nominiert\"}]},{\"@type\":\"WebSite\",\"@id\":\"https:\/\/stiftadmont.at\/#website\",\"url\":\"https:\/\/stiftadmont.at\/\",\"name\":\"Stift Admont\",\"description\":\"Benediktinerkloster und Sehensw\u00fcrdigkeit im Ges\u00e4use\",\"potentialAction\":[{\"@type\":\"SearchAction\",\"target\":{\"@type\":\"EntryPoint\",\"urlTemplate\":\"https:\/\/stiftadmont.at\/?s={search_term_string}\"},\"query-input\":{\"@type\":\"PropertyValueSpecification\",\"valueRequired\":true,\"valueName\":\"search_term_string\"}}],\"inLanguage\":\"zh-Hans\"},{\"@type\":\"Person\",\"@id\":\"https:\/\/stiftadmont.at\/#\/schema\/person\/618a2a3e6fea3fe795243c567372dbf3\",\"name\":\"Sarah Lux\"}]}<\/script>\n<!-- \/ Yoast SEO Premium plugin. -->","yoast_head_json":{"title":"2023 \u5e74\u516c\u5173\u5f62\u8c61\u5956\uff1a\u963f\u5fb7\u8499\u7279\u4fee\u9053\u9662\u4e09\u6b21\u83b7\u5f97\u63d0\u540d - Admont Abbey","description":"\u9605\u8bfb\u6709\u5173 2023 \u5e74\u516c\u5171\u5173\u7cfb\u5f62\u8c61\u5956\u7684\u6700\u65b0\u4fe1\u606f\uff1a\u963f\u5fb7\u8499\u7279\u4fee\u9053\u9662\u4e09\u6b21\u83b7\u5f97\u63d0\u540d\uff0c\u4ee5\u53ca\u66f4\u591a\u6765\u81ea\u4fee\u9053\u9662\u548c\u963f\u5fb7\u8499\u7279\u6559\u533a\u7684\u4fe1\u606f\u3002","robots":{"index":"index","follow":"follow","max-snippet":"max-snippet:-1","max-image-preview":"max-image-preview:large","max-video-preview":"max-video-preview:-1"},"canonical":"https:\/\/stiftadmont.at\/zh\/\u535a\u5ba2\/2023-\u5e74\u65b0\u95fb\u6444\u5f71\u5956-admont-\u57fa\u91d1\u4f1a\u4e09\u6b21\u83b7\u5f97\u63d0\u540d\/","og_locale":"zh_CN","og_type":"article","og_title":"PR-Bild Award 2023: Stift Admont dreifach nominiert","og_description":"Lesen Sie aktuelle Informationen zum Thema PR-Bild Award 2023: Stift Admont dreifach nominiert und vieles mehr aus dem Konvent und der Pfarre Admont.","og_url":"https:\/\/stiftadmont.at\/zh\/\u535a\u5ba2\/2023-\u5e74\u65b0\u95fb\u6444\u5f71\u5956-admont-\u57fa\u91d1\u4f1a\u4e09\u6b21\u83b7\u5f97\u63d0\u540d\/","og_site_name":"Stift Admont","article_published_time":"2023-08-01T12:00:08+00:00","article_modified_time":"2023-08-02T07:04:32+00:00","og_image":[{"width":1500,"height":1069,"url":"https:\/\/stiftadmont.at\/wp-content\/uploads\/Bibliothek_c_StefanLeitner-StiftAdmont_01.jpg","type":"image\/jpeg"}],"author":"Sarah Lux","twitter_card":"summary_large_image","twitter_misc":{"\u4f5c\u8005":"Sarah Lux"},"schema":{"@context":"https:\/\/schema.org","@graph":[{"@type":"Article","@id":"https:\/\/stiftadmont.at\/blog\/pr-bild-award-2023-stift-admont-dreifach-nominiert\/#article","isPartOf":{"@id":"https:\/\/stiftadmont.at\/blog\/pr-bild-award-2023-stift-admont-dreifach-nominiert\/"},"author":{"name":"Sarah Lux","@id":"https:\/\/stiftadmont.at\/#\/schema\/person\/618a2a3e6fea3fe795243c567372dbf3"},"headline":"PR-Bild Award 2023: Stift Admont dreifach nominiert","datePublished":"2023-08-01T12:00:08+00:00","dateModified":"2023-08-02T07:04:32+00:00","mainEntityOfPage":{"@id":"https:\/\/stiftadmont.at\/blog\/pr-bild-award-2023-stift-admont-dreifach-nominiert\/"},"wordCount":6,"image":{"@id":"https:\/\/stiftadmont.at\/blog\/pr-bild-award-2023-stift-admont-dreifach-nominiert\/#primaryimage"},"thumbnailUrl":"https:\/\/stiftadmont.at\/wp-content\/uploads\/Bibliothek_c_StefanLeitner-StiftAdmont_01.jpg","articleSection":["Einrichtungen aktuell"],"inLanguage":"zh-Hans"},{"@type":"WebPage","@id":"https:\/\/stiftadmont.at\/blog\/pr-bild-award-2023-stift-admont-dreifach-nominiert\/","url":"https:\/\/stiftadmont.at\/blog\/pr-bild-award-2023-stift-admont-dreifach-nominiert\/","name":"2023 \u5e74\u516c\u5173\u5f62\u8c61\u5956\uff1a\u963f\u5fb7\u8499\u7279\u4fee\u9053\u9662\u4e09\u6b21\u83b7\u5f97\u63d0\u540d - Admont Abbey","isPartOf":{"@id":"https:\/\/stiftadmont.at\/#website"},"primaryImageOfPage":{"@id":"https:\/\/stiftadmont.at\/blog\/pr-bild-award-2023-stift-admont-dreifach-nominiert\/#primaryimage"},"image":{"@id":"https:\/\/stiftadmont.at\/blog\/pr-bild-award-2023-stift-admont-dreifach-nominiert\/#primaryimage"},"thumbnailUrl":"https:\/\/stiftadmont.at\/wp-content\/uploads\/Bibliothek_c_StefanLeitner-StiftAdmont_01.jpg","datePublished":"2023-08-01T12:00:08+00:00","dateModified":"2023-08-02T07:04:32+00:00","author":{"@id":"https:\/\/stiftadmont.at\/#\/schema\/person\/618a2a3e6fea3fe795243c567372dbf3"},"description":"\u9605\u8bfb\u6709\u5173 2023 \u5e74\u516c\u5171\u5173\u7cfb\u5f62\u8c61\u5956\u7684\u6700\u65b0\u4fe1\u606f\uff1a\u963f\u5fb7\u8499\u7279\u4fee\u9053\u9662\u4e09\u6b21\u83b7\u5f97\u63d0\u540d\uff0c\u4ee5\u53ca\u66f4\u591a\u6765\u81ea\u4fee\u9053\u9662\u548c\u963f\u5fb7\u8499\u7279\u6559\u533a\u7684\u4fe1\u606f\u3002","breadcrumb":{"@id":"https:\/\/stiftadmont.at\/blog\/pr-bild-award-2023-stift-admont-dreifach-nominiert\/#breadcrumb"},"inLanguage":"zh-Hans","potentialAction":[{"@type":"ReadAction","target":["https:\/\/stiftadmont.at\/blog\/pr-bild-award-2023-stift-admont-dreifach-nominiert\/"]}]},{"@type":"ImageObject","inLanguage":"zh-Hans","@id":"https:\/\/stiftadmont.at\/blog\/pr-bild-award-2023-stift-admont-dreifach-nominiert\/#primaryimage","url":"https:\/\/stiftadmont.at\/wp-content\/uploads\/Bibliothek_c_StefanLeitner-StiftAdmont_01.jpg","contentUrl":"https:\/\/stiftadmont.at\/wp-content\/uploads\/Bibliothek_c_StefanLeitner-StiftAdmont_01.jpg","width":1500,"height":1069,"caption":"Stift Admont - Klosterbibliothek \u00a9 Stefan Leitner"},{"@type":"BreadcrumbList","@id":"https:\/\/stiftadmont.at\/blog\/pr-bild-award-2023-stift-admont-dreifach-nominiert\/#breadcrumb","itemListElement":[{"@type":"ListItem","position":1,"name":"Start","item":"https:\/\/stiftadmont.at\/"},{"@type":"ListItem","position":2,"name":"PR-Bild Award 2023: Stift Admont dreifach nominiert"}]},{"@type":"WebSite","@id":"https:\/\/stiftadmont.at\/#website","url":"https:\/\/stiftadmont.at\/","name":"\u963f\u5fb7\u8499\u7279\u4fee\u9053\u9662","description":"\u683c\u8428\u5c14\u5730\u533a\u7684\u672c\u7b03\u4f1a\u4fee\u9053\u9662\u548c\u65c5\u6e38\u666f\u70b9","potentialAction":[{"@type":"SearchAction","target":{"@type":"EntryPoint","urlTemplate":"https:\/\/stiftadmont.at\/?s={search_term_string}"},"query-input":{"@type":"PropertyValueSpecification","valueRequired":true,"valueName":"search_term_string"}}],"inLanguage":"zh-Hans"},{"@type":"Person","@id":"https:\/\/stiftadmont.at\/#\/schema\/person\/618a2a3e6fea3fe795243c567372dbf3","name":"\u8428\u62c9-\u62c9\u514b\u65af"}]}},"_links":{"self":[{"href":"https:\/\/stiftadmont.at\/zh\/wp-json\/wp\/v2\/posts\/18985","targetHints":{"allow":["GET"]}}],"collection":[{"href":"https:\/\/stiftadmont.at\/zh\/wp-json\/wp\/v2\/posts"}],"about":[{"href":"https:\/\/stiftadmont.at\/zh\/wp-json\/wp\/v2\/types\/post"}],"author":[{"embeddable":true,"href":"https:\/\/stiftadmont.at\/zh\/wp-json\/wp\/v2\/users\/19"}],"replies":[{"embeddable":true,"href":"https:\/\/stiftadmont.at\/zh\/wp-json\/wp\/v2\/comments?post=18985"}],"version-history":[{"count":14,"href":"https:\/\/stiftadmont.at\/zh\/wp-json\/wp\/v2\/posts\/18985\/revisions"}],"predecessor-version":[{"id":19408,"href":"https:\/\/stiftadmont.at\/zh\/wp-json\/wp\/v2\/posts\/18985\/revisions\/19408"}],"wp:featuredmedia":[{"embeddable":true,"href":"https:\/\/stiftadmont.at\/zh\/wp-json\/wp\/v2\/media\/13160"}],"wp:attachment":[{"href":"https:\/\/stiftadmont.at\/zh\/wp-json\/wp\/v2\/media?parent=18985"}],"wp:term":[{"taxonomy":"category","embeddable":true,"href":"https:\/\/stiftadmont.at\/zh\/wp-json\/wp\/v2\/categories?post=18985"}],"curies":[{"name":"wp","href":"https:\/\/api.w.org\/{rel}","templated":true}]}}