{"id":35521,"date":"2025-06-11T11:29:53","date_gmt":"2025-06-11T09:29:53","guid":{"rendered":"https:\/\/stiftadmont.at\/?p=35521"},"modified":"2025-06-11T12:01:47","modified_gmt":"2025-06-11T10:01:47","slug":"2025-%e5%b9%b4-6-%e6%9c%88%e7%89%b9%e7%a7%8d%e5%b8%82%e5%9c%ba","status":"publish","type":"post","link":"https:\/\/stiftadmont.at\/zh\/blog\/spezialitaetenmarkt-juni-2025\/","title":{"rendered":"\u4f53\u9a8c\u5730\u57df\u6027--\u4eab\u53d7\u54c1\u8d28\uff01"},"content":{"rendered":"<section id='lightpress__section--block_98ab67d7f1b5c3d19ad73b314d09aaf4' class='lightpress__section--default-section-space lightpress__section lightpress__section--content'><div class=\"content__inner\"\n         x-init=\"initContentBlockAnim($el)\">\n        \n    <div class=\"content__grid content__grid--fifty-fifty\">\n                                            <div class=\"content__box content__box\"\n                 style=\"\">\n                                \n                \n                                            <div class=\"prose\"><p>2025 \u5e74 6 \u6708 7 \u65e5\u661f\u671f\u516d\uff0c\u53c8\u5230\u4e86\u8fd9\u4e2a\u65f6\u5019\uff1aGes\u00e4use \u7279\u4ea7\u96c6\u5e02\u5c06\u6211\u4eec\u5bb6\u4e61\u7684\u7f8e\u98df\u73cd\u54c1\u76f4\u63a5\u5e26\u5230\u4e86\u96c6\u5e02\u5e7f\u573a\uff01<\/p>\n<p>\u00a0<\/p>\n<p>\u9664\u4e86\u963f\u5fb7\u8499\u7279\u4fee\u9053\u9662\u548c Stiftskeller \u5564\u9152\u5c4b\u4e4b\u5916\uff0c\u4ee5\u4e0b\u53c2\u5c55\u5546\u4e5f\u5e26\u6765\u4e86\u5404\u5f0f\u5404\u6837\u7684\u5730\u65b9\u7f8e\u98df\uff1a<\/p>\n<p>\u00a0<\/p>\n<p>-<span style=\"white-space: pre;\"> <\/span>\u6765\u81ea Veitlbauer \u7684\u65b0\u9c9c\u82f9\u679c\u9152\u548c\u82f9\u679c\u6c41<\/p>\n<p>-<span style=\"white-space: pre;\"> <\/span>\u6765\u81ea Gebr\u00fcder Hopfen \u7684\u82b3\u9999\u5564\u9152<\/p>\n<p>-<span style=\"white-space: pre;\"> <\/span>\u683c\u91cc-\u51ef\u7279\u7eb3\u7684\u8702\u871c\u3001\u8702\u871c\u4ea7\u54c1\u3001\u8702\u80f6\u548c\u8457\u540d\u7684 Ges\u00e4use \u73cd\u73e0<\/p>\n<p>-<span style=\"white-space: pre;\"> <\/span>Michaela Weissensteiner \u5236\u4f5c\u7684\u624b\u5de5\u9676\u5668\u00a0<\/p>\n<p>-<span style=\"white-space: pre;\"> <\/span>\u6765\u81ea Marion Feuchter \u7684\u7ec6\u76d0\u00a0<\/p>\n<p>-<span style=\"white-space: pre;\"> <\/span>\u591a\u4e3d\u4e1d-\u96f7\u59c6\u6c99\u514b\u5236\u4f5c\u7684\u6bdb\u6be1\u4ea7\u54c1<\/p>\n<p>-<span style=\"white-space: pre;\"> <\/span>\u6765\u81ea Daniel Braunsteiner \u7684\u9c9c\u9c7c<\/p>\n<p>-<span style=\"white-space: pre;\"> <\/span>\u8d39\u52d2\u8089\u5e97\u7684\u8089\u7c7b\u548c\u9999\u80a0\u4ea7\u54c1<\/p>\n<p>-<span style=\"white-space: pre;\"> <\/span>\u6765\u81ea Markus Riemelmoser \u7684\u9e21\u86cb\u548c\u610f\u5927\u5229\u9762<\/p>\n<p>-<span style=\"white-space: pre;\"> <\/span>\u6765\u81ea Matthias M\u00fcndler \u7684\u9999\u6599<\/p>\n<p>-<span style=\"white-space: pre;\"> <\/span>\u65af\u7279\u91cc\u6cfd\u8d1d\u683c\u7684\u4e73\u5236\u54c1<\/p>\n<p>-<span style=\"white-space: pre;\"> <\/span>Steinhauser Hof \u7684\u8089\u7c7b\u4ea7\u54c1<\/p>\n<p>\u00a0<\/p>\n<p><strong>\u54c1\u5473\u6211\u4eec\u5730\u533a\u7684\u591a\u6837\u6027\uff0c\u53d1\u73b0\u4f18\u8d28\u7684\u672c\u5730\u4ea7\u54c1\uff01<\/strong><\/p>\n<p>\u00a0<\/p>\n<p>\ud83d\uddd3\ufe0f \u66f4\u591a\u65e5\u671f\uff1a7 \u6708 5 \u65e5 | 8 \u6708 2 \u65e5 | 9 \u6708 6 \u65e5<\/p>\n<p>\ud83d\udd59\u65f6\u95f4\uff1a\u6bcf\u6b21 10:00-16:00<\/p>\n<p>\u00a0<\/p>\n<p><em>\u7167\u7247\u548c\u89c6\u9891 (c) Tanja Brunthaler<\/em><\/p>\n<\/div>\n                    \n                            <\/div>\n        \n                                                    <div class=\"content__box content__box--2\"\n                     >\n                                        \n                                            \n                                                    <a href=\"https:\/\/stiftadmont.at\/wp-content\/uploads\/Spezialitaetenmarkt-.mp4\" class=\"content__video content__media\"\n                               x-data\n x-init=\"initContentLightBox('#lightpress__section--block_98ab67d7f1b5c3d19ad73b314d09aaf4 .content__video')\">\n                                                                                                                                <picture class=\"content__image\">\n                                    <source srcset=\"https:\/\/stiftadmont.at\/wp-content\/uploads\/Foto-Spezialitaetenmarkt-2025-1024x753.webp\" type=\"image\/webp\">\n                                    <source srcset=\"https:\/\/stiftadmont.at\/wp-content\/uploads\/Foto-Spezialitaetenmarkt-2025-1024x753.jpg\" type=\"image\/jpeg\">\n                                    <img decoding=\"async\" class=\"content__image\" loading=\"lazy\" src=\"https:\/\/stiftadmont.at\/wp-content\/uploads\/Foto-Spezialitaetenmarkt-2025-1024x753.png\" alt=\"2025 \u5e74\u7167\u7247\u7279\u4ea7\u5e02\u573a\" width=\"600\" height=\"450\" \/>\n                                <\/picture>\n\n                                <span class=\"overlay-dark\"><\/span>\n                                <span class=\"content-overlay\"><\/span>\n                                <div class=\"content__plaque\">\n                                    <div class=\"content__plaque-inner\">\n                                        <span><i class=\"fas fa-play content__icon\"><\/i><\/span>\n                                        <p class=\"paragraph-m\">\u6e38\u620f<\/p>\n                                    <\/div>\n                                <\/div>\n                            <\/a>\n                        \n                                    <\/div>\n            \n            <\/div>\n<\/div>\n\n<\/section>","protected":false},"excerpt":{"rendered":"<p>2025 \u5e74 6 \u6708 7 \u65e5\u661f\u671f\u516d\uff0c\u53c8\u5230\u4e86\u8fd9\u4e2a\u65f6\u5019\uff1aGes\u00e4use \u7279\u4ea7\u96c6\u5e02\u5c06\u6211\u4eec\u5bb6\u4e61\u7684\u7f8e\u98df\u73cd\u54c1\u76f4\u63a5\u5e26\u5230\u4e86\u96c6\u5e02\u5e7f\u573a\uff01<\/p>","protected":false},"author":7,"featured_media":35522,"comment_status":"closed","ping_status":"closed","sticky":false,"template":"","format":"standard","meta":{"_acf_changed":false,"footnotes":""},"categories":[22],"class_list":["post-35521","post","type-post","status-publish","format-standard","has-post-thumbnail","hentry","category-kloster-aktuell"],"acf":[],"yoast_head":"<!-- This site is optimized with the Yoast SEO Premium plugin v26.0 (Yoast SEO v26.8) - https:\/\/yoast.com\/product\/yoast-seo-premium-wordpress\/ -->\n<title>Regionalit\u00e4t erleben \u2013 Qualit\u00e4t genie\u00dfen! - Stift Admont<\/title>\n<meta name=\"description\" content=\"Lesen Sie aktuelle Informationen zum Thema Regionalit\u00e4t erleben \u2013 Qualit\u00e4t genie\u00dfen! und vieles mehr aus dem Konvent und der Pfarre Admont.\" \/>\n<meta name=\"robots\" content=\"index, follow, max-snippet:-1, max-image-preview:large, max-video-preview:-1\" \/>\n<link rel=\"canonical\" href=\"https:\/\/stiftadmont.at\/zh\/\u535a\u5ba2\/2025-\u5e74-6-\u6708\u7279\u79cd\u5e02\u573a\/\" \/>\n<meta property=\"og:locale\" content=\"zh_CN\" \/>\n<meta property=\"og:type\" content=\"article\" \/>\n<meta property=\"og:title\" content=\"Regionalit\u00e4t erleben \u2013 Qualit\u00e4t genie\u00dfen!\" \/>\n<meta property=\"og:description\" content=\"Lesen Sie aktuelle Informationen zum Thema Regionalit\u00e4t erleben \u2013 Qualit\u00e4t genie\u00dfen! und vieles mehr aus dem Konvent und der Pfarre Admont.\" \/>\n<meta property=\"og:url\" content=\"https:\/\/stiftadmont.at\/zh\/\u535a\u5ba2\/2025-\u5e74-6-\u6708\u7279\u79cd\u5e02\u573a\/\" \/>\n<meta property=\"og:site_name\" content=\"Stift Admont\" \/>\n<meta property=\"article:published_time\" content=\"2025-06-11T09:29:53+00:00\" \/>\n<meta property=\"article:modified_time\" content=\"2025-06-11T10:01:47+00:00\" \/>\n<meta property=\"og:image\" content=\"https:\/\/stiftadmont.at\/wp-content\/uploads\/Foto-Spezialitaetenmarkt-2025-1024x753.png\" \/>\n\t<meta property=\"og:image:width\" content=\"1024\" \/>\n\t<meta property=\"og:image:height\" content=\"753\" \/>\n\t<meta property=\"og:image:type\" content=\"image\/png\" \/>\n<meta name=\"author\" content=\"Mario Brandm\u00fcller\" \/>\n<meta name=\"twitter:card\" content=\"summary_large_image\" \/>\n<meta name=\"twitter:label1\" content=\"\u4f5c\u8005\" \/>\n\t<meta name=\"twitter:data1\" content=\"Mario Brandm\u00fcller\" \/>\n\t<meta name=\"twitter:label2\" content=\"\u9884\u8ba1\u9605\u8bfb\u65f6\u95f4\" \/>\n\t<meta name=\"twitter:data2\" content=\"1 \u5206\" \/>\n<script type=\"application\/ld+json\" class=\"yoast-schema-graph\">{\"@context\":\"https:\/\/schema.org\",\"@graph\":[{\"@type\":\"Article\",\"@id\":\"https:\/\/stiftadmont.at\/blog\/spezialitaetenmarkt-juni-2025\/#article\",\"isPartOf\":{\"@id\":\"https:\/\/stiftadmont.at\/blog\/spezialitaetenmarkt-juni-2025\/\"},\"author\":{\"name\":\"Mario Brandm\u00fcller\",\"@id\":\"https:\/\/stiftadmont.at\/#\/schema\/person\/30535548b241d5f33a2e8b839db11869\"},\"headline\":\"Regionalit\u00e4t erleben \u2013 Qualit\u00e4t genie\u00dfen!\",\"datePublished\":\"2025-06-11T09:29:53+00:00\",\"dateModified\":\"2025-06-11T10:01:47+00:00\",\"mainEntityOfPage\":{\"@id\":\"https:\/\/stiftadmont.at\/blog\/spezialitaetenmarkt-juni-2025\/\"},\"wordCount\":7,\"image\":{\"@id\":\"https:\/\/stiftadmont.at\/blog\/spezialitaetenmarkt-juni-2025\/#primaryimage\"},\"thumbnailUrl\":\"https:\/\/stiftadmont.at\/wp-content\/uploads\/Foto-Spezialitaetenmarkt-2025.png\",\"articleSection\":[\"Kloster aktuell\"],\"inLanguage\":\"zh-Hans\"},{\"@type\":\"WebPage\",\"@id\":\"https:\/\/stiftadmont.at\/blog\/spezialitaetenmarkt-juni-2025\/\",\"url\":\"https:\/\/stiftadmont.at\/blog\/spezialitaetenmarkt-juni-2025\/\",\"name\":\"Regionalit\u00e4t erleben \u2013 Qualit\u00e4t genie\u00dfen! - Stift Admont\",\"isPartOf\":{\"@id\":\"https:\/\/stiftadmont.at\/#website\"},\"primaryImageOfPage\":{\"@id\":\"https:\/\/stiftadmont.at\/blog\/spezialitaetenmarkt-juni-2025\/#primaryimage\"},\"image\":{\"@id\":\"https:\/\/stiftadmont.at\/blog\/spezialitaetenmarkt-juni-2025\/#primaryimage\"},\"thumbnailUrl\":\"https:\/\/stiftadmont.at\/wp-content\/uploads\/Foto-Spezialitaetenmarkt-2025.png\",\"datePublished\":\"2025-06-11T09:29:53+00:00\",\"dateModified\":\"2025-06-11T10:01:47+00:00\",\"author\":{\"@id\":\"https:\/\/stiftadmont.at\/#\/schema\/person\/30535548b241d5f33a2e8b839db11869\"},\"description\":\"Lesen Sie aktuelle Informationen zum Thema Regionalit\u00e4t erleben \u2013 Qualit\u00e4t genie\u00dfen! und vieles mehr aus dem Konvent und der Pfarre Admont.\",\"breadcrumb\":{\"@id\":\"https:\/\/stiftadmont.at\/blog\/spezialitaetenmarkt-juni-2025\/#breadcrumb\"},\"inLanguage\":\"zh-Hans\",\"potentialAction\":[{\"@type\":\"ReadAction\",\"target\":[\"https:\/\/stiftadmont.at\/blog\/spezialitaetenmarkt-juni-2025\/\"]}]},{\"@type\":\"ImageObject\",\"inLanguage\":\"zh-Hans\",\"@id\":\"https:\/\/stiftadmont.at\/blog\/spezialitaetenmarkt-juni-2025\/#primaryimage\",\"url\":\"https:\/\/stiftadmont.at\/wp-content\/uploads\/Foto-Spezialitaetenmarkt-2025.png\",\"contentUrl\":\"https:\/\/stiftadmont.at\/wp-content\/uploads\/Foto-Spezialitaetenmarkt-2025.png\",\"width\":1215,\"height\":894,\"caption\":\"Foto Spezialit\u00e4tenmarkt 2025\"},{\"@type\":\"BreadcrumbList\",\"@id\":\"https:\/\/stiftadmont.at\/blog\/spezialitaetenmarkt-juni-2025\/#breadcrumb\",\"itemListElement\":[{\"@type\":\"ListItem\",\"position\":1,\"name\":\"Start\",\"item\":\"https:\/\/stiftadmont.at\/\"},{\"@type\":\"ListItem\",\"position\":2,\"name\":\"Regionalit\u00e4t erleben \u2013 Qualit\u00e4t genie\u00dfen!\"}]},{\"@type\":\"WebSite\",\"@id\":\"https:\/\/stiftadmont.at\/#website\",\"url\":\"https:\/\/stiftadmont.at\/\",\"name\":\"Stift Admont\",\"description\":\"Benediktinerkloster und Sehensw\u00fcrdigkeit im Ges\u00e4use\",\"potentialAction\":[{\"@type\":\"SearchAction\",\"target\":{\"@type\":\"EntryPoint\",\"urlTemplate\":\"https:\/\/stiftadmont.at\/?s={search_term_string}\"},\"query-input\":{\"@type\":\"PropertyValueSpecification\",\"valueRequired\":true,\"valueName\":\"search_term_string\"}}],\"inLanguage\":\"zh-Hans\"},{\"@type\":\"Person\",\"@id\":\"https:\/\/stiftadmont.at\/#\/schema\/person\/30535548b241d5f33a2e8b839db11869\",\"name\":\"Mario Brandm\u00fcller\"}]}<\/script>\n<!-- \/ Yoast SEO Premium plugin. -->","yoast_head_json":{"title":"\u4f53\u9a8c\u5730\u57df\u6027 - \u4eab\u53d7\u9ad8\u54c1\u8d28- \u963f\u5fb7\u8499\u7279\u4fee\u9053\u9662","description":"\u9605\u8bfb\u6765\u81ea\u4fee\u9053\u9662\u548c\u963f\u5fb7\u8499\u6559\u533a\u7684 \"\u4f53\u9a8c\u5730\u57df\u6027--\u4eab\u53d7\u54c1\u8d28\uff01\"\u7b49\u4e3b\u9898\u7684\u6700\u65b0\u4fe1\u606f\u3002","robots":{"index":"index","follow":"follow","max-snippet":"max-snippet:-1","max-image-preview":"max-image-preview:large","max-video-preview":"max-video-preview:-1"},"canonical":"https:\/\/stiftadmont.at\/zh\/\u535a\u5ba2\/2025-\u5e74-6-\u6708\u7279\u79cd\u5e02\u573a\/","og_locale":"zh_CN","og_type":"article","og_title":"Regionalit\u00e4t erleben \u2013 Qualit\u00e4t genie\u00dfen!","og_description":"Lesen Sie aktuelle Informationen zum Thema Regionalit\u00e4t erleben \u2013 Qualit\u00e4t genie\u00dfen! und vieles mehr aus dem Konvent und der Pfarre Admont.","og_url":"https:\/\/stiftadmont.at\/zh\/\u535a\u5ba2\/2025-\u5e74-6-\u6708\u7279\u79cd\u5e02\u573a\/","og_site_name":"Stift Admont","article_published_time":"2025-06-11T09:29:53+00:00","article_modified_time":"2025-06-11T10:01:47+00:00","og_image":[{"width":1024,"height":753,"url":"https:\/\/stiftadmont.at\/wp-content\/uploads\/Foto-Spezialitaetenmarkt-2025-1024x753.png","type":"image\/png"}],"author":"Mario Brandm\u00fcller","twitter_card":"summary_large_image","twitter_misc":{"\u4f5c\u8005":"Mario Brandm\u00fcller","\u9884\u8ba1\u9605\u8bfb\u65f6\u95f4":"1 \u5206"},"schema":{"@context":"https:\/\/schema.org","@graph":[{"@type":"Article","@id":"https:\/\/stiftadmont.at\/blog\/spezialitaetenmarkt-juni-2025\/#article","isPartOf":{"@id":"https:\/\/stiftadmont.at\/blog\/spezialitaetenmarkt-juni-2025\/"},"author":{"name":"Mario Brandm\u00fcller","@id":"https:\/\/stiftadmont.at\/#\/schema\/person\/30535548b241d5f33a2e8b839db11869"},"headline":"Regionalit\u00e4t erleben \u2013 Qualit\u00e4t genie\u00dfen!","datePublished":"2025-06-11T09:29:53+00:00","dateModified":"2025-06-11T10:01:47+00:00","mainEntityOfPage":{"@id":"https:\/\/stiftadmont.at\/blog\/spezialitaetenmarkt-juni-2025\/"},"wordCount":7,"image":{"@id":"https:\/\/stiftadmont.at\/blog\/spezialitaetenmarkt-juni-2025\/#primaryimage"},"thumbnailUrl":"https:\/\/stiftadmont.at\/wp-content\/uploads\/Foto-Spezialitaetenmarkt-2025.png","articleSection":["Kloster aktuell"],"inLanguage":"zh-Hans"},{"@type":"WebPage","@id":"https:\/\/stiftadmont.at\/blog\/spezialitaetenmarkt-juni-2025\/","url":"https:\/\/stiftadmont.at\/blog\/spezialitaetenmarkt-juni-2025\/","name":"\u4f53\u9a8c\u5730\u57df\u6027 - \u4eab\u53d7\u9ad8\u54c1\u8d28- \u963f\u5fb7\u8499\u7279\u4fee\u9053\u9662","isPartOf":{"@id":"https:\/\/stiftadmont.at\/#website"},"primaryImageOfPage":{"@id":"https:\/\/stiftadmont.at\/blog\/spezialitaetenmarkt-juni-2025\/#primaryimage"},"image":{"@id":"https:\/\/stiftadmont.at\/blog\/spezialitaetenmarkt-juni-2025\/#primaryimage"},"thumbnailUrl":"https:\/\/stiftadmont.at\/wp-content\/uploads\/Foto-Spezialitaetenmarkt-2025.png","datePublished":"2025-06-11T09:29:53+00:00","dateModified":"2025-06-11T10:01:47+00:00","author":{"@id":"https:\/\/stiftadmont.at\/#\/schema\/person\/30535548b241d5f33a2e8b839db11869"},"description":"\u9605\u8bfb\u6765\u81ea\u4fee\u9053\u9662\u548c\u963f\u5fb7\u8499\u6559\u533a\u7684 \"\u4f53\u9a8c\u5730\u57df\u6027--\u4eab\u53d7\u54c1\u8d28\uff01\"\u7b49\u4e3b\u9898\u7684\u6700\u65b0\u4fe1\u606f\u3002","breadcrumb":{"@id":"https:\/\/stiftadmont.at\/blog\/spezialitaetenmarkt-juni-2025\/#breadcrumb"},"inLanguage":"zh-Hans","potentialAction":[{"@type":"ReadAction","target":["https:\/\/stiftadmont.at\/blog\/spezialitaetenmarkt-juni-2025\/"]}]},{"@type":"ImageObject","inLanguage":"zh-Hans","@id":"https:\/\/stiftadmont.at\/blog\/spezialitaetenmarkt-juni-2025\/#primaryimage","url":"https:\/\/stiftadmont.at\/wp-content\/uploads\/Foto-Spezialitaetenmarkt-2025.png","contentUrl":"https:\/\/stiftadmont.at\/wp-content\/uploads\/Foto-Spezialitaetenmarkt-2025.png","width":1215,"height":894,"caption":"Foto Spezialit\u00e4tenmarkt 2025"},{"@type":"BreadcrumbList","@id":"https:\/\/stiftadmont.at\/blog\/spezialitaetenmarkt-juni-2025\/#breadcrumb","itemListElement":[{"@type":"ListItem","position":1,"name":"Start","item":"https:\/\/stiftadmont.at\/"},{"@type":"ListItem","position":2,"name":"Regionalit\u00e4t erleben \u2013 Qualit\u00e4t genie\u00dfen!"}]},{"@type":"WebSite","@id":"https:\/\/stiftadmont.at\/#website","url":"https:\/\/stiftadmont.at\/","name":"\u963f\u5fb7\u8499\u7279\u4fee\u9053\u9662","description":"\u683c\u8428\u5c14\u5730\u533a\u7684\u672c\u7b03\u4f1a\u4fee\u9053\u9662\u548c\u65c5\u6e38\u666f\u70b9","potentialAction":[{"@type":"SearchAction","target":{"@type":"EntryPoint","urlTemplate":"https:\/\/stiftadmont.at\/?s={search_term_string}"},"query-input":{"@type":"PropertyValueSpecification","valueRequired":true,"valueName":"search_term_string"}}],"inLanguage":"zh-Hans"},{"@type":"Person","@id":"https:\/\/stiftadmont.at\/#\/schema\/person\/30535548b241d5f33a2e8b839db11869","name":"\u9a6c\u91cc\u5965-\u5e03\u5170\u5fb7\u7c73\u52d2"}]}},"_links":{"self":[{"href":"https:\/\/stiftadmont.at\/zh\/wp-json\/wp\/v2\/posts\/35521","targetHints":{"allow":["GET"]}}],"collection":[{"href":"https:\/\/stiftadmont.at\/zh\/wp-json\/wp\/v2\/posts"}],"about":[{"href":"https:\/\/stiftadmont.at\/zh\/wp-json\/wp\/v2\/types\/post"}],"author":[{"embeddable":true,"href":"https:\/\/stiftadmont.at\/zh\/wp-json\/wp\/v2\/users\/7"}],"replies":[{"embeddable":true,"href":"https:\/\/stiftadmont.at\/zh\/wp-json\/wp\/v2\/comments?post=35521"}],"version-history":[{"count":12,"href":"https:\/\/stiftadmont.at\/zh\/wp-json\/wp\/v2\/posts\/35521\/revisions"}],"predecessor-version":[{"id":35553,"href":"https:\/\/stiftadmont.at\/zh\/wp-json\/wp\/v2\/posts\/35521\/revisions\/35553"}],"wp:featuredmedia":[{"embeddable":true,"href":"https:\/\/stiftadmont.at\/zh\/wp-json\/wp\/v2\/media\/35522"}],"wp:attachment":[{"href":"https:\/\/stiftadmont.at\/zh\/wp-json\/wp\/v2\/media?parent=35521"}],"wp:term":[{"taxonomy":"category","embeddable":true,"href":"https:\/\/stiftadmont.at\/zh\/wp-json\/wp\/v2\/categories?post=35521"}],"curies":[{"name":"wp","href":"https:\/\/api.w.org\/{rel}","templated":true}]}}