{"id":38271,"date":"2025-11-03T10:24:36","date_gmt":"2025-11-03T08:24:36","guid":{"rendered":"https:\/\/stiftadmont.at\/?p=38271"},"modified":"2025-11-04T12:45:31","modified_gmt":"2025-11-04T10:45:31","slug":"%e9%93%ad%e8%ae%b0%e6%89%80%e6%9c%89%e5%9c%a3%e5%be%92%e5%92%8c%e6%89%80%e6%9c%89%e5%b8%8c%e6%9c%9b%e7%9a%84%e7%81%b5%e9%ad%82","status":"publish","type":"post","link":"https:\/\/stiftadmont.at\/zh\/blog\/allerheiligen-und-allerseelen-gedenken-in-hoffnung\/","title":{"rendered":"2025 \u5e74\u4e07\u5723\u8282\u548c\u4e07\u7075\u8282"},"content":{"rendered":"<section id='lightpress__section--block_96a9ea72c546682dd83650ff9eed71e7' class='lightpress__section--default-section-space lightpress__section lightpress__section--content'><div class=\"content__inner\"\n         x-init=\"initContentBlockAnim($el)\">\n        \n    <div class=\"content__grid content__grid--fifty-fifty\">\n                                            <div class=\"content__box content__box\"\n                 style=\"\">\n                                \n                \n                                            <div class=\"prose\"><h5 class=\"heading-m line line-above line--gold\">Allerheiligen und Allerseelen in der Stiftskirche Admont \u2013 Gedenken in Hoffnung<\/h5>\n<p>\u00a0<\/p>\n<p>Am 01. November feierte die Pfarrgemeinde Admont in der Stiftskirche das Hochfest Allerheiligen mit einer feierlichen Heiligen Messe. An diesem Tag ehrt die Kirche alle Heiligen \u2013 bekannte wie unbekannte \u2013, die ihr Leben in Treue zu Gott gef\u00fchrt haben und nun in seiner Herrlichkeit vollendet sind. Ihre Lebensbeispiele sind Orientierung und Ermutigung f\u00fcr die Gl\u00e4ubigen von heute. In der Liturgie wurde besonders das Licht des Glaubens sp\u00fcrbar, das auch in dunklen Zeiten tr\u00e4gt.<\/p>\n<\/div>\n                    \n                            <\/div>\n        \n                                                    <div class=\"content__box content__box--2\"\n                     >\n                                        \n                    \n                                                <div class=\"content__media stickyTo\" x-init=\"imageSticky($el)\">\n\n                                                                                    <picture\n                                    class=\"content__image sticky\">\n                                <source srcset=\"https:\/\/stiftadmont.at\/wp-content\/uploads\/allerheiligen_2-1024x672.webp\" type=\"image\/webp\">\n                                <source srcset=\"https:\/\/stiftadmont.at\/wp-content\/uploads\/allerheiligen_2-1024x672.jpg\" type=\"image\/jpeg\">\n                                <img decoding=\"async\" class=\"sticky\" loading=\"lazy\" src=\"https:\/\/stiftadmont.at\/wp-content\/uploads\/allerheiligen_2-1024x672.png\" alt=\"allerheiligen\" \/>\n\n                                                                                                                            <\/picture>\n\n                        <\/div>\n\n                                    <\/div>\n            \n            <\/div>\n<\/div>\n\n<\/section>\n\n<section id='lightpress__section--block_85bcb9f662fac4ccc1b21fae11892f13' class='lightpress__section--default-section-space lightpress__section lightpress__section--content'><div class=\"content__inner\"\n         x-init=\"initContentBlockAnim($el)\">\n        \n    <div class=\"content__grid content__grid--fifty-fifty\">\n                                            <div class=\"content__box content__box\"\n                 style=\"\">\n                                \n                \n                                        <div class=\"content__media stickyTo\" x-init=\"imageSticky($el)\">\n\n                                                                                                <picture\n                                class=\"content__image sticky\">\n                            <source srcset=\"https:\/\/stiftadmont.at\/wp-content\/uploads\/allerheiligen_1-1024x672.png\"\n                                    type=\"image\/webp\">\n                            <source srcset=\"https:\/\/stiftadmont.at\/wp-content\/uploads\/allerheiligen_1-1024x672.png\"\n                                    type=\"image\/jpeg\">\n                            <img decoding=\"async\" loading=\"lazy\" src=\"https:\/\/stiftadmont.at\/wp-content\/uploads\/allerheiligen_1-1024x672.png\" alt=\"allerheiligen\" width=\"600\" height=\"450\" \/>\n                                                                                                            <\/picture>\n\n                    <\/div>\n\n                            <\/div>\n        \n                                                    <div class=\"content__box content__box--2\"\n                     >\n                                        \n                    \n                                                    <div class=\"prose\"><p>Am darauffolgenden Tag, dem 02. November, wurde Allerseelen begangen \u2013 der Tag des stillen Gedenkens an alle Verstorbenen. In einer w\u00fcrdevollen Heiligen Messe wurde ihrer gedacht und f\u00fcr sie gebetet, damit sie das ewige Leben bei Gott finden. Die Kirche l\u00e4dt an Allerseelen ein, die Verbindung zwischen Lebenden und Verstorbenen neu zu bedenken \u2013 im Vertrauen darauf, dass die Gemeinschaft der Kirche \u00fcber den Tod hinaus Bestand hat.<\/p>\n<p>\u00a0<\/p>\n<p>Diese beiden Tage bilden eine tiefe Einheit: Allerheiligen als Fest der Hoffnung und Vollendung, Allerseelen als Ausdruck der Liebe und des Gebets f\u00fcr jene, die uns im Glauben vorausgegangen sind. In der ehrw\u00fcrdigen Atmosph\u00e4re der Stiftskirche wurden sie als Tage der Erinnerung, der Dankbarkeit und der Zuversicht gefeiert.<\/p>\n<\/div>\n                        \n                                    <\/div>\n            \n            <\/div>\n<\/div>\n\n<\/section>\n\n<section id='lightpress__section--block_8351c7f417f01ec1dd431cc9d289b60b' class='lightpress__section--default-section-space lightpress__section lightpress__section--image-slider'>\n<div class=\"image-slider\"\n     x-data=\"{ gallery: null, shown: false }\"\n     x-init=\"gallery = initSliderGallery([{&quot;href&quot;:&quot;https:\\\/\\\/stiftadmont.at\\\/wp-content\\\/uploads\\\/StiftAdmont_Allerseelen_IMG_7968fr.Markus-1920x2560.jpg&quot;,&quot;type&quot;:&quot;image&quot;},{&quot;href&quot;:&quot;https:\\\/\\\/stiftadmont.at\\\/wp-content\\\/uploads\\\/StiftAdmont_Allerseelen_IMG_7973fr.Markus.jpg&quot;,&quot;type&quot;:&quot;image&quot;},{&quot;href&quot;:&quot;https:\\\/\\\/stiftadmont.at\\\/wp-content\\\/uploads\\\/StiftAdmont_Allerseelen_IMG_7979fr.Markus.jpg&quot;,&quot;type&quot;:&quot;image&quot;}]); initImageSliderBlockAnim($el);\">\n    <div class=\"image-slider__inner\">\n\n        <div class=\"swiper-container\" x-init=\"initImageSliderBlock($el, $refs.btnPrev, $refs.btnNext)\">\n            <div class=\"swiper-wrapper\">\n                                    <div class=\"swiper-slide\">\n                        <div class=\"image-slider__media\">\n                            <img decoding=\"async\" class=\"image-slider__image\"\n                                 src=\"https:\/\/stiftadmont.at\/wp-content\/uploads\/StiftAdmont_Allerseelen_IMG_7968fr.Markus-768x1024.jpg\"\n                                 alt=\"StiftAdmont Allerseelen IMG (fr Markus)\">\n                        <\/div>\n                    <\/div>\n                                    <div class=\"swiper-slide\">\n                        <div class=\"image-slider__media\">\n                            <img decoding=\"async\" class=\"image-slider__image\" src=\"https:\/\/stiftadmont.at\/wp-content\/uploads\/StiftAdmont_Allerseelen_IMG_7973fr.Markus-768x1024.jpg\" alt=\"StiftAdmont Allerseelen IMG (fr Markus)\" \/>\n                        <\/div>\n                    <\/div>\n                                    <div class=\"swiper-slide\">\n                        <div class=\"image-slider__media\">\n                            <img decoding=\"async\" class=\"image-slider__image\" src=\"https:\/\/stiftadmont.at\/wp-content\/uploads\/StiftAdmont_Allerseelen_IMG_7979fr.Markus-768x1024.jpg\" alt=\"StiftAdmont Allerseelen IMG (fr Markus)\" \/>\n                        <\/div>\n                    <\/div>\n                            <\/div>\n\n            <div class=\"swiper-nav-wrapper\">\n                <button class=\"swiper-button-prev slider-button--prev\" x-ref=\"btnPrev\"\n                        aria-label=\"Vorige Bilder anzeigen\">\n                    <img decoding=\"async\" src=\"\/wp-content\/themes\/stift-admont\/src\/assets\/img\/arrow-left-big-new.svg\" alt=\"Pfeil nach Links\">\n                <\/button>\n\n\n                <a class=\"image-slider__gallery\" @click=\"openGallery(gallery)\"><i class=\"fa-thin fa-plus\"><\/i><\/a>\n                <button class=\"swiper-button-next slider-button--next\"\n                        x-ref=\"btnNext\"\n                        aria-label=\"N\u00e4chste Bilder anzeigen\">\n                    <img decoding=\"async\" src=\"\/wp-content\/themes\/stift-admont\/src\/assets\/img\/arrow-right-big-new.svg\" alt=\"Pfeil nach Rechts\">\n                <\/button>\n            <\/div>\n        <\/div>\n    <\/div>\n\n\n<\/div><\/section>","protected":false},"excerpt":{"rendered":"<p>\u4e07\u5723\u8282\u662f\u5bf9\u5e0c\u671b\u548c\u6210\u5c31\u7684\u5e86\u795d\uff0c\u800c\u4e07\u7075\u8282\u5219\u662f\u5bf9\u90a3\u4e9b\u5728\u4fe1\u4ef0\u4e2d\u5148\u6211\u4eec\u800c\u53bb\u7684\u4eba\u8868\u8fbe\u7231\u548c\u7948\u7977\u3002\u5728\u5b66\u9662\u5f0f\u6559\u5802\u7684\u5e84\u4e25\u6c1b\u56f4\u4e2d\uff0c\u4eba\u4eec\u5c06\u8fd9\u4e9b\u8282\u65e5\u4f5c\u4e3a\u7f05\u6000\u3001\u611f\u6069\u548c\u4fe1\u5fc3\u7684\u65e5\u5b50\u6765\u5e86\u795d\u3002.<\/p>","protected":false},"author":7,"featured_media":38272,"comment_status":"closed","ping_status":"closed","sticky":false,"template":"","format":"standard","meta":{"_acf_changed":false,"footnotes":""},"categories":[23],"class_list":["post-38271","post","type-post","status-publish","format-standard","has-post-thumbnail","hentry","category-einrichtungen-aktuell"],"acf":[],"yoast_head":"<!-- This site is optimized with the Yoast SEO Premium plugin v26.0 (Yoast SEO v26.8) - https:\/\/yoast.com\/product\/yoast-seo-premium-wordpress\/ -->\n<title>Allerheiligen und Allerseelen 2025 - Stift Admont<\/title>\n<meta name=\"description\" content=\"Lesen Sie aktuelle Informationen zum Thema Allerheiligen und Allerseelen 2025 und vieles mehr aus dem Konvent und der Pfarre Admont.\" \/>\n<meta name=\"robots\" content=\"index, follow, max-snippet:-1, max-image-preview:large, max-video-preview:-1\" \/>\n<link rel=\"canonical\" href=\"https:\/\/stiftadmont.at\/zh\/\u535a\u5ba2\/\u94ed\u8bb0\u6240\u6709\u5723\u5f92\u548c\u6240\u6709\u5e0c\u671b\u7684\u7075\u9b42\/\" \/>\n<meta property=\"og:locale\" content=\"zh_CN\" \/>\n<meta property=\"og:type\" content=\"article\" \/>\n<meta property=\"og:title\" content=\"Allerheiligen und Allerseelen 2025\" \/>\n<meta property=\"og:description\" content=\"Lesen Sie aktuelle Informationen zum Thema Allerheiligen und Allerseelen 2025 und vieles mehr aus dem Konvent und der Pfarre Admont.\" \/>\n<meta property=\"og:url\" content=\"https:\/\/stiftadmont.at\/zh\/\u535a\u5ba2\/\u94ed\u8bb0\u6240\u6709\u5723\u5f92\u548c\u6240\u6709\u5e0c\u671b\u7684\u7075\u9b42\/\" \/>\n<meta property=\"og:site_name\" content=\"Stift Admont\" \/>\n<meta property=\"article:published_time\" content=\"2025-11-03T08:24:36+00:00\" \/>\n<meta property=\"article:modified_time\" content=\"2025-11-04T10:45:31+00:00\" \/>\n<meta property=\"og:image\" content=\"https:\/\/stiftadmont.at\/wp-content\/uploads\/allerheiligen_1-1024x672.png\" \/>\n\t<meta property=\"og:image:width\" content=\"1024\" \/>\n\t<meta property=\"og:image:height\" content=\"672\" \/>\n\t<meta property=\"og:image:type\" content=\"image\/png\" \/>\n<meta name=\"author\" content=\"Mario Brandm\u00fcller\" \/>\n<meta name=\"twitter:card\" content=\"summary_large_image\" \/>\n<meta name=\"twitter:label1\" content=\"\u4f5c\u8005\" \/>\n\t<meta name=\"twitter:data1\" content=\"Mario Brandm\u00fcller\" \/>\n\t<meta name=\"twitter:label2\" content=\"\u9884\u8ba1\u9605\u8bfb\u65f6\u95f4\" \/>\n\t<meta name=\"twitter:data2\" content=\"1 \u5206\" \/>\n<script type=\"application\/ld+json\" class=\"yoast-schema-graph\">{\"@context\":\"https:\/\/schema.org\",\"@graph\":[{\"@type\":\"Article\",\"@id\":\"https:\/\/stiftadmont.at\/blog\/allerheiligen-und-allerseelen-gedenken-in-hoffnung\/#article\",\"isPartOf\":{\"@id\":\"https:\/\/stiftadmont.at\/blog\/allerheiligen-und-allerseelen-gedenken-in-hoffnung\/\"},\"author\":{\"name\":\"Mario Brandm\u00fcller\",\"@id\":\"https:\/\/stiftadmont.at\/#\/schema\/person\/30535548b241d5f33a2e8b839db11869\"},\"headline\":\"Allerheiligen und Allerseelen 2025\",\"datePublished\":\"2025-11-03T08:24:36+00:00\",\"dateModified\":\"2025-11-04T10:45:31+00:00\",\"mainEntityOfPage\":{\"@id\":\"https:\/\/stiftadmont.at\/blog\/allerheiligen-und-allerseelen-gedenken-in-hoffnung\/\"},\"wordCount\":3,\"image\":{\"@id\":\"https:\/\/stiftadmont.at\/blog\/allerheiligen-und-allerseelen-gedenken-in-hoffnung\/#primaryimage\"},\"thumbnailUrl\":\"https:\/\/stiftadmont.at\/wp-content\/uploads\/allerheiligen_1.png\",\"articleSection\":[\"Einrichtungen aktuell\"],\"inLanguage\":\"zh-Hans\"},{\"@type\":\"WebPage\",\"@id\":\"https:\/\/stiftadmont.at\/blog\/allerheiligen-und-allerseelen-gedenken-in-hoffnung\/\",\"url\":\"https:\/\/stiftadmont.at\/blog\/allerheiligen-und-allerseelen-gedenken-in-hoffnung\/\",\"name\":\"Allerheiligen und Allerseelen 2025 - Stift Admont\",\"isPartOf\":{\"@id\":\"https:\/\/stiftadmont.at\/#website\"},\"primaryImageOfPage\":{\"@id\":\"https:\/\/stiftadmont.at\/blog\/allerheiligen-und-allerseelen-gedenken-in-hoffnung\/#primaryimage\"},\"image\":{\"@id\":\"https:\/\/stiftadmont.at\/blog\/allerheiligen-und-allerseelen-gedenken-in-hoffnung\/#primaryimage\"},\"thumbnailUrl\":\"https:\/\/stiftadmont.at\/wp-content\/uploads\/allerheiligen_1.png\",\"datePublished\":\"2025-11-03T08:24:36+00:00\",\"dateModified\":\"2025-11-04T10:45:31+00:00\",\"author\":{\"@id\":\"https:\/\/stiftadmont.at\/#\/schema\/person\/30535548b241d5f33a2e8b839db11869\"},\"description\":\"Lesen Sie aktuelle Informationen zum Thema Allerheiligen und Allerseelen 2025 und vieles mehr aus dem Konvent und der Pfarre Admont.\",\"breadcrumb\":{\"@id\":\"https:\/\/stiftadmont.at\/blog\/allerheiligen-und-allerseelen-gedenken-in-hoffnung\/#breadcrumb\"},\"inLanguage\":\"zh-Hans\",\"potentialAction\":[{\"@type\":\"ReadAction\",\"target\":[\"https:\/\/stiftadmont.at\/blog\/allerheiligen-und-allerseelen-gedenken-in-hoffnung\/\"]}]},{\"@type\":\"ImageObject\",\"inLanguage\":\"zh-Hans\",\"@id\":\"https:\/\/stiftadmont.at\/blog\/allerheiligen-und-allerseelen-gedenken-in-hoffnung\/#primaryimage\",\"url\":\"https:\/\/stiftadmont.at\/wp-content\/uploads\/allerheiligen_1.png\",\"contentUrl\":\"https:\/\/stiftadmont.at\/wp-content\/uploads\/allerheiligen_1.png\",\"width\":1942,\"height\":1275,\"caption\":\"allerheiligen\"},{\"@type\":\"BreadcrumbList\",\"@id\":\"https:\/\/stiftadmont.at\/blog\/allerheiligen-und-allerseelen-gedenken-in-hoffnung\/#breadcrumb\",\"itemListElement\":[{\"@type\":\"ListItem\",\"position\":1,\"name\":\"Start\",\"item\":\"https:\/\/stiftadmont.at\/\"},{\"@type\":\"ListItem\",\"position\":2,\"name\":\"Allerheiligen und Allerseelen 2025\"}]},{\"@type\":\"WebSite\",\"@id\":\"https:\/\/stiftadmont.at\/#website\",\"url\":\"https:\/\/stiftadmont.at\/\",\"name\":\"Stift Admont\",\"description\":\"Benediktinerkloster und Sehensw\u00fcrdigkeit im Ges\u00e4use\",\"potentialAction\":[{\"@type\":\"SearchAction\",\"target\":{\"@type\":\"EntryPoint\",\"urlTemplate\":\"https:\/\/stiftadmont.at\/?s={search_term_string}\"},\"query-input\":{\"@type\":\"PropertyValueSpecification\",\"valueRequired\":true,\"valueName\":\"search_term_string\"}}],\"inLanguage\":\"zh-Hans\"},{\"@type\":\"Person\",\"@id\":\"https:\/\/stiftadmont.at\/#\/schema\/person\/30535548b241d5f33a2e8b839db11869\",\"name\":\"Mario Brandm\u00fcller\"}]}<\/script>\n<!-- \/ Yoast SEO Premium plugin. -->","yoast_head_json":{"title":"2025 \u5e74\u4e07\u5723\u8282\u548c\u4e07\u7075\u8282 - \u963f\u5fb7\u8499\u7279\u4fee\u9053\u9662","description":"\u9605\u8bfb\u5173\u4e8e 2025 \u5e74\u4e07\u5723\u8282\u548c\u4e07\u7075\u8282\u7684\u6700\u65b0\u4fe1\u606f\uff0c\u4ee5\u53ca\u4fee\u9053\u9662\u548c\u963f\u5fb7\u8499\u6559\u533a\u63d0\u4f9b\u7684\u66f4\u591a\u4fe1\u606f\u3002.","robots":{"index":"index","follow":"follow","max-snippet":"max-snippet:-1","max-image-preview":"max-image-preview:large","max-video-preview":"max-video-preview:-1"},"canonical":"https:\/\/stiftadmont.at\/zh\/\u535a\u5ba2\/\u94ed\u8bb0\u6240\u6709\u5723\u5f92\u548c\u6240\u6709\u5e0c\u671b\u7684\u7075\u9b42\/","og_locale":"zh_CN","og_type":"article","og_title":"Allerheiligen und Allerseelen 2025","og_description":"Lesen Sie aktuelle Informationen zum Thema Allerheiligen und Allerseelen 2025 und vieles mehr aus dem Konvent und der Pfarre Admont.","og_url":"https:\/\/stiftadmont.at\/zh\/\u535a\u5ba2\/\u94ed\u8bb0\u6240\u6709\u5723\u5f92\u548c\u6240\u6709\u5e0c\u671b\u7684\u7075\u9b42\/","og_site_name":"Stift Admont","article_published_time":"2025-11-03T08:24:36+00:00","article_modified_time":"2025-11-04T10:45:31+00:00","og_image":[{"width":1024,"height":672,"url":"https:\/\/stiftadmont.at\/wp-content\/uploads\/allerheiligen_1-1024x672.png","type":"image\/png"}],"author":"Mario Brandm\u00fcller","twitter_card":"summary_large_image","twitter_misc":{"\u4f5c\u8005":"Mario Brandm\u00fcller","\u9884\u8ba1\u9605\u8bfb\u65f6\u95f4":"1 \u5206"},"schema":{"@context":"https:\/\/schema.org","@graph":[{"@type":"Article","@id":"https:\/\/stiftadmont.at\/blog\/allerheiligen-und-allerseelen-gedenken-in-hoffnung\/#article","isPartOf":{"@id":"https:\/\/stiftadmont.at\/blog\/allerheiligen-und-allerseelen-gedenken-in-hoffnung\/"},"author":{"name":"Mario Brandm\u00fcller","@id":"https:\/\/stiftadmont.at\/#\/schema\/person\/30535548b241d5f33a2e8b839db11869"},"headline":"Allerheiligen und Allerseelen 2025","datePublished":"2025-11-03T08:24:36+00:00","dateModified":"2025-11-04T10:45:31+00:00","mainEntityOfPage":{"@id":"https:\/\/stiftadmont.at\/blog\/allerheiligen-und-allerseelen-gedenken-in-hoffnung\/"},"wordCount":3,"image":{"@id":"https:\/\/stiftadmont.at\/blog\/allerheiligen-und-allerseelen-gedenken-in-hoffnung\/#primaryimage"},"thumbnailUrl":"https:\/\/stiftadmont.at\/wp-content\/uploads\/allerheiligen_1.png","articleSection":["Einrichtungen aktuell"],"inLanguage":"zh-Hans"},{"@type":"WebPage","@id":"https:\/\/stiftadmont.at\/blog\/allerheiligen-und-allerseelen-gedenken-in-hoffnung\/","url":"https:\/\/stiftadmont.at\/blog\/allerheiligen-und-allerseelen-gedenken-in-hoffnung\/","name":"2025 \u5e74\u4e07\u5723\u8282\u548c\u4e07\u7075\u8282 - \u963f\u5fb7\u8499\u7279\u4fee\u9053\u9662","isPartOf":{"@id":"https:\/\/stiftadmont.at\/#website"},"primaryImageOfPage":{"@id":"https:\/\/stiftadmont.at\/blog\/allerheiligen-und-allerseelen-gedenken-in-hoffnung\/#primaryimage"},"image":{"@id":"https:\/\/stiftadmont.at\/blog\/allerheiligen-und-allerseelen-gedenken-in-hoffnung\/#primaryimage"},"thumbnailUrl":"https:\/\/stiftadmont.at\/wp-content\/uploads\/allerheiligen_1.png","datePublished":"2025-11-03T08:24:36+00:00","dateModified":"2025-11-04T10:45:31+00:00","author":{"@id":"https:\/\/stiftadmont.at\/#\/schema\/person\/30535548b241d5f33a2e8b839db11869"},"description":"\u9605\u8bfb\u5173\u4e8e 2025 \u5e74\u4e07\u5723\u8282\u548c\u4e07\u7075\u8282\u7684\u6700\u65b0\u4fe1\u606f\uff0c\u4ee5\u53ca\u4fee\u9053\u9662\u548c\u963f\u5fb7\u8499\u6559\u533a\u63d0\u4f9b\u7684\u66f4\u591a\u4fe1\u606f\u3002.","breadcrumb":{"@id":"https:\/\/stiftadmont.at\/blog\/allerheiligen-und-allerseelen-gedenken-in-hoffnung\/#breadcrumb"},"inLanguage":"zh-Hans","potentialAction":[{"@type":"ReadAction","target":["https:\/\/stiftadmont.at\/blog\/allerheiligen-und-allerseelen-gedenken-in-hoffnung\/"]}]},{"@type":"ImageObject","inLanguage":"zh-Hans","@id":"https:\/\/stiftadmont.at\/blog\/allerheiligen-und-allerseelen-gedenken-in-hoffnung\/#primaryimage","url":"https:\/\/stiftadmont.at\/wp-content\/uploads\/allerheiligen_1.png","contentUrl":"https:\/\/stiftadmont.at\/wp-content\/uploads\/allerheiligen_1.png","width":1942,"height":1275,"caption":"allerheiligen"},{"@type":"BreadcrumbList","@id":"https:\/\/stiftadmont.at\/blog\/allerheiligen-und-allerseelen-gedenken-in-hoffnung\/#breadcrumb","itemListElement":[{"@type":"ListItem","position":1,"name":"Start","item":"https:\/\/stiftadmont.at\/"},{"@type":"ListItem","position":2,"name":"Allerheiligen und Allerseelen 2025"}]},{"@type":"WebSite","@id":"https:\/\/stiftadmont.at\/#website","url":"https:\/\/stiftadmont.at\/","name":"\u963f\u5fb7\u8499\u7279\u4fee\u9053\u9662","description":"\u683c\u8428\u5c14\u5730\u533a\u7684\u672c\u7b03\u4f1a\u4fee\u9053\u9662\u548c\u65c5\u6e38\u666f\u70b9","potentialAction":[{"@type":"SearchAction","target":{"@type":"EntryPoint","urlTemplate":"https:\/\/stiftadmont.at\/?s={search_term_string}"},"query-input":{"@type":"PropertyValueSpecification","valueRequired":true,"valueName":"search_term_string"}}],"inLanguage":"zh-Hans"},{"@type":"Person","@id":"https:\/\/stiftadmont.at\/#\/schema\/person\/30535548b241d5f33a2e8b839db11869","name":"\u9a6c\u91cc\u5965-\u5e03\u5170\u5fb7\u7c73\u52d2"}]}},"_links":{"self":[{"href":"https:\/\/stiftadmont.at\/zh\/wp-json\/wp\/v2\/posts\/38271","targetHints":{"allow":["GET"]}}],"collection":[{"href":"https:\/\/stiftadmont.at\/zh\/wp-json\/wp\/v2\/posts"}],"about":[{"href":"https:\/\/stiftadmont.at\/zh\/wp-json\/wp\/v2\/types\/post"}],"author":[{"embeddable":true,"href":"https:\/\/stiftadmont.at\/zh\/wp-json\/wp\/v2\/users\/7"}],"replies":[{"embeddable":true,"href":"https:\/\/stiftadmont.at\/zh\/wp-json\/wp\/v2\/comments?post=38271"}],"version-history":[{"count":5,"href":"https:\/\/stiftadmont.at\/zh\/wp-json\/wp\/v2\/posts\/38271\/revisions"}],"predecessor-version":[{"id":38284,"href":"https:\/\/stiftadmont.at\/zh\/wp-json\/wp\/v2\/posts\/38271\/revisions\/38284"}],"wp:featuredmedia":[{"embeddable":true,"href":"https:\/\/stiftadmont.at\/zh\/wp-json\/wp\/v2\/media\/38272"}],"wp:attachment":[{"href":"https:\/\/stiftadmont.at\/zh\/wp-json\/wp\/v2\/media?parent=38271"}],"wp:term":[{"taxonomy":"category","embeddable":true,"href":"https:\/\/stiftadmont.at\/zh\/wp-json\/wp\/v2\/categories?post=38271"}],"curies":[{"name":"wp","href":"https:\/\/api.w.org\/{rel}","templated":true}]}}